{"id":18720254,"date":"2026-05-01T23:07:03","date_gmt":"2026-05-01T22:07:03","guid":{"rendered":"https:\/\/kapitalis.com\/tunisie\/?p=18720254"},"modified":"2026-05-01T23:11:39","modified_gmt":"2026-05-01T22:11:39","slug":"tunisie-le-fsn-appelle-a-la-liberation-de-rached-ghannouchi-2","status":"publish","type":"post","link":"https:\/\/kapitalis.com\/tunisie\/2026\/05\/01\/tunisie-le-fsn-appelle-a-la-liberation-de-rached-ghannouchi-2\/","title":{"rendered":"Tunisie | Le FSN appelle \u00e0 la lib\u00e9ration de Rached Ghannouchi"},"content":{"rendered":"\n<p><em><strong>Dans un communiqu\u00e9 publi\u00e9 ce vendredi 1er mai 2026, le Front du salut national (FSN) a exprim\u00e9 sa vive inqui\u00e9tude face \u00e0 la d\u00e9gradation de l&rsquo;\u00e9tat de sant\u00e9 de Rached Ghannouchi.<\/strong><\/em><\/p>\n\n\n\n<!--more-->\n\n\n\n<p>La coalition regroupant les partis de l&rsquo;opposition appelle \u00e0 la lib\u00e9ration imm\u00e9diate du chef du parti islamiste Ennahdha, invoquant des raisons humanitaires et juridiques.<\/p>\n\n\n\n<p>Le FSN affirme suivre avec une \u00ab pr\u00e9occupation majeure \u00bb l&rsquo;\u00e9volution de la sant\u00e9 de Rached Ghannouchi, en affirmant que l&rsquo;inqui\u00e9tude grandit tant chez ses proches que chez ses partisans.<\/p>\n\n\n\n<p>\u00ab<em> Le maintien en d\u00e9tention de Rached Ghannouchi, compte tenu de son \u00e2ge et de sa condition physique actuelle, repr\u00e9sente un danger s\u00e9rieux pour sa vie \u00bb, indique le FSN qui d\u00e9nonce \u00ab une mesure qui contrevient aux normes humanitaires \u00e9l\u00e9mentaires et aux principes du droit international <\/em>\u00bb.<\/p>\n\n\n\n<p>La m\u00eame source appelle donc \u00e0 \u00ab<em> la lib\u00e9ration imm\u00e9diate de Rached Ghannouchi pour raisons de sant\u00e9 et en l&rsquo;absence de preuves tangibles selon la d\u00e9fense, ainsi qu&rsquo;\u00e0 la lib\u00e9ration de tous les d\u00e9tenus politiques sans exception, tout en revendiquant l&rsquo;ind\u00e9pendance de la justice et l&rsquo;arr\u00eat des poursuites \u00e0 caract\u00e8re politique<\/em> \u00bb.<\/p>\n\n\n\n<p>Et d&rsquo;ajouter : \u00ab<em> La Tunisie ne peut se reconstruire sur l&rsquo;exclusion, la haine ou la vengeance&#8230; L&rsquo;avenir du pays repose sur le consensus et le respect rigoureux des libert\u00e9s individuelles et collectives <\/em>\u00bb.<\/p>\n","protected":false},"excerpt":{"rendered":"<p>Dans un communiqu\u00e9 publi\u00e9 ce vendredi 1er mai 2026, le Front du salut national (FSN) a exprim\u00e9 sa vive inqui\u00e9tude face \u00e0 la d\u00e9gradation de l&rsquo;\u00e9tat de sant\u00e9 de Rached Ghannouchi.<\/p>\n","protected":false},"author":6,"featured_media":7504882,"comment_status":"open","ping_status":"open","sticky":false,"template":"","format":"standard","meta":{"footnotes":""},"categories":[997,2433],"tags":[49543,99446,102922,1053,758,62643],"class_list":["post-18720254","post","type-post","status-publish","format-standard","has-post-thumbnail","hentry","category-politique","category-tunisie","tag-ennahdha","tag-front-du-salut-national","tag-fsn","tag-liberation","tag-rached-ghannouchi","tag-tunisie"],"yoast_head":"<!-- This site is optimized with the Yoast SEO plugin v26.6 - https:\/\/yoast.com\/wordpress\/plugins\/seo\/ -->\n<title>Tunisie | Le FSN appelle \u00e0 la lib\u00e9ration de Rached Ghannouchi - Kapitalis<\/title>\n<meta name=\"robots\" content=\"index, follow, max-snippet:-1, max-image-preview:large, max-video-preview:-1\" \/>\n<link rel=\"canonical\" href=\"https:\/\/kapitalis.com\/tunisie\/2026\/05\/01\/tunisie-le-fsn-appelle-a-la-liberation-de-rached-ghannouchi-2\/\" \/>\n<meta property=\"og:locale\" content=\"fr_FR\" \/>\n<meta property=\"og:type\" content=\"article\" \/>\n<meta property=\"og:title\" content=\"Tunisie | Le FSN appelle \u00e0 la lib\u00e9ration de Rached Ghannouchi - Kapitalis\" \/>\n<meta property=\"og:description\" content=\"Dans un communiqu\u00e9 publi\u00e9 ce vendredi 1er mai 2026, le Front du salut national (FSN) a exprim\u00e9 sa vive inqui\u00e9tude face \u00e0 la d\u00e9gradation de l&rsquo;\u00e9tat de sant\u00e9 de Rached Ghannouchi.\" \/>\n<meta property=\"og:url\" content=\"https:\/\/kapitalis.com\/tunisie\/2026\/05\/01\/tunisie-le-fsn-appelle-a-la-liberation-de-rached-ghannouchi-2\/\" \/>\n<meta property=\"og:site_name\" content=\"Kapitalis\" \/>\n<meta property=\"article:publisher\" content=\"https:\/\/www.facebook.com\/KapitalisInfo\/\" \/>\n<meta property=\"article:published_time\" content=\"2026-05-01T22:07:03+00:00\" \/>\n<meta property=\"article:modified_time\" content=\"2026-05-01T22:11:39+00:00\" \/>\n<meta property=\"og:image\" content=\"https:\/\/kapitalis.com\/tunisie\/wp-content\/uploads\/2023\/04\/Ghannouchi.jpg\" \/>\n\t<meta property=\"og:image:width\" content=\"1200\" \/>\n\t<meta property=\"og:image:height\" content=\"630\" \/>\n\t<meta property=\"og:image:type\" content=\"image\/jpeg\" \/>\n<meta name=\"author\" content=\"Yusra NY\" \/>\n<meta name=\"twitter:card\" content=\"summary_large_image\" \/>\n<meta name=\"twitter:creator\" content=\"@KapitalisInfo\" \/>\n<meta name=\"twitter:site\" content=\"@KapitalisInfo\" \/>\n<meta name=\"twitter:label1\" content=\"\u00c9crit par\" \/>\n\t<meta name=\"twitter:data1\" content=\"Yusra NY\" \/>\n\t<meta name=\"twitter:label2\" content=\"Dur\u00e9e de lecture estim\u00e9e\" \/>\n\t<meta name=\"twitter:data2\" content=\"2 minutes\" \/>\n<script type=\"application\/ld+json\" class=\"yoast-schema-graph\">{\"@context\":\"https:\/\/schema.org\",\"@graph\":[{\"@type\":\"Article\",\"@id\":\"https:\/\/kapitalis.com\/tunisie\/2026\/05\/01\/tunisie-le-fsn-appelle-a-la-liberation-de-rached-ghannouchi-2\/#article\",\"isPartOf\":{\"@id\":\"https:\/\/kapitalis.com\/tunisie\/2026\/05\/01\/tunisie-le-fsn-appelle-a-la-liberation-de-rached-ghannouchi-2\/\"},\"author\":{\"name\":\"Yusra NY\",\"@id\":\"https:\/\/kapitalis.com\/tunisie\/#\/schema\/person\/74bbde0154d49d790a92aaeac5bc01d5\"},\"headline\":\"Tunisie | Le FSN appelle \u00e0 la lib\u00e9ration de Rached Ghannouchi\",\"datePublished\":\"2026-05-01T22:07:03+00:00\",\"dateModified\":\"2026-05-01T22:11:39+00:00\",\"mainEntityOfPage\":{\"@id\":\"https:\/\/kapitalis.com\/tunisie\/2026\/05\/01\/tunisie-le-fsn-appelle-a-la-liberation-de-rached-ghannouchi-2\/\"},\"wordCount\":236,\"commentCount\":0,\"publisher\":{\"@id\":\"https:\/\/kapitalis.com\/tunisie\/#organization\"},\"image\":{\"@id\":\"https:\/\/kapitalis.com\/tunisie\/2026\/05\/01\/tunisie-le-fsn-appelle-a-la-liberation-de-rached-ghannouchi-2\/#primaryimage\"},\"thumbnailUrl\":\"https:\/\/kapitalis.com\/tunisie\/wp-content\/uploads\/2023\/04\/Ghannouchi.jpg\",\"keywords\":[\"Ennahdha\",\"Front du salut national\",\"FSN\",\"lib\u00e9ration\",\"Rached Ghannouchi\",\"Tunisie\"],\"articleSection\":[\"POLITIQUE\",\"Tunisie\"],\"inLanguage\":\"fr-FR\",\"potentialAction\":[{\"@type\":\"CommentAction\",\"name\":\"Comment\",\"target\":[\"https:\/\/kapitalis.com\/tunisie\/2026\/05\/01\/tunisie-le-fsn-appelle-a-la-liberation-de-rached-ghannouchi-2\/#respond\"]}]},{\"@type\":\"WebPage\",\"@id\":\"https:\/\/kapitalis.com\/tunisie\/2026\/05\/01\/tunisie-le-fsn-appelle-a-la-liberation-de-rached-ghannouchi-2\/\",\"url\":\"https:\/\/kapitalis.com\/tunisie\/2026\/05\/01\/tunisie-le-fsn-appelle-a-la-liberation-de-rached-ghannouchi-2\/\",\"name\":\"Tunisie | Le FSN appelle \u00e0 la lib\u00e9ration de Rached Ghannouchi - Kapitalis\",\"isPartOf\":{\"@id\":\"https:\/\/kapitalis.com\/tunisie\/#website\"},\"primaryImageOfPage\":{\"@id\":\"https:\/\/kapitalis.com\/tunisie\/2026\/05\/01\/tunisie-le-fsn-appelle-a-la-liberation-de-rached-ghannouchi-2\/#primaryimage\"},\"image\":{\"@id\":\"https:\/\/kapitalis.com\/tunisie\/2026\/05\/01\/tunisie-le-fsn-appelle-a-la-liberation-de-rached-ghannouchi-2\/#primaryimage\"},\"thumbnailUrl\":\"https:\/\/kapitalis.com\/tunisie\/wp-content\/uploads\/2023\/04\/Ghannouchi.jpg\",\"datePublished\":\"2026-05-01T22:07:03+00:00\",\"dateModified\":\"2026-05-01T22:11:39+00:00\",\"breadcrumb\":{\"@id\":\"https:\/\/kapitalis.com\/tunisie\/2026\/05\/01\/tunisie-le-fsn-appelle-a-la-liberation-de-rached-ghannouchi-2\/#breadcrumb\"},\"inLanguage\":\"fr-FR\",\"potentialAction\":[{\"@type\":\"ReadAction\",\"target\":[\"https:\/\/kapitalis.com\/tunisie\/2026\/05\/01\/tunisie-le-fsn-appelle-a-la-liberation-de-rached-ghannouchi-2\/\"]}]},{\"@type\":\"ImageObject\",\"inLanguage\":\"fr-FR\",\"@id\":\"https:\/\/kapitalis.com\/tunisie\/2026\/05\/01\/tunisie-le-fsn-appelle-a-la-liberation-de-rached-ghannouchi-2\/#primaryimage\",\"url\":\"https:\/\/kapitalis.com\/tunisie\/wp-content\/uploads\/2023\/04\/Ghannouchi.jpg\",\"contentUrl\":\"https:\/\/kapitalis.com\/tunisie\/wp-content\/uploads\/2023\/04\/Ghannouchi.jpg\",\"width\":1200,\"height\":630},{\"@type\":\"BreadcrumbList\",\"@id\":\"https:\/\/kapitalis.com\/tunisie\/2026\/05\/01\/tunisie-le-fsn-appelle-a-la-liberation-de-rached-ghannouchi-2\/#breadcrumb\",\"itemListElement\":[{\"@type\":\"ListItem\",\"position\":1,\"name\":\"Accueil\",\"item\":\"https:\/\/kapitalis.com\/tunisie\/\"},{\"@type\":\"ListItem\",\"position\":2,\"name\":\"Tunisie | Le FSN appelle \u00e0 la lib\u00e9ration de Rached Ghannouchi\"}]},{\"@type\":\"WebSite\",\"@id\":\"https:\/\/kapitalis.com\/tunisie\/#website\",\"url\":\"https:\/\/kapitalis.com\/tunisie\/\",\"name\":\"Kapitalis\",\"description\":\"L&#039;actualit\u00e9 en Tunisie et dans le monde\",\"publisher\":{\"@id\":\"https:\/\/kapitalis.com\/tunisie\/#organization\"},\"potentialAction\":[{\"@type\":\"SearchAction\",\"target\":{\"@type\":\"EntryPoint\",\"urlTemplate\":\"https:\/\/kapitalis.com\/tunisie\/?s={search_term_string}\"},\"query-input\":{\"@type\":\"PropertyValueSpecification\",\"valueRequired\":true,\"valueName\":\"search_term_string\"}}],\"inLanguage\":\"fr-FR\"},{\"@type\":\"Organization\",\"@id\":\"https:\/\/kapitalis.com\/tunisie\/#organization\",\"name\":\"Kapitalis\",\"url\":\"https:\/\/kapitalis.com\/tunisie\/\",\"logo\":{\"@type\":\"ImageObject\",\"inLanguage\":\"fr-FR\",\"@id\":\"https:\/\/kapitalis.com\/tunisie\/#\/schema\/logo\/image\/\",\"url\":\"https:\/\/kapitalis.com\/tunisie\/wp-content\/uploads\/2022\/05\/Kapitalis-big-size.png\",\"contentUrl\":\"https:\/\/kapitalis.com\/tunisie\/wp-content\/uploads\/2022\/05\/Kapitalis-big-size.png\",\"width\":5000,\"height\":1500,\"caption\":\"Kapitalis\"},\"image\":{\"@id\":\"https:\/\/kapitalis.com\/tunisie\/#\/schema\/logo\/image\/\"},\"sameAs\":[\"https:\/\/www.facebook.com\/KapitalisInfo\/\",\"https:\/\/x.com\/KapitalisInfo\",\"https:\/\/www.youtube.com\/channel\/UC-yDYrHyfFBWWZaOw3FPg9Q\"]},{\"@type\":\"Person\",\"@id\":\"https:\/\/kapitalis.com\/tunisie\/#\/schema\/person\/74bbde0154d49d790a92aaeac5bc01d5\",\"name\":\"Yusra NY\",\"url\":\"https:\/\/kapitalis.com\/tunisie\/author\/yuza_adam\/\"}]}<\/script>\n<!-- \/ Yoast SEO plugin. -->","yoast_head_json":{"title":"Tunisie | Le FSN appelle \u00e0 la lib\u00e9ration de Rached Ghannouchi - Kapitalis","robots":{"index":"index","follow":"follow","max-snippet":"max-snippet:-1","max-image-preview":"max-image-preview:large","max-video-preview":"max-video-preview:-1"},"canonical":"https:\/\/kapitalis.com\/tunisie\/2026\/05\/01\/tunisie-le-fsn-appelle-a-la-liberation-de-rached-ghannouchi-2\/","og_locale":"fr_FR","og_type":"article","og_title":"Tunisie | Le FSN appelle \u00e0 la lib\u00e9ration de Rached Ghannouchi - Kapitalis","og_description":"Dans un communiqu\u00e9 publi\u00e9 ce vendredi 1er mai 2026, le Front du salut national (FSN) a exprim\u00e9 sa vive inqui\u00e9tude face \u00e0 la d\u00e9gradation de l&rsquo;\u00e9tat de sant\u00e9 de Rached Ghannouchi.","og_url":"https:\/\/kapitalis.com\/tunisie\/2026\/05\/01\/tunisie-le-fsn-appelle-a-la-liberation-de-rached-ghannouchi-2\/","og_site_name":"Kapitalis","article_publisher":"https:\/\/www.facebook.com\/KapitalisInfo\/","article_published_time":"2026-05-01T22:07:03+00:00","article_modified_time":"2026-05-01T22:11:39+00:00","og_image":[{"width":1200,"height":630,"url":"https:\/\/kapitalis.com\/tunisie\/wp-content\/uploads\/2023\/04\/Ghannouchi.jpg","type":"image\/jpeg"}],"author":"Yusra NY","twitter_card":"summary_large_image","twitter_creator":"@KapitalisInfo","twitter_site":"@KapitalisInfo","twitter_misc":{"\u00c9crit par":"Yusra NY","Dur\u00e9e de lecture estim\u00e9e":"2 minutes"},"schema":{"@context":"https:\/\/schema.org","@graph":[{"@type":"Article","@id":"https:\/\/kapitalis.com\/tunisie\/2026\/05\/01\/tunisie-le-fsn-appelle-a-la-liberation-de-rached-ghannouchi-2\/#article","isPartOf":{"@id":"https:\/\/kapitalis.com\/tunisie\/2026\/05\/01\/tunisie-le-fsn-appelle-a-la-liberation-de-rached-ghannouchi-2\/"},"author":{"name":"Yusra NY","@id":"https:\/\/kapitalis.com\/tunisie\/#\/schema\/person\/74bbde0154d49d790a92aaeac5bc01d5"},"headline":"Tunisie | Le FSN appelle \u00e0 la lib\u00e9ration de Rached Ghannouchi","datePublished":"2026-05-01T22:07:03+00:00","dateModified":"2026-05-01T22:11:39+00:00","mainEntityOfPage":{"@id":"https:\/\/kapitalis.com\/tunisie\/2026\/05\/01\/tunisie-le-fsn-appelle-a-la-liberation-de-rached-ghannouchi-2\/"},"wordCount":236,"commentCount":0,"publisher":{"@id":"https:\/\/kapitalis.com\/tunisie\/#organization"},"image":{"@id":"https:\/\/kapitalis.com\/tunisie\/2026\/05\/01\/tunisie-le-fsn-appelle-a-la-liberation-de-rached-ghannouchi-2\/#primaryimage"},"thumbnailUrl":"https:\/\/kapitalis.com\/tunisie\/wp-content\/uploads\/2023\/04\/Ghannouchi.jpg","keywords":["Ennahdha","Front du salut national","FSN","lib\u00e9ration","Rached Ghannouchi","Tunisie"],"articleSection":["POLITIQUE","Tunisie"],"inLanguage":"fr-FR","potentialAction":[{"@type":"CommentAction","name":"Comment","target":["https:\/\/kapitalis.com\/tunisie\/2026\/05\/01\/tunisie-le-fsn-appelle-a-la-liberation-de-rached-ghannouchi-2\/#respond"]}]},{"@type":"WebPage","@id":"https:\/\/kapitalis.com\/tunisie\/2026\/05\/01\/tunisie-le-fsn-appelle-a-la-liberation-de-rached-ghannouchi-2\/","url":"https:\/\/kapitalis.com\/tunisie\/2026\/05\/01\/tunisie-le-fsn-appelle-a-la-liberation-de-rached-ghannouchi-2\/","name":"Tunisie | Le FSN appelle \u00e0 la lib\u00e9ration de Rached Ghannouchi - Kapitalis","isPartOf":{"@id":"https:\/\/kapitalis.com\/tunisie\/#website"},"primaryImageOfPage":{"@id":"https:\/\/kapitalis.com\/tunisie\/2026\/05\/01\/tunisie-le-fsn-appelle-a-la-liberation-de-rached-ghannouchi-2\/#primaryimage"},"image":{"@id":"https:\/\/kapitalis.com\/tunisie\/2026\/05\/01\/tunisie-le-fsn-appelle-a-la-liberation-de-rached-ghannouchi-2\/#primaryimage"},"thumbnailUrl":"https:\/\/kapitalis.com\/tunisie\/wp-content\/uploads\/2023\/04\/Ghannouchi.jpg","datePublished":"2026-05-01T22:07:03+00:00","dateModified":"2026-05-01T22:11:39+00:00","breadcrumb":{"@id":"https:\/\/kapitalis.com\/tunisie\/2026\/05\/01\/tunisie-le-fsn-appelle-a-la-liberation-de-rached-ghannouchi-2\/#breadcrumb"},"inLanguage":"fr-FR","potentialAction":[{"@type":"ReadAction","target":["https:\/\/kapitalis.com\/tunisie\/2026\/05\/01\/tunisie-le-fsn-appelle-a-la-liberation-de-rached-ghannouchi-2\/"]}]},{"@type":"ImageObject","inLanguage":"fr-FR","@id":"https:\/\/kapitalis.com\/tunisie\/2026\/05\/01\/tunisie-le-fsn-appelle-a-la-liberation-de-rached-ghannouchi-2\/#primaryimage","url":"https:\/\/kapitalis.com\/tunisie\/wp-content\/uploads\/2023\/04\/Ghannouchi.jpg","contentUrl":"https:\/\/kapitalis.com\/tunisie\/wp-content\/uploads\/2023\/04\/Ghannouchi.jpg","width":1200,"height":630},{"@type":"BreadcrumbList","@id":"https:\/\/kapitalis.com\/tunisie\/2026\/05\/01\/tunisie-le-fsn-appelle-a-la-liberation-de-rached-ghannouchi-2\/#breadcrumb","itemListElement":[{"@type":"ListItem","position":1,"name":"Accueil","item":"https:\/\/kapitalis.com\/tunisie\/"},{"@type":"ListItem","position":2,"name":"Tunisie | Le FSN appelle \u00e0 la lib\u00e9ration de Rached Ghannouchi"}]},{"@type":"WebSite","@id":"https:\/\/kapitalis.com\/tunisie\/#website","url":"https:\/\/kapitalis.com\/tunisie\/","name":"Kapitalis","description":"L&#039;actualit\u00e9 en Tunisie et dans le monde","publisher":{"@id":"https:\/\/kapitalis.com\/tunisie\/#organization"},"potentialAction":[{"@type":"SearchAction","target":{"@type":"EntryPoint","urlTemplate":"https:\/\/kapitalis.com\/tunisie\/?s={search_term_string}"},"query-input":{"@type":"PropertyValueSpecification","valueRequired":true,"valueName":"search_term_string"}}],"inLanguage":"fr-FR"},{"@type":"Organization","@id":"https:\/\/kapitalis.com\/tunisie\/#organization","name":"Kapitalis","url":"https:\/\/kapitalis.com\/tunisie\/","logo":{"@type":"ImageObject","inLanguage":"fr-FR","@id":"https:\/\/kapitalis.com\/tunisie\/#\/schema\/logo\/image\/","url":"https:\/\/kapitalis.com\/tunisie\/wp-content\/uploads\/2022\/05\/Kapitalis-big-size.png","contentUrl":"https:\/\/kapitalis.com\/tunisie\/wp-content\/uploads\/2022\/05\/Kapitalis-big-size.png","width":5000,"height":1500,"caption":"Kapitalis"},"image":{"@id":"https:\/\/kapitalis.com\/tunisie\/#\/schema\/logo\/image\/"},"sameAs":["https:\/\/www.facebook.com\/KapitalisInfo\/","https:\/\/x.com\/KapitalisInfo","https:\/\/www.youtube.com\/channel\/UC-yDYrHyfFBWWZaOw3FPg9Q"]},{"@type":"Person","@id":"https:\/\/kapitalis.com\/tunisie\/#\/schema\/person\/74bbde0154d49d790a92aaeac5bc01d5","name":"Yusra NY","url":"https:\/\/kapitalis.com\/tunisie\/author\/yuza_adam\/"}]}},"_links":{"self":[{"href":"https:\/\/kapitalis.com\/tunisie\/wp-json\/wp\/v2\/posts\/18720254","targetHints":{"allow":["GET"]}}],"collection":[{"href":"https:\/\/kapitalis.com\/tunisie\/wp-json\/wp\/v2\/posts"}],"about":[{"href":"https:\/\/kapitalis.com\/tunisie\/wp-json\/wp\/v2\/types\/post"}],"author":[{"embeddable":true,"href":"https:\/\/kapitalis.com\/tunisie\/wp-json\/wp\/v2\/users\/6"}],"replies":[{"embeddable":true,"href":"https:\/\/kapitalis.com\/tunisie\/wp-json\/wp\/v2\/comments?post=18720254"}],"version-history":[{"count":1,"href":"https:\/\/kapitalis.com\/tunisie\/wp-json\/wp\/v2\/posts\/18720254\/revisions"}],"predecessor-version":[{"id":18720264,"href":"https:\/\/kapitalis.com\/tunisie\/wp-json\/wp\/v2\/posts\/18720254\/revisions\/18720264"}],"wp:featuredmedia":[{"embeddable":true,"href":"https:\/\/kapitalis.com\/tunisie\/wp-json\/wp\/v2\/media\/7504882"}],"wp:attachment":[{"href":"https:\/\/kapitalis.com\/tunisie\/wp-json\/wp\/v2\/media?parent=18720254"}],"wp:term":[{"taxonomy":"category","embeddable":true,"href":"https:\/\/kapitalis.com\/tunisie\/wp-json\/wp\/v2\/categories?post=18720254"},{"taxonomy":"post_tag","embeddable":true,"href":"https:\/\/kapitalis.com\/tunisie\/wp-json\/wp\/v2\/tags?post=18720254"}],"curies":[{"name":"wp","href":"https:\/\/api.w.org\/{rel}","templated":true}]}}