{"id":18720306,"date":"2026-05-01T23:21:40","date_gmt":"2026-05-01T22:21:40","guid":{"rendered":"https:\/\/kapitalis.com\/tunisie\/?p=18720306"},"modified":"2026-05-01T23:24:32","modified_gmt":"2026-05-01T22:24:32","slug":"habib-chebil-publication-dun-ouvrage-commemoratif-par-le-theatre-tunisien","status":"publish","type":"post","link":"https:\/\/kapitalis.com\/tunisie\/2026\/05\/01\/habib-chebil-publication-dun-ouvrage-commemoratif-par-le-theatre-tunisien\/","title":{"rendered":"Habib Chebil | Publication d&rsquo;un ouvrage comm\u00e9moratif par le Th\u00e9\u00e2tre tunisien"},"content":{"rendered":"\n<p><em><strong>Sous l&rsquo;\u00e9gide du Minist\u00e8re des Affaires Culturelles, le Th\u00e9\u00e2tre national tunisien, en partenariat avec le Centre d&rsquo;Art vivant du Belv\u00e9d\u00e8re et la Direction des Arts Visuels, a publi\u00e9 un bel ouvrage comm\u00e9moratif consacr\u00e9 \u00e0 l&rsquo;artiste plasticien et metteur en sc\u00e8ne Habib Chebil (1936-2004).<\/strong><\/em><\/p>\n\n\n\n<!--more-->\n\n\n\n<p>Le contenu du livre a \u00e9t\u00e9 \u00e9labor\u00e9 par le chercheur Sami Ben Amer, dans le cadre d&rsquo;un \u00e9v\u00e9nement comprenant \u00e9galement une exposition r\u00e9trospective intitul\u00e9e \u00ab L&rsquo;\u00c9mergence du Corps : Chemins entre Sc\u00e8ne et Toile \u00bb et un colloque organis\u00e9 \u00e0 la Bibloth\u00e9que Bechir Ben Slama, \u00e0 la salle du Quatri\u00e8me Art.<\/p>\n\n\n\n<p>L&rsquo;ouvrage propose de multiples entr\u00e9es au parcours d&rsquo;un artiste exceptionnel qui a conjugu\u00e9 arts visuels et art sc\u00e9nique, une experience aux multiples facettes qui invite \u00e0 une profonde r\u00e9flexion sur les relations imbriqu\u00e9es entre le visuel et le dramatique, le statique et le dynamique, le figuratif et l&rsquo;exp\u00e9rimental.<\/p>\n\n\n\n<figure class=\"wp-block-gallery has-nested-images columns-2 is-cropped wp-block-gallery-1 is-layout-flex wp-block-gallery-is-layout-flex\">\n<figure class=\"wp-block-image size-large\"><img loading=\"lazy\" decoding=\"async\" width=\"1024\" height=\"683\" data-id=\"18720320\" src=\"https:\/\/kapitalis.com\/tunisie\/wp-content\/uploads\/2026\/05\/Habib-Chebil-5-1024x683.jpg\" alt=\"\" class=\"wp-image-18720320\" srcset=\"https:\/\/kapitalis.com\/tunisie\/wp-content\/uploads\/2026\/05\/Habib-Chebil-5-1024x683.jpg 1024w, https:\/\/kapitalis.com\/tunisie\/wp-content\/uploads\/2026\/05\/Habib-Chebil-5-300x200.jpg 300w, https:\/\/kapitalis.com\/tunisie\/wp-content\/uploads\/2026\/05\/Habib-Chebil-5-768x512.jpg 768w, https:\/\/kapitalis.com\/tunisie\/wp-content\/uploads\/2026\/05\/Habib-Chebil-5-1536x1024.jpg 1536w, https:\/\/kapitalis.com\/tunisie\/wp-content\/uploads\/2026\/05\/Habib-Chebil-5-580x387.jpg 580w, https:\/\/kapitalis.com\/tunisie\/wp-content\/uploads\/2026\/05\/Habib-Chebil-5-860x573.jpg 860w, https:\/\/kapitalis.com\/tunisie\/wp-content\/uploads\/2026\/05\/Habib-Chebil-5-1160x773.jpg 1160w, https:\/\/kapitalis.com\/tunisie\/wp-content\/uploads\/2026\/05\/Habib-Chebil-5.jpg 2048w\" sizes=\"auto, (max-width: 1024px) 100vw, 1024px\" \/><\/figure>\n\n\n\n<figure class=\"wp-block-image size-large\"><img loading=\"lazy\" decoding=\"async\" width=\"1024\" height=\"682\" data-id=\"18720317\" src=\"https:\/\/kapitalis.com\/tunisie\/wp-content\/uploads\/2026\/05\/Habib-Chebil-4-1024x682.jpg\" alt=\"\" class=\"wp-image-18720317\" srcset=\"https:\/\/kapitalis.com\/tunisie\/wp-content\/uploads\/2026\/05\/Habib-Chebil-4-1024x682.jpg 1024w, https:\/\/kapitalis.com\/tunisie\/wp-content\/uploads\/2026\/05\/Habib-Chebil-4-300x200.jpg 300w, https:\/\/kapitalis.com\/tunisie\/wp-content\/uploads\/2026\/05\/Habib-Chebil-4-768x512.jpg 768w, https:\/\/kapitalis.com\/tunisie\/wp-content\/uploads\/2026\/05\/Habib-Chebil-4-580x387.jpg 580w, https:\/\/kapitalis.com\/tunisie\/wp-content\/uploads\/2026\/05\/Habib-Chebil-4-860x573.jpg 860w, https:\/\/kapitalis.com\/tunisie\/wp-content\/uploads\/2026\/05\/Habib-Chebil-4-1160x773.jpg 1160w, https:\/\/kapitalis.com\/tunisie\/wp-content\/uploads\/2026\/05\/Habib-Chebil-4.jpg 1280w\" sizes=\"auto, (max-width: 1024px) 100vw, 1024px\" \/><\/figure>\n\n\n\n<figure class=\"wp-block-image size-large\"><img loading=\"lazy\" decoding=\"async\" width=\"1024\" height=\"682\" data-id=\"18720318\" src=\"https:\/\/kapitalis.com\/tunisie\/wp-content\/uploads\/2026\/05\/Habib-Chebil-3-1024x682.jpg\" alt=\"\" class=\"wp-image-18720318\" srcset=\"https:\/\/kapitalis.com\/tunisie\/wp-content\/uploads\/2026\/05\/Habib-Chebil-3-1024x682.jpg 1024w, https:\/\/kapitalis.com\/tunisie\/wp-content\/uploads\/2026\/05\/Habib-Chebil-3-300x200.jpg 300w, https:\/\/kapitalis.com\/tunisie\/wp-content\/uploads\/2026\/05\/Habib-Chebil-3-768x512.jpg 768w, https:\/\/kapitalis.com\/tunisie\/wp-content\/uploads\/2026\/05\/Habib-Chebil-3-580x387.jpg 580w, https:\/\/kapitalis.com\/tunisie\/wp-content\/uploads\/2026\/05\/Habib-Chebil-3-860x573.jpg 860w, https:\/\/kapitalis.com\/tunisie\/wp-content\/uploads\/2026\/05\/Habib-Chebil-3-1160x773.jpg 1160w, https:\/\/kapitalis.com\/tunisie\/wp-content\/uploads\/2026\/05\/Habib-Chebil-3.jpg 1280w\" sizes=\"auto, (max-width: 1024px) 100vw, 1024px\" \/><\/figure>\n\n\n\n<figure class=\"wp-block-image size-large\"><img loading=\"lazy\" decoding=\"async\" width=\"1024\" height=\"682\" data-id=\"18720319\" src=\"https:\/\/kapitalis.com\/tunisie\/wp-content\/uploads\/2026\/05\/Habib-Chebil-2-1024x682.jpg\" alt=\"\" class=\"wp-image-18720319\" srcset=\"https:\/\/kapitalis.com\/tunisie\/wp-content\/uploads\/2026\/05\/Habib-Chebil-2-1024x682.jpg 1024w, https:\/\/kapitalis.com\/tunisie\/wp-content\/uploads\/2026\/05\/Habib-Chebil-2-300x200.jpg 300w, https:\/\/kapitalis.com\/tunisie\/wp-content\/uploads\/2026\/05\/Habib-Chebil-2-768x512.jpg 768w, https:\/\/kapitalis.com\/tunisie\/wp-content\/uploads\/2026\/05\/Habib-Chebil-2-580x387.jpg 580w, https:\/\/kapitalis.com\/tunisie\/wp-content\/uploads\/2026\/05\/Habib-Chebil-2-860x573.jpg 860w, https:\/\/kapitalis.com\/tunisie\/wp-content\/uploads\/2026\/05\/Habib-Chebil-2-1160x773.jpg 1160w, https:\/\/kapitalis.com\/tunisie\/wp-content\/uploads\/2026\/05\/Habib-Chebil-2.jpg 1280w\" sizes=\"auto, (max-width: 1024px) 100vw, 1024px\" \/><\/figure>\n<\/figure>\n\n\n\n<p>Habib Chebil a discr\u00e8tement influenc\u00e9 l&rsquo;esth\u00e9tique de l&rsquo;\u00e9criture th\u00e9\u00e2trale, transformant lignes, dimensions, couleurs, lumi\u00e8res et ombres en \u00e9l\u00e9ments structuraux, transcendant leur perception entant que simples effets visuels.<\/p>\n\n\n\n<p>Chbil \u00e9tait un artiste visuel dans son approche de la sc\u00e8ne et un artiste de th\u00e9\u00e2tre dans son \u0153uvre picturale. Il a rompu avec les conventions pour d\u00e9couvrir de nouvelles valeurs esth\u00e9tiques, conf\u00e9rant \u00e0 son exp\u00e9rience un caract\u00e8re unique tant dans les arts du th\u00e9\u00e2tre que dans les arts visuels.<\/p>\n\n\n\n<p class=\"has-text-align-right\"><strong>Communiqu\u00e9<\/strong><\/p>\n","protected":false},"excerpt":{"rendered":"<p>Sous l&rsquo;\u00e9gide du Minist\u00e8re des Affaires Culturelles, le Th\u00e9\u00e2tre national tunisien, en partenariat avec le Centre d&rsquo;Art vivant du Belv\u00e9d\u00e8re et la Direction des Arts Visuels, a publi\u00e9 un bel ouvrage comm\u00e9moratif consacr\u00e9 \u00e0 l&rsquo;artiste plasticien et metteur en sc\u00e8ne Habib Chebil (1936-2004).<\/p>\n","protected":false},"author":6,"featured_media":18720326,"comment_status":"open","ping_status":"open","sticky":false,"template":"","format":"standard","meta":{"footnotes":""},"categories":[994,2433],"tags":[105663,128121,1338,62643],"class_list":["post-18720306","post","type-post","status-publish","format-standard","has-post-thumbnail","hentry","category-culture","category-tunisie","tag-habib-chebil","tag-ouvrage-commemoratif","tag-theatre-national-tunisien","tag-tunisie"],"yoast_head":"<!-- This site is optimized with the Yoast SEO plugin v26.6 - https:\/\/yoast.com\/wordpress\/plugins\/seo\/ -->\n<title>Habib Chebil | Publication d&#039;un ouvrage comm\u00e9moratif par le Th\u00e9\u00e2tre tunisien - Kapitalis<\/title>\n<meta name=\"robots\" content=\"index, follow, max-snippet:-1, max-image-preview:large, max-video-preview:-1\" \/>\n<link rel=\"canonical\" href=\"https:\/\/kapitalis.com\/tunisie\/2026\/05\/01\/habib-chebil-publication-dun-ouvrage-commemoratif-par-le-theatre-tunisien\/\" \/>\n<meta property=\"og:locale\" content=\"fr_FR\" \/>\n<meta property=\"og:type\" content=\"article\" \/>\n<meta property=\"og:title\" content=\"Habib Chebil | Publication d&#039;un ouvrage comm\u00e9moratif par le Th\u00e9\u00e2tre tunisien - Kapitalis\" \/>\n<meta property=\"og:description\" content=\"Sous l&rsquo;\u00e9gide du Minist\u00e8re des Affaires Culturelles, le Th\u00e9\u00e2tre national tunisien, en partenariat avec le Centre d&rsquo;Art vivant du Belv\u00e9d\u00e8re et la Direction des Arts Visuels, a publi\u00e9 un bel ouvrage comm\u00e9moratif consacr\u00e9 \u00e0 l&rsquo;artiste plasticien et metteur en sc\u00e8ne Habib Chebil (1936-2004).\" \/>\n<meta property=\"og:url\" content=\"https:\/\/kapitalis.com\/tunisie\/2026\/05\/01\/habib-chebil-publication-dun-ouvrage-commemoratif-par-le-theatre-tunisien\/\" \/>\n<meta property=\"og:site_name\" content=\"Kapitalis\" \/>\n<meta property=\"article:publisher\" content=\"https:\/\/www.facebook.com\/KapitalisInfo\/\" \/>\n<meta property=\"article:published_time\" content=\"2026-05-01T22:21:40+00:00\" \/>\n<meta property=\"article:modified_time\" content=\"2026-05-01T22:24:32+00:00\" \/>\n<meta property=\"og:image\" content=\"https:\/\/kapitalis.com\/tunisie\/wp-content\/uploads\/2026\/05\/Habib-Chebil-.png\" \/>\n\t<meta property=\"og:image:width\" content=\"1280\" \/>\n\t<meta property=\"og:image:height\" content=\"853\" \/>\n\t<meta property=\"og:image:type\" content=\"image\/png\" \/>\n<meta name=\"author\" content=\"Yusra NY\" \/>\n<meta name=\"twitter:card\" content=\"summary_large_image\" \/>\n<meta name=\"twitter:creator\" content=\"@KapitalisInfo\" \/>\n<meta name=\"twitter:site\" content=\"@KapitalisInfo\" \/>\n<meta name=\"twitter:label1\" content=\"\u00c9crit par\" \/>\n\t<meta name=\"twitter:data1\" content=\"Yusra NY\" \/>\n\t<meta name=\"twitter:label2\" content=\"Dur\u00e9e de lecture estim\u00e9e\" \/>\n\t<meta name=\"twitter:data2\" content=\"3 minutes\" \/>\n<script type=\"application\/ld+json\" class=\"yoast-schema-graph\">{\"@context\":\"https:\/\/schema.org\",\"@graph\":[{\"@type\":\"Article\",\"@id\":\"https:\/\/kapitalis.com\/tunisie\/2026\/05\/01\/habib-chebil-publication-dun-ouvrage-commemoratif-par-le-theatre-tunisien\/#article\",\"isPartOf\":{\"@id\":\"https:\/\/kapitalis.com\/tunisie\/2026\/05\/01\/habib-chebil-publication-dun-ouvrage-commemoratif-par-le-theatre-tunisien\/\"},\"author\":{\"name\":\"Yusra NY\",\"@id\":\"https:\/\/kapitalis.com\/tunisie\/#\/schema\/person\/74bbde0154d49d790a92aaeac5bc01d5\"},\"headline\":\"Habib Chebil | Publication d&rsquo;un ouvrage comm\u00e9moratif par le Th\u00e9\u00e2tre tunisien\",\"datePublished\":\"2026-05-01T22:21:40+00:00\",\"dateModified\":\"2026-05-01T22:24:32+00:00\",\"mainEntityOfPage\":{\"@id\":\"https:\/\/kapitalis.com\/tunisie\/2026\/05\/01\/habib-chebil-publication-dun-ouvrage-commemoratif-par-le-theatre-tunisien\/\"},\"wordCount\":257,\"commentCount\":0,\"publisher\":{\"@id\":\"https:\/\/kapitalis.com\/tunisie\/#organization\"},\"image\":{\"@id\":\"https:\/\/kapitalis.com\/tunisie\/2026\/05\/01\/habib-chebil-publication-dun-ouvrage-commemoratif-par-le-theatre-tunisien\/#primaryimage\"},\"thumbnailUrl\":\"https:\/\/kapitalis.com\/tunisie\/wp-content\/uploads\/2026\/05\/Habib-Chebil-.png\",\"keywords\":[\"Habib Chebil\",\"ouvrage comm\u00e9moratif\",\"Th\u00e9\u00e2tre national tunisien\",\"Tunisie\"],\"articleSection\":[\"CULTURE\",\"Tunisie\"],\"inLanguage\":\"fr-FR\",\"potentialAction\":[{\"@type\":\"CommentAction\",\"name\":\"Comment\",\"target\":[\"https:\/\/kapitalis.com\/tunisie\/2026\/05\/01\/habib-chebil-publication-dun-ouvrage-commemoratif-par-le-theatre-tunisien\/#respond\"]}]},{\"@type\":\"WebPage\",\"@id\":\"https:\/\/kapitalis.com\/tunisie\/2026\/05\/01\/habib-chebil-publication-dun-ouvrage-commemoratif-par-le-theatre-tunisien\/\",\"url\":\"https:\/\/kapitalis.com\/tunisie\/2026\/05\/01\/habib-chebil-publication-dun-ouvrage-commemoratif-par-le-theatre-tunisien\/\",\"name\":\"Habib Chebil | Publication d'un ouvrage comm\u00e9moratif par le Th\u00e9\u00e2tre tunisien - Kapitalis\",\"isPartOf\":{\"@id\":\"https:\/\/kapitalis.com\/tunisie\/#website\"},\"primaryImageOfPage\":{\"@id\":\"https:\/\/kapitalis.com\/tunisie\/2026\/05\/01\/habib-chebil-publication-dun-ouvrage-commemoratif-par-le-theatre-tunisien\/#primaryimage\"},\"image\":{\"@id\":\"https:\/\/kapitalis.com\/tunisie\/2026\/05\/01\/habib-chebil-publication-dun-ouvrage-commemoratif-par-le-theatre-tunisien\/#primaryimage\"},\"thumbnailUrl\":\"https:\/\/kapitalis.com\/tunisie\/wp-content\/uploads\/2026\/05\/Habib-Chebil-.png\",\"datePublished\":\"2026-05-01T22:21:40+00:00\",\"dateModified\":\"2026-05-01T22:24:32+00:00\",\"breadcrumb\":{\"@id\":\"https:\/\/kapitalis.com\/tunisie\/2026\/05\/01\/habib-chebil-publication-dun-ouvrage-commemoratif-par-le-theatre-tunisien\/#breadcrumb\"},\"inLanguage\":\"fr-FR\",\"potentialAction\":[{\"@type\":\"ReadAction\",\"target\":[\"https:\/\/kapitalis.com\/tunisie\/2026\/05\/01\/habib-chebil-publication-dun-ouvrage-commemoratif-par-le-theatre-tunisien\/\"]}]},{\"@type\":\"ImageObject\",\"inLanguage\":\"fr-FR\",\"@id\":\"https:\/\/kapitalis.com\/tunisie\/2026\/05\/01\/habib-chebil-publication-dun-ouvrage-commemoratif-par-le-theatre-tunisien\/#primaryimage\",\"url\":\"https:\/\/kapitalis.com\/tunisie\/wp-content\/uploads\/2026\/05\/Habib-Chebil-.png\",\"contentUrl\":\"https:\/\/kapitalis.com\/tunisie\/wp-content\/uploads\/2026\/05\/Habib-Chebil-.png\",\"width\":1280,\"height\":853},{\"@type\":\"BreadcrumbList\",\"@id\":\"https:\/\/kapitalis.com\/tunisie\/2026\/05\/01\/habib-chebil-publication-dun-ouvrage-commemoratif-par-le-theatre-tunisien\/#breadcrumb\",\"itemListElement\":[{\"@type\":\"ListItem\",\"position\":1,\"name\":\"Accueil\",\"item\":\"https:\/\/kapitalis.com\/tunisie\/\"},{\"@type\":\"ListItem\",\"position\":2,\"name\":\"Habib Chebil | Publication d&rsquo;un ouvrage comm\u00e9moratif par le Th\u00e9\u00e2tre tunisien\"}]},{\"@type\":\"WebSite\",\"@id\":\"https:\/\/kapitalis.com\/tunisie\/#website\",\"url\":\"https:\/\/kapitalis.com\/tunisie\/\",\"name\":\"Kapitalis\",\"description\":\"L&#039;actualit\u00e9 en Tunisie et dans le monde\",\"publisher\":{\"@id\":\"https:\/\/kapitalis.com\/tunisie\/#organization\"},\"potentialAction\":[{\"@type\":\"SearchAction\",\"target\":{\"@type\":\"EntryPoint\",\"urlTemplate\":\"https:\/\/kapitalis.com\/tunisie\/?s={search_term_string}\"},\"query-input\":{\"@type\":\"PropertyValueSpecification\",\"valueRequired\":true,\"valueName\":\"search_term_string\"}}],\"inLanguage\":\"fr-FR\"},{\"@type\":\"Organization\",\"@id\":\"https:\/\/kapitalis.com\/tunisie\/#organization\",\"name\":\"Kapitalis\",\"url\":\"https:\/\/kapitalis.com\/tunisie\/\",\"logo\":{\"@type\":\"ImageObject\",\"inLanguage\":\"fr-FR\",\"@id\":\"https:\/\/kapitalis.com\/tunisie\/#\/schema\/logo\/image\/\",\"url\":\"https:\/\/kapitalis.com\/tunisie\/wp-content\/uploads\/2022\/05\/Kapitalis-big-size.png\",\"contentUrl\":\"https:\/\/kapitalis.com\/tunisie\/wp-content\/uploads\/2022\/05\/Kapitalis-big-size.png\",\"width\":5000,\"height\":1500,\"caption\":\"Kapitalis\"},\"image\":{\"@id\":\"https:\/\/kapitalis.com\/tunisie\/#\/schema\/logo\/image\/\"},\"sameAs\":[\"https:\/\/www.facebook.com\/KapitalisInfo\/\",\"https:\/\/x.com\/KapitalisInfo\",\"https:\/\/www.youtube.com\/channel\/UC-yDYrHyfFBWWZaOw3FPg9Q\"]},{\"@type\":\"Person\",\"@id\":\"https:\/\/kapitalis.com\/tunisie\/#\/schema\/person\/74bbde0154d49d790a92aaeac5bc01d5\",\"name\":\"Yusra NY\",\"url\":\"https:\/\/kapitalis.com\/tunisie\/author\/yuza_adam\/\"}]}<\/script>\n<!-- \/ Yoast SEO plugin. -->","yoast_head_json":{"title":"Habib Chebil | Publication d'un ouvrage comm\u00e9moratif par le Th\u00e9\u00e2tre tunisien - Kapitalis","robots":{"index":"index","follow":"follow","max-snippet":"max-snippet:-1","max-image-preview":"max-image-preview:large","max-video-preview":"max-video-preview:-1"},"canonical":"https:\/\/kapitalis.com\/tunisie\/2026\/05\/01\/habib-chebil-publication-dun-ouvrage-commemoratif-par-le-theatre-tunisien\/","og_locale":"fr_FR","og_type":"article","og_title":"Habib Chebil | Publication d'un ouvrage comm\u00e9moratif par le Th\u00e9\u00e2tre tunisien - Kapitalis","og_description":"Sous l&rsquo;\u00e9gide du Minist\u00e8re des Affaires Culturelles, le Th\u00e9\u00e2tre national tunisien, en partenariat avec le Centre d&rsquo;Art vivant du Belv\u00e9d\u00e8re et la Direction des Arts Visuels, a publi\u00e9 un bel ouvrage comm\u00e9moratif consacr\u00e9 \u00e0 l&rsquo;artiste plasticien et metteur en sc\u00e8ne Habib Chebil (1936-2004).","og_url":"https:\/\/kapitalis.com\/tunisie\/2026\/05\/01\/habib-chebil-publication-dun-ouvrage-commemoratif-par-le-theatre-tunisien\/","og_site_name":"Kapitalis","article_publisher":"https:\/\/www.facebook.com\/KapitalisInfo\/","article_published_time":"2026-05-01T22:21:40+00:00","article_modified_time":"2026-05-01T22:24:32+00:00","og_image":[{"width":1280,"height":853,"url":"https:\/\/kapitalis.com\/tunisie\/wp-content\/uploads\/2026\/05\/Habib-Chebil-.png","type":"image\/png"}],"author":"Yusra NY","twitter_card":"summary_large_image","twitter_creator":"@KapitalisInfo","twitter_site":"@KapitalisInfo","twitter_misc":{"\u00c9crit par":"Yusra NY","Dur\u00e9e de lecture estim\u00e9e":"3 minutes"},"schema":{"@context":"https:\/\/schema.org","@graph":[{"@type":"Article","@id":"https:\/\/kapitalis.com\/tunisie\/2026\/05\/01\/habib-chebil-publication-dun-ouvrage-commemoratif-par-le-theatre-tunisien\/#article","isPartOf":{"@id":"https:\/\/kapitalis.com\/tunisie\/2026\/05\/01\/habib-chebil-publication-dun-ouvrage-commemoratif-par-le-theatre-tunisien\/"},"author":{"name":"Yusra NY","@id":"https:\/\/kapitalis.com\/tunisie\/#\/schema\/person\/74bbde0154d49d790a92aaeac5bc01d5"},"headline":"Habib Chebil | Publication d&rsquo;un ouvrage comm\u00e9moratif par le Th\u00e9\u00e2tre tunisien","datePublished":"2026-05-01T22:21:40+00:00","dateModified":"2026-05-01T22:24:32+00:00","mainEntityOfPage":{"@id":"https:\/\/kapitalis.com\/tunisie\/2026\/05\/01\/habib-chebil-publication-dun-ouvrage-commemoratif-par-le-theatre-tunisien\/"},"wordCount":257,"commentCount":0,"publisher":{"@id":"https:\/\/kapitalis.com\/tunisie\/#organization"},"image":{"@id":"https:\/\/kapitalis.com\/tunisie\/2026\/05\/01\/habib-chebil-publication-dun-ouvrage-commemoratif-par-le-theatre-tunisien\/#primaryimage"},"thumbnailUrl":"https:\/\/kapitalis.com\/tunisie\/wp-content\/uploads\/2026\/05\/Habib-Chebil-.png","keywords":["Habib Chebil","ouvrage comm\u00e9moratif","Th\u00e9\u00e2tre national tunisien","Tunisie"],"articleSection":["CULTURE","Tunisie"],"inLanguage":"fr-FR","potentialAction":[{"@type":"CommentAction","name":"Comment","target":["https:\/\/kapitalis.com\/tunisie\/2026\/05\/01\/habib-chebil-publication-dun-ouvrage-commemoratif-par-le-theatre-tunisien\/#respond"]}]},{"@type":"WebPage","@id":"https:\/\/kapitalis.com\/tunisie\/2026\/05\/01\/habib-chebil-publication-dun-ouvrage-commemoratif-par-le-theatre-tunisien\/","url":"https:\/\/kapitalis.com\/tunisie\/2026\/05\/01\/habib-chebil-publication-dun-ouvrage-commemoratif-par-le-theatre-tunisien\/","name":"Habib Chebil | Publication d'un ouvrage comm\u00e9moratif par le Th\u00e9\u00e2tre tunisien - Kapitalis","isPartOf":{"@id":"https:\/\/kapitalis.com\/tunisie\/#website"},"primaryImageOfPage":{"@id":"https:\/\/kapitalis.com\/tunisie\/2026\/05\/01\/habib-chebil-publication-dun-ouvrage-commemoratif-par-le-theatre-tunisien\/#primaryimage"},"image":{"@id":"https:\/\/kapitalis.com\/tunisie\/2026\/05\/01\/habib-chebil-publication-dun-ouvrage-commemoratif-par-le-theatre-tunisien\/#primaryimage"},"thumbnailUrl":"https:\/\/kapitalis.com\/tunisie\/wp-content\/uploads\/2026\/05\/Habib-Chebil-.png","datePublished":"2026-05-01T22:21:40+00:00","dateModified":"2026-05-01T22:24:32+00:00","breadcrumb":{"@id":"https:\/\/kapitalis.com\/tunisie\/2026\/05\/01\/habib-chebil-publication-dun-ouvrage-commemoratif-par-le-theatre-tunisien\/#breadcrumb"},"inLanguage":"fr-FR","potentialAction":[{"@type":"ReadAction","target":["https:\/\/kapitalis.com\/tunisie\/2026\/05\/01\/habib-chebil-publication-dun-ouvrage-commemoratif-par-le-theatre-tunisien\/"]}]},{"@type":"ImageObject","inLanguage":"fr-FR","@id":"https:\/\/kapitalis.com\/tunisie\/2026\/05\/01\/habib-chebil-publication-dun-ouvrage-commemoratif-par-le-theatre-tunisien\/#primaryimage","url":"https:\/\/kapitalis.com\/tunisie\/wp-content\/uploads\/2026\/05\/Habib-Chebil-.png","contentUrl":"https:\/\/kapitalis.com\/tunisie\/wp-content\/uploads\/2026\/05\/Habib-Chebil-.png","width":1280,"height":853},{"@type":"BreadcrumbList","@id":"https:\/\/kapitalis.com\/tunisie\/2026\/05\/01\/habib-chebil-publication-dun-ouvrage-commemoratif-par-le-theatre-tunisien\/#breadcrumb","itemListElement":[{"@type":"ListItem","position":1,"name":"Accueil","item":"https:\/\/kapitalis.com\/tunisie\/"},{"@type":"ListItem","position":2,"name":"Habib Chebil | Publication d&rsquo;un ouvrage comm\u00e9moratif par le Th\u00e9\u00e2tre tunisien"}]},{"@type":"WebSite","@id":"https:\/\/kapitalis.com\/tunisie\/#website","url":"https:\/\/kapitalis.com\/tunisie\/","name":"Kapitalis","description":"L&#039;actualit\u00e9 en Tunisie et dans le monde","publisher":{"@id":"https:\/\/kapitalis.com\/tunisie\/#organization"},"potentialAction":[{"@type":"SearchAction","target":{"@type":"EntryPoint","urlTemplate":"https:\/\/kapitalis.com\/tunisie\/?s={search_term_string}"},"query-input":{"@type":"PropertyValueSpecification","valueRequired":true,"valueName":"search_term_string"}}],"inLanguage":"fr-FR"},{"@type":"Organization","@id":"https:\/\/kapitalis.com\/tunisie\/#organization","name":"Kapitalis","url":"https:\/\/kapitalis.com\/tunisie\/","logo":{"@type":"ImageObject","inLanguage":"fr-FR","@id":"https:\/\/kapitalis.com\/tunisie\/#\/schema\/logo\/image\/","url":"https:\/\/kapitalis.com\/tunisie\/wp-content\/uploads\/2022\/05\/Kapitalis-big-size.png","contentUrl":"https:\/\/kapitalis.com\/tunisie\/wp-content\/uploads\/2022\/05\/Kapitalis-big-size.png","width":5000,"height":1500,"caption":"Kapitalis"},"image":{"@id":"https:\/\/kapitalis.com\/tunisie\/#\/schema\/logo\/image\/"},"sameAs":["https:\/\/www.facebook.com\/KapitalisInfo\/","https:\/\/x.com\/KapitalisInfo","https:\/\/www.youtube.com\/channel\/UC-yDYrHyfFBWWZaOw3FPg9Q"]},{"@type":"Person","@id":"https:\/\/kapitalis.com\/tunisie\/#\/schema\/person\/74bbde0154d49d790a92aaeac5bc01d5","name":"Yusra NY","url":"https:\/\/kapitalis.com\/tunisie\/author\/yuza_adam\/"}]}},"_links":{"self":[{"href":"https:\/\/kapitalis.com\/tunisie\/wp-json\/wp\/v2\/posts\/18720306","targetHints":{"allow":["GET"]}}],"collection":[{"href":"https:\/\/kapitalis.com\/tunisie\/wp-json\/wp\/v2\/posts"}],"about":[{"href":"https:\/\/kapitalis.com\/tunisie\/wp-json\/wp\/v2\/types\/post"}],"author":[{"embeddable":true,"href":"https:\/\/kapitalis.com\/tunisie\/wp-json\/wp\/v2\/users\/6"}],"replies":[{"embeddable":true,"href":"https:\/\/kapitalis.com\/tunisie\/wp-json\/wp\/v2\/comments?post=18720306"}],"version-history":[{"count":1,"href":"https:\/\/kapitalis.com\/tunisie\/wp-json\/wp\/v2\/posts\/18720306\/revisions"}],"predecessor-version":[{"id":18720321,"href":"https:\/\/kapitalis.com\/tunisie\/wp-json\/wp\/v2\/posts\/18720306\/revisions\/18720321"}],"wp:featuredmedia":[{"embeddable":true,"href":"https:\/\/kapitalis.com\/tunisie\/wp-json\/wp\/v2\/media\/18720326"}],"wp:attachment":[{"href":"https:\/\/kapitalis.com\/tunisie\/wp-json\/wp\/v2\/media?parent=18720306"}],"wp:term":[{"taxonomy":"category","embeddable":true,"href":"https:\/\/kapitalis.com\/tunisie\/wp-json\/wp\/v2\/categories?post=18720306"},{"taxonomy":"post_tag","embeddable":true,"href":"https:\/\/kapitalis.com\/tunisie\/wp-json\/wp\/v2\/tags?post=18720306"}],"curies":[{"name":"wp","href":"https:\/\/api.w.org\/{rel}","templated":true}]}}