{"id":18721064,"date":"2026-05-02T07:50:25","date_gmt":"2026-05-02T06:50:25","guid":{"rendered":"https:\/\/kapitalis.com\/tunisie\/?p=18721064"},"modified":"2026-05-02T07:50:27","modified_gmt":"2026-05-02T06:50:27","slug":"la-diplomatie-tunisienne-doit-saffranchir-du-poids-de-la-routine","status":"publish","type":"post","link":"https:\/\/kapitalis.com\/tunisie\/2026\/05\/02\/la-diplomatie-tunisienne-doit-saffranchir-du-poids-de-la-routine\/","title":{"rendered":"La diplomatie tunisienne doit s\u2019affranchir du poids de la routine"},"content":{"rendered":"\n<p><strong><em>Le minist\u00e8re des Affaires \u00e9trang\u00e8res c\u00e9l\u00e8bre, le 3 mai 2026, le&nbsp;70<sup>e<\/sup> anniversaire de sa r\u00e9habilitation au lendemain&nbsp;de l\u2019ind\u00e9pendance de la Tunisie, le 20 mars 1956. Les Tunisiens lui sont gr\u00e9 de ses contributions&nbsp;importantes, souvent m\u00e9connues, dans l\u2019essor du pays. Ses diplomates&nbsp;ont toujours repr\u00e9sent\u00e9&nbsp;dignement le pays \u00e0 l\u2019\u00e9tranger.&nbsp;<\/em><\/strong><\/p>\n\n\n\n<p><strong>Raouf Chatty <\/strong>*<\/p>\n\n\n\n<!--more-->\n\n\n<div class=\"wp-block-image\">\n<figure class=\"alignleft size-full\"><img decoding=\"async\" src=\"http:\/\/kapitalis.com\/tunisie\/wp-content\/uploads\/2021\/05\/Raouf-Chatty.jpg\" alt=\"\" class=\"wp-image-347685\"\/><\/figure>\n<\/div>\n\n\n<p>Ce d\u00e9partement&nbsp;occupe une place&nbsp;centrale au sein&nbsp;de l\u2019appareil de l\u2019Etat. Il assume, sous l\u2019autorit\u00e9 du Pr\u00e9sident de la R\u00e9publique, la responsabilit\u00e9 de la mise&nbsp;en&nbsp;\u0153uvre&nbsp;de la politique internationale&nbsp;du pays.<\/p>\n\n\n\n<p>Favoris\u00e9e par son emplacement au c\u0153ur de la M\u00e9diterran\u00e9e, la Tunisie s\u2019est toujours construite \u00e0 travers son histoire&nbsp;depuis l\u2019antiquit\u00e9&nbsp;dans les brassages humains et les \u00e9changes culturels et a toujours \u00e9t\u00e9&nbsp;ouverte sur l\u2019ext\u00e9rieur.&nbsp;<\/p>\n\n\n\n<p>Notre diplomatie a toujours poursuivi les objectifs suivants, souvent rappel\u00e9s par le Pr\u00e9sident&nbsp;de la R\u00e9publique&nbsp;: la d\u00e9fense&nbsp;de la souverainet\u00e9 nationale et la consolidation de son invuln\u00e9rabilit\u00e9, la d\u00e9fense de la l\u00e9galit\u00e9 internationale, de la paix dans le monde et&nbsp;des causes justes, le rejet de toute&nbsp;ing\u00e9rence dans les affaires int\u00e9rieures des \u00c9tats, le renforcement&nbsp;des capacit\u00e9s du pays et de&nbsp;sa s\u00e9curit\u00e9&nbsp;globale, l\u2019accompagnement intelligent de la communaut\u00e9 tunisienne&nbsp;\u00e0&nbsp;l\u2019\u00e9tranger&nbsp;et la contribution \u00e0 la stabilit\u00e9 r\u00e9gionale.<\/p>\n\n\n\n<p>La fid\u00e9lit\u00e9&nbsp;\u00e0 ces objectifs&nbsp;a valu \u00e0 la Tunisie&nbsp;le respect&nbsp;de la communaut\u00e9 internationale. Elle a toujours \u00e9t\u00e9 per\u00e7ue&nbsp;de&nbsp;l\u2019ext\u00e9rieur&nbsp;\u00e0 raison comme un p\u00f4le&nbsp;de stabilit\u00e9&nbsp;dans&nbsp;son environnement&nbsp;g\u00e9opolitique souvent&nbsp;mouvement\u00e9.<\/p>\n\n\n\n<h2 class=\"wp-block-heading\">L\u2019obligation\u00a0de s\u2019adapter<\/h2>\n\n\n\n<p>Secteur&nbsp;fondamental dans&nbsp;la vie et la p\u00e9rennit\u00e9 de l\u2019\u00c9tat, pilier majeur dans l\u2019\u0153uvre de d\u00e9veloppement, notre diplomatie, tout en conservant&nbsp;ses constantes, a besoin aujourd\u2019hui&nbsp;de s\u2019auto-auditer pour lire lucidement&nbsp;ses forces et ses faiblesses,&nbsp;mesurer ses r\u00e9alisations, identifier de mani\u00e8re claire&nbsp;ses&nbsp;choix, fixer ses&nbsp;priorit\u00e9s et r\u00e9ajuster le tir&nbsp;compte tenu&nbsp;des&nbsp;contraintes qui p\u00e8sent&nbsp;sur elle&nbsp;et&nbsp;de l\u2019environnement r\u00e9gional et international&nbsp;tr\u00e8s mouvement\u00e9 dans lequel elle \u00e9volue.<\/p>\n\n\n\n<p>Sa mission&nbsp;et sa responsabilit\u00e9&nbsp;sont d\u2019autant plus&nbsp;grandes&nbsp;que le pays \u00e9volue&nbsp;aujourd\u2019hui dans un environnement int\u00e9rieur&nbsp;complexe et dans un contexte international&nbsp;tendue et exigeant caract\u00e9ris\u00e9 par une grande confusion et o\u00f9&nbsp;chaque pays cherche&nbsp;sa voie et revoit ses alliances&nbsp;pour se positionner sur le nouvel \u00e9chiquier politique mondial de mani\u00e8re \u00e0 pouvoir d\u00e9fendre&nbsp;au mieux ses int\u00e9r\u00eats&nbsp;dans un monde tr\u00e8s comp\u00e9titif. &nbsp;<\/p>\n\n\n\n<p>Face \u00e0 un monde en&nbsp;cours&nbsp;de recomposition,&nbsp;impuls\u00e9e&nbsp;par l\u2019extraordinaire r\u00e9volution scientifique et technologique en cours, l\u2019impitoyable comp\u00e9tition entre&nbsp;les&nbsp;grandes&nbsp;puissances,&nbsp;l\u2019augmentation&nbsp;des angoisses, la multiplication&nbsp;des tensions, des guerres&nbsp;et&nbsp;des contraintes,&nbsp;la multiplication des d\u00e9fis en tous genres, le&nbsp;bouleversement&nbsp;de tous les rep\u00e8res et la naissance difficile&nbsp;de nouveaux param\u00e8tres, il&nbsp;p\u00e8se sur&nbsp;notre&nbsp;diplomatie&nbsp;l\u2019obligation&nbsp;de s\u2019adapter.<\/p>\n\n\n\n<p>Il lui faudra&nbsp;donc lire&nbsp;de fa\u00e7on approfondie et lucide les&nbsp;nouvelles tendances, affiner ses&nbsp;moyens,&nbsp;mieux&nbsp;identifier&nbsp;ses&nbsp;espaces&nbsp;g\u00e9opolitiques d\u2019appartenance et mieux&nbsp;cibler et coordonner&nbsp;ses actions.<\/p>\n\n\n\n<p>Des&nbsp;dossiers majeurs m\u00e9ritent&nbsp;d\u2019\u00eatre r\u00e9examin\u00e9s de mani\u00e8re objective et approfondie&nbsp;: ceux&nbsp;relatifs \u00e0 la s\u00e9curit\u00e9&nbsp;des fronti\u00e8res, \u00e0 l\u2019entr\u00e9e&nbsp;des migrants ill\u00e9gaux, subsahariens et autres, aux relations avec les pays voisins, \u00e0 la place&nbsp;et&nbsp;au&nbsp;statut des colonies tunisiennes \u00e0 l\u2019\u00e9tranger, \u00e0 la migration des comp\u00e9tences nationales,&nbsp;aux rapports avec&nbsp;nos partenaires traditionnels, notamment les Etats-Unis et l\u2019Europe (le sort de l\u2019Aleca,&nbsp;dossier&nbsp;rel\u00e9gu\u00e9 aux oubliettes), aux difficult\u00e9s rencontr\u00e9es&nbsp;par les Tunisiens dans l\u2019obtention des visas,&nbsp;aux relations avec nos partenaires arabes et africains,&nbsp;\u00e0 la Chine, ainsi qu\u2019avec les institutions financi\u00e8res&nbsp;internationales&#8230; Autant de dossiers&nbsp;strat\u00e9giques sur lesquels le minist\u00e8re des Affaires \u00e9trang\u00e8res doit dire son mot.<\/p>\n\n\n\n<h2 class=\"wp-block-heading\">Red\u00e9finir les priorit\u00e9s<\/h2>\n\n\n\n<p>Sur tous ces dossiers, la diplomatie&nbsp;tunisienne doit&nbsp;s\u2019affranchir&nbsp;de la routine du&nbsp;quotidien,&nbsp;redessiner&nbsp;une vision&nbsp;globale, red\u00e9finir ses priorit\u00e9s, engager&nbsp;nos missions diplomatiques et consulaires&nbsp;\u00e0 faire preuve d\u2019imagination, \u00e0 mieux rentabiliser&nbsp;nos relations avec les pays d\u2019accr\u00e9ditation, actionner&nbsp;davantage les leviers&nbsp;de la diplomatie \u00e9conomique et culturelle, drainer&nbsp;davantage de projets de d\u00e9veloppement&#8230;<\/p>\n\n\n\n<p>Le minist\u00e8re des Affaires \u00e9trang\u00e8res, fort de ses nombreuses comp\u00e9tences,&nbsp;pourra&nbsp;s\u2019acquitter brillamment de toutes ces missions.&nbsp;<\/p>\n\n\n\n<p>L\u2019Acad\u00e9mie diplomatique,&nbsp;en coop\u00e9ration avec l\u2019Institut tunisien des \u00e9tudes strat\u00e9giques&nbsp;(Ites), pourra&nbsp;apporter&nbsp;sa contribution \u00e0 l\u2019\u00e9tude&nbsp;de&nbsp;tous&nbsp;ces dossiers&#8230;<\/p>\n\n\n\n<p>Il faudra \u00e9galement&nbsp;penser \u00e0 r\u00e9habiliter le&nbsp;r\u00f4le&nbsp;du minist\u00e8re des Affaires \u00e9trang\u00e8res en tant&nbsp;qu\u2019autorit\u00e9 responsable&nbsp;de&nbsp;la coordination de l\u2019activit\u00e9&nbsp;de tous les&nbsp;intervenants&nbsp;officiels&nbsp;en relation&nbsp;avec l\u2019\u00e9tranger notamment&nbsp;dans les&nbsp;dossiers strat\u00e9giques&nbsp;et engager&nbsp;tous&nbsp;les autres&nbsp;intervenants \u00e0 respecter cette r\u00e8gle.<\/p>\n\n\n\n<p>Tous les minist\u00e8res des Affaires \u00e9trang\u00e8res&nbsp;dans&nbsp;les&nbsp;grands&nbsp;pays travaillent&nbsp;de la sorte.&nbsp;Cela \u00e9vitera les doubles emplois et les mauvaises surprises&nbsp;et fera gagner \u00e0 notre&nbsp;pays du temps et de l\u2019argent&nbsp;tout en renfor\u00e7ant sa cr\u00e9dibilit\u00e9 sur&nbsp;le plan international.&nbsp; &nbsp;<\/p>\n\n\n\n<p><em>* Ancien ambassadeur.<\/em><\/p>\n","protected":false},"excerpt":{"rendered":"<p>Le minist\u00e8re tunisien des Affaires \u00e9trang\u00e8res c\u00e9l\u00e8bre, le 3 mai 2026, le\u00a070e anniversaire de sa r\u00e9habilitation au lendemain\u00a0de l\u2019ind\u00e9pendance. <\/p>\n","protected":false},"author":8,"featured_media":2597480,"comment_status":"open","ping_status":"open","sticky":false,"template":"","format":"standard","meta":{"footnotes":""},"categories":[992,997,1000,2433],"tags":[2312,2110,75918,64674,89839,62643,89994],"class_list":["post-18721064","post","type-post","status-publish","format-standard","has-post-thumbnail","hentry","category-a-la-une","category-politique","category-tribune","category-tunisie","tag-affaires-etrangeres","tag-diplomatie","tag-etats-unis-2","tag-migrants-illegaux","tag-raouf-chatty","tag-tunisie","tag-union-europeennes"],"yoast_head":"<!-- This site is optimized with the Yoast SEO plugin v26.6 - https:\/\/yoast.com\/wordpress\/plugins\/seo\/ -->\n<title>La diplomatie tunisienne doit s\u2019affranchir du poids de la routine - Kapitalis<\/title>\n<meta name=\"description\" content=\"Le minist\u00e8re tunisien des Affaires \u00e9trang\u00e8res c\u00e9l\u00e8bre, le 3 mai 2026, le\u00a070e anniversaire de sa r\u00e9habilitation au lendemain\u00a0de l\u2019ind\u00e9pendance.\" \/>\n<meta name=\"robots\" content=\"index, follow, max-snippet:-1, max-image-preview:large, max-video-preview:-1\" \/>\n<link rel=\"canonical\" href=\"https:\/\/kapitalis.com\/tunisie\/2026\/05\/02\/la-diplomatie-tunisienne-doit-saffranchir-du-poids-de-la-routine\/\" \/>\n<meta property=\"og:locale\" content=\"fr_FR\" \/>\n<meta property=\"og:type\" content=\"article\" \/>\n<meta property=\"og:title\" content=\"La diplomatie tunisienne doit s\u2019affranchir du poids de la routine - Kapitalis\" \/>\n<meta property=\"og:description\" content=\"Le minist\u00e8re tunisien des Affaires \u00e9trang\u00e8res c\u00e9l\u00e8bre, le 3 mai 2026, le\u00a070e anniversaire de sa r\u00e9habilitation au lendemain\u00a0de l\u2019ind\u00e9pendance.\" \/>\n<meta property=\"og:url\" content=\"https:\/\/kapitalis.com\/tunisie\/2026\/05\/02\/la-diplomatie-tunisienne-doit-saffranchir-du-poids-de-la-routine\/\" \/>\n<meta property=\"og:site_name\" content=\"Kapitalis\" \/>\n<meta property=\"article:publisher\" content=\"https:\/\/www.facebook.com\/KapitalisInfo\/\" \/>\n<meta property=\"article:published_time\" content=\"2026-05-02T06:50:25+00:00\" \/>\n<meta property=\"article:modified_time\" content=\"2026-05-02T06:50:27+00:00\" \/>\n<meta property=\"og:image\" content=\"https:\/\/kapitalis.com\/tunisie\/wp-content\/uploads\/2022\/07\/Affaires-etrangeres.jpg\" \/>\n\t<meta property=\"og:image:width\" content=\"1200\" \/>\n\t<meta property=\"og:image:height\" content=\"630\" \/>\n\t<meta property=\"og:image:type\" content=\"image\/jpeg\" \/>\n<meta name=\"author\" content=\"webmaster kapitalis\" \/>\n<meta name=\"twitter:card\" content=\"summary_large_image\" \/>\n<meta name=\"twitter:creator\" content=\"@KapitalisInfo\" \/>\n<meta name=\"twitter:site\" content=\"@KapitalisInfo\" \/>\n<meta name=\"twitter:label1\" content=\"\u00c9crit par\" \/>\n\t<meta name=\"twitter:data1\" content=\"webmaster kapitalis\" \/>\n\t<meta name=\"twitter:label2\" content=\"Dur\u00e9e de lecture estim\u00e9e\" \/>\n\t<meta name=\"twitter:data2\" content=\"5 minutes\" \/>\n<script type=\"application\/ld+json\" class=\"yoast-schema-graph\">{\"@context\":\"https:\/\/schema.org\",\"@graph\":[{\"@type\":\"Article\",\"@id\":\"https:\/\/kapitalis.com\/tunisie\/2026\/05\/02\/la-diplomatie-tunisienne-doit-saffranchir-du-poids-de-la-routine\/#article\",\"isPartOf\":{\"@id\":\"https:\/\/kapitalis.com\/tunisie\/2026\/05\/02\/la-diplomatie-tunisienne-doit-saffranchir-du-poids-de-la-routine\/\"},\"author\":{\"name\":\"webmaster kapitalis\",\"@id\":\"https:\/\/kapitalis.com\/tunisie\/#\/schema\/person\/d71f33a9ca44f7bad4698210b480c8e9\"},\"headline\":\"La diplomatie tunisienne doit s\u2019affranchir du poids de la routine\",\"datePublished\":\"2026-05-02T06:50:25+00:00\",\"dateModified\":\"2026-05-02T06:50:27+00:00\",\"mainEntityOfPage\":{\"@id\":\"https:\/\/kapitalis.com\/tunisie\/2026\/05\/02\/la-diplomatie-tunisienne-doit-saffranchir-du-poids-de-la-routine\/\"},\"wordCount\":1070,\"commentCount\":0,\"publisher\":{\"@id\":\"https:\/\/kapitalis.com\/tunisie\/#organization\"},\"image\":{\"@id\":\"https:\/\/kapitalis.com\/tunisie\/2026\/05\/02\/la-diplomatie-tunisienne-doit-saffranchir-du-poids-de-la-routine\/#primaryimage\"},\"thumbnailUrl\":\"https:\/\/kapitalis.com\/tunisie\/wp-content\/uploads\/2022\/07\/Affaires-etrangeres.jpg\",\"keywords\":[\"affaires \u00e9trang\u00e8res\",\"diplomatie\",\"Etats-Unis\",\"migrants ill\u00e9gaux\",\"Raouf Chatty\",\"Tunisie\",\"Union europ\u00e9ennes\"],\"articleSection\":[\"A LA UNE\",\"POLITIQUE\",\"TRIBUNE\",\"Tunisie\"],\"inLanguage\":\"fr-FR\",\"potentialAction\":[{\"@type\":\"CommentAction\",\"name\":\"Comment\",\"target\":[\"https:\/\/kapitalis.com\/tunisie\/2026\/05\/02\/la-diplomatie-tunisienne-doit-saffranchir-du-poids-de-la-routine\/#respond\"]}]},{\"@type\":\"WebPage\",\"@id\":\"https:\/\/kapitalis.com\/tunisie\/2026\/05\/02\/la-diplomatie-tunisienne-doit-saffranchir-du-poids-de-la-routine\/\",\"url\":\"https:\/\/kapitalis.com\/tunisie\/2026\/05\/02\/la-diplomatie-tunisienne-doit-saffranchir-du-poids-de-la-routine\/\",\"name\":\"La diplomatie tunisienne doit s\u2019affranchir du poids de la routine - Kapitalis\",\"isPartOf\":{\"@id\":\"https:\/\/kapitalis.com\/tunisie\/#website\"},\"primaryImageOfPage\":{\"@id\":\"https:\/\/kapitalis.com\/tunisie\/2026\/05\/02\/la-diplomatie-tunisienne-doit-saffranchir-du-poids-de-la-routine\/#primaryimage\"},\"image\":{\"@id\":\"https:\/\/kapitalis.com\/tunisie\/2026\/05\/02\/la-diplomatie-tunisienne-doit-saffranchir-du-poids-de-la-routine\/#primaryimage\"},\"thumbnailUrl\":\"https:\/\/kapitalis.com\/tunisie\/wp-content\/uploads\/2022\/07\/Affaires-etrangeres.jpg\",\"datePublished\":\"2026-05-02T06:50:25+00:00\",\"dateModified\":\"2026-05-02T06:50:27+00:00\",\"description\":\"Le minist\u00e8re tunisien des Affaires \u00e9trang\u00e8res c\u00e9l\u00e8bre, le 3 mai 2026, le\u00a070e anniversaire de sa r\u00e9habilitation au lendemain\u00a0de l\u2019ind\u00e9pendance.\",\"breadcrumb\":{\"@id\":\"https:\/\/kapitalis.com\/tunisie\/2026\/05\/02\/la-diplomatie-tunisienne-doit-saffranchir-du-poids-de-la-routine\/#breadcrumb\"},\"inLanguage\":\"fr-FR\",\"potentialAction\":[{\"@type\":\"ReadAction\",\"target\":[\"https:\/\/kapitalis.com\/tunisie\/2026\/05\/02\/la-diplomatie-tunisienne-doit-saffranchir-du-poids-de-la-routine\/\"]}]},{\"@type\":\"ImageObject\",\"inLanguage\":\"fr-FR\",\"@id\":\"https:\/\/kapitalis.com\/tunisie\/2026\/05\/02\/la-diplomatie-tunisienne-doit-saffranchir-du-poids-de-la-routine\/#primaryimage\",\"url\":\"https:\/\/kapitalis.com\/tunisie\/wp-content\/uploads\/2022\/07\/Affaires-etrangeres.jpg\",\"contentUrl\":\"https:\/\/kapitalis.com\/tunisie\/wp-content\/uploads\/2022\/07\/Affaires-etrangeres.jpg\",\"width\":1200,\"height\":630},{\"@type\":\"BreadcrumbList\",\"@id\":\"https:\/\/kapitalis.com\/tunisie\/2026\/05\/02\/la-diplomatie-tunisienne-doit-saffranchir-du-poids-de-la-routine\/#breadcrumb\",\"itemListElement\":[{\"@type\":\"ListItem\",\"position\":1,\"name\":\"Accueil\",\"item\":\"https:\/\/kapitalis.com\/tunisie\/\"},{\"@type\":\"ListItem\",\"position\":2,\"name\":\"La diplomatie tunisienne doit s\u2019affranchir du poids de la routine\"}]},{\"@type\":\"WebSite\",\"@id\":\"https:\/\/kapitalis.com\/tunisie\/#website\",\"url\":\"https:\/\/kapitalis.com\/tunisie\/\",\"name\":\"Kapitalis\",\"description\":\"L&#039;actualit\u00e9 en Tunisie et dans le monde\",\"publisher\":{\"@id\":\"https:\/\/kapitalis.com\/tunisie\/#organization\"},\"potentialAction\":[{\"@type\":\"SearchAction\",\"target\":{\"@type\":\"EntryPoint\",\"urlTemplate\":\"https:\/\/kapitalis.com\/tunisie\/?s={search_term_string}\"},\"query-input\":{\"@type\":\"PropertyValueSpecification\",\"valueRequired\":true,\"valueName\":\"search_term_string\"}}],\"inLanguage\":\"fr-FR\"},{\"@type\":\"Organization\",\"@id\":\"https:\/\/kapitalis.com\/tunisie\/#organization\",\"name\":\"Kapitalis\",\"url\":\"https:\/\/kapitalis.com\/tunisie\/\",\"logo\":{\"@type\":\"ImageObject\",\"inLanguage\":\"fr-FR\",\"@id\":\"https:\/\/kapitalis.com\/tunisie\/#\/schema\/logo\/image\/\",\"url\":\"https:\/\/kapitalis.com\/tunisie\/wp-content\/uploads\/2022\/05\/Kapitalis-big-size.png\",\"contentUrl\":\"https:\/\/kapitalis.com\/tunisie\/wp-content\/uploads\/2022\/05\/Kapitalis-big-size.png\",\"width\":5000,\"height\":1500,\"caption\":\"Kapitalis\"},\"image\":{\"@id\":\"https:\/\/kapitalis.com\/tunisie\/#\/schema\/logo\/image\/\"},\"sameAs\":[\"https:\/\/www.facebook.com\/KapitalisInfo\/\",\"https:\/\/x.com\/KapitalisInfo\",\"https:\/\/www.youtube.com\/channel\/UC-yDYrHyfFBWWZaOw3FPg9Q\"]},{\"@type\":\"Person\",\"@id\":\"https:\/\/kapitalis.com\/tunisie\/#\/schema\/person\/d71f33a9ca44f7bad4698210b480c8e9\",\"name\":\"webmaster kapitalis\",\"url\":\"https:\/\/kapitalis.com\/tunisie\/author\/webmaster-kapitalis\/\"}]}<\/script>\n<!-- \/ Yoast SEO plugin. -->","yoast_head_json":{"title":"La diplomatie tunisienne doit s\u2019affranchir du poids de la routine - Kapitalis","description":"Le minist\u00e8re tunisien des Affaires \u00e9trang\u00e8res c\u00e9l\u00e8bre, le 3 mai 2026, le\u00a070e anniversaire de sa r\u00e9habilitation au lendemain\u00a0de l\u2019ind\u00e9pendance.","robots":{"index":"index","follow":"follow","max-snippet":"max-snippet:-1","max-image-preview":"max-image-preview:large","max-video-preview":"max-video-preview:-1"},"canonical":"https:\/\/kapitalis.com\/tunisie\/2026\/05\/02\/la-diplomatie-tunisienne-doit-saffranchir-du-poids-de-la-routine\/","og_locale":"fr_FR","og_type":"article","og_title":"La diplomatie tunisienne doit s\u2019affranchir du poids de la routine - Kapitalis","og_description":"Le minist\u00e8re tunisien des Affaires \u00e9trang\u00e8res c\u00e9l\u00e8bre, le 3 mai 2026, le\u00a070e anniversaire de sa r\u00e9habilitation au lendemain\u00a0de l\u2019ind\u00e9pendance.","og_url":"https:\/\/kapitalis.com\/tunisie\/2026\/05\/02\/la-diplomatie-tunisienne-doit-saffranchir-du-poids-de-la-routine\/","og_site_name":"Kapitalis","article_publisher":"https:\/\/www.facebook.com\/KapitalisInfo\/","article_published_time":"2026-05-02T06:50:25+00:00","article_modified_time":"2026-05-02T06:50:27+00:00","og_image":[{"width":1200,"height":630,"url":"https:\/\/kapitalis.com\/tunisie\/wp-content\/uploads\/2022\/07\/Affaires-etrangeres.jpg","type":"image\/jpeg"}],"author":"webmaster kapitalis","twitter_card":"summary_large_image","twitter_creator":"@KapitalisInfo","twitter_site":"@KapitalisInfo","twitter_misc":{"\u00c9crit par":"webmaster kapitalis","Dur\u00e9e de lecture estim\u00e9e":"5 minutes"},"schema":{"@context":"https:\/\/schema.org","@graph":[{"@type":"Article","@id":"https:\/\/kapitalis.com\/tunisie\/2026\/05\/02\/la-diplomatie-tunisienne-doit-saffranchir-du-poids-de-la-routine\/#article","isPartOf":{"@id":"https:\/\/kapitalis.com\/tunisie\/2026\/05\/02\/la-diplomatie-tunisienne-doit-saffranchir-du-poids-de-la-routine\/"},"author":{"name":"webmaster kapitalis","@id":"https:\/\/kapitalis.com\/tunisie\/#\/schema\/person\/d71f33a9ca44f7bad4698210b480c8e9"},"headline":"La diplomatie tunisienne doit s\u2019affranchir du poids de la routine","datePublished":"2026-05-02T06:50:25+00:00","dateModified":"2026-05-02T06:50:27+00:00","mainEntityOfPage":{"@id":"https:\/\/kapitalis.com\/tunisie\/2026\/05\/02\/la-diplomatie-tunisienne-doit-saffranchir-du-poids-de-la-routine\/"},"wordCount":1070,"commentCount":0,"publisher":{"@id":"https:\/\/kapitalis.com\/tunisie\/#organization"},"image":{"@id":"https:\/\/kapitalis.com\/tunisie\/2026\/05\/02\/la-diplomatie-tunisienne-doit-saffranchir-du-poids-de-la-routine\/#primaryimage"},"thumbnailUrl":"https:\/\/kapitalis.com\/tunisie\/wp-content\/uploads\/2022\/07\/Affaires-etrangeres.jpg","keywords":["affaires \u00e9trang\u00e8res","diplomatie","Etats-Unis","migrants ill\u00e9gaux","Raouf Chatty","Tunisie","Union europ\u00e9ennes"],"articleSection":["A LA UNE","POLITIQUE","TRIBUNE","Tunisie"],"inLanguage":"fr-FR","potentialAction":[{"@type":"CommentAction","name":"Comment","target":["https:\/\/kapitalis.com\/tunisie\/2026\/05\/02\/la-diplomatie-tunisienne-doit-saffranchir-du-poids-de-la-routine\/#respond"]}]},{"@type":"WebPage","@id":"https:\/\/kapitalis.com\/tunisie\/2026\/05\/02\/la-diplomatie-tunisienne-doit-saffranchir-du-poids-de-la-routine\/","url":"https:\/\/kapitalis.com\/tunisie\/2026\/05\/02\/la-diplomatie-tunisienne-doit-saffranchir-du-poids-de-la-routine\/","name":"La diplomatie tunisienne doit s\u2019affranchir du poids de la routine - Kapitalis","isPartOf":{"@id":"https:\/\/kapitalis.com\/tunisie\/#website"},"primaryImageOfPage":{"@id":"https:\/\/kapitalis.com\/tunisie\/2026\/05\/02\/la-diplomatie-tunisienne-doit-saffranchir-du-poids-de-la-routine\/#primaryimage"},"image":{"@id":"https:\/\/kapitalis.com\/tunisie\/2026\/05\/02\/la-diplomatie-tunisienne-doit-saffranchir-du-poids-de-la-routine\/#primaryimage"},"thumbnailUrl":"https:\/\/kapitalis.com\/tunisie\/wp-content\/uploads\/2022\/07\/Affaires-etrangeres.jpg","datePublished":"2026-05-02T06:50:25+00:00","dateModified":"2026-05-02T06:50:27+00:00","description":"Le minist\u00e8re tunisien des Affaires \u00e9trang\u00e8res c\u00e9l\u00e8bre, le 3 mai 2026, le\u00a070e anniversaire de sa r\u00e9habilitation au lendemain\u00a0de l\u2019ind\u00e9pendance.","breadcrumb":{"@id":"https:\/\/kapitalis.com\/tunisie\/2026\/05\/02\/la-diplomatie-tunisienne-doit-saffranchir-du-poids-de-la-routine\/#breadcrumb"},"inLanguage":"fr-FR","potentialAction":[{"@type":"ReadAction","target":["https:\/\/kapitalis.com\/tunisie\/2026\/05\/02\/la-diplomatie-tunisienne-doit-saffranchir-du-poids-de-la-routine\/"]}]},{"@type":"ImageObject","inLanguage":"fr-FR","@id":"https:\/\/kapitalis.com\/tunisie\/2026\/05\/02\/la-diplomatie-tunisienne-doit-saffranchir-du-poids-de-la-routine\/#primaryimage","url":"https:\/\/kapitalis.com\/tunisie\/wp-content\/uploads\/2022\/07\/Affaires-etrangeres.jpg","contentUrl":"https:\/\/kapitalis.com\/tunisie\/wp-content\/uploads\/2022\/07\/Affaires-etrangeres.jpg","width":1200,"height":630},{"@type":"BreadcrumbList","@id":"https:\/\/kapitalis.com\/tunisie\/2026\/05\/02\/la-diplomatie-tunisienne-doit-saffranchir-du-poids-de-la-routine\/#breadcrumb","itemListElement":[{"@type":"ListItem","position":1,"name":"Accueil","item":"https:\/\/kapitalis.com\/tunisie\/"},{"@type":"ListItem","position":2,"name":"La diplomatie tunisienne doit s\u2019affranchir du poids de la routine"}]},{"@type":"WebSite","@id":"https:\/\/kapitalis.com\/tunisie\/#website","url":"https:\/\/kapitalis.com\/tunisie\/","name":"Kapitalis","description":"L&#039;actualit\u00e9 en Tunisie et dans le monde","publisher":{"@id":"https:\/\/kapitalis.com\/tunisie\/#organization"},"potentialAction":[{"@type":"SearchAction","target":{"@type":"EntryPoint","urlTemplate":"https:\/\/kapitalis.com\/tunisie\/?s={search_term_string}"},"query-input":{"@type":"PropertyValueSpecification","valueRequired":true,"valueName":"search_term_string"}}],"inLanguage":"fr-FR"},{"@type":"Organization","@id":"https:\/\/kapitalis.com\/tunisie\/#organization","name":"Kapitalis","url":"https:\/\/kapitalis.com\/tunisie\/","logo":{"@type":"ImageObject","inLanguage":"fr-FR","@id":"https:\/\/kapitalis.com\/tunisie\/#\/schema\/logo\/image\/","url":"https:\/\/kapitalis.com\/tunisie\/wp-content\/uploads\/2022\/05\/Kapitalis-big-size.png","contentUrl":"https:\/\/kapitalis.com\/tunisie\/wp-content\/uploads\/2022\/05\/Kapitalis-big-size.png","width":5000,"height":1500,"caption":"Kapitalis"},"image":{"@id":"https:\/\/kapitalis.com\/tunisie\/#\/schema\/logo\/image\/"},"sameAs":["https:\/\/www.facebook.com\/KapitalisInfo\/","https:\/\/x.com\/KapitalisInfo","https:\/\/www.youtube.com\/channel\/UC-yDYrHyfFBWWZaOw3FPg9Q"]},{"@type":"Person","@id":"https:\/\/kapitalis.com\/tunisie\/#\/schema\/person\/d71f33a9ca44f7bad4698210b480c8e9","name":"webmaster kapitalis","url":"https:\/\/kapitalis.com\/tunisie\/author\/webmaster-kapitalis\/"}]}},"_links":{"self":[{"href":"https:\/\/kapitalis.com\/tunisie\/wp-json\/wp\/v2\/posts\/18721064","targetHints":{"allow":["GET"]}}],"collection":[{"href":"https:\/\/kapitalis.com\/tunisie\/wp-json\/wp\/v2\/posts"}],"about":[{"href":"https:\/\/kapitalis.com\/tunisie\/wp-json\/wp\/v2\/types\/post"}],"author":[{"embeddable":true,"href":"https:\/\/kapitalis.com\/tunisie\/wp-json\/wp\/v2\/users\/8"}],"replies":[{"embeddable":true,"href":"https:\/\/kapitalis.com\/tunisie\/wp-json\/wp\/v2\/comments?post=18721064"}],"version-history":[{"count":1,"href":"https:\/\/kapitalis.com\/tunisie\/wp-json\/wp\/v2\/posts\/18721064\/revisions"}],"predecessor-version":[{"id":18721075,"href":"https:\/\/kapitalis.com\/tunisie\/wp-json\/wp\/v2\/posts\/18721064\/revisions\/18721075"}],"wp:featuredmedia":[{"embeddable":true,"href":"https:\/\/kapitalis.com\/tunisie\/wp-json\/wp\/v2\/media\/2597480"}],"wp:attachment":[{"href":"https:\/\/kapitalis.com\/tunisie\/wp-json\/wp\/v2\/media?parent=18721064"}],"wp:term":[{"taxonomy":"category","embeddable":true,"href":"https:\/\/kapitalis.com\/tunisie\/wp-json\/wp\/v2\/categories?post=18721064"},{"taxonomy":"post_tag","embeddable":true,"href":"https:\/\/kapitalis.com\/tunisie\/wp-json\/wp\/v2\/tags?post=18721064"}],"curies":[{"name":"wp","href":"https:\/\/api.w.org\/{rel}","templated":true}]}}