{"id":18721311,"date":"2026-05-02T08:53:52","date_gmt":"2026-05-02T07:53:52","guid":{"rendered":"https:\/\/kapitalis.com\/tunisie\/?p=18721311"},"modified":"2026-05-02T08:53:54","modified_gmt":"2026-05-02T07:53:54","slug":"round-13-helmi-dridi-prime-a-annaba","status":"publish","type":"post","link":"https:\/\/kapitalis.com\/tunisie\/2026\/05\/02\/round-13-helmi-dridi-prime-a-annaba\/","title":{"rendered":"\u2018\u2018Round 13\u2019\u2019 | Helmi Dridi prim\u00e9 \u00e0 Annaba"},"content":{"rendered":"\n<p><strong><em>Le film \u2018<a href=\"https:\/\/kapitalis.com\/tunisie\/2026\/03\/30\/le-13e-round-la-vie-comme-un-combat-de-boxe\/\" target=\"_blank\" rel=\"noreferrer noopener\">\u2018Round 13\u2019\u2019 <\/a>de Mohamed Ali Nahdi poursuit une trajectoire remarqu\u00e9e sur la sc\u00e8ne des festivals internationaux, confirmant la reconnaissance croissante de ses interpr\u00e9tations principales. La distinction la plus r\u00e9cente revient \u00e0 Helmi Dridi, couronn\u00e9 du prix du meilleur acteur lors du Festival du film m\u00e9diterran\u00e9en d\u2019Annaba. Une r\u00e9compense qui vient saluer une performance intense, habit\u00e9e, construite dans une logique de justesse et de retenue, loin de toute d\u00e9monstration excessive.<\/em><\/strong><\/p>\n\n\n\n<!--more-->\n\n\n\n<p>Cette cons\u00e9cration s\u2019ajoute \u00e0 celle obtenue par Afef Ben Mahmoud, distingu\u00e9e pour la meilleure interpr\u00e9tation f\u00e9minine au Festival international du film du Caire.<\/p>\n\n\n\n<p>Ensemble, ces distinctions dessinent un parcours coh\u00e9rent qui met en lumi\u00e8re la solidit\u00e9 du travail d\u2019interpr\u00e9tation au sein du film.<\/p>\n\n\n\n<p>Au-del\u00e0 des prix individuels, ces r\u00e9compenses soulignent un engagement artistique global, fond\u00e9 sur une exigence de jeu, une pr\u00e9cision dans l\u2019incarnation des personnages et une recherche constante de v\u00e9rit\u00e9 \u00e0 l\u2019\u00e9cran. Le travail des com\u00e9diens s\u2019inscrit dans une approche \u00e9pur\u00e9e, privil\u00e9giant la sinc\u00e9rit\u00e9 et la densit\u00e9 \u00e9motionnelle plut\u00f4t que l\u2019effet spectaculaire.<\/p>\n\n\n\n<p>Le choix de r\u00e9unir ces deux interpr\u00e8tes appara\u00eet aujourd\u2019hui comme un pari pleinement assum\u00e9, port\u00e9 notamment par le travail de direction artistique et de casting de Rahma Zoghlami, dont la contribution s\u2019est r\u00e9v\u00e9l\u00e9e d\u00e9terminante dans la construction de cette distribution.<\/p>\n\n\n\n<p>Enfin, au-del\u00e0 de la reconnaissance professionnelle, le film porte \u00e9galement une dimension humaine et m\u00e9morielle, inscrite dans une d\u00e9marche de sens et de d\u00e9dicace.<\/p>\n\n\n\n<p>Actuellement projet\u00e9 en France et en Tunisie, <em>\u2018\u2018Round 13\u2019\u2019<\/em> confirme ainsi son positionnement dans un cin\u00e9ma d\u2019exigence, attentif \u00e0 l\u2019humain et \u00e0 la v\u00e9rit\u00e9 des trajectoires.<\/p>\n\n\n\n<p class=\"has-text-align-right\"><strong>Djamal Guettala&nbsp;<\/strong><\/p>\n","protected":false},"excerpt":{"rendered":"<p>Helmi Dridi couronn\u00e9 du prix du meilleur acteur lors du Festival du film m\u00e9diterran\u00e9en d\u2019Annaba. <\/p>\n","protected":false},"author":8,"featured_media":18721346,"comment_status":"open","ping_status":"open","sticky":false,"template":"","format":"standard","meta":{"footnotes":""},"categories":[994,2433],"tags":[64572,2186,87641,78673,128124,128126],"class_list":["post-18721311","post","type-post","status-publish","format-standard","has-post-thumbnail","hentry","category-culture","category-tunisie","tag-afef-ben-mahmoud","tag-annaba","tag-helmi-dridi","tag-mohamed-ali-nahdi","tag-rahma-zoghlami","tag-round-13"],"yoast_head":"<!-- This site is optimized with the Yoast SEO plugin v26.6 - https:\/\/yoast.com\/wordpress\/plugins\/seo\/ -->\n<title>\u2018\u2018Round 13\u2019\u2019 | Helmi Dridi prim\u00e9 \u00e0 Annaba - Kapitalis<\/title>\n<meta name=\"description\" content=\"Helmi Dridi couronn\u00e9 du prix du meilleur acteur lors du Festival du film m\u00e9diterran\u00e9en d\u2019Annaba pour son r\u00f4le dans le film &quot;Round 13&quot;..\" \/>\n<meta name=\"robots\" content=\"index, follow, max-snippet:-1, max-image-preview:large, max-video-preview:-1\" \/>\n<link rel=\"canonical\" href=\"https:\/\/kapitalis.com\/tunisie\/2026\/05\/02\/round-13-helmi-dridi-prime-a-annaba\/\" \/>\n<meta property=\"og:locale\" content=\"fr_FR\" \/>\n<meta property=\"og:type\" content=\"article\" \/>\n<meta property=\"og:title\" content=\"\u2018\u2018Round 13\u2019\u2019 | Helmi Dridi prim\u00e9 \u00e0 Annaba - Kapitalis\" \/>\n<meta property=\"og:description\" content=\"Helmi Dridi couronn\u00e9 du prix du meilleur acteur lors du Festival du film m\u00e9diterran\u00e9en d\u2019Annaba pour son r\u00f4le dans le film &quot;Round 13&quot;..\" \/>\n<meta property=\"og:url\" content=\"https:\/\/kapitalis.com\/tunisie\/2026\/05\/02\/round-13-helmi-dridi-prime-a-annaba\/\" \/>\n<meta property=\"og:site_name\" content=\"Kapitalis\" \/>\n<meta property=\"article:publisher\" content=\"https:\/\/www.facebook.com\/KapitalisInfo\/\" \/>\n<meta property=\"article:published_time\" content=\"2026-05-02T07:53:52+00:00\" \/>\n<meta property=\"article:modified_time\" content=\"2026-05-02T07:53:54+00:00\" \/>\n<meta property=\"og:image\" content=\"https:\/\/kapitalis.com\/tunisie\/wp-content\/uploads\/2026\/05\/Hilmi-Dridi.jpg\" \/>\n\t<meta property=\"og:image:width\" content=\"1200\" \/>\n\t<meta property=\"og:image:height\" content=\"630\" \/>\n\t<meta property=\"og:image:type\" content=\"image\/jpeg\" \/>\n<meta name=\"author\" content=\"webmaster kapitalis\" \/>\n<meta name=\"twitter:card\" content=\"summary_large_image\" \/>\n<meta name=\"twitter:creator\" content=\"@KapitalisInfo\" \/>\n<meta name=\"twitter:site\" content=\"@KapitalisInfo\" \/>\n<meta name=\"twitter:label1\" content=\"\u00c9crit par\" \/>\n\t<meta name=\"twitter:data1\" content=\"webmaster kapitalis\" \/>\n\t<meta name=\"twitter:label2\" content=\"Dur\u00e9e de lecture estim\u00e9e\" \/>\n\t<meta name=\"twitter:data2\" content=\"2 minutes\" \/>\n<script type=\"application\/ld+json\" class=\"yoast-schema-graph\">{\"@context\":\"https:\/\/schema.org\",\"@graph\":[{\"@type\":\"Article\",\"@id\":\"https:\/\/kapitalis.com\/tunisie\/2026\/05\/02\/round-13-helmi-dridi-prime-a-annaba\/#article\",\"isPartOf\":{\"@id\":\"https:\/\/kapitalis.com\/tunisie\/2026\/05\/02\/round-13-helmi-dridi-prime-a-annaba\/\"},\"author\":{\"name\":\"webmaster kapitalis\",\"@id\":\"https:\/\/kapitalis.com\/tunisie\/#\/schema\/person\/d71f33a9ca44f7bad4698210b480c8e9\"},\"headline\":\"\u2018\u2018Round 13\u2019\u2019 | Helmi Dridi prim\u00e9 \u00e0 Annaba\",\"datePublished\":\"2026-05-02T07:53:52+00:00\",\"dateModified\":\"2026-05-02T07:53:54+00:00\",\"mainEntityOfPage\":{\"@id\":\"https:\/\/kapitalis.com\/tunisie\/2026\/05\/02\/round-13-helmi-dridi-prime-a-annaba\/\"},\"wordCount\":303,\"commentCount\":0,\"publisher\":{\"@id\":\"https:\/\/kapitalis.com\/tunisie\/#organization\"},\"image\":{\"@id\":\"https:\/\/kapitalis.com\/tunisie\/2026\/05\/02\/round-13-helmi-dridi-prime-a-annaba\/#primaryimage\"},\"thumbnailUrl\":\"https:\/\/kapitalis.com\/tunisie\/wp-content\/uploads\/2026\/05\/Hilmi-Dridi.jpg\",\"keywords\":[\"Afef Ben Mahmoud\",\"Annaba\",\"Helmi Dridi\",\"Mohamed Ali Nahdi\",\"Rahma Zoghlami\",\"Round 13\"],\"articleSection\":[\"CULTURE\",\"Tunisie\"],\"inLanguage\":\"fr-FR\",\"potentialAction\":[{\"@type\":\"CommentAction\",\"name\":\"Comment\",\"target\":[\"https:\/\/kapitalis.com\/tunisie\/2026\/05\/02\/round-13-helmi-dridi-prime-a-annaba\/#respond\"]}]},{\"@type\":\"WebPage\",\"@id\":\"https:\/\/kapitalis.com\/tunisie\/2026\/05\/02\/round-13-helmi-dridi-prime-a-annaba\/\",\"url\":\"https:\/\/kapitalis.com\/tunisie\/2026\/05\/02\/round-13-helmi-dridi-prime-a-annaba\/\",\"name\":\"\u2018\u2018Round 13\u2019\u2019 | Helmi Dridi prim\u00e9 \u00e0 Annaba - Kapitalis\",\"isPartOf\":{\"@id\":\"https:\/\/kapitalis.com\/tunisie\/#website\"},\"primaryImageOfPage\":{\"@id\":\"https:\/\/kapitalis.com\/tunisie\/2026\/05\/02\/round-13-helmi-dridi-prime-a-annaba\/#primaryimage\"},\"image\":{\"@id\":\"https:\/\/kapitalis.com\/tunisie\/2026\/05\/02\/round-13-helmi-dridi-prime-a-annaba\/#primaryimage\"},\"thumbnailUrl\":\"https:\/\/kapitalis.com\/tunisie\/wp-content\/uploads\/2026\/05\/Hilmi-Dridi.jpg\",\"datePublished\":\"2026-05-02T07:53:52+00:00\",\"dateModified\":\"2026-05-02T07:53:54+00:00\",\"description\":\"Helmi Dridi couronn\u00e9 du prix du meilleur acteur lors du Festival du film m\u00e9diterran\u00e9en d\u2019Annaba pour son r\u00f4le dans le film \\\"Round 13\\\"..\",\"breadcrumb\":{\"@id\":\"https:\/\/kapitalis.com\/tunisie\/2026\/05\/02\/round-13-helmi-dridi-prime-a-annaba\/#breadcrumb\"},\"inLanguage\":\"fr-FR\",\"potentialAction\":[{\"@type\":\"ReadAction\",\"target\":[\"https:\/\/kapitalis.com\/tunisie\/2026\/05\/02\/round-13-helmi-dridi-prime-a-annaba\/\"]}]},{\"@type\":\"ImageObject\",\"inLanguage\":\"fr-FR\",\"@id\":\"https:\/\/kapitalis.com\/tunisie\/2026\/05\/02\/round-13-helmi-dridi-prime-a-annaba\/#primaryimage\",\"url\":\"https:\/\/kapitalis.com\/tunisie\/wp-content\/uploads\/2026\/05\/Hilmi-Dridi.jpg\",\"contentUrl\":\"https:\/\/kapitalis.com\/tunisie\/wp-content\/uploads\/2026\/05\/Hilmi-Dridi.jpg\",\"width\":1200,\"height\":630},{\"@type\":\"BreadcrumbList\",\"@id\":\"https:\/\/kapitalis.com\/tunisie\/2026\/05\/02\/round-13-helmi-dridi-prime-a-annaba\/#breadcrumb\",\"itemListElement\":[{\"@type\":\"ListItem\",\"position\":1,\"name\":\"Accueil\",\"item\":\"https:\/\/kapitalis.com\/tunisie\/\"},{\"@type\":\"ListItem\",\"position\":2,\"name\":\"\u2018\u2018Round 13\u2019\u2019 | Helmi Dridi prim\u00e9 \u00e0 Annaba\"}]},{\"@type\":\"WebSite\",\"@id\":\"https:\/\/kapitalis.com\/tunisie\/#website\",\"url\":\"https:\/\/kapitalis.com\/tunisie\/\",\"name\":\"Kapitalis\",\"description\":\"L&#039;actualit\u00e9 en Tunisie et dans le monde\",\"publisher\":{\"@id\":\"https:\/\/kapitalis.com\/tunisie\/#organization\"},\"potentialAction\":[{\"@type\":\"SearchAction\",\"target\":{\"@type\":\"EntryPoint\",\"urlTemplate\":\"https:\/\/kapitalis.com\/tunisie\/?s={search_term_string}\"},\"query-input\":{\"@type\":\"PropertyValueSpecification\",\"valueRequired\":true,\"valueName\":\"search_term_string\"}}],\"inLanguage\":\"fr-FR\"},{\"@type\":\"Organization\",\"@id\":\"https:\/\/kapitalis.com\/tunisie\/#organization\",\"name\":\"Kapitalis\",\"url\":\"https:\/\/kapitalis.com\/tunisie\/\",\"logo\":{\"@type\":\"ImageObject\",\"inLanguage\":\"fr-FR\",\"@id\":\"https:\/\/kapitalis.com\/tunisie\/#\/schema\/logo\/image\/\",\"url\":\"https:\/\/kapitalis.com\/tunisie\/wp-content\/uploads\/2022\/05\/Kapitalis-big-size.png\",\"contentUrl\":\"https:\/\/kapitalis.com\/tunisie\/wp-content\/uploads\/2022\/05\/Kapitalis-big-size.png\",\"width\":5000,\"height\":1500,\"caption\":\"Kapitalis\"},\"image\":{\"@id\":\"https:\/\/kapitalis.com\/tunisie\/#\/schema\/logo\/image\/\"},\"sameAs\":[\"https:\/\/www.facebook.com\/KapitalisInfo\/\",\"https:\/\/x.com\/KapitalisInfo\",\"https:\/\/www.youtube.com\/channel\/UC-yDYrHyfFBWWZaOw3FPg9Q\"]},{\"@type\":\"Person\",\"@id\":\"https:\/\/kapitalis.com\/tunisie\/#\/schema\/person\/d71f33a9ca44f7bad4698210b480c8e9\",\"name\":\"webmaster kapitalis\",\"url\":\"https:\/\/kapitalis.com\/tunisie\/author\/webmaster-kapitalis\/\"}]}<\/script>\n<!-- \/ Yoast SEO plugin. -->","yoast_head_json":{"title":"\u2018\u2018Round 13\u2019\u2019 | Helmi Dridi prim\u00e9 \u00e0 Annaba - Kapitalis","description":"Helmi Dridi couronn\u00e9 du prix du meilleur acteur lors du Festival du film m\u00e9diterran\u00e9en d\u2019Annaba pour son r\u00f4le dans le film \"Round 13\"..","robots":{"index":"index","follow":"follow","max-snippet":"max-snippet:-1","max-image-preview":"max-image-preview:large","max-video-preview":"max-video-preview:-1"},"canonical":"https:\/\/kapitalis.com\/tunisie\/2026\/05\/02\/round-13-helmi-dridi-prime-a-annaba\/","og_locale":"fr_FR","og_type":"article","og_title":"\u2018\u2018Round 13\u2019\u2019 | Helmi Dridi prim\u00e9 \u00e0 Annaba - Kapitalis","og_description":"Helmi Dridi couronn\u00e9 du prix du meilleur acteur lors du Festival du film m\u00e9diterran\u00e9en d\u2019Annaba pour son r\u00f4le dans le film \"Round 13\"..","og_url":"https:\/\/kapitalis.com\/tunisie\/2026\/05\/02\/round-13-helmi-dridi-prime-a-annaba\/","og_site_name":"Kapitalis","article_publisher":"https:\/\/www.facebook.com\/KapitalisInfo\/","article_published_time":"2026-05-02T07:53:52+00:00","article_modified_time":"2026-05-02T07:53:54+00:00","og_image":[{"width":1200,"height":630,"url":"https:\/\/kapitalis.com\/tunisie\/wp-content\/uploads\/2026\/05\/Hilmi-Dridi.jpg","type":"image\/jpeg"}],"author":"webmaster kapitalis","twitter_card":"summary_large_image","twitter_creator":"@KapitalisInfo","twitter_site":"@KapitalisInfo","twitter_misc":{"\u00c9crit par":"webmaster kapitalis","Dur\u00e9e de lecture estim\u00e9e":"2 minutes"},"schema":{"@context":"https:\/\/schema.org","@graph":[{"@type":"Article","@id":"https:\/\/kapitalis.com\/tunisie\/2026\/05\/02\/round-13-helmi-dridi-prime-a-annaba\/#article","isPartOf":{"@id":"https:\/\/kapitalis.com\/tunisie\/2026\/05\/02\/round-13-helmi-dridi-prime-a-annaba\/"},"author":{"name":"webmaster kapitalis","@id":"https:\/\/kapitalis.com\/tunisie\/#\/schema\/person\/d71f33a9ca44f7bad4698210b480c8e9"},"headline":"\u2018\u2018Round 13\u2019\u2019 | Helmi Dridi prim\u00e9 \u00e0 Annaba","datePublished":"2026-05-02T07:53:52+00:00","dateModified":"2026-05-02T07:53:54+00:00","mainEntityOfPage":{"@id":"https:\/\/kapitalis.com\/tunisie\/2026\/05\/02\/round-13-helmi-dridi-prime-a-annaba\/"},"wordCount":303,"commentCount":0,"publisher":{"@id":"https:\/\/kapitalis.com\/tunisie\/#organization"},"image":{"@id":"https:\/\/kapitalis.com\/tunisie\/2026\/05\/02\/round-13-helmi-dridi-prime-a-annaba\/#primaryimage"},"thumbnailUrl":"https:\/\/kapitalis.com\/tunisie\/wp-content\/uploads\/2026\/05\/Hilmi-Dridi.jpg","keywords":["Afef Ben Mahmoud","Annaba","Helmi Dridi","Mohamed Ali Nahdi","Rahma Zoghlami","Round 13"],"articleSection":["CULTURE","Tunisie"],"inLanguage":"fr-FR","potentialAction":[{"@type":"CommentAction","name":"Comment","target":["https:\/\/kapitalis.com\/tunisie\/2026\/05\/02\/round-13-helmi-dridi-prime-a-annaba\/#respond"]}]},{"@type":"WebPage","@id":"https:\/\/kapitalis.com\/tunisie\/2026\/05\/02\/round-13-helmi-dridi-prime-a-annaba\/","url":"https:\/\/kapitalis.com\/tunisie\/2026\/05\/02\/round-13-helmi-dridi-prime-a-annaba\/","name":"\u2018\u2018Round 13\u2019\u2019 | Helmi Dridi prim\u00e9 \u00e0 Annaba - Kapitalis","isPartOf":{"@id":"https:\/\/kapitalis.com\/tunisie\/#website"},"primaryImageOfPage":{"@id":"https:\/\/kapitalis.com\/tunisie\/2026\/05\/02\/round-13-helmi-dridi-prime-a-annaba\/#primaryimage"},"image":{"@id":"https:\/\/kapitalis.com\/tunisie\/2026\/05\/02\/round-13-helmi-dridi-prime-a-annaba\/#primaryimage"},"thumbnailUrl":"https:\/\/kapitalis.com\/tunisie\/wp-content\/uploads\/2026\/05\/Hilmi-Dridi.jpg","datePublished":"2026-05-02T07:53:52+00:00","dateModified":"2026-05-02T07:53:54+00:00","description":"Helmi Dridi couronn\u00e9 du prix du meilleur acteur lors du Festival du film m\u00e9diterran\u00e9en d\u2019Annaba pour son r\u00f4le dans le film \"Round 13\"..","breadcrumb":{"@id":"https:\/\/kapitalis.com\/tunisie\/2026\/05\/02\/round-13-helmi-dridi-prime-a-annaba\/#breadcrumb"},"inLanguage":"fr-FR","potentialAction":[{"@type":"ReadAction","target":["https:\/\/kapitalis.com\/tunisie\/2026\/05\/02\/round-13-helmi-dridi-prime-a-annaba\/"]}]},{"@type":"ImageObject","inLanguage":"fr-FR","@id":"https:\/\/kapitalis.com\/tunisie\/2026\/05\/02\/round-13-helmi-dridi-prime-a-annaba\/#primaryimage","url":"https:\/\/kapitalis.com\/tunisie\/wp-content\/uploads\/2026\/05\/Hilmi-Dridi.jpg","contentUrl":"https:\/\/kapitalis.com\/tunisie\/wp-content\/uploads\/2026\/05\/Hilmi-Dridi.jpg","width":1200,"height":630},{"@type":"BreadcrumbList","@id":"https:\/\/kapitalis.com\/tunisie\/2026\/05\/02\/round-13-helmi-dridi-prime-a-annaba\/#breadcrumb","itemListElement":[{"@type":"ListItem","position":1,"name":"Accueil","item":"https:\/\/kapitalis.com\/tunisie\/"},{"@type":"ListItem","position":2,"name":"\u2018\u2018Round 13\u2019\u2019 | Helmi Dridi prim\u00e9 \u00e0 Annaba"}]},{"@type":"WebSite","@id":"https:\/\/kapitalis.com\/tunisie\/#website","url":"https:\/\/kapitalis.com\/tunisie\/","name":"Kapitalis","description":"L&#039;actualit\u00e9 en Tunisie et dans le monde","publisher":{"@id":"https:\/\/kapitalis.com\/tunisie\/#organization"},"potentialAction":[{"@type":"SearchAction","target":{"@type":"EntryPoint","urlTemplate":"https:\/\/kapitalis.com\/tunisie\/?s={search_term_string}"},"query-input":{"@type":"PropertyValueSpecification","valueRequired":true,"valueName":"search_term_string"}}],"inLanguage":"fr-FR"},{"@type":"Organization","@id":"https:\/\/kapitalis.com\/tunisie\/#organization","name":"Kapitalis","url":"https:\/\/kapitalis.com\/tunisie\/","logo":{"@type":"ImageObject","inLanguage":"fr-FR","@id":"https:\/\/kapitalis.com\/tunisie\/#\/schema\/logo\/image\/","url":"https:\/\/kapitalis.com\/tunisie\/wp-content\/uploads\/2022\/05\/Kapitalis-big-size.png","contentUrl":"https:\/\/kapitalis.com\/tunisie\/wp-content\/uploads\/2022\/05\/Kapitalis-big-size.png","width":5000,"height":1500,"caption":"Kapitalis"},"image":{"@id":"https:\/\/kapitalis.com\/tunisie\/#\/schema\/logo\/image\/"},"sameAs":["https:\/\/www.facebook.com\/KapitalisInfo\/","https:\/\/x.com\/KapitalisInfo","https:\/\/www.youtube.com\/channel\/UC-yDYrHyfFBWWZaOw3FPg9Q"]},{"@type":"Person","@id":"https:\/\/kapitalis.com\/tunisie\/#\/schema\/person\/d71f33a9ca44f7bad4698210b480c8e9","name":"webmaster kapitalis","url":"https:\/\/kapitalis.com\/tunisie\/author\/webmaster-kapitalis\/"}]}},"_links":{"self":[{"href":"https:\/\/kapitalis.com\/tunisie\/wp-json\/wp\/v2\/posts\/18721311","targetHints":{"allow":["GET"]}}],"collection":[{"href":"https:\/\/kapitalis.com\/tunisie\/wp-json\/wp\/v2\/posts"}],"about":[{"href":"https:\/\/kapitalis.com\/tunisie\/wp-json\/wp\/v2\/types\/post"}],"author":[{"embeddable":true,"href":"https:\/\/kapitalis.com\/tunisie\/wp-json\/wp\/v2\/users\/8"}],"replies":[{"embeddable":true,"href":"https:\/\/kapitalis.com\/tunisie\/wp-json\/wp\/v2\/comments?post=18721311"}],"version-history":[{"count":1,"href":"https:\/\/kapitalis.com\/tunisie\/wp-json\/wp\/v2\/posts\/18721311\/revisions"}],"predecessor-version":[{"id":18721352,"href":"https:\/\/kapitalis.com\/tunisie\/wp-json\/wp\/v2\/posts\/18721311\/revisions\/18721352"}],"wp:featuredmedia":[{"embeddable":true,"href":"https:\/\/kapitalis.com\/tunisie\/wp-json\/wp\/v2\/media\/18721346"}],"wp:attachment":[{"href":"https:\/\/kapitalis.com\/tunisie\/wp-json\/wp\/v2\/media?parent=18721311"}],"wp:term":[{"taxonomy":"category","embeddable":true,"href":"https:\/\/kapitalis.com\/tunisie\/wp-json\/wp\/v2\/categories?post=18721311"},{"taxonomy":"post_tag","embeddable":true,"href":"https:\/\/kapitalis.com\/tunisie\/wp-json\/wp\/v2\/tags?post=18721311"}],"curies":[{"name":"wp","href":"https:\/\/api.w.org\/{rel}","templated":true}]}}