{"id":18721796,"date":"2026-05-03T07:33:00","date_gmt":"2026-05-03T06:33:00","guid":{"rendered":"https:\/\/kapitalis.com\/tunisie\/?p=18721796"},"modified":"2026-05-03T08:03:28","modified_gmt":"2026-05-03T07:03:28","slug":"le-poeme-du-dimanche-le-deuil-rouge-de-salah-al-hamdani","status":"publish","type":"post","link":"https:\/\/kapitalis.com\/tunisie\/2026\/05\/03\/le-poeme-du-dimanche-le-deuil-rouge-de-salah-al-hamdani\/","title":{"rendered":"Le po\u00e8me du dimanche | \u2018\u2018Le deuil rouge\u2019\u2019 de Salah Al-Hamdani"},"content":{"rendered":"\n<p><strong><em>N\u00e9 \u00e0 Bagdad en 1951, Salah Al-Hamdani, est po\u00e8te, \u00e9crivain, homme de th\u00e9\u00e2tre fran\u00e7ais d\u2019origine irakienne.<\/em><\/strong> <em>(Ph. Isabelle Lagny)<\/em>.<\/p>\n\n\n\n<!--more-->\n\n\n\n<p>Ancien opposant \u00e0 la dictature de Saddam Hussein, Al-Hamdani commence \u00e0 \u00e9crire ses po\u00e8mes en prison, vers l\u2019\u00e2ge de 20 ans. Il choisit la France comme terre d\u2019exil, en 1975.<\/p>\n\n\n\n<p>Il est l\u2019auteur de plus de soixante-dix ouvrages, en arabe et en fran\u00e7ais (po\u00e9sie, nouvelles et r\u00e9cits), dont, certains, sont traduits de l\u2019arabe, en collaboration avec Isabelle Lagny. Sa po\u00e9sie et ses r\u00e9cits en fran\u00e7ais sont traduits en plusieurs langues.<\/p>\n\n\n\n<p class=\"has-text-align-right\"><strong>Tahar Bekri<\/strong><\/p>\n\n\n\n<p><em>Au sommet de ma cellule, je creuse un trou<\/em><\/p>\n\n\n\n<p><em>Et s\u2019\u00e9vade la lumi\u00e8re ail\u00e9e d\u2019espoir<\/em><\/p>\n\n\n\n<p><em>de ma nostalgie tuberculeuse.<\/em><\/p>\n\n\n\n<p><em>Alors le chagrin s\u2019y pr\u00e9cipite et enveloppe les rires.<\/em><\/p>\n\n\n\n<p><em>Je sais,<\/em><\/p>\n\n\n\n<p><em>ma pens\u00e9e n\u2019a plus le sens profond qui apaise l\u2019esprit.<\/em><\/p>\n\n\n\n<p><em>Et m\u00eame les battements de mon c\u0153ur<\/em><\/p>\n\n\n\n<p><em>ne laissent plus d\u2019ombre sur le reflet de l\u2019aurore<\/em><\/p>\n\n\n\n<p><em>car cette lumi\u00e8re en deuil<\/em><\/p>\n\n\n\n<p><em>crie en moi \u00e0 tous les cr\u00e9puscules<\/em><\/p>\n\n\n\n<p><em>jusqu\u2019\u00e0 la fin du jour.<\/em><\/p>\n\n\n\n<p><em>Je suis comme ce livre abandonn\u00e9 depuis l\u2019enfance,<\/em><\/p>\n\n\n\n<p><em>aujourd\u2019hui moisi sur l\u2019\u00e9tag\u00e8re de l\u2019\u00e2ge adulte.<\/em><\/p>\n\n\n\n<p><em>Rien,<\/em><\/p>\n\n\n\n<p><em>pas m\u00eame une lucarne dans le mur<\/em><\/p>\n\n\n\n<p><em>ne me permet d\u2019y \u00e9chapper.<\/em><\/p>\n\n\n\n<p><em>Sans cesse je comble ma gorge<\/em><\/p>\n\n\n\n<p><em>d\u2019un fr\u00e9missement de mots<\/em><\/p>\n\n\n\n<p><em>de restes<\/em><\/p>\n\n\n\n<p><em>de t\u00e9n\u00e8bres nocturnes.<\/em><\/p>\n\n\n\n<p><em>Sans cesse j\u2019emplis ma gorge<\/em><\/p>\n\n\n\n<p><em>de lumi\u00e8re matinale<\/em><\/p>\n\n\n\n<p><em>et s\u00e8che mon \u00e2ge sur les barbel\u00e9s de cette ville.<\/em><\/p>\n\n\n\n<p><em>Les choses \u00e9taient ainsi, ou bien elles n\u2019\u00e9taient pas<\/em><\/p>\n\n\n\n<p><em>ou bien encore les deux.<\/em><\/p>\n\n\n\n<p><em>On pourrait dire<\/em><\/p>\n\n\n\n<p><em>que les palmiers sont venus \u00e0 moi<\/em><\/p>\n\n\n\n<p><em>frappent aux portes de mon absence<\/em><\/p>\n\n\n\n<p><em>et qu\u2019ils somnolent<\/em><\/p>\n\n\n\n<p><em>\u00e0 pr\u00e9sent sur le seuil de Bagdad l\u2019ancienne.<\/em><\/p>\n\n\n\n<p class=\"has-text-align-right\"><em>Traduit par de l\u2019arabe par l\u2019auteur et <strong>Isabelle Lagny<\/strong><\/em><\/p>\n\n\n\n<p><strong><em>Extrait de L\u2019arrogance des jours, Ed.&nbsp;Al Manar, \u00e9dition bilingue, Paris, 2020.<\/em><\/strong><\/p>\n\n\n\n<p><em>(Remerciements \u00e0 l\u2019auteur)<\/em><em><\/em><\/p>\n","protected":false},"excerpt":{"rendered":"<p>N\u00e9 \u00e0 Bagdad en 1951, Salah Al-Hamdani, est po\u00e8te, \u00e9crivain, homme de th\u00e9\u00e2tre fran\u00e7ais d\u2019origine irakienne.<\/p>\n","protected":false},"author":8,"featured_media":18721807,"comment_status":"open","ping_status":"open","sticky":false,"template":"","format":"standard","meta":{"footnotes":""},"categories":[992,994,2433],"tags":[128130,109656,128131],"class_list":["post-18721796","post","type-post","status-publish","format-standard","has-post-thumbnail","hentry","category-a-la-une","category-culture","category-tunisie","tag-isabelle-lagny","tag-poete-irakien","tag-salah-al-hamdani"],"yoast_head":"<!-- This site is optimized with the Yoast SEO plugin v26.6 - https:\/\/yoast.com\/wordpress\/plugins\/seo\/ -->\n<title>Le po\u00e8me du dimanche | \u2018\u2018Le deuil rouge\u2019\u2019 de Salah Al-Hamdani - Kapitalis<\/title>\n<meta name=\"description\" content=\"N\u00e9 \u00e0 Bagdad en 1951, Salah Al-Hamdani, est po\u00e8te, \u00e9crivain, homme de th\u00e9\u00e2tre fran\u00e7ais d\u2019origine irakienne...\" \/>\n<meta name=\"robots\" content=\"index, follow, max-snippet:-1, max-image-preview:large, max-video-preview:-1\" \/>\n<link rel=\"canonical\" href=\"https:\/\/kapitalis.com\/tunisie\/2026\/05\/03\/le-poeme-du-dimanche-le-deuil-rouge-de-salah-al-hamdani\/\" \/>\n<meta property=\"og:locale\" content=\"fr_FR\" \/>\n<meta property=\"og:type\" content=\"article\" \/>\n<meta property=\"og:title\" content=\"Le po\u00e8me du dimanche | \u2018\u2018Le deuil rouge\u2019\u2019 de Salah Al-Hamdani - Kapitalis\" \/>\n<meta property=\"og:description\" content=\"N\u00e9 \u00e0 Bagdad en 1951, Salah Al-Hamdani, est po\u00e8te, \u00e9crivain, homme de th\u00e9\u00e2tre fran\u00e7ais d\u2019origine irakienne...\" \/>\n<meta property=\"og:url\" content=\"https:\/\/kapitalis.com\/tunisie\/2026\/05\/03\/le-poeme-du-dimanche-le-deuil-rouge-de-salah-al-hamdani\/\" \/>\n<meta property=\"og:site_name\" content=\"Kapitalis\" \/>\n<meta property=\"article:publisher\" content=\"https:\/\/www.facebook.com\/KapitalisInfo\/\" \/>\n<meta property=\"article:published_time\" content=\"2026-05-03T06:33:00+00:00\" \/>\n<meta property=\"article:modified_time\" content=\"2026-05-03T07:03:28+00:00\" \/>\n<meta property=\"og:image\" content=\"https:\/\/kapitalis.com\/tunisie\/wp-content\/uploads\/2026\/05\/Salah-Al-Hamdani.jpg\" \/>\n\t<meta property=\"og:image:width\" content=\"1200\" \/>\n\t<meta property=\"og:image:height\" content=\"630\" \/>\n\t<meta property=\"og:image:type\" content=\"image\/jpeg\" \/>\n<meta name=\"author\" content=\"webmaster kapitalis\" \/>\n<meta name=\"twitter:card\" content=\"summary_large_image\" \/>\n<meta name=\"twitter:creator\" content=\"@KapitalisInfo\" \/>\n<meta name=\"twitter:site\" content=\"@KapitalisInfo\" \/>\n<meta name=\"twitter:label1\" content=\"\u00c9crit par\" \/>\n\t<meta name=\"twitter:data1\" content=\"webmaster kapitalis\" \/>\n\t<meta name=\"twitter:label2\" content=\"Dur\u00e9e de lecture estim\u00e9e\" \/>\n\t<meta name=\"twitter:data2\" content=\"2 minutes\" \/>\n<script type=\"application\/ld+json\" class=\"yoast-schema-graph\">{\"@context\":\"https:\/\/schema.org\",\"@graph\":[{\"@type\":\"Article\",\"@id\":\"https:\/\/kapitalis.com\/tunisie\/2026\/05\/03\/le-poeme-du-dimanche-le-deuil-rouge-de-salah-al-hamdani\/#article\",\"isPartOf\":{\"@id\":\"https:\/\/kapitalis.com\/tunisie\/2026\/05\/03\/le-poeme-du-dimanche-le-deuil-rouge-de-salah-al-hamdani\/\"},\"author\":{\"name\":\"webmaster kapitalis\",\"@id\":\"https:\/\/kapitalis.com\/tunisie\/#\/schema\/person\/d71f33a9ca44f7bad4698210b480c8e9\"},\"headline\":\"Le po\u00e8me du dimanche | \u2018\u2018Le deuil rouge\u2019\u2019 de Salah Al-Hamdani\",\"datePublished\":\"2026-05-03T06:33:00+00:00\",\"dateModified\":\"2026-05-03T07:03:28+00:00\",\"mainEntityOfPage\":{\"@id\":\"https:\/\/kapitalis.com\/tunisie\/2026\/05\/03\/le-poeme-du-dimanche-le-deuil-rouge-de-salah-al-hamdani\/\"},\"wordCount\":344,\"commentCount\":0,\"publisher\":{\"@id\":\"https:\/\/kapitalis.com\/tunisie\/#organization\"},\"image\":{\"@id\":\"https:\/\/kapitalis.com\/tunisie\/2026\/05\/03\/le-poeme-du-dimanche-le-deuil-rouge-de-salah-al-hamdani\/#primaryimage\"},\"thumbnailUrl\":\"https:\/\/kapitalis.com\/tunisie\/wp-content\/uploads\/2026\/05\/Salah-Al-Hamdani.jpg\",\"keywords\":[\"Isabelle Lagny\",\"po\u00e8te irakien\",\"Salah Al-Hamdani\"],\"articleSection\":[\"A LA UNE\",\"CULTURE\",\"Tunisie\"],\"inLanguage\":\"fr-FR\",\"potentialAction\":[{\"@type\":\"CommentAction\",\"name\":\"Comment\",\"target\":[\"https:\/\/kapitalis.com\/tunisie\/2026\/05\/03\/le-poeme-du-dimanche-le-deuil-rouge-de-salah-al-hamdani\/#respond\"]}]},{\"@type\":\"WebPage\",\"@id\":\"https:\/\/kapitalis.com\/tunisie\/2026\/05\/03\/le-poeme-du-dimanche-le-deuil-rouge-de-salah-al-hamdani\/\",\"url\":\"https:\/\/kapitalis.com\/tunisie\/2026\/05\/03\/le-poeme-du-dimanche-le-deuil-rouge-de-salah-al-hamdani\/\",\"name\":\"Le po\u00e8me du dimanche | \u2018\u2018Le deuil rouge\u2019\u2019 de Salah Al-Hamdani - Kapitalis\",\"isPartOf\":{\"@id\":\"https:\/\/kapitalis.com\/tunisie\/#website\"},\"primaryImageOfPage\":{\"@id\":\"https:\/\/kapitalis.com\/tunisie\/2026\/05\/03\/le-poeme-du-dimanche-le-deuil-rouge-de-salah-al-hamdani\/#primaryimage\"},\"image\":{\"@id\":\"https:\/\/kapitalis.com\/tunisie\/2026\/05\/03\/le-poeme-du-dimanche-le-deuil-rouge-de-salah-al-hamdani\/#primaryimage\"},\"thumbnailUrl\":\"https:\/\/kapitalis.com\/tunisie\/wp-content\/uploads\/2026\/05\/Salah-Al-Hamdani.jpg\",\"datePublished\":\"2026-05-03T06:33:00+00:00\",\"dateModified\":\"2026-05-03T07:03:28+00:00\",\"description\":\"N\u00e9 \u00e0 Bagdad en 1951, Salah Al-Hamdani, est po\u00e8te, \u00e9crivain, homme de th\u00e9\u00e2tre fran\u00e7ais d\u2019origine irakienne...\",\"breadcrumb\":{\"@id\":\"https:\/\/kapitalis.com\/tunisie\/2026\/05\/03\/le-poeme-du-dimanche-le-deuil-rouge-de-salah-al-hamdani\/#breadcrumb\"},\"inLanguage\":\"fr-FR\",\"potentialAction\":[{\"@type\":\"ReadAction\",\"target\":[\"https:\/\/kapitalis.com\/tunisie\/2026\/05\/03\/le-poeme-du-dimanche-le-deuil-rouge-de-salah-al-hamdani\/\"]}]},{\"@type\":\"ImageObject\",\"inLanguage\":\"fr-FR\",\"@id\":\"https:\/\/kapitalis.com\/tunisie\/2026\/05\/03\/le-poeme-du-dimanche-le-deuil-rouge-de-salah-al-hamdani\/#primaryimage\",\"url\":\"https:\/\/kapitalis.com\/tunisie\/wp-content\/uploads\/2026\/05\/Salah-Al-Hamdani.jpg\",\"contentUrl\":\"https:\/\/kapitalis.com\/tunisie\/wp-content\/uploads\/2026\/05\/Salah-Al-Hamdani.jpg\",\"width\":1200,\"height\":630},{\"@type\":\"BreadcrumbList\",\"@id\":\"https:\/\/kapitalis.com\/tunisie\/2026\/05\/03\/le-poeme-du-dimanche-le-deuil-rouge-de-salah-al-hamdani\/#breadcrumb\",\"itemListElement\":[{\"@type\":\"ListItem\",\"position\":1,\"name\":\"Accueil\",\"item\":\"https:\/\/kapitalis.com\/tunisie\/\"},{\"@type\":\"ListItem\",\"position\":2,\"name\":\"Le po\u00e8me du dimanche | \u2018\u2018Le deuil rouge\u2019\u2019 de Salah Al-Hamdani\"}]},{\"@type\":\"WebSite\",\"@id\":\"https:\/\/kapitalis.com\/tunisie\/#website\",\"url\":\"https:\/\/kapitalis.com\/tunisie\/\",\"name\":\"Kapitalis\",\"description\":\"L&#039;actualit\u00e9 en Tunisie et dans le monde\",\"publisher\":{\"@id\":\"https:\/\/kapitalis.com\/tunisie\/#organization\"},\"potentialAction\":[{\"@type\":\"SearchAction\",\"target\":{\"@type\":\"EntryPoint\",\"urlTemplate\":\"https:\/\/kapitalis.com\/tunisie\/?s={search_term_string}\"},\"query-input\":{\"@type\":\"PropertyValueSpecification\",\"valueRequired\":true,\"valueName\":\"search_term_string\"}}],\"inLanguage\":\"fr-FR\"},{\"@type\":\"Organization\",\"@id\":\"https:\/\/kapitalis.com\/tunisie\/#organization\",\"name\":\"Kapitalis\",\"url\":\"https:\/\/kapitalis.com\/tunisie\/\",\"logo\":{\"@type\":\"ImageObject\",\"inLanguage\":\"fr-FR\",\"@id\":\"https:\/\/kapitalis.com\/tunisie\/#\/schema\/logo\/image\/\",\"url\":\"https:\/\/kapitalis.com\/tunisie\/wp-content\/uploads\/2022\/05\/Kapitalis-big-size.png\",\"contentUrl\":\"https:\/\/kapitalis.com\/tunisie\/wp-content\/uploads\/2022\/05\/Kapitalis-big-size.png\",\"width\":5000,\"height\":1500,\"caption\":\"Kapitalis\"},\"image\":{\"@id\":\"https:\/\/kapitalis.com\/tunisie\/#\/schema\/logo\/image\/\"},\"sameAs\":[\"https:\/\/www.facebook.com\/KapitalisInfo\/\",\"https:\/\/x.com\/KapitalisInfo\",\"https:\/\/www.youtube.com\/channel\/UC-yDYrHyfFBWWZaOw3FPg9Q\"]},{\"@type\":\"Person\",\"@id\":\"https:\/\/kapitalis.com\/tunisie\/#\/schema\/person\/d71f33a9ca44f7bad4698210b480c8e9\",\"name\":\"webmaster kapitalis\",\"url\":\"https:\/\/kapitalis.com\/tunisie\/author\/webmaster-kapitalis\/\"}]}<\/script>\n<!-- \/ Yoast SEO plugin. -->","yoast_head_json":{"title":"Le po\u00e8me du dimanche | \u2018\u2018Le deuil rouge\u2019\u2019 de Salah Al-Hamdani - Kapitalis","description":"N\u00e9 \u00e0 Bagdad en 1951, Salah Al-Hamdani, est po\u00e8te, \u00e9crivain, homme de th\u00e9\u00e2tre fran\u00e7ais d\u2019origine irakienne...","robots":{"index":"index","follow":"follow","max-snippet":"max-snippet:-1","max-image-preview":"max-image-preview:large","max-video-preview":"max-video-preview:-1"},"canonical":"https:\/\/kapitalis.com\/tunisie\/2026\/05\/03\/le-poeme-du-dimanche-le-deuil-rouge-de-salah-al-hamdani\/","og_locale":"fr_FR","og_type":"article","og_title":"Le po\u00e8me du dimanche | \u2018\u2018Le deuil rouge\u2019\u2019 de Salah Al-Hamdani - Kapitalis","og_description":"N\u00e9 \u00e0 Bagdad en 1951, Salah Al-Hamdani, est po\u00e8te, \u00e9crivain, homme de th\u00e9\u00e2tre fran\u00e7ais d\u2019origine irakienne...","og_url":"https:\/\/kapitalis.com\/tunisie\/2026\/05\/03\/le-poeme-du-dimanche-le-deuil-rouge-de-salah-al-hamdani\/","og_site_name":"Kapitalis","article_publisher":"https:\/\/www.facebook.com\/KapitalisInfo\/","article_published_time":"2026-05-03T06:33:00+00:00","article_modified_time":"2026-05-03T07:03:28+00:00","og_image":[{"width":1200,"height":630,"url":"https:\/\/kapitalis.com\/tunisie\/wp-content\/uploads\/2026\/05\/Salah-Al-Hamdani.jpg","type":"image\/jpeg"}],"author":"webmaster kapitalis","twitter_card":"summary_large_image","twitter_creator":"@KapitalisInfo","twitter_site":"@KapitalisInfo","twitter_misc":{"\u00c9crit par":"webmaster kapitalis","Dur\u00e9e de lecture estim\u00e9e":"2 minutes"},"schema":{"@context":"https:\/\/schema.org","@graph":[{"@type":"Article","@id":"https:\/\/kapitalis.com\/tunisie\/2026\/05\/03\/le-poeme-du-dimanche-le-deuil-rouge-de-salah-al-hamdani\/#article","isPartOf":{"@id":"https:\/\/kapitalis.com\/tunisie\/2026\/05\/03\/le-poeme-du-dimanche-le-deuil-rouge-de-salah-al-hamdani\/"},"author":{"name":"webmaster kapitalis","@id":"https:\/\/kapitalis.com\/tunisie\/#\/schema\/person\/d71f33a9ca44f7bad4698210b480c8e9"},"headline":"Le po\u00e8me du dimanche | \u2018\u2018Le deuil rouge\u2019\u2019 de Salah Al-Hamdani","datePublished":"2026-05-03T06:33:00+00:00","dateModified":"2026-05-03T07:03:28+00:00","mainEntityOfPage":{"@id":"https:\/\/kapitalis.com\/tunisie\/2026\/05\/03\/le-poeme-du-dimanche-le-deuil-rouge-de-salah-al-hamdani\/"},"wordCount":344,"commentCount":0,"publisher":{"@id":"https:\/\/kapitalis.com\/tunisie\/#organization"},"image":{"@id":"https:\/\/kapitalis.com\/tunisie\/2026\/05\/03\/le-poeme-du-dimanche-le-deuil-rouge-de-salah-al-hamdani\/#primaryimage"},"thumbnailUrl":"https:\/\/kapitalis.com\/tunisie\/wp-content\/uploads\/2026\/05\/Salah-Al-Hamdani.jpg","keywords":["Isabelle Lagny","po\u00e8te irakien","Salah Al-Hamdani"],"articleSection":["A LA UNE","CULTURE","Tunisie"],"inLanguage":"fr-FR","potentialAction":[{"@type":"CommentAction","name":"Comment","target":["https:\/\/kapitalis.com\/tunisie\/2026\/05\/03\/le-poeme-du-dimanche-le-deuil-rouge-de-salah-al-hamdani\/#respond"]}]},{"@type":"WebPage","@id":"https:\/\/kapitalis.com\/tunisie\/2026\/05\/03\/le-poeme-du-dimanche-le-deuil-rouge-de-salah-al-hamdani\/","url":"https:\/\/kapitalis.com\/tunisie\/2026\/05\/03\/le-poeme-du-dimanche-le-deuil-rouge-de-salah-al-hamdani\/","name":"Le po\u00e8me du dimanche | \u2018\u2018Le deuil rouge\u2019\u2019 de Salah Al-Hamdani - Kapitalis","isPartOf":{"@id":"https:\/\/kapitalis.com\/tunisie\/#website"},"primaryImageOfPage":{"@id":"https:\/\/kapitalis.com\/tunisie\/2026\/05\/03\/le-poeme-du-dimanche-le-deuil-rouge-de-salah-al-hamdani\/#primaryimage"},"image":{"@id":"https:\/\/kapitalis.com\/tunisie\/2026\/05\/03\/le-poeme-du-dimanche-le-deuil-rouge-de-salah-al-hamdani\/#primaryimage"},"thumbnailUrl":"https:\/\/kapitalis.com\/tunisie\/wp-content\/uploads\/2026\/05\/Salah-Al-Hamdani.jpg","datePublished":"2026-05-03T06:33:00+00:00","dateModified":"2026-05-03T07:03:28+00:00","description":"N\u00e9 \u00e0 Bagdad en 1951, Salah Al-Hamdani, est po\u00e8te, \u00e9crivain, homme de th\u00e9\u00e2tre fran\u00e7ais d\u2019origine irakienne...","breadcrumb":{"@id":"https:\/\/kapitalis.com\/tunisie\/2026\/05\/03\/le-poeme-du-dimanche-le-deuil-rouge-de-salah-al-hamdani\/#breadcrumb"},"inLanguage":"fr-FR","potentialAction":[{"@type":"ReadAction","target":["https:\/\/kapitalis.com\/tunisie\/2026\/05\/03\/le-poeme-du-dimanche-le-deuil-rouge-de-salah-al-hamdani\/"]}]},{"@type":"ImageObject","inLanguage":"fr-FR","@id":"https:\/\/kapitalis.com\/tunisie\/2026\/05\/03\/le-poeme-du-dimanche-le-deuil-rouge-de-salah-al-hamdani\/#primaryimage","url":"https:\/\/kapitalis.com\/tunisie\/wp-content\/uploads\/2026\/05\/Salah-Al-Hamdani.jpg","contentUrl":"https:\/\/kapitalis.com\/tunisie\/wp-content\/uploads\/2026\/05\/Salah-Al-Hamdani.jpg","width":1200,"height":630},{"@type":"BreadcrumbList","@id":"https:\/\/kapitalis.com\/tunisie\/2026\/05\/03\/le-poeme-du-dimanche-le-deuil-rouge-de-salah-al-hamdani\/#breadcrumb","itemListElement":[{"@type":"ListItem","position":1,"name":"Accueil","item":"https:\/\/kapitalis.com\/tunisie\/"},{"@type":"ListItem","position":2,"name":"Le po\u00e8me du dimanche | \u2018\u2018Le deuil rouge\u2019\u2019 de Salah Al-Hamdani"}]},{"@type":"WebSite","@id":"https:\/\/kapitalis.com\/tunisie\/#website","url":"https:\/\/kapitalis.com\/tunisie\/","name":"Kapitalis","description":"L&#039;actualit\u00e9 en Tunisie et dans le monde","publisher":{"@id":"https:\/\/kapitalis.com\/tunisie\/#organization"},"potentialAction":[{"@type":"SearchAction","target":{"@type":"EntryPoint","urlTemplate":"https:\/\/kapitalis.com\/tunisie\/?s={search_term_string}"},"query-input":{"@type":"PropertyValueSpecification","valueRequired":true,"valueName":"search_term_string"}}],"inLanguage":"fr-FR"},{"@type":"Organization","@id":"https:\/\/kapitalis.com\/tunisie\/#organization","name":"Kapitalis","url":"https:\/\/kapitalis.com\/tunisie\/","logo":{"@type":"ImageObject","inLanguage":"fr-FR","@id":"https:\/\/kapitalis.com\/tunisie\/#\/schema\/logo\/image\/","url":"https:\/\/kapitalis.com\/tunisie\/wp-content\/uploads\/2022\/05\/Kapitalis-big-size.png","contentUrl":"https:\/\/kapitalis.com\/tunisie\/wp-content\/uploads\/2022\/05\/Kapitalis-big-size.png","width":5000,"height":1500,"caption":"Kapitalis"},"image":{"@id":"https:\/\/kapitalis.com\/tunisie\/#\/schema\/logo\/image\/"},"sameAs":["https:\/\/www.facebook.com\/KapitalisInfo\/","https:\/\/x.com\/KapitalisInfo","https:\/\/www.youtube.com\/channel\/UC-yDYrHyfFBWWZaOw3FPg9Q"]},{"@type":"Person","@id":"https:\/\/kapitalis.com\/tunisie\/#\/schema\/person\/d71f33a9ca44f7bad4698210b480c8e9","name":"webmaster kapitalis","url":"https:\/\/kapitalis.com\/tunisie\/author\/webmaster-kapitalis\/"}]}},"_links":{"self":[{"href":"https:\/\/kapitalis.com\/tunisie\/wp-json\/wp\/v2\/posts\/18721796","targetHints":{"allow":["GET"]}}],"collection":[{"href":"https:\/\/kapitalis.com\/tunisie\/wp-json\/wp\/v2\/posts"}],"about":[{"href":"https:\/\/kapitalis.com\/tunisie\/wp-json\/wp\/v2\/types\/post"}],"author":[{"embeddable":true,"href":"https:\/\/kapitalis.com\/tunisie\/wp-json\/wp\/v2\/users\/8"}],"replies":[{"embeddable":true,"href":"https:\/\/kapitalis.com\/tunisie\/wp-json\/wp\/v2\/comments?post=18721796"}],"version-history":[{"count":2,"href":"https:\/\/kapitalis.com\/tunisie\/wp-json\/wp\/v2\/posts\/18721796\/revisions"}],"predecessor-version":[{"id":18725091,"href":"https:\/\/kapitalis.com\/tunisie\/wp-json\/wp\/v2\/posts\/18721796\/revisions\/18725091"}],"wp:featuredmedia":[{"embeddable":true,"href":"https:\/\/kapitalis.com\/tunisie\/wp-json\/wp\/v2\/media\/18721807"}],"wp:attachment":[{"href":"https:\/\/kapitalis.com\/tunisie\/wp-json\/wp\/v2\/media?parent=18721796"}],"wp:term":[{"taxonomy":"category","embeddable":true,"href":"https:\/\/kapitalis.com\/tunisie\/wp-json\/wp\/v2\/categories?post=18721796"},{"taxonomy":"post_tag","embeddable":true,"href":"https:\/\/kapitalis.com\/tunisie\/wp-json\/wp\/v2\/tags?post=18721796"}],"curies":[{"name":"wp","href":"https:\/\/api.w.org\/{rel}","templated":true}]}}