{"id":18725637,"date":"2026-05-03T10:26:02","date_gmt":"2026-05-03T09:26:02","guid":{"rendered":"https:\/\/kapitalis.com\/tunisie\/?p=18725637"},"modified":"2026-05-03T10:26:04","modified_gmt":"2026-05-03T09:26:04","slug":"a-voix-basse-de-leyla-bouzid-la-mise-a-nu-dun-silence-collectif","status":"publish","type":"post","link":"https:\/\/kapitalis.com\/tunisie\/2026\/05\/03\/a-voix-basse-de-leyla-bouzid-la-mise-a-nu-dun-silence-collectif\/","title":{"rendered":"\u2018\u2018\u00c0 voix basse\u2019\u2019 de Leyla Bouzid | La mise \u00e0 nu d\u2019un silence collectif"},"content":{"rendered":"\n<p><strong><em>Il n\u2019y a pas d\u2019\u00e9clat dans \u2018\u2018\u00c0 voix basse\u2019\u2019. Pas de d\u00e9monstration, encore moins de rupture spectaculaire. Le troisi\u00e8me long m\u00e9trage de Leyla Bouzid avance autrement : \u00e0 pas feutr\u00e9s, dans les marges, l\u00e0 o\u00f9 les familles fabriquent leurs v\u00e9rit\u00e9s autant qu\u2019elles les dissimulent.<\/em><\/strong><\/p>\n\n\n\n<p><strong>Djamal Guettala<\/strong><\/p>\n\n\n\n<!--more-->\n\n\n\n<p>Pr\u00e9sent\u00e9 en avant-premi\u00e8re au cin\u00e9ma Le Rio, le film s\u2019ouvre sur un retour. Celui de Lilia, install\u00e9e \u00e0 Paris, qui revient en Tunisie pour enterrer son oncle. Le point de d\u00e9part est connu. Mais tr\u00e8s vite, le r\u00e9cit bifurque. Le deuil n\u2019est qu\u2019un seuil. Derri\u00e8re, il y a autre chose : une maison travers\u00e9e de tensions, des regards qui esquivent, des paroles qui contournent.<\/p>\n\n\n\n<p>Rien n\u2019est frontal. Et c\u2019est pr\u00e9cis\u00e9ment l\u00e0 que le film trouve sa force.<\/p>\n\n\n\n<figure class=\"wp-block-embed alignleft is-type-wp-embed is-provider-kapitalis wp-block-embed-kapitalis\"><div class=\"wp-block-embed__wrapper\">\n<blockquote class=\"wp-embedded-content\" data-secret=\"LNWdl4IGlK\"><a href=\"https:\/\/kapitalis.com\/tunisie\/2026\/02\/15\/in-a-whisper-de-leyla-bouzid-drame-poignant-contre-la-discrimination\/\">\u2018\u2018In a Whisper\u2019\u2019 de Leyla Bouzid | Drame poignant contre la discrimination<\/a><\/blockquote><iframe loading=\"lazy\" class=\"wp-embedded-content\" sandbox=\"allow-scripts\" security=\"restricted\" style=\"position: absolute; visibility: hidden;\" title=\"\u00ab\u00a0\u2018\u2018In a Whisper\u2019\u2019 de Leyla Bouzid | Drame poignant contre la discrimination\u00a0\u00bb &#8212; Kapitalis\" src=\"https:\/\/kapitalis.com\/tunisie\/2026\/02\/15\/in-a-whisper-de-leyla-bouzid-drame-poignant-contre-la-discrimination\/embed\/#?secret=Jq7KuXhSgP#?secret=LNWdl4IGlK\" data-secret=\"LNWdl4IGlK\" width=\"600\" height=\"338\" frameborder=\"0\" marginwidth=\"0\" marginheight=\"0\" scrolling=\"no\"><\/iframe>\n<\/div><\/figure>\n\n\n\n<h2 class=\"wp-block-heading\">Le secret circule mais ne se dit pas<\/h2>\n\n\n\n<p>Dans cet espace familial clos, la parole circule mal. Elle se fragmente, se suspend, se d\u00e9robe. La mise en sc\u00e8ne \u00e9pouse cette logique : peu de mots, peu d\u2019effets, mais une densit\u00e9 constante. Chaque silence devient signifiant. Chaque geste p\u00e8se plus qu\u2019un dialogue.<\/p>\n\n\n\n<p>Lilia, elle, se tient \u00e0 la lisi\u00e8re. Entre deux mondes. Entre deux v\u00e9rit\u00e9s. \u00c0 Paris, elle vit une relation amoureuse avec une femme. En Tunisie, cette r\u00e9alit\u00e9 n\u2019existe pas. Ou plut\u00f4t, elle ne doit pas exister. Le film ne force rien, ne souligne pas. Il laisse cette tension s\u2019installer, presque en sourdine, comme un battement continu sous la surface du r\u00e9cit.<\/p>\n\n\n\n<p>C\u2019est dans cet \u00e9cart que se joue l\u2019essentiel. Car l\u2019enqu\u00eate sur la mort de l\u2019oncle n\u2019est, au fond, qu\u2019un r\u00e9v\u00e9lateur. En cherchant \u00e0 comprendre ce qui s\u2019est pass\u00e9, Lilia met au jour une autre r\u00e9alit\u00e9 : celle d\u2019une famille structur\u00e9e par le non-dit. Ici, les secrets ne se disent pas. Ils circulent, se devinent, se transmettent.<\/p>\n\n\n\n<h2 class=\"wp-block-heading\">L\u2019intime devient politique<\/h2>\n\n\n\n<p>Lors de la rencontre avec le public au Rio, Leyla Bouzid l\u2019a formul\u00e9 sans d\u00e9tour : l\u2019amour entre femmes reste largement absent des \u00e9crans tunisiens. Une remarque simple, mais qui \u00e9claire tout le film. <em>\u2018\u2018\u00c0 voix basse\u2019\u2019<\/em> ne revendique pas, il installe. Il donne \u00e0 voir sans imposer, il expose sans d\u00e9clarer.<\/p>\n\n\n\n<p>Le cin\u00e9ma de Bouzid continue ainsi de travailler une ligne pr\u00e9cise : celle o\u00f9 l\u2019intime devient politique sans jamais se transformer en discours. D\u00e9j\u00e0, dans <em>\u2018\u2018\u00c0 peine j\u2019ouvre les yeux\u2019\u2019<\/em>, la jeunesse affrontait l\u2019\u00e9tau social. Dans <em>\u2018\u2018Une histoire d\u2019amour et de d\u00e9sir\u2019\u2019<\/em>, le corps devenait un territoire de n\u00e9gociation. Ici, c\u2019est le silence qui prend le relais. Un silence qui prot\u00e8ge, mais qui enferme.<\/p>\n\n\n\n<p>Le film ne cherche pas \u00e0 r\u00e9soudre ses tensions. Il les maintient. Il les laisse exister, telles quelles, dans leur complexit\u00e9. C\u2019est peut-\u00eatre l\u00e0 son geste le plus juste : refuser la simplification.<\/p>\n\n\n\n<p>\u00c0 la sortie, rien n\u2019est compl\u00e8tement dit. Mais tout a \u00e9t\u00e9 pos\u00e9. \u00c0 voix basse&#8230;<\/p>\n\n\n\n<figure class=\"wp-block-embed alignleft is-type-wp-embed is-provider-kapitalis wp-block-embed-kapitalis\"><div class=\"wp-block-embed__wrapper\">\n<blockquote class=\"wp-embedded-content\" data-secret=\"yIVYiNJXEs\"><a href=\"https:\/\/kapitalis.com\/tunisie\/2021\/09\/29\/une-histoire-damour-et-de-desir-leyla-bouzid-filme-la-jeunesse-toujours-avec-autant-de-justesse\/\">\u00ab\u00a0Une histoire d&rsquo;amour et de d\u00e9sir\u00a0\u00bb : Leyla Bouzid filme la jeunesse toujours avec autant de justesse<\/a><\/blockquote><iframe loading=\"lazy\" class=\"wp-embedded-content\" sandbox=\"allow-scripts\" security=\"restricted\" style=\"position: absolute; visibility: hidden;\" title=\"\u00ab\u00a0\u00ab\u00a0Une histoire d&rsquo;amour et de d\u00e9sir\u00a0\u00bb : Leyla Bouzid filme la jeunesse toujours avec autant de justesse\u00a0\u00bb &#8212; Kapitalis\" src=\"https:\/\/kapitalis.com\/tunisie\/2021\/09\/29\/une-histoire-damour-et-de-desir-leyla-bouzid-filme-la-jeunesse-toujours-avec-autant-de-justesse\/embed\/#?secret=CrbDxtN4VX#?secret=yIVYiNJXEs\" data-secret=\"yIVYiNJXEs\" width=\"600\" height=\"338\" frameborder=\"0\" marginwidth=\"0\" marginheight=\"0\" scrolling=\"no\"><\/iframe>\n<\/div><\/figure>\n","protected":false},"excerpt":{"rendered":"<p>&lsquo;\u2018\u00c0 voix basse\u2019\u2019, le 3e long m\u00e9trage de Leyla Bouzid avance dans les marges, l\u00e0 o\u00f9 les familles fabriquent leurs v\u00e9rit\u00e9s autant qu\u2019elles les dissimulent.<\/p>\n","protected":false},"author":8,"featured_media":18725664,"comment_status":"open","ping_status":"open","sticky":false,"template":"","format":"standard","meta":{"footnotes":""},"categories":[992,994,2433],"tags":[128106,11324],"class_list":["post-18725637","post","type-post","status-publish","format-standard","has-post-thumbnail","hentry","category-a-la-une","category-culture","category-tunisie","tag-a-voix-basse-2","tag-leyla-bouzid"],"yoast_head":"<!-- This site is optimized with the Yoast SEO plugin v26.6 - https:\/\/yoast.com\/wordpress\/plugins\/seo\/ -->\n<title>\u2018\u2018\u00c0 voix basse\u2019\u2019 de Leyla Bouzid | La mise \u00e0 nu d\u2019un silence collectif - Kapitalis<\/title>\n<meta name=\"description\" content=\"&#039;\u2018\u00c0 voix basse\u2019\u2019, le 3e long m\u00e9trage de Leyla Bouzid avance l\u00e0 o\u00f9 les familles fabriquent leurs v\u00e9rit\u00e9s autant qu\u2019elles les dissimulent.\" \/>\n<meta name=\"robots\" content=\"index, follow, max-snippet:-1, max-image-preview:large, max-video-preview:-1\" \/>\n<link rel=\"canonical\" href=\"https:\/\/kapitalis.com\/tunisie\/2026\/05\/03\/a-voix-basse-de-leyla-bouzid-la-mise-a-nu-dun-silence-collectif\/\" \/>\n<meta property=\"og:locale\" content=\"fr_FR\" \/>\n<meta property=\"og:type\" content=\"article\" \/>\n<meta property=\"og:title\" content=\"\u2018\u2018\u00c0 voix basse\u2019\u2019 de Leyla Bouzid | La mise \u00e0 nu d\u2019un silence collectif - Kapitalis\" \/>\n<meta property=\"og:description\" content=\"&#039;\u2018\u00c0 voix basse\u2019\u2019, le 3e long m\u00e9trage de Leyla Bouzid avance l\u00e0 o\u00f9 les familles fabriquent leurs v\u00e9rit\u00e9s autant qu\u2019elles les dissimulent.\" \/>\n<meta property=\"og:url\" content=\"https:\/\/kapitalis.com\/tunisie\/2026\/05\/03\/a-voix-basse-de-leyla-bouzid-la-mise-a-nu-dun-silence-collectif\/\" \/>\n<meta property=\"og:site_name\" content=\"Kapitalis\" \/>\n<meta property=\"article:publisher\" content=\"https:\/\/www.facebook.com\/KapitalisInfo\/\" \/>\n<meta property=\"article:published_time\" content=\"2026-05-03T09:26:02+00:00\" \/>\n<meta property=\"article:modified_time\" content=\"2026-05-03T09:26:04+00:00\" \/>\n<meta property=\"og:image\" content=\"https:\/\/kapitalis.com\/tunisie\/wp-content\/uploads\/2026\/05\/Leila-Bouzid-A-voix-basse.jpg\" \/>\n\t<meta property=\"og:image:width\" content=\"1200\" \/>\n\t<meta property=\"og:image:height\" content=\"630\" \/>\n\t<meta property=\"og:image:type\" content=\"image\/jpeg\" \/>\n<meta name=\"author\" content=\"webmaster kapitalis\" \/>\n<meta name=\"twitter:card\" content=\"summary_large_image\" \/>\n<meta name=\"twitter:creator\" content=\"@KapitalisInfo\" \/>\n<meta name=\"twitter:site\" content=\"@KapitalisInfo\" \/>\n<meta name=\"twitter:label1\" content=\"\u00c9crit par\" \/>\n\t<meta name=\"twitter:data1\" content=\"webmaster kapitalis\" \/>\n\t<meta name=\"twitter:label2\" content=\"Dur\u00e9e de lecture estim\u00e9e\" \/>\n\t<meta name=\"twitter:data2\" content=\"3 minutes\" \/>\n<script type=\"application\/ld+json\" class=\"yoast-schema-graph\">{\"@context\":\"https:\/\/schema.org\",\"@graph\":[{\"@type\":\"Article\",\"@id\":\"https:\/\/kapitalis.com\/tunisie\/2026\/05\/03\/a-voix-basse-de-leyla-bouzid-la-mise-a-nu-dun-silence-collectif\/#article\",\"isPartOf\":{\"@id\":\"https:\/\/kapitalis.com\/tunisie\/2026\/05\/03\/a-voix-basse-de-leyla-bouzid-la-mise-a-nu-dun-silence-collectif\/\"},\"author\":{\"name\":\"webmaster kapitalis\",\"@id\":\"https:\/\/kapitalis.com\/tunisie\/#\/schema\/person\/d71f33a9ca44f7bad4698210b480c8e9\"},\"headline\":\"\u2018\u2018\u00c0 voix basse\u2019\u2019 de Leyla Bouzid | La mise \u00e0 nu d\u2019un silence collectif\",\"datePublished\":\"2026-05-03T09:26:02+00:00\",\"dateModified\":\"2026-05-03T09:26:04+00:00\",\"mainEntityOfPage\":{\"@id\":\"https:\/\/kapitalis.com\/tunisie\/2026\/05\/03\/a-voix-basse-de-leyla-bouzid-la-mise-a-nu-dun-silence-collectif\/\"},\"wordCount\":533,\"commentCount\":1,\"publisher\":{\"@id\":\"https:\/\/kapitalis.com\/tunisie\/#organization\"},\"image\":{\"@id\":\"https:\/\/kapitalis.com\/tunisie\/2026\/05\/03\/a-voix-basse-de-leyla-bouzid-la-mise-a-nu-dun-silence-collectif\/#primaryimage\"},\"thumbnailUrl\":\"https:\/\/kapitalis.com\/tunisie\/wp-content\/uploads\/2026\/05\/Leila-Bouzid-A-voix-basse.jpg\",\"keywords\":[\"\u00c0 voix basse\",\"Leyla Bouzid\"],\"articleSection\":[\"A LA UNE\",\"CULTURE\",\"Tunisie\"],\"inLanguage\":\"fr-FR\",\"potentialAction\":[{\"@type\":\"CommentAction\",\"name\":\"Comment\",\"target\":[\"https:\/\/kapitalis.com\/tunisie\/2026\/05\/03\/a-voix-basse-de-leyla-bouzid-la-mise-a-nu-dun-silence-collectif\/#respond\"]}]},{\"@type\":\"WebPage\",\"@id\":\"https:\/\/kapitalis.com\/tunisie\/2026\/05\/03\/a-voix-basse-de-leyla-bouzid-la-mise-a-nu-dun-silence-collectif\/\",\"url\":\"https:\/\/kapitalis.com\/tunisie\/2026\/05\/03\/a-voix-basse-de-leyla-bouzid-la-mise-a-nu-dun-silence-collectif\/\",\"name\":\"\u2018\u2018\u00c0 voix basse\u2019\u2019 de Leyla Bouzid | La mise \u00e0 nu d\u2019un silence collectif - Kapitalis\",\"isPartOf\":{\"@id\":\"https:\/\/kapitalis.com\/tunisie\/#website\"},\"primaryImageOfPage\":{\"@id\":\"https:\/\/kapitalis.com\/tunisie\/2026\/05\/03\/a-voix-basse-de-leyla-bouzid-la-mise-a-nu-dun-silence-collectif\/#primaryimage\"},\"image\":{\"@id\":\"https:\/\/kapitalis.com\/tunisie\/2026\/05\/03\/a-voix-basse-de-leyla-bouzid-la-mise-a-nu-dun-silence-collectif\/#primaryimage\"},\"thumbnailUrl\":\"https:\/\/kapitalis.com\/tunisie\/wp-content\/uploads\/2026\/05\/Leila-Bouzid-A-voix-basse.jpg\",\"datePublished\":\"2026-05-03T09:26:02+00:00\",\"dateModified\":\"2026-05-03T09:26:04+00:00\",\"description\":\"'\u2018\u00c0 voix basse\u2019\u2019, le 3e long m\u00e9trage de Leyla Bouzid avance l\u00e0 o\u00f9 les familles fabriquent leurs v\u00e9rit\u00e9s autant qu\u2019elles les dissimulent.\",\"breadcrumb\":{\"@id\":\"https:\/\/kapitalis.com\/tunisie\/2026\/05\/03\/a-voix-basse-de-leyla-bouzid-la-mise-a-nu-dun-silence-collectif\/#breadcrumb\"},\"inLanguage\":\"fr-FR\",\"potentialAction\":[{\"@type\":\"ReadAction\",\"target\":[\"https:\/\/kapitalis.com\/tunisie\/2026\/05\/03\/a-voix-basse-de-leyla-bouzid-la-mise-a-nu-dun-silence-collectif\/\"]}]},{\"@type\":\"ImageObject\",\"inLanguage\":\"fr-FR\",\"@id\":\"https:\/\/kapitalis.com\/tunisie\/2026\/05\/03\/a-voix-basse-de-leyla-bouzid-la-mise-a-nu-dun-silence-collectif\/#primaryimage\",\"url\":\"https:\/\/kapitalis.com\/tunisie\/wp-content\/uploads\/2026\/05\/Leila-Bouzid-A-voix-basse.jpg\",\"contentUrl\":\"https:\/\/kapitalis.com\/tunisie\/wp-content\/uploads\/2026\/05\/Leila-Bouzid-A-voix-basse.jpg\",\"width\":1200,\"height\":630},{\"@type\":\"BreadcrumbList\",\"@id\":\"https:\/\/kapitalis.com\/tunisie\/2026\/05\/03\/a-voix-basse-de-leyla-bouzid-la-mise-a-nu-dun-silence-collectif\/#breadcrumb\",\"itemListElement\":[{\"@type\":\"ListItem\",\"position\":1,\"name\":\"Accueil\",\"item\":\"https:\/\/kapitalis.com\/tunisie\/\"},{\"@type\":\"ListItem\",\"position\":2,\"name\":\"\u2018\u2018\u00c0 voix basse\u2019\u2019 de Leyla Bouzid | La mise \u00e0 nu d\u2019un silence collectif\"}]},{\"@type\":\"WebSite\",\"@id\":\"https:\/\/kapitalis.com\/tunisie\/#website\",\"url\":\"https:\/\/kapitalis.com\/tunisie\/\",\"name\":\"Kapitalis\",\"description\":\"L&#039;actualit\u00e9 en Tunisie et dans le monde\",\"publisher\":{\"@id\":\"https:\/\/kapitalis.com\/tunisie\/#organization\"},\"potentialAction\":[{\"@type\":\"SearchAction\",\"target\":{\"@type\":\"EntryPoint\",\"urlTemplate\":\"https:\/\/kapitalis.com\/tunisie\/?s={search_term_string}\"},\"query-input\":{\"@type\":\"PropertyValueSpecification\",\"valueRequired\":true,\"valueName\":\"search_term_string\"}}],\"inLanguage\":\"fr-FR\"},{\"@type\":\"Organization\",\"@id\":\"https:\/\/kapitalis.com\/tunisie\/#organization\",\"name\":\"Kapitalis\",\"url\":\"https:\/\/kapitalis.com\/tunisie\/\",\"logo\":{\"@type\":\"ImageObject\",\"inLanguage\":\"fr-FR\",\"@id\":\"https:\/\/kapitalis.com\/tunisie\/#\/schema\/logo\/image\/\",\"url\":\"https:\/\/kapitalis.com\/tunisie\/wp-content\/uploads\/2022\/05\/Kapitalis-big-size.png\",\"contentUrl\":\"https:\/\/kapitalis.com\/tunisie\/wp-content\/uploads\/2022\/05\/Kapitalis-big-size.png\",\"width\":5000,\"height\":1500,\"caption\":\"Kapitalis\"},\"image\":{\"@id\":\"https:\/\/kapitalis.com\/tunisie\/#\/schema\/logo\/image\/\"},\"sameAs\":[\"https:\/\/www.facebook.com\/KapitalisInfo\/\",\"https:\/\/x.com\/KapitalisInfo\",\"https:\/\/www.youtube.com\/channel\/UC-yDYrHyfFBWWZaOw3FPg9Q\"]},{\"@type\":\"Person\",\"@id\":\"https:\/\/kapitalis.com\/tunisie\/#\/schema\/person\/d71f33a9ca44f7bad4698210b480c8e9\",\"name\":\"webmaster kapitalis\",\"url\":\"https:\/\/kapitalis.com\/tunisie\/author\/webmaster-kapitalis\/\"}]}<\/script>\n<!-- \/ Yoast SEO plugin. -->","yoast_head_json":{"title":"\u2018\u2018\u00c0 voix basse\u2019\u2019 de Leyla Bouzid | La mise \u00e0 nu d\u2019un silence collectif - Kapitalis","description":"'\u2018\u00c0 voix basse\u2019\u2019, le 3e long m\u00e9trage de Leyla Bouzid avance l\u00e0 o\u00f9 les familles fabriquent leurs v\u00e9rit\u00e9s autant qu\u2019elles les dissimulent.","robots":{"index":"index","follow":"follow","max-snippet":"max-snippet:-1","max-image-preview":"max-image-preview:large","max-video-preview":"max-video-preview:-1"},"canonical":"https:\/\/kapitalis.com\/tunisie\/2026\/05\/03\/a-voix-basse-de-leyla-bouzid-la-mise-a-nu-dun-silence-collectif\/","og_locale":"fr_FR","og_type":"article","og_title":"\u2018\u2018\u00c0 voix basse\u2019\u2019 de Leyla Bouzid | La mise \u00e0 nu d\u2019un silence collectif - Kapitalis","og_description":"'\u2018\u00c0 voix basse\u2019\u2019, le 3e long m\u00e9trage de Leyla Bouzid avance l\u00e0 o\u00f9 les familles fabriquent leurs v\u00e9rit\u00e9s autant qu\u2019elles les dissimulent.","og_url":"https:\/\/kapitalis.com\/tunisie\/2026\/05\/03\/a-voix-basse-de-leyla-bouzid-la-mise-a-nu-dun-silence-collectif\/","og_site_name":"Kapitalis","article_publisher":"https:\/\/www.facebook.com\/KapitalisInfo\/","article_published_time":"2026-05-03T09:26:02+00:00","article_modified_time":"2026-05-03T09:26:04+00:00","og_image":[{"width":1200,"height":630,"url":"https:\/\/kapitalis.com\/tunisie\/wp-content\/uploads\/2026\/05\/Leila-Bouzid-A-voix-basse.jpg","type":"image\/jpeg"}],"author":"webmaster kapitalis","twitter_card":"summary_large_image","twitter_creator":"@KapitalisInfo","twitter_site":"@KapitalisInfo","twitter_misc":{"\u00c9crit par":"webmaster kapitalis","Dur\u00e9e de lecture estim\u00e9e":"3 minutes"},"schema":{"@context":"https:\/\/schema.org","@graph":[{"@type":"Article","@id":"https:\/\/kapitalis.com\/tunisie\/2026\/05\/03\/a-voix-basse-de-leyla-bouzid-la-mise-a-nu-dun-silence-collectif\/#article","isPartOf":{"@id":"https:\/\/kapitalis.com\/tunisie\/2026\/05\/03\/a-voix-basse-de-leyla-bouzid-la-mise-a-nu-dun-silence-collectif\/"},"author":{"name":"webmaster kapitalis","@id":"https:\/\/kapitalis.com\/tunisie\/#\/schema\/person\/d71f33a9ca44f7bad4698210b480c8e9"},"headline":"\u2018\u2018\u00c0 voix basse\u2019\u2019 de Leyla Bouzid | La mise \u00e0 nu d\u2019un silence collectif","datePublished":"2026-05-03T09:26:02+00:00","dateModified":"2026-05-03T09:26:04+00:00","mainEntityOfPage":{"@id":"https:\/\/kapitalis.com\/tunisie\/2026\/05\/03\/a-voix-basse-de-leyla-bouzid-la-mise-a-nu-dun-silence-collectif\/"},"wordCount":533,"commentCount":1,"publisher":{"@id":"https:\/\/kapitalis.com\/tunisie\/#organization"},"image":{"@id":"https:\/\/kapitalis.com\/tunisie\/2026\/05\/03\/a-voix-basse-de-leyla-bouzid-la-mise-a-nu-dun-silence-collectif\/#primaryimage"},"thumbnailUrl":"https:\/\/kapitalis.com\/tunisie\/wp-content\/uploads\/2026\/05\/Leila-Bouzid-A-voix-basse.jpg","keywords":["\u00c0 voix basse","Leyla Bouzid"],"articleSection":["A LA UNE","CULTURE","Tunisie"],"inLanguage":"fr-FR","potentialAction":[{"@type":"CommentAction","name":"Comment","target":["https:\/\/kapitalis.com\/tunisie\/2026\/05\/03\/a-voix-basse-de-leyla-bouzid-la-mise-a-nu-dun-silence-collectif\/#respond"]}]},{"@type":"WebPage","@id":"https:\/\/kapitalis.com\/tunisie\/2026\/05\/03\/a-voix-basse-de-leyla-bouzid-la-mise-a-nu-dun-silence-collectif\/","url":"https:\/\/kapitalis.com\/tunisie\/2026\/05\/03\/a-voix-basse-de-leyla-bouzid-la-mise-a-nu-dun-silence-collectif\/","name":"\u2018\u2018\u00c0 voix basse\u2019\u2019 de Leyla Bouzid | La mise \u00e0 nu d\u2019un silence collectif - Kapitalis","isPartOf":{"@id":"https:\/\/kapitalis.com\/tunisie\/#website"},"primaryImageOfPage":{"@id":"https:\/\/kapitalis.com\/tunisie\/2026\/05\/03\/a-voix-basse-de-leyla-bouzid-la-mise-a-nu-dun-silence-collectif\/#primaryimage"},"image":{"@id":"https:\/\/kapitalis.com\/tunisie\/2026\/05\/03\/a-voix-basse-de-leyla-bouzid-la-mise-a-nu-dun-silence-collectif\/#primaryimage"},"thumbnailUrl":"https:\/\/kapitalis.com\/tunisie\/wp-content\/uploads\/2026\/05\/Leila-Bouzid-A-voix-basse.jpg","datePublished":"2026-05-03T09:26:02+00:00","dateModified":"2026-05-03T09:26:04+00:00","description":"'\u2018\u00c0 voix basse\u2019\u2019, le 3e long m\u00e9trage de Leyla Bouzid avance l\u00e0 o\u00f9 les familles fabriquent leurs v\u00e9rit\u00e9s autant qu\u2019elles les dissimulent.","breadcrumb":{"@id":"https:\/\/kapitalis.com\/tunisie\/2026\/05\/03\/a-voix-basse-de-leyla-bouzid-la-mise-a-nu-dun-silence-collectif\/#breadcrumb"},"inLanguage":"fr-FR","potentialAction":[{"@type":"ReadAction","target":["https:\/\/kapitalis.com\/tunisie\/2026\/05\/03\/a-voix-basse-de-leyla-bouzid-la-mise-a-nu-dun-silence-collectif\/"]}]},{"@type":"ImageObject","inLanguage":"fr-FR","@id":"https:\/\/kapitalis.com\/tunisie\/2026\/05\/03\/a-voix-basse-de-leyla-bouzid-la-mise-a-nu-dun-silence-collectif\/#primaryimage","url":"https:\/\/kapitalis.com\/tunisie\/wp-content\/uploads\/2026\/05\/Leila-Bouzid-A-voix-basse.jpg","contentUrl":"https:\/\/kapitalis.com\/tunisie\/wp-content\/uploads\/2026\/05\/Leila-Bouzid-A-voix-basse.jpg","width":1200,"height":630},{"@type":"BreadcrumbList","@id":"https:\/\/kapitalis.com\/tunisie\/2026\/05\/03\/a-voix-basse-de-leyla-bouzid-la-mise-a-nu-dun-silence-collectif\/#breadcrumb","itemListElement":[{"@type":"ListItem","position":1,"name":"Accueil","item":"https:\/\/kapitalis.com\/tunisie\/"},{"@type":"ListItem","position":2,"name":"\u2018\u2018\u00c0 voix basse\u2019\u2019 de Leyla Bouzid | La mise \u00e0 nu d\u2019un silence collectif"}]},{"@type":"WebSite","@id":"https:\/\/kapitalis.com\/tunisie\/#website","url":"https:\/\/kapitalis.com\/tunisie\/","name":"Kapitalis","description":"L&#039;actualit\u00e9 en Tunisie et dans le monde","publisher":{"@id":"https:\/\/kapitalis.com\/tunisie\/#organization"},"potentialAction":[{"@type":"SearchAction","target":{"@type":"EntryPoint","urlTemplate":"https:\/\/kapitalis.com\/tunisie\/?s={search_term_string}"},"query-input":{"@type":"PropertyValueSpecification","valueRequired":true,"valueName":"search_term_string"}}],"inLanguage":"fr-FR"},{"@type":"Organization","@id":"https:\/\/kapitalis.com\/tunisie\/#organization","name":"Kapitalis","url":"https:\/\/kapitalis.com\/tunisie\/","logo":{"@type":"ImageObject","inLanguage":"fr-FR","@id":"https:\/\/kapitalis.com\/tunisie\/#\/schema\/logo\/image\/","url":"https:\/\/kapitalis.com\/tunisie\/wp-content\/uploads\/2022\/05\/Kapitalis-big-size.png","contentUrl":"https:\/\/kapitalis.com\/tunisie\/wp-content\/uploads\/2022\/05\/Kapitalis-big-size.png","width":5000,"height":1500,"caption":"Kapitalis"},"image":{"@id":"https:\/\/kapitalis.com\/tunisie\/#\/schema\/logo\/image\/"},"sameAs":["https:\/\/www.facebook.com\/KapitalisInfo\/","https:\/\/x.com\/KapitalisInfo","https:\/\/www.youtube.com\/channel\/UC-yDYrHyfFBWWZaOw3FPg9Q"]},{"@type":"Person","@id":"https:\/\/kapitalis.com\/tunisie\/#\/schema\/person\/d71f33a9ca44f7bad4698210b480c8e9","name":"webmaster kapitalis","url":"https:\/\/kapitalis.com\/tunisie\/author\/webmaster-kapitalis\/"}]}},"_links":{"self":[{"href":"https:\/\/kapitalis.com\/tunisie\/wp-json\/wp\/v2\/posts\/18725637","targetHints":{"allow":["GET"]}}],"collection":[{"href":"https:\/\/kapitalis.com\/tunisie\/wp-json\/wp\/v2\/posts"}],"about":[{"href":"https:\/\/kapitalis.com\/tunisie\/wp-json\/wp\/v2\/types\/post"}],"author":[{"embeddable":true,"href":"https:\/\/kapitalis.com\/tunisie\/wp-json\/wp\/v2\/users\/8"}],"replies":[{"embeddable":true,"href":"https:\/\/kapitalis.com\/tunisie\/wp-json\/wp\/v2\/comments?post=18725637"}],"version-history":[{"count":1,"href":"https:\/\/kapitalis.com\/tunisie\/wp-json\/wp\/v2\/posts\/18725637\/revisions"}],"predecessor-version":[{"id":18725688,"href":"https:\/\/kapitalis.com\/tunisie\/wp-json\/wp\/v2\/posts\/18725637\/revisions\/18725688"}],"wp:featuredmedia":[{"embeddable":true,"href":"https:\/\/kapitalis.com\/tunisie\/wp-json\/wp\/v2\/media\/18725664"}],"wp:attachment":[{"href":"https:\/\/kapitalis.com\/tunisie\/wp-json\/wp\/v2\/media?parent=18725637"}],"wp:term":[{"taxonomy":"category","embeddable":true,"href":"https:\/\/kapitalis.com\/tunisie\/wp-json\/wp\/v2\/categories?post=18725637"},{"taxonomy":"post_tag","embeddable":true,"href":"https:\/\/kapitalis.com\/tunisie\/wp-json\/wp\/v2\/tags?post=18725637"}],"curies":[{"name":"wp","href":"https:\/\/api.w.org\/{rel}","templated":true}]}}