{"id":187323,"date":"2018-12-05T12:42:53","date_gmt":"2018-12-05T11:42:53","guid":{"rendered":"http:\/\/kapitalis.com\/tunisie\/?p=187323"},"modified":"2018-12-05T12:42:53","modified_gmt":"2018-12-05T11:42:53","slug":"tunis-spectacle-my-cafi-chanta-a-lespace-el-teatro-jeudi-6-decembre","status":"publish","type":"post","link":"https:\/\/kapitalis.com\/tunisie\/2018\/12\/05\/tunis-spectacle-my-cafi-chanta-a-lespace-el-teatro-jeudi-6-decembre\/","title":{"rendered":"Tunis : Spectacle \u00ab\u00a0My cafi chanta\u00a0\u00bb \u00e0 l&rsquo;Espace El Teatro, jeudi 6 d\u00e9cembre"},"content":{"rendered":"<p style=\"text-align: center;\"><img loading=\"lazy\" decoding=\"async\" class=\"alignnone size-full wp-image-187339\" src=\"http:\/\/kapitalis.com\/tunisie\/wp-content\/uploads\/2018\/12\/Spectacle-my-cafi-chanta-4.jpg\" alt=\"\" width=\"626\" height=\"380\" \/><\/p>\n<p><em><strong>Le spectacle \u00ab\u00a0My Cafi Chanta IV\u00a0\u00bb sera pr\u00e9sent\u00e9 jeudi 6 d\u00e9cembre 2018, \u00e0 19h30, \u00e0 l&rsquo;Espace El Teatro (Tunis), avec la participation de plusieurs artistes de diff\u00e9rents pays du continent africain.<\/strong><\/em><!--more--><\/p>\n<p>Il s&rsquo;agit du trio Vibrations avec Daly Triki, Anis Gharby et Lotfi Soua; du groupe Midmike; des\u00a0danseurs traditionnels Afrika Oumoja; du groupe guin\u00e9en Mama Africa; du chanteur congolais Ben Saitondo et du pianiste, violoniste et guitariste tunisien\u00a0Aymen Atouani.<\/p>\n<p>Les billets, dont le prix est fix\u00e9 \u00e0 20 dinars tunisiens (DT), sont disponibles \u00e0 l&rsquo;Espace El Teatro, ainsi que sur le\u00a0site de billetterie en ligne <a href=\"https:\/\/www.teskerti.tn\/evenement\/my-cafi-chanta-4\/\" target=\"_blank\" rel=\"noopener\">Teskerti<\/a>.<\/p>\n<p style=\"text-align: right;\"><strong>E. B. A.<\/strong><\/p>\n","protected":false},"excerpt":{"rendered":"<p>Le spectacle \u00ab\u00a0My Cafi Chanta IV\u00a0\u00bb sera pr\u00e9sent\u00e9 jeudi 6 d\u00e9cembre 2018, \u00e0 19h30, \u00e0 l&rsquo;Espace El Teatro (Tunis), avec la participation de plusieurs artistes de diff\u00e9rents pays du continent africain.<\/p>\n","protected":false},"author":16,"featured_media":187339,"comment_status":"open","ping_status":"open","sticky":false,"template":"","format":"standard","meta":{"footnotes":""},"categories":[994,2433],"tags":[21547],"class_list":["post-187323","post","type-post","status-publish","format-standard","has-post-thumbnail","hentry","category-culture","category-tunisie","tag-espace-el-teatro"],"yoast_head":"<!-- This site is optimized with the Yoast SEO plugin v26.6 - https:\/\/yoast.com\/wordpress\/plugins\/seo\/ -->\n<title>Tunis : Spectacle &quot;My cafi chanta&quot; \u00e0 l&#039;Espace El Teatro, jeudi 6 d\u00e9cembre - Kapitalis<\/title>\n<meta name=\"robots\" content=\"index, follow, max-snippet:-1, max-image-preview:large, max-video-preview:-1\" \/>\n<link rel=\"canonical\" href=\"https:\/\/kapitalis.com\/tunisie\/2018\/12\/05\/tunis-spectacle-my-cafi-chanta-a-lespace-el-teatro-jeudi-6-decembre\/\" \/>\n<meta property=\"og:locale\" content=\"fr_FR\" \/>\n<meta property=\"og:type\" content=\"article\" \/>\n<meta property=\"og:title\" content=\"Tunis : Spectacle &quot;My cafi chanta&quot; \u00e0 l&#039;Espace El Teatro, jeudi 6 d\u00e9cembre - Kapitalis\" \/>\n<meta property=\"og:description\" content=\"Le spectacle \u00ab\u00a0My Cafi Chanta IV\u00a0\u00bb sera pr\u00e9sent\u00e9 jeudi 6 d\u00e9cembre 2018, \u00e0 19h30, \u00e0 l&rsquo;Espace El Teatro (Tunis), avec la participation de plusieurs artistes de diff\u00e9rents pays du continent africain.\" \/>\n<meta property=\"og:url\" content=\"https:\/\/kapitalis.com\/tunisie\/2018\/12\/05\/tunis-spectacle-my-cafi-chanta-a-lespace-el-teatro-jeudi-6-decembre\/\" \/>\n<meta property=\"og:site_name\" content=\"Kapitalis\" \/>\n<meta property=\"article:publisher\" content=\"https:\/\/www.facebook.com\/KapitalisInfo\/\" \/>\n<meta property=\"article:published_time\" content=\"2018-12-05T11:42:53+00:00\" \/>\n<meta property=\"og:image\" content=\"https:\/\/kapitalis.com\/tunisie\/wp-content\/uploads\/2022\/05\/kapitalis-logo-fb.png\" \/>\n\t<meta property=\"og:image:width\" content=\"1200\" \/>\n\t<meta property=\"og:image:height\" content=\"630\" \/>\n\t<meta property=\"og:image:type\" content=\"image\/png\" \/>\n<meta name=\"author\" content=\"emna benabdallah\" \/>\n<meta name=\"twitter:card\" content=\"summary_large_image\" \/>\n<meta name=\"twitter:creator\" content=\"@KapitalisInfo\" \/>\n<meta name=\"twitter:site\" content=\"@KapitalisInfo\" \/>\n<meta name=\"twitter:label1\" content=\"\u00c9crit par\" \/>\n\t<meta name=\"twitter:data1\" content=\"emna benabdallah\" \/>\n<script type=\"application\/ld+json\" class=\"yoast-schema-graph\">{\"@context\":\"https:\/\/schema.org\",\"@graph\":[{\"@type\":\"Article\",\"@id\":\"https:\/\/kapitalis.com\/tunisie\/2018\/12\/05\/tunis-spectacle-my-cafi-chanta-a-lespace-el-teatro-jeudi-6-decembre\/#article\",\"isPartOf\":{\"@id\":\"https:\/\/kapitalis.com\/tunisie\/2018\/12\/05\/tunis-spectacle-my-cafi-chanta-a-lespace-el-teatro-jeudi-6-decembre\/\"},\"author\":{\"name\":\"emna benabdallah\",\"@id\":\"https:\/\/kapitalis.com\/tunisie\/#\/schema\/person\/2c6e134b2f3369dffcd1daf5f087d28b\"},\"headline\":\"Tunis : Spectacle \u00ab\u00a0My cafi chanta\u00a0\u00bb \u00e0 l&rsquo;Espace El Teatro, jeudi 6 d\u00e9cembre\",\"datePublished\":\"2018-12-05T11:42:53+00:00\",\"mainEntityOfPage\":{\"@id\":\"https:\/\/kapitalis.com\/tunisie\/2018\/12\/05\/tunis-spectacle-my-cafi-chanta-a-lespace-el-teatro-jeudi-6-decembre\/\"},\"wordCount\":110,\"commentCount\":1,\"publisher\":{\"@id\":\"https:\/\/kapitalis.com\/tunisie\/#organization\"},\"image\":{\"@id\":\"https:\/\/kapitalis.com\/tunisie\/2018\/12\/05\/tunis-spectacle-my-cafi-chanta-a-lespace-el-teatro-jeudi-6-decembre\/#primaryimage\"},\"thumbnailUrl\":\"\",\"keywords\":[\"espace El-T\u00e9atro\"],\"articleSection\":[\"CULTURE\",\"Tunisie\"],\"inLanguage\":\"fr-FR\",\"potentialAction\":[{\"@type\":\"CommentAction\",\"name\":\"Comment\",\"target\":[\"https:\/\/kapitalis.com\/tunisie\/2018\/12\/05\/tunis-spectacle-my-cafi-chanta-a-lespace-el-teatro-jeudi-6-decembre\/#respond\"]}]},{\"@type\":\"WebPage\",\"@id\":\"https:\/\/kapitalis.com\/tunisie\/2018\/12\/05\/tunis-spectacle-my-cafi-chanta-a-lespace-el-teatro-jeudi-6-decembre\/\",\"url\":\"https:\/\/kapitalis.com\/tunisie\/2018\/12\/05\/tunis-spectacle-my-cafi-chanta-a-lespace-el-teatro-jeudi-6-decembre\/\",\"name\":\"Tunis : Spectacle \\\"My cafi chanta\\\" \u00e0 l'Espace El Teatro, jeudi 6 d\u00e9cembre - Kapitalis\",\"isPartOf\":{\"@id\":\"https:\/\/kapitalis.com\/tunisie\/#website\"},\"primaryImageOfPage\":{\"@id\":\"https:\/\/kapitalis.com\/tunisie\/2018\/12\/05\/tunis-spectacle-my-cafi-chanta-a-lespace-el-teatro-jeudi-6-decembre\/#primaryimage\"},\"image\":{\"@id\":\"https:\/\/kapitalis.com\/tunisie\/2018\/12\/05\/tunis-spectacle-my-cafi-chanta-a-lespace-el-teatro-jeudi-6-decembre\/#primaryimage\"},\"thumbnailUrl\":\"\",\"datePublished\":\"2018-12-05T11:42:53+00:00\",\"breadcrumb\":{\"@id\":\"https:\/\/kapitalis.com\/tunisie\/2018\/12\/05\/tunis-spectacle-my-cafi-chanta-a-lespace-el-teatro-jeudi-6-decembre\/#breadcrumb\"},\"inLanguage\":\"fr-FR\",\"potentialAction\":[{\"@type\":\"ReadAction\",\"target\":[\"https:\/\/kapitalis.com\/tunisie\/2018\/12\/05\/tunis-spectacle-my-cafi-chanta-a-lespace-el-teatro-jeudi-6-decembre\/\"]}]},{\"@type\":\"ImageObject\",\"inLanguage\":\"fr-FR\",\"@id\":\"https:\/\/kapitalis.com\/tunisie\/2018\/12\/05\/tunis-spectacle-my-cafi-chanta-a-lespace-el-teatro-jeudi-6-decembre\/#primaryimage\",\"url\":\"\",\"contentUrl\":\"\"},{\"@type\":\"BreadcrumbList\",\"@id\":\"https:\/\/kapitalis.com\/tunisie\/2018\/12\/05\/tunis-spectacle-my-cafi-chanta-a-lespace-el-teatro-jeudi-6-decembre\/#breadcrumb\",\"itemListElement\":[{\"@type\":\"ListItem\",\"position\":1,\"name\":\"Accueil\",\"item\":\"https:\/\/kapitalis.com\/tunisie\/\"},{\"@type\":\"ListItem\",\"position\":2,\"name\":\"Tunis : Spectacle \u00ab\u00a0My cafi chanta\u00a0\u00bb \u00e0 l&rsquo;Espace El Teatro, jeudi 6 d\u00e9cembre\"}]},{\"@type\":\"WebSite\",\"@id\":\"https:\/\/kapitalis.com\/tunisie\/#website\",\"url\":\"https:\/\/kapitalis.com\/tunisie\/\",\"name\":\"Kapitalis\",\"description\":\"L&#039;actualit\u00e9 en Tunisie et dans le monde\",\"publisher\":{\"@id\":\"https:\/\/kapitalis.com\/tunisie\/#organization\"},\"potentialAction\":[{\"@type\":\"SearchAction\",\"target\":{\"@type\":\"EntryPoint\",\"urlTemplate\":\"https:\/\/kapitalis.com\/tunisie\/?s={search_term_string}\"},\"query-input\":{\"@type\":\"PropertyValueSpecification\",\"valueRequired\":true,\"valueName\":\"search_term_string\"}}],\"inLanguage\":\"fr-FR\"},{\"@type\":\"Organization\",\"@id\":\"https:\/\/kapitalis.com\/tunisie\/#organization\",\"name\":\"Kapitalis\",\"url\":\"https:\/\/kapitalis.com\/tunisie\/\",\"logo\":{\"@type\":\"ImageObject\",\"inLanguage\":\"fr-FR\",\"@id\":\"https:\/\/kapitalis.com\/tunisie\/#\/schema\/logo\/image\/\",\"url\":\"https:\/\/kapitalis.com\/tunisie\/wp-content\/uploads\/2022\/05\/Kapitalis-big-size.png\",\"contentUrl\":\"https:\/\/kapitalis.com\/tunisie\/wp-content\/uploads\/2022\/05\/Kapitalis-big-size.png\",\"width\":5000,\"height\":1500,\"caption\":\"Kapitalis\"},\"image\":{\"@id\":\"https:\/\/kapitalis.com\/tunisie\/#\/schema\/logo\/image\/\"},\"sameAs\":[\"https:\/\/www.facebook.com\/KapitalisInfo\/\",\"https:\/\/x.com\/KapitalisInfo\",\"https:\/\/www.youtube.com\/channel\/UC-yDYrHyfFBWWZaOw3FPg9Q\"]},{\"@type\":\"Person\",\"@id\":\"https:\/\/kapitalis.com\/tunisie\/#\/schema\/person\/2c6e134b2f3369dffcd1daf5f087d28b\",\"name\":\"emna benabdallah\",\"url\":\"https:\/\/kapitalis.com\/tunisie\/author\/emna\/\"}]}<\/script>\n<!-- \/ Yoast SEO plugin. -->","yoast_head_json":{"title":"Tunis : Spectacle \"My cafi chanta\" \u00e0 l'Espace El Teatro, jeudi 6 d\u00e9cembre - Kapitalis","robots":{"index":"index","follow":"follow","max-snippet":"max-snippet:-1","max-image-preview":"max-image-preview:large","max-video-preview":"max-video-preview:-1"},"canonical":"https:\/\/kapitalis.com\/tunisie\/2018\/12\/05\/tunis-spectacle-my-cafi-chanta-a-lespace-el-teatro-jeudi-6-decembre\/","og_locale":"fr_FR","og_type":"article","og_title":"Tunis : Spectacle \"My cafi chanta\" \u00e0 l'Espace El Teatro, jeudi 6 d\u00e9cembre - Kapitalis","og_description":"Le spectacle \u00ab\u00a0My Cafi Chanta IV\u00a0\u00bb sera pr\u00e9sent\u00e9 jeudi 6 d\u00e9cembre 2018, \u00e0 19h30, \u00e0 l&rsquo;Espace El Teatro (Tunis), avec la participation de plusieurs artistes de diff\u00e9rents pays du continent africain.","og_url":"https:\/\/kapitalis.com\/tunisie\/2018\/12\/05\/tunis-spectacle-my-cafi-chanta-a-lespace-el-teatro-jeudi-6-decembre\/","og_site_name":"Kapitalis","article_publisher":"https:\/\/www.facebook.com\/KapitalisInfo\/","article_published_time":"2018-12-05T11:42:53+00:00","og_image":[{"width":1200,"height":630,"url":"https:\/\/kapitalis.com\/tunisie\/wp-content\/uploads\/2022\/05\/kapitalis-logo-fb.png","type":"image\/png"}],"author":"emna benabdallah","twitter_card":"summary_large_image","twitter_creator":"@KapitalisInfo","twitter_site":"@KapitalisInfo","twitter_misc":{"\u00c9crit par":"emna benabdallah"},"schema":{"@context":"https:\/\/schema.org","@graph":[{"@type":"Article","@id":"https:\/\/kapitalis.com\/tunisie\/2018\/12\/05\/tunis-spectacle-my-cafi-chanta-a-lespace-el-teatro-jeudi-6-decembre\/#article","isPartOf":{"@id":"https:\/\/kapitalis.com\/tunisie\/2018\/12\/05\/tunis-spectacle-my-cafi-chanta-a-lespace-el-teatro-jeudi-6-decembre\/"},"author":{"name":"emna benabdallah","@id":"https:\/\/kapitalis.com\/tunisie\/#\/schema\/person\/2c6e134b2f3369dffcd1daf5f087d28b"},"headline":"Tunis : Spectacle \u00ab\u00a0My cafi chanta\u00a0\u00bb \u00e0 l&rsquo;Espace El Teatro, jeudi 6 d\u00e9cembre","datePublished":"2018-12-05T11:42:53+00:00","mainEntityOfPage":{"@id":"https:\/\/kapitalis.com\/tunisie\/2018\/12\/05\/tunis-spectacle-my-cafi-chanta-a-lespace-el-teatro-jeudi-6-decembre\/"},"wordCount":110,"commentCount":1,"publisher":{"@id":"https:\/\/kapitalis.com\/tunisie\/#organization"},"image":{"@id":"https:\/\/kapitalis.com\/tunisie\/2018\/12\/05\/tunis-spectacle-my-cafi-chanta-a-lespace-el-teatro-jeudi-6-decembre\/#primaryimage"},"thumbnailUrl":"","keywords":["espace El-T\u00e9atro"],"articleSection":["CULTURE","Tunisie"],"inLanguage":"fr-FR","potentialAction":[{"@type":"CommentAction","name":"Comment","target":["https:\/\/kapitalis.com\/tunisie\/2018\/12\/05\/tunis-spectacle-my-cafi-chanta-a-lespace-el-teatro-jeudi-6-decembre\/#respond"]}]},{"@type":"WebPage","@id":"https:\/\/kapitalis.com\/tunisie\/2018\/12\/05\/tunis-spectacle-my-cafi-chanta-a-lespace-el-teatro-jeudi-6-decembre\/","url":"https:\/\/kapitalis.com\/tunisie\/2018\/12\/05\/tunis-spectacle-my-cafi-chanta-a-lespace-el-teatro-jeudi-6-decembre\/","name":"Tunis : Spectacle \"My cafi chanta\" \u00e0 l'Espace El Teatro, jeudi 6 d\u00e9cembre - Kapitalis","isPartOf":{"@id":"https:\/\/kapitalis.com\/tunisie\/#website"},"primaryImageOfPage":{"@id":"https:\/\/kapitalis.com\/tunisie\/2018\/12\/05\/tunis-spectacle-my-cafi-chanta-a-lespace-el-teatro-jeudi-6-decembre\/#primaryimage"},"image":{"@id":"https:\/\/kapitalis.com\/tunisie\/2018\/12\/05\/tunis-spectacle-my-cafi-chanta-a-lespace-el-teatro-jeudi-6-decembre\/#primaryimage"},"thumbnailUrl":"","datePublished":"2018-12-05T11:42:53+00:00","breadcrumb":{"@id":"https:\/\/kapitalis.com\/tunisie\/2018\/12\/05\/tunis-spectacle-my-cafi-chanta-a-lespace-el-teatro-jeudi-6-decembre\/#breadcrumb"},"inLanguage":"fr-FR","potentialAction":[{"@type":"ReadAction","target":["https:\/\/kapitalis.com\/tunisie\/2018\/12\/05\/tunis-spectacle-my-cafi-chanta-a-lespace-el-teatro-jeudi-6-decembre\/"]}]},{"@type":"ImageObject","inLanguage":"fr-FR","@id":"https:\/\/kapitalis.com\/tunisie\/2018\/12\/05\/tunis-spectacle-my-cafi-chanta-a-lespace-el-teatro-jeudi-6-decembre\/#primaryimage","url":"","contentUrl":""},{"@type":"BreadcrumbList","@id":"https:\/\/kapitalis.com\/tunisie\/2018\/12\/05\/tunis-spectacle-my-cafi-chanta-a-lespace-el-teatro-jeudi-6-decembre\/#breadcrumb","itemListElement":[{"@type":"ListItem","position":1,"name":"Accueil","item":"https:\/\/kapitalis.com\/tunisie\/"},{"@type":"ListItem","position":2,"name":"Tunis : Spectacle \u00ab\u00a0My cafi chanta\u00a0\u00bb \u00e0 l&rsquo;Espace El Teatro, jeudi 6 d\u00e9cembre"}]},{"@type":"WebSite","@id":"https:\/\/kapitalis.com\/tunisie\/#website","url":"https:\/\/kapitalis.com\/tunisie\/","name":"Kapitalis","description":"L&#039;actualit\u00e9 en Tunisie et dans le monde","publisher":{"@id":"https:\/\/kapitalis.com\/tunisie\/#organization"},"potentialAction":[{"@type":"SearchAction","target":{"@type":"EntryPoint","urlTemplate":"https:\/\/kapitalis.com\/tunisie\/?s={search_term_string}"},"query-input":{"@type":"PropertyValueSpecification","valueRequired":true,"valueName":"search_term_string"}}],"inLanguage":"fr-FR"},{"@type":"Organization","@id":"https:\/\/kapitalis.com\/tunisie\/#organization","name":"Kapitalis","url":"https:\/\/kapitalis.com\/tunisie\/","logo":{"@type":"ImageObject","inLanguage":"fr-FR","@id":"https:\/\/kapitalis.com\/tunisie\/#\/schema\/logo\/image\/","url":"https:\/\/kapitalis.com\/tunisie\/wp-content\/uploads\/2022\/05\/Kapitalis-big-size.png","contentUrl":"https:\/\/kapitalis.com\/tunisie\/wp-content\/uploads\/2022\/05\/Kapitalis-big-size.png","width":5000,"height":1500,"caption":"Kapitalis"},"image":{"@id":"https:\/\/kapitalis.com\/tunisie\/#\/schema\/logo\/image\/"},"sameAs":["https:\/\/www.facebook.com\/KapitalisInfo\/","https:\/\/x.com\/KapitalisInfo","https:\/\/www.youtube.com\/channel\/UC-yDYrHyfFBWWZaOw3FPg9Q"]},{"@type":"Person","@id":"https:\/\/kapitalis.com\/tunisie\/#\/schema\/person\/2c6e134b2f3369dffcd1daf5f087d28b","name":"emna benabdallah","url":"https:\/\/kapitalis.com\/tunisie\/author\/emna\/"}]}},"_links":{"self":[{"href":"https:\/\/kapitalis.com\/tunisie\/wp-json\/wp\/v2\/posts\/187323","targetHints":{"allow":["GET"]}}],"collection":[{"href":"https:\/\/kapitalis.com\/tunisie\/wp-json\/wp\/v2\/posts"}],"about":[{"href":"https:\/\/kapitalis.com\/tunisie\/wp-json\/wp\/v2\/types\/post"}],"author":[{"embeddable":true,"href":"https:\/\/kapitalis.com\/tunisie\/wp-json\/wp\/v2\/users\/16"}],"replies":[{"embeddable":true,"href":"https:\/\/kapitalis.com\/tunisie\/wp-json\/wp\/v2\/comments?post=187323"}],"version-history":[{"count":0,"href":"https:\/\/kapitalis.com\/tunisie\/wp-json\/wp\/v2\/posts\/187323\/revisions"}],"wp:featuredmedia":[{"embeddable":true,"href":"https:\/\/kapitalis.com\/tunisie\/wp-json\/wp\/v2\/media\/187339"}],"wp:attachment":[{"href":"https:\/\/kapitalis.com\/tunisie\/wp-json\/wp\/v2\/media?parent=187323"}],"wp:term":[{"taxonomy":"category","embeddable":true,"href":"https:\/\/kapitalis.com\/tunisie\/wp-json\/wp\/v2\/categories?post=187323"},{"taxonomy":"post_tag","embeddable":true,"href":"https:\/\/kapitalis.com\/tunisie\/wp-json\/wp\/v2\/tags?post=187323"}],"curies":[{"name":"wp","href":"https:\/\/api.w.org\/{rel}","templated":true}]}}