{"id":187491,"date":"2018-12-06T08:26:09","date_gmt":"2018-12-06T07:26:09","guid":{"rendered":"http:\/\/kapitalis.com\/tunisie\/?p=187491"},"modified":"2018-12-06T08:26:09","modified_gmt":"2018-12-06T07:26:09","slug":"fenetres-sur-le-cinema-de-tunisie-du-10-au-13-decembre-2018-a-paris","status":"publish","type":"post","link":"https:\/\/kapitalis.com\/tunisie\/2018\/12\/06\/fenetres-sur-le-cinema-de-tunisie-du-10-au-13-decembre-2018-a-paris\/","title":{"rendered":"\u00abFen\u00eatres sur le cin\u00e9ma de Tunisie\u00bb du 10 au 13 d\u00e9cembre 2018 \u00e0 Paris"},"content":{"rendered":"<p style=\"text-align: center;\"><img loading=\"lazy\" decoding=\"async\" class=\"alignnone size-full wp-image-187492\" src=\"http:\/\/kapitalis.com\/tunisie\/wp-content\/uploads\/2018\/12\/Fenetres-cinema-tunisien-Paris.jpg\" alt=\"\" width=\"626\" height=\"380\" \/><\/p>\n<p><em><strong>La D\u00e9l\u00e9gation permanente de la Tunisie aupr\u00e8s de l\u2019Unesco organise la premi\u00e8re \u00e9dition d\u2019un \u00e9v\u00e9nement cin\u00e9matographique intitul\u00e9 \u00abFen\u00eatres sur le cin\u00e9ma de Tunisie\u00bb du 10 au 13 d\u00e9cembre 2018, aux si\u00e8ges de l\u2019Unesco, de l\u2019OIF et de la Maison de Tunisie, \u00e0 Paris, France.<\/strong><\/em><\/p>\n<p><!--more--><\/p>\n<p>Cette manifestation est co-organis\u00e9e avec le minist\u00e8re des Affaires culturelles, le Centre national du cin\u00e9ma et de l\u2019image (CNCI) et l\u2019Office national du tourisme tunisien, ainsi qu\u2019avec l\u2019Organisation des Nations Unies pour l\u2019\u00e9ducation, la science et la culture (Unesco) et l\u2019Organisation internationale de francophonie (OIF).<\/p>\n<p>Ont \u00e9galement contribu\u00e9 \u00e0 l\u2019organisation de cette manifestation, l\u2019ambassade de Tunisie en France, le Consulat g\u00e9n\u00e9ral de Tunisie \u00e0 Paris, le Consulat de Tunisie \u00e0 Pantin, Tunisair, la TFBank ainsi que le Centre national du cin\u00e9ma et de l\u2019image anim\u00e9e (CNCIA)\u2026<\/p>\n<p>Cette manifestation, visant \u00e0 mettre en valeur le bel essor que conna\u00eet le cin\u00e9ma tunisien ces derni\u00e8res ann\u00e9es, co\u00efncidera avec la date hautement symbolique de la c\u00e9l\u00e9bration du 70e anniversaire de la d\u00e9claration universelle des droits de l\u2019homme.<\/p>\n<p>Un nouveau regard sur la Tunisie, son cin\u00e9ma et sa culture, telle est l\u2019ambition de cette manifestation, qui entend ouvrir une nouvelle fen\u00eatre culturelle internationale sur une Tunisie et un monde en pleine \u00e9volution et \u00e9bullition; le cin\u00e9ma \u00e9tant \u00e0 la fois miroir et outil de ce changement.<\/p>\n<p>Plus qu\u2019un divertissement, ces journ\u00e9es, seront l\u2019occasion de partager avec l\u2019audience les valeurs et les principes humanitaires v\u00e9hicul\u00e9s et d\u00e9fendus par ce cin\u00e9ma, \u00e0 savoir, la libert\u00e9, la dignit\u00e9, la tol\u00e9rance et le partage.<\/p>\n<p>De <em>\u2018\u2018Al Jayda\u2019\u2019<\/em> \u00e0 <em>\u2018\u2018Hedi\u2019\u2019<\/em> en passant par <em>\u2018\u2018A peine j\u2019ouvre les yeux\u2019\u2019, \u2018\u2018Benzine\u2019\u2019, \u2018\u2018Mustapha Z\u2019\u2019, \u2018\u2018Tunis by night\u2019\u2019, \u2018\u2018La belle et le meute\u2019\u2019, \u2018\u2018Demain d\u00e8s l\u2019aube\u2019\u2019, \u2018\u2018Aziz rouhou\u2019\u2019 et \u2018\u2018Fleur d\u2019Alep\u2019\u2019,<\/em> les r\u00e9alisateurs, acteurs, artistes et tous les participants \u00e0 la cr\u00e9ation de ces \u0153uvres seront honor\u00e9s \u00e0 cette occasion.<\/p>\n<p>Le patrimoine culturel mondial y trouvera \u00e9galement sa place avec la projection du documentaire tunisien de Feriel Ben Mahmoud et Hanane Ben Mahmoud, <em>\u2018\u2018Ghadames, la perle du Sahara\u2019\u2019<\/em> suivie d\u2019un d\u00e9bat.<\/p>\n<p>Plusieurs fen\u00eatres seront ouvertes \u00e0 cette occasion, au si\u00e8ge de l\u2019Unesco, aux si\u00e8ges de l\u2019OIF, de la Maison de Tunisie \u00e0 la Cit\u00e9 universitaire internationale de Paris ainsi que deux autres lieux de projection afin de se rapprocher davantage des cin\u00e9philes tunisiens et fran\u00e7ais et de ceux qui souhaitent d\u00e9couvrir le septi\u00e8me art.<\/p>\n<p>Tels sont les objectifs de la premi\u00e8re \u00e9dition des \u00abFen\u00eatres sur le cin\u00e9ma de Tunisie\u00bb, qui seront renforc\u00e9s et \u00e9largis lors des prochaines \u00e9ditions de cette manifestation qui sera annuelle afin de b\u00e9n\u00e9ficier de l\u2019ouverture offerte sur le monde par l\u2019Unesco et l\u2019OIF et de la place privil\u00e9gi\u00e9e qu\u2019occupe la ville de Paris sur l\u2019\u00e9chiquier artistique international.<\/p>\n<p><em><strong>Source<\/strong><\/em> : communiqu\u00e9.<\/p>\n","protected":false},"excerpt":{"rendered":"<p>La D\u00e9l\u00e9gation permanente de la Tunisie aupr\u00e8s de l\u2019Unesco organise la premi\u00e8re \u00e9dition d\u2019un \u00e9v\u00e9nement cin\u00e9matographique intitul\u00e9 \u00abFen\u00eatres sur le cin\u00e9ma de Tunisie\u00bb du 10 au 13 d\u00e9cembre 2018, aux si\u00e8ges de l\u2019Unesco, de l\u2019OIF et de la Maison de Tunisie, \u00e0 Paris, France.<\/p>\n","protected":false},"author":8,"featured_media":187492,"comment_status":"open","ping_status":"open","sticky":false,"template":"","format":"standard","meta":{"footnotes":""},"categories":[994,2433],"tags":[14560,22987,1364,1068],"class_list":["post-187491","post","type-post","status-publish","format-standard","has-post-thumbnail","hentry","category-culture","category-tunisie","tag-maison-de-tunisie","tag-oif","tag-paris","tag-unesco"],"yoast_head":"<!-- This site is optimized with the Yoast SEO plugin v26.6 - https:\/\/yoast.com\/wordpress\/plugins\/seo\/ -->\n<title>\u00abFen\u00eatres sur le cin\u00e9ma de Tunisie\u00bb du 10 au 13 d\u00e9cembre 2018 \u00e0 Paris - Kapitalis<\/title>\n<meta name=\"robots\" content=\"index, follow, max-snippet:-1, max-image-preview:large, max-video-preview:-1\" \/>\n<link rel=\"canonical\" href=\"https:\/\/kapitalis.com\/tunisie\/2018\/12\/06\/fenetres-sur-le-cinema-de-tunisie-du-10-au-13-decembre-2018-a-paris\/\" \/>\n<meta property=\"og:locale\" content=\"fr_FR\" \/>\n<meta property=\"og:type\" content=\"article\" \/>\n<meta property=\"og:title\" content=\"\u00abFen\u00eatres sur le cin\u00e9ma de Tunisie\u00bb du 10 au 13 d\u00e9cembre 2018 \u00e0 Paris - Kapitalis\" \/>\n<meta property=\"og:description\" content=\"La D\u00e9l\u00e9gation permanente de la Tunisie aupr\u00e8s de l\u2019Unesco organise la premi\u00e8re \u00e9dition d\u2019un \u00e9v\u00e9nement cin\u00e9matographique intitul\u00e9 \u00abFen\u00eatres sur le cin\u00e9ma de Tunisie\u00bb du 10 au 13 d\u00e9cembre 2018, aux si\u00e8ges de l\u2019Unesco, de l\u2019OIF et de la Maison de Tunisie, \u00e0 Paris, France.\" \/>\n<meta property=\"og:url\" content=\"https:\/\/kapitalis.com\/tunisie\/2018\/12\/06\/fenetres-sur-le-cinema-de-tunisie-du-10-au-13-decembre-2018-a-paris\/\" \/>\n<meta property=\"og:site_name\" content=\"Kapitalis\" \/>\n<meta property=\"article:publisher\" content=\"https:\/\/www.facebook.com\/KapitalisInfo\/\" \/>\n<meta property=\"article:published_time\" content=\"2018-12-06T07:26:09+00:00\" \/>\n<meta property=\"og:image\" content=\"https:\/\/kapitalis.com\/tunisie\/wp-content\/uploads\/2022\/05\/kapitalis-logo-fb.png\" \/>\n\t<meta property=\"og:image:width\" content=\"1200\" \/>\n\t<meta property=\"og:image:height\" content=\"630\" \/>\n\t<meta property=\"og:image:type\" content=\"image\/png\" \/>\n<meta name=\"author\" content=\"webmaster kapitalis\" \/>\n<meta name=\"twitter:card\" content=\"summary_large_image\" \/>\n<meta name=\"twitter:creator\" content=\"@KapitalisInfo\" \/>\n<meta name=\"twitter:site\" content=\"@KapitalisInfo\" \/>\n<meta name=\"twitter:label1\" content=\"\u00c9crit par\" \/>\n\t<meta name=\"twitter:data1\" content=\"webmaster kapitalis\" \/>\n\t<meta name=\"twitter:label2\" content=\"Dur\u00e9e de lecture estim\u00e9e\" \/>\n\t<meta name=\"twitter:data2\" content=\"3 minutes\" \/>\n<script type=\"application\/ld+json\" class=\"yoast-schema-graph\">{\"@context\":\"https:\/\/schema.org\",\"@graph\":[{\"@type\":\"Article\",\"@id\":\"https:\/\/kapitalis.com\/tunisie\/2018\/12\/06\/fenetres-sur-le-cinema-de-tunisie-du-10-au-13-decembre-2018-a-paris\/#article\",\"isPartOf\":{\"@id\":\"https:\/\/kapitalis.com\/tunisie\/2018\/12\/06\/fenetres-sur-le-cinema-de-tunisie-du-10-au-13-decembre-2018-a-paris\/\"},\"author\":{\"name\":\"webmaster kapitalis\",\"@id\":\"https:\/\/kapitalis.com\/tunisie\/#\/schema\/person\/d71f33a9ca44f7bad4698210b480c8e9\"},\"headline\":\"\u00abFen\u00eatres sur le cin\u00e9ma de Tunisie\u00bb du 10 au 13 d\u00e9cembre 2018 \u00e0 Paris\",\"datePublished\":\"2018-12-06T07:26:09+00:00\",\"mainEntityOfPage\":{\"@id\":\"https:\/\/kapitalis.com\/tunisie\/2018\/12\/06\/fenetres-sur-le-cinema-de-tunisie-du-10-au-13-decembre-2018-a-paris\/\"},\"wordCount\":525,\"commentCount\":0,\"publisher\":{\"@id\":\"https:\/\/kapitalis.com\/tunisie\/#organization\"},\"image\":{\"@id\":\"https:\/\/kapitalis.com\/tunisie\/2018\/12\/06\/fenetres-sur-le-cinema-de-tunisie-du-10-au-13-decembre-2018-a-paris\/#primaryimage\"},\"thumbnailUrl\":\"\",\"keywords\":[\"Maison de Tunisie\",\"OIF\",\"Paris\",\"Unesco\"],\"articleSection\":[\"CULTURE\",\"Tunisie\"],\"inLanguage\":\"fr-FR\",\"potentialAction\":[{\"@type\":\"CommentAction\",\"name\":\"Comment\",\"target\":[\"https:\/\/kapitalis.com\/tunisie\/2018\/12\/06\/fenetres-sur-le-cinema-de-tunisie-du-10-au-13-decembre-2018-a-paris\/#respond\"]}]},{\"@type\":\"WebPage\",\"@id\":\"https:\/\/kapitalis.com\/tunisie\/2018\/12\/06\/fenetres-sur-le-cinema-de-tunisie-du-10-au-13-decembre-2018-a-paris\/\",\"url\":\"https:\/\/kapitalis.com\/tunisie\/2018\/12\/06\/fenetres-sur-le-cinema-de-tunisie-du-10-au-13-decembre-2018-a-paris\/\",\"name\":\"\u00abFen\u00eatres sur le cin\u00e9ma de Tunisie\u00bb du 10 au 13 d\u00e9cembre 2018 \u00e0 Paris - Kapitalis\",\"isPartOf\":{\"@id\":\"https:\/\/kapitalis.com\/tunisie\/#website\"},\"primaryImageOfPage\":{\"@id\":\"https:\/\/kapitalis.com\/tunisie\/2018\/12\/06\/fenetres-sur-le-cinema-de-tunisie-du-10-au-13-decembre-2018-a-paris\/#primaryimage\"},\"image\":{\"@id\":\"https:\/\/kapitalis.com\/tunisie\/2018\/12\/06\/fenetres-sur-le-cinema-de-tunisie-du-10-au-13-decembre-2018-a-paris\/#primaryimage\"},\"thumbnailUrl\":\"\",\"datePublished\":\"2018-12-06T07:26:09+00:00\",\"breadcrumb\":{\"@id\":\"https:\/\/kapitalis.com\/tunisie\/2018\/12\/06\/fenetres-sur-le-cinema-de-tunisie-du-10-au-13-decembre-2018-a-paris\/#breadcrumb\"},\"inLanguage\":\"fr-FR\",\"potentialAction\":[{\"@type\":\"ReadAction\",\"target\":[\"https:\/\/kapitalis.com\/tunisie\/2018\/12\/06\/fenetres-sur-le-cinema-de-tunisie-du-10-au-13-decembre-2018-a-paris\/\"]}]},{\"@type\":\"ImageObject\",\"inLanguage\":\"fr-FR\",\"@id\":\"https:\/\/kapitalis.com\/tunisie\/2018\/12\/06\/fenetres-sur-le-cinema-de-tunisie-du-10-au-13-decembre-2018-a-paris\/#primaryimage\",\"url\":\"\",\"contentUrl\":\"\"},{\"@type\":\"BreadcrumbList\",\"@id\":\"https:\/\/kapitalis.com\/tunisie\/2018\/12\/06\/fenetres-sur-le-cinema-de-tunisie-du-10-au-13-decembre-2018-a-paris\/#breadcrumb\",\"itemListElement\":[{\"@type\":\"ListItem\",\"position\":1,\"name\":\"Accueil\",\"item\":\"https:\/\/kapitalis.com\/tunisie\/\"},{\"@type\":\"ListItem\",\"position\":2,\"name\":\"\u00abFen\u00eatres sur le cin\u00e9ma de Tunisie\u00bb du 10 au 13 d\u00e9cembre 2018 \u00e0 Paris\"}]},{\"@type\":\"WebSite\",\"@id\":\"https:\/\/kapitalis.com\/tunisie\/#website\",\"url\":\"https:\/\/kapitalis.com\/tunisie\/\",\"name\":\"Kapitalis\",\"description\":\"L&#039;actualit\u00e9 en Tunisie et dans le monde\",\"publisher\":{\"@id\":\"https:\/\/kapitalis.com\/tunisie\/#organization\"},\"potentialAction\":[{\"@type\":\"SearchAction\",\"target\":{\"@type\":\"EntryPoint\",\"urlTemplate\":\"https:\/\/kapitalis.com\/tunisie\/?s={search_term_string}\"},\"query-input\":{\"@type\":\"PropertyValueSpecification\",\"valueRequired\":true,\"valueName\":\"search_term_string\"}}],\"inLanguage\":\"fr-FR\"},{\"@type\":\"Organization\",\"@id\":\"https:\/\/kapitalis.com\/tunisie\/#organization\",\"name\":\"Kapitalis\",\"url\":\"https:\/\/kapitalis.com\/tunisie\/\",\"logo\":{\"@type\":\"ImageObject\",\"inLanguage\":\"fr-FR\",\"@id\":\"https:\/\/kapitalis.com\/tunisie\/#\/schema\/logo\/image\/\",\"url\":\"https:\/\/kapitalis.com\/tunisie\/wp-content\/uploads\/2022\/05\/Kapitalis-big-size.png\",\"contentUrl\":\"https:\/\/kapitalis.com\/tunisie\/wp-content\/uploads\/2022\/05\/Kapitalis-big-size.png\",\"width\":5000,\"height\":1500,\"caption\":\"Kapitalis\"},\"image\":{\"@id\":\"https:\/\/kapitalis.com\/tunisie\/#\/schema\/logo\/image\/\"},\"sameAs\":[\"https:\/\/www.facebook.com\/KapitalisInfo\/\",\"https:\/\/x.com\/KapitalisInfo\",\"https:\/\/www.youtube.com\/channel\/UC-yDYrHyfFBWWZaOw3FPg9Q\"]},{\"@type\":\"Person\",\"@id\":\"https:\/\/kapitalis.com\/tunisie\/#\/schema\/person\/d71f33a9ca44f7bad4698210b480c8e9\",\"name\":\"webmaster kapitalis\",\"url\":\"https:\/\/kapitalis.com\/tunisie\/author\/webmaster-kapitalis\/\"}]}<\/script>\n<!-- \/ Yoast SEO plugin. -->","yoast_head_json":{"title":"\u00abFen\u00eatres sur le cin\u00e9ma de Tunisie\u00bb du 10 au 13 d\u00e9cembre 2018 \u00e0 Paris - Kapitalis","robots":{"index":"index","follow":"follow","max-snippet":"max-snippet:-1","max-image-preview":"max-image-preview:large","max-video-preview":"max-video-preview:-1"},"canonical":"https:\/\/kapitalis.com\/tunisie\/2018\/12\/06\/fenetres-sur-le-cinema-de-tunisie-du-10-au-13-decembre-2018-a-paris\/","og_locale":"fr_FR","og_type":"article","og_title":"\u00abFen\u00eatres sur le cin\u00e9ma de Tunisie\u00bb du 10 au 13 d\u00e9cembre 2018 \u00e0 Paris - Kapitalis","og_description":"La D\u00e9l\u00e9gation permanente de la Tunisie aupr\u00e8s de l\u2019Unesco organise la premi\u00e8re \u00e9dition d\u2019un \u00e9v\u00e9nement cin\u00e9matographique intitul\u00e9 \u00abFen\u00eatres sur le cin\u00e9ma de Tunisie\u00bb du 10 au 13 d\u00e9cembre 2018, aux si\u00e8ges de l\u2019Unesco, de l\u2019OIF et de la Maison de Tunisie, \u00e0 Paris, France.","og_url":"https:\/\/kapitalis.com\/tunisie\/2018\/12\/06\/fenetres-sur-le-cinema-de-tunisie-du-10-au-13-decembre-2018-a-paris\/","og_site_name":"Kapitalis","article_publisher":"https:\/\/www.facebook.com\/KapitalisInfo\/","article_published_time":"2018-12-06T07:26:09+00:00","og_image":[{"width":1200,"height":630,"url":"https:\/\/kapitalis.com\/tunisie\/wp-content\/uploads\/2022\/05\/kapitalis-logo-fb.png","type":"image\/png"}],"author":"webmaster kapitalis","twitter_card":"summary_large_image","twitter_creator":"@KapitalisInfo","twitter_site":"@KapitalisInfo","twitter_misc":{"\u00c9crit par":"webmaster kapitalis","Dur\u00e9e de lecture estim\u00e9e":"3 minutes"},"schema":{"@context":"https:\/\/schema.org","@graph":[{"@type":"Article","@id":"https:\/\/kapitalis.com\/tunisie\/2018\/12\/06\/fenetres-sur-le-cinema-de-tunisie-du-10-au-13-decembre-2018-a-paris\/#article","isPartOf":{"@id":"https:\/\/kapitalis.com\/tunisie\/2018\/12\/06\/fenetres-sur-le-cinema-de-tunisie-du-10-au-13-decembre-2018-a-paris\/"},"author":{"name":"webmaster kapitalis","@id":"https:\/\/kapitalis.com\/tunisie\/#\/schema\/person\/d71f33a9ca44f7bad4698210b480c8e9"},"headline":"\u00abFen\u00eatres sur le cin\u00e9ma de Tunisie\u00bb du 10 au 13 d\u00e9cembre 2018 \u00e0 Paris","datePublished":"2018-12-06T07:26:09+00:00","mainEntityOfPage":{"@id":"https:\/\/kapitalis.com\/tunisie\/2018\/12\/06\/fenetres-sur-le-cinema-de-tunisie-du-10-au-13-decembre-2018-a-paris\/"},"wordCount":525,"commentCount":0,"publisher":{"@id":"https:\/\/kapitalis.com\/tunisie\/#organization"},"image":{"@id":"https:\/\/kapitalis.com\/tunisie\/2018\/12\/06\/fenetres-sur-le-cinema-de-tunisie-du-10-au-13-decembre-2018-a-paris\/#primaryimage"},"thumbnailUrl":"","keywords":["Maison de Tunisie","OIF","Paris","Unesco"],"articleSection":["CULTURE","Tunisie"],"inLanguage":"fr-FR","potentialAction":[{"@type":"CommentAction","name":"Comment","target":["https:\/\/kapitalis.com\/tunisie\/2018\/12\/06\/fenetres-sur-le-cinema-de-tunisie-du-10-au-13-decembre-2018-a-paris\/#respond"]}]},{"@type":"WebPage","@id":"https:\/\/kapitalis.com\/tunisie\/2018\/12\/06\/fenetres-sur-le-cinema-de-tunisie-du-10-au-13-decembre-2018-a-paris\/","url":"https:\/\/kapitalis.com\/tunisie\/2018\/12\/06\/fenetres-sur-le-cinema-de-tunisie-du-10-au-13-decembre-2018-a-paris\/","name":"\u00abFen\u00eatres sur le cin\u00e9ma de Tunisie\u00bb du 10 au 13 d\u00e9cembre 2018 \u00e0 Paris - Kapitalis","isPartOf":{"@id":"https:\/\/kapitalis.com\/tunisie\/#website"},"primaryImageOfPage":{"@id":"https:\/\/kapitalis.com\/tunisie\/2018\/12\/06\/fenetres-sur-le-cinema-de-tunisie-du-10-au-13-decembre-2018-a-paris\/#primaryimage"},"image":{"@id":"https:\/\/kapitalis.com\/tunisie\/2018\/12\/06\/fenetres-sur-le-cinema-de-tunisie-du-10-au-13-decembre-2018-a-paris\/#primaryimage"},"thumbnailUrl":"","datePublished":"2018-12-06T07:26:09+00:00","breadcrumb":{"@id":"https:\/\/kapitalis.com\/tunisie\/2018\/12\/06\/fenetres-sur-le-cinema-de-tunisie-du-10-au-13-decembre-2018-a-paris\/#breadcrumb"},"inLanguage":"fr-FR","potentialAction":[{"@type":"ReadAction","target":["https:\/\/kapitalis.com\/tunisie\/2018\/12\/06\/fenetres-sur-le-cinema-de-tunisie-du-10-au-13-decembre-2018-a-paris\/"]}]},{"@type":"ImageObject","inLanguage":"fr-FR","@id":"https:\/\/kapitalis.com\/tunisie\/2018\/12\/06\/fenetres-sur-le-cinema-de-tunisie-du-10-au-13-decembre-2018-a-paris\/#primaryimage","url":"","contentUrl":""},{"@type":"BreadcrumbList","@id":"https:\/\/kapitalis.com\/tunisie\/2018\/12\/06\/fenetres-sur-le-cinema-de-tunisie-du-10-au-13-decembre-2018-a-paris\/#breadcrumb","itemListElement":[{"@type":"ListItem","position":1,"name":"Accueil","item":"https:\/\/kapitalis.com\/tunisie\/"},{"@type":"ListItem","position":2,"name":"\u00abFen\u00eatres sur le cin\u00e9ma de Tunisie\u00bb du 10 au 13 d\u00e9cembre 2018 \u00e0 Paris"}]},{"@type":"WebSite","@id":"https:\/\/kapitalis.com\/tunisie\/#website","url":"https:\/\/kapitalis.com\/tunisie\/","name":"Kapitalis","description":"L&#039;actualit\u00e9 en Tunisie et dans le monde","publisher":{"@id":"https:\/\/kapitalis.com\/tunisie\/#organization"},"potentialAction":[{"@type":"SearchAction","target":{"@type":"EntryPoint","urlTemplate":"https:\/\/kapitalis.com\/tunisie\/?s={search_term_string}"},"query-input":{"@type":"PropertyValueSpecification","valueRequired":true,"valueName":"search_term_string"}}],"inLanguage":"fr-FR"},{"@type":"Organization","@id":"https:\/\/kapitalis.com\/tunisie\/#organization","name":"Kapitalis","url":"https:\/\/kapitalis.com\/tunisie\/","logo":{"@type":"ImageObject","inLanguage":"fr-FR","@id":"https:\/\/kapitalis.com\/tunisie\/#\/schema\/logo\/image\/","url":"https:\/\/kapitalis.com\/tunisie\/wp-content\/uploads\/2022\/05\/Kapitalis-big-size.png","contentUrl":"https:\/\/kapitalis.com\/tunisie\/wp-content\/uploads\/2022\/05\/Kapitalis-big-size.png","width":5000,"height":1500,"caption":"Kapitalis"},"image":{"@id":"https:\/\/kapitalis.com\/tunisie\/#\/schema\/logo\/image\/"},"sameAs":["https:\/\/www.facebook.com\/KapitalisInfo\/","https:\/\/x.com\/KapitalisInfo","https:\/\/www.youtube.com\/channel\/UC-yDYrHyfFBWWZaOw3FPg9Q"]},{"@type":"Person","@id":"https:\/\/kapitalis.com\/tunisie\/#\/schema\/person\/d71f33a9ca44f7bad4698210b480c8e9","name":"webmaster kapitalis","url":"https:\/\/kapitalis.com\/tunisie\/author\/webmaster-kapitalis\/"}]}},"_links":{"self":[{"href":"https:\/\/kapitalis.com\/tunisie\/wp-json\/wp\/v2\/posts\/187491","targetHints":{"allow":["GET"]}}],"collection":[{"href":"https:\/\/kapitalis.com\/tunisie\/wp-json\/wp\/v2\/posts"}],"about":[{"href":"https:\/\/kapitalis.com\/tunisie\/wp-json\/wp\/v2\/types\/post"}],"author":[{"embeddable":true,"href":"https:\/\/kapitalis.com\/tunisie\/wp-json\/wp\/v2\/users\/8"}],"replies":[{"embeddable":true,"href":"https:\/\/kapitalis.com\/tunisie\/wp-json\/wp\/v2\/comments?post=187491"}],"version-history":[{"count":0,"href":"https:\/\/kapitalis.com\/tunisie\/wp-json\/wp\/v2\/posts\/187491\/revisions"}],"wp:featuredmedia":[{"embeddable":true,"href":"https:\/\/kapitalis.com\/tunisie\/wp-json\/wp\/v2\/media\/187492"}],"wp:attachment":[{"href":"https:\/\/kapitalis.com\/tunisie\/wp-json\/wp\/v2\/media?parent=187491"}],"wp:term":[{"taxonomy":"category","embeddable":true,"href":"https:\/\/kapitalis.com\/tunisie\/wp-json\/wp\/v2\/categories?post=187491"},{"taxonomy":"post_tag","embeddable":true,"href":"https:\/\/kapitalis.com\/tunisie\/wp-json\/wp\/v2\/tags?post=187491"}],"curies":[{"name":"wp","href":"https:\/\/api.w.org\/{rel}","templated":true}]}}