{"id":187505,"date":"2018-12-06T10:20:27","date_gmt":"2018-12-06T09:20:27","guid":{"rendered":"http:\/\/kapitalis.com\/tunisie\/?p=187505"},"modified":"2018-12-06T10:24:07","modified_gmt":"2018-12-06T09:24:07","slug":"assemblee-yassine-ayari-poursuit-sa-gueguerre-contre-rene-trabelsi","status":"publish","type":"post","link":"https:\/\/kapitalis.com\/tunisie\/2018\/12\/06\/assemblee-yassine-ayari-poursuit-sa-gueguerre-contre-rene-trabelsi\/","title":{"rendered":"Assembl\u00e9e : Yassine Ayari poursuit sa gu\u00e9guerre contre Ren\u00e9 Trabelsi"},"content":{"rendered":"<p style=\"text-align: center;\"><img loading=\"lazy\" decoding=\"async\" class=\"alignnone size-full wp-image-183551\" src=\"http:\/\/kapitalis.com\/tunisie\/wp-content\/uploads\/2018\/11\/Rene-Trabelsi-Yassine-Ayari.jpg\" alt=\"\" width=\"626\" height=\"380\" \/><\/p>\n<p style=\"text-align: center;\"><em>Ren\u00e9 Trabelsi\/Yassine Ayari.<\/em><\/p>\n<p><em><strong>\u00abMonsieur le ministre, comme vous l&rsquo;avez s\u00fbrement remarqu\u00e9, je n&rsquo;ai pas abord\u00e9 le sujet du budget du minist\u00e8re du Tourisme et de l&rsquo;Artisanat car vous n&rsquo;allez pas comprendre ce que je vais vous dire. Vous \u00eates un ministre qui ne d\u00e9tient aucun dipl\u00f4me universitaire\u00bb, a lanc\u00e9 le d\u00e9put\u00e9 Yassine Ayari \u00e0 Ren\u00e9 Trabelsi.<\/strong><\/em><!--more--><\/p>\n<p>Le parlementaire, qui n&rsquo;en est pas \u00e0 sa premi\u00e8re critique au successeur de Selma Elloumi-Rekik, s&rsquo;est empress\u00e9 d&rsquo;ajouter que les chiffres d&rsquo;affaires de l&rsquo;agence de voyage du nouveau ministre du Tourisme, Royal First Travel, sont lamentables au cours des derni\u00e8res ann\u00e9es.<\/p>\n<p>\u00ab<em>Monsieur le ministre, lorsque vous \u00e9tiez encore directeur g\u00e9n\u00e9ral de cette agence de voyage, vous refusiez de payer vos imp\u00f4ts et vous optez toujours pour le travail au noir. Et c&rsquo;est vraiment dangereux de confier un minist\u00e8re \u00e0 une personne qui n&rsquo;est pas digne de confiance. Et c&rsquo;est pour cette raison que je ne veux pas aborder le sujet du budget du minist\u00e8re du Tourisme et de l&rsquo;Artisanat<\/em>\u00bb, a-t-il d\u00e9clar\u00e9, lors de la s\u00e9ance pl\u00e9ni\u00e8re \u00e0 l&rsquo;Assembl\u00e9e, hier, mercredi 5 d\u00e9cembre 2018, consacr\u00e9e \u00e0 l&rsquo;examen du budget de ce minist\u00e8re.<\/p>\n<p><center><br \/>\n<iframe loading=\"lazy\" style=\"border: none; overflow: hidden;\" src=\"https:\/\/www.facebook.com\/plugins\/video.php?href=https%3A%2F%2Fwww.facebook.com%2Fyassine.ayari.page.officielle%2Fvideos%2F2176123975971187%2F&amp;show_text=0&amp;width=560\" width=\"560\" height=\"448\" frameborder=\"0\" scrolling=\"no\" allowfullscreen=\"allowfullscreen\"><\/iframe><\/center><br \/>\nYassine Ayari a, par ailleurs, appel\u00e9 Ren\u00e9 Trabelsi \u00e0 lui envoyer les documents prouvant sa d\u00e9mission de son poste de directeur g\u00e9n\u00e9ral \u00e0 Royal First Travel, comme pr\u00e9cis\u00e9 par le gouvernement.<\/p>\n<p>Accus\u00e9 d&rsquo;antis\u00e9mitisme apr\u00e8s les critiques\u00a0qu&rsquo;il avait adress\u00e9es il y a quelques semaines au ministre de confession juive, le d\u00e9put\u00e9 populiste ne change pas de position mais d&rsquo;angle d&rsquo;attaque: il met en cause d\u00e9sormais les comp\u00e9tences de M. Trabelsi et sa mauvaise gestion de sa propre agence de voyages. Il l&rsquo;accuse aussi d&rsquo;\u00e9vasion fiscale&#8230;<\/p>\n<p style=\"text-align: right;\"><strong>E. B. A.<\/strong><\/p>\n<blockquote class=\"wp-embedded-content\" data-secret=\"Gkb51LGpXZ\"><p><a href=\"https:\/\/kapitalis.com\/tunisie\/2018\/11\/06\/yassine-ayari-fera-appel-en-justice-contre-la-nomination-de-rene-trabelsi\/\">Yassine Ayari fera appel en justice contre la nomination de Ren\u00e9 Trabelsi<\/a><\/p><\/blockquote>\n<p><iframe loading=\"lazy\" class=\"wp-embedded-content\" sandbox=\"allow-scripts\" security=\"restricted\" style=\"position: absolute; clip: rect(1px, 1px, 1px, 1px);\" title=\"\u00ab\u00a0Yassine Ayari fera appel en justice contre la nomination de Ren\u00e9 Trabelsi\u00a0\u00bb &#8212; Kapitalis\" src=\"https:\/\/kapitalis.com\/tunisie\/2018\/11\/06\/yassine-ayari-fera-appel-en-justice-contre-la-nomination-de-rene-trabelsi\/embed\/#?secret=EXR4yUekRc#?secret=Gkb51LGpXZ\" data-secret=\"Gkb51LGpXZ\" width=\"600\" height=\"338\" frameborder=\"0\" marginwidth=\"0\" marginheight=\"0\" scrolling=\"no\"><\/iframe><\/p>\n<blockquote class=\"wp-embedded-content\" data-secret=\"egQTctdWBe\"><p><a href=\"https:\/\/kapitalis.com\/tunisie\/2018\/11\/12\/yassine-ayari-fait-jaillir-son-antisemitisme-a-lassemblee\/\">Yassine Ayari fait jaillir son antis\u00e9mitisme \u00e0 l\u2019Assembl\u00e9e<\/a><\/p><\/blockquote>\n<p><iframe loading=\"lazy\" class=\"wp-embedded-content\" sandbox=\"allow-scripts\" security=\"restricted\" style=\"position: absolute; clip: rect(1px, 1px, 1px, 1px);\" title=\"\u00ab\u00a0Yassine Ayari fait jaillir son antis\u00e9mitisme \u00e0 l\u2019Assembl\u00e9e\u00a0\u00bb &#8212; Kapitalis\" src=\"https:\/\/kapitalis.com\/tunisie\/2018\/11\/12\/yassine-ayari-fait-jaillir-son-antisemitisme-a-lassemblee\/embed\/#?secret=p7dp9aybQF#?secret=egQTctdWBe\" data-secret=\"egQTctdWBe\" width=\"600\" height=\"338\" frameborder=\"0\" marginwidth=\"0\" marginheight=\"0\" scrolling=\"no\"><\/iframe><\/p>\n","protected":false},"excerpt":{"rendered":"<p>Ren\u00e9 Trabelsi\/Yassine Ayari. \u00abMonsieur le ministre, comme vous l&rsquo;avez s\u00fbrement remarqu\u00e9, je n&rsquo;ai pas abord\u00e9 le sujet du budget du minist\u00e8re du Tourisme et de l&rsquo;Artisanat car vous n&rsquo;allez pas comprendre ce que je vais vous dire. Vous \u00eates un ministre qui ne d\u00e9tient aucun dipl\u00f4me universitaire\u00bb, a lanc\u00e9 le d\u00e9put\u00e9 Yassine Ayari \u00e0 Ren\u00e9&#8230;<\/p>\n","protected":false},"author":16,"featured_media":0,"comment_status":"open","ping_status":"open","sticky":false,"template":"","format":"standard","meta":{"footnotes":""},"categories":[997,2433,4806],"tags":[5848,4938,4939,819,908,971],"class_list":["post-187505","post","type-post","status-publish","format-standard","hentry","category-politique","category-tunisie","category-videos","tag-parlement","tag-rene-trabelsi","tag-royal-first-travel","tag-selma-elloumi-rekik","tag-tourisme","tag-yassine-ayari"],"yoast_head":"<!-- This site is optimized with the Yoast SEO plugin v26.6 - https:\/\/yoast.com\/wordpress\/plugins\/seo\/ -->\n<title>Assembl\u00e9e : Yassine Ayari poursuit sa gu\u00e9guerre contre Ren\u00e9 Trabelsi - Kapitalis<\/title>\n<meta name=\"robots\" content=\"index, follow, max-snippet:-1, max-image-preview:large, max-video-preview:-1\" \/>\n<link rel=\"canonical\" href=\"https:\/\/kapitalis.com\/tunisie\/2018\/12\/06\/assemblee-yassine-ayari-poursuit-sa-gueguerre-contre-rene-trabelsi\/\" \/>\n<meta property=\"og:locale\" content=\"fr_FR\" \/>\n<meta property=\"og:type\" content=\"article\" \/>\n<meta property=\"og:title\" content=\"Assembl\u00e9e : Yassine Ayari poursuit sa gu\u00e9guerre contre Ren\u00e9 Trabelsi - Kapitalis\" \/>\n<meta property=\"og:description\" content=\"Ren\u00e9 Trabelsi\/Yassine Ayari. \u00abMonsieur le ministre, comme vous l&rsquo;avez s\u00fbrement remarqu\u00e9, je n&rsquo;ai pas abord\u00e9 le sujet du budget du minist\u00e8re du Tourisme et de l&rsquo;Artisanat car vous n&rsquo;allez pas comprendre ce que je vais vous dire. Vous \u00eates un ministre qui ne d\u00e9tient aucun dipl\u00f4me universitaire\u00bb, a lanc\u00e9 le d\u00e9put\u00e9 Yassine Ayari \u00e0 Ren\u00e9...\" \/>\n<meta property=\"og:url\" content=\"https:\/\/kapitalis.com\/tunisie\/2018\/12\/06\/assemblee-yassine-ayari-poursuit-sa-gueguerre-contre-rene-trabelsi\/\" \/>\n<meta property=\"og:site_name\" content=\"Kapitalis\" \/>\n<meta property=\"article:publisher\" content=\"https:\/\/www.facebook.com\/KapitalisInfo\/\" \/>\n<meta property=\"article:published_time\" content=\"2018-12-06T09:20:27+00:00\" \/>\n<meta property=\"article:modified_time\" content=\"2018-12-06T09:24:07+00:00\" \/>\n<meta property=\"og:image\" content=\"http:\/\/kapitalis.com\/tunisie\/wp-content\/uploads\/2018\/11\/Rene-Trabelsi-Yassine-Ayari.jpg\" \/>\n<meta name=\"author\" content=\"emna benabdallah\" \/>\n<meta name=\"twitter:card\" content=\"summary_large_image\" \/>\n<meta name=\"twitter:creator\" content=\"@KapitalisInfo\" \/>\n<meta name=\"twitter:site\" content=\"@KapitalisInfo\" \/>\n<meta name=\"twitter:label1\" content=\"\u00c9crit par\" \/>\n\t<meta name=\"twitter:data1\" content=\"emna benabdallah\" \/>\n\t<meta name=\"twitter:label2\" content=\"Dur\u00e9e de lecture estim\u00e9e\" \/>\n\t<meta name=\"twitter:data2\" content=\"2 minutes\" \/>\n<script type=\"application\/ld+json\" class=\"yoast-schema-graph\">{\"@context\":\"https:\/\/schema.org\",\"@graph\":[{\"@type\":\"Article\",\"@id\":\"https:\/\/kapitalis.com\/tunisie\/2018\/12\/06\/assemblee-yassine-ayari-poursuit-sa-gueguerre-contre-rene-trabelsi\/#article\",\"isPartOf\":{\"@id\":\"https:\/\/kapitalis.com\/tunisie\/2018\/12\/06\/assemblee-yassine-ayari-poursuit-sa-gueguerre-contre-rene-trabelsi\/\"},\"author\":{\"name\":\"emna benabdallah\",\"@id\":\"https:\/\/kapitalis.com\/tunisie\/#\/schema\/person\/2c6e134b2f3369dffcd1daf5f087d28b\"},\"headline\":\"Assembl\u00e9e : Yassine Ayari poursuit sa gu\u00e9guerre contre Ren\u00e9 Trabelsi\",\"datePublished\":\"2018-12-06T09:20:27+00:00\",\"dateModified\":\"2018-12-06T09:24:07+00:00\",\"mainEntityOfPage\":{\"@id\":\"https:\/\/kapitalis.com\/tunisie\/2018\/12\/06\/assemblee-yassine-ayari-poursuit-sa-gueguerre-contre-rene-trabelsi\/\"},\"wordCount\":320,\"commentCount\":16,\"publisher\":{\"@id\":\"https:\/\/kapitalis.com\/tunisie\/#organization\"},\"image\":{\"@id\":\"https:\/\/kapitalis.com\/tunisie\/2018\/12\/06\/assemblee-yassine-ayari-poursuit-sa-gueguerre-contre-rene-trabelsi\/#primaryimage\"},\"thumbnailUrl\":\"http:\/\/kapitalis.com\/tunisie\/wp-content\/uploads\/2018\/11\/Rene-Trabelsi-Yassine-Ayari.jpg\",\"keywords\":[\"parlement\",\"Ren\u00e9 Trabelsi\",\"Royal First Travel\",\"Selma Elloumi Rekik\",\"tourisme\",\"Yassine Ayari\"],\"articleSection\":[\"POLITIQUE\",\"Tunisie\",\"VIDEOS\"],\"inLanguage\":\"fr-FR\",\"potentialAction\":[{\"@type\":\"CommentAction\",\"name\":\"Comment\",\"target\":[\"https:\/\/kapitalis.com\/tunisie\/2018\/12\/06\/assemblee-yassine-ayari-poursuit-sa-gueguerre-contre-rene-trabelsi\/#respond\"]}]},{\"@type\":\"WebPage\",\"@id\":\"https:\/\/kapitalis.com\/tunisie\/2018\/12\/06\/assemblee-yassine-ayari-poursuit-sa-gueguerre-contre-rene-trabelsi\/\",\"url\":\"https:\/\/kapitalis.com\/tunisie\/2018\/12\/06\/assemblee-yassine-ayari-poursuit-sa-gueguerre-contre-rene-trabelsi\/\",\"name\":\"Assembl\u00e9e : Yassine Ayari poursuit sa gu\u00e9guerre contre Ren\u00e9 Trabelsi - Kapitalis\",\"isPartOf\":{\"@id\":\"https:\/\/kapitalis.com\/tunisie\/#website\"},\"primaryImageOfPage\":{\"@id\":\"https:\/\/kapitalis.com\/tunisie\/2018\/12\/06\/assemblee-yassine-ayari-poursuit-sa-gueguerre-contre-rene-trabelsi\/#primaryimage\"},\"image\":{\"@id\":\"https:\/\/kapitalis.com\/tunisie\/2018\/12\/06\/assemblee-yassine-ayari-poursuit-sa-gueguerre-contre-rene-trabelsi\/#primaryimage\"},\"thumbnailUrl\":\"http:\/\/kapitalis.com\/tunisie\/wp-content\/uploads\/2018\/11\/Rene-Trabelsi-Yassine-Ayari.jpg\",\"datePublished\":\"2018-12-06T09:20:27+00:00\",\"dateModified\":\"2018-12-06T09:24:07+00:00\",\"breadcrumb\":{\"@id\":\"https:\/\/kapitalis.com\/tunisie\/2018\/12\/06\/assemblee-yassine-ayari-poursuit-sa-gueguerre-contre-rene-trabelsi\/#breadcrumb\"},\"inLanguage\":\"fr-FR\",\"potentialAction\":[{\"@type\":\"ReadAction\",\"target\":[\"https:\/\/kapitalis.com\/tunisie\/2018\/12\/06\/assemblee-yassine-ayari-poursuit-sa-gueguerre-contre-rene-trabelsi\/\"]}]},{\"@type\":\"ImageObject\",\"inLanguage\":\"fr-FR\",\"@id\":\"https:\/\/kapitalis.com\/tunisie\/2018\/12\/06\/assemblee-yassine-ayari-poursuit-sa-gueguerre-contre-rene-trabelsi\/#primaryimage\",\"url\":\"http:\/\/kapitalis.com\/tunisie\/wp-content\/uploads\/2018\/11\/Rene-Trabelsi-Yassine-Ayari.jpg\",\"contentUrl\":\"http:\/\/kapitalis.com\/tunisie\/wp-content\/uploads\/2018\/11\/Rene-Trabelsi-Yassine-Ayari.jpg\"},{\"@type\":\"BreadcrumbList\",\"@id\":\"https:\/\/kapitalis.com\/tunisie\/2018\/12\/06\/assemblee-yassine-ayari-poursuit-sa-gueguerre-contre-rene-trabelsi\/#breadcrumb\",\"itemListElement\":[{\"@type\":\"ListItem\",\"position\":1,\"name\":\"Accueil\",\"item\":\"https:\/\/kapitalis.com\/tunisie\/\"},{\"@type\":\"ListItem\",\"position\":2,\"name\":\"Assembl\u00e9e : Yassine Ayari poursuit sa gu\u00e9guerre contre Ren\u00e9 Trabelsi\"}]},{\"@type\":\"WebSite\",\"@id\":\"https:\/\/kapitalis.com\/tunisie\/#website\",\"url\":\"https:\/\/kapitalis.com\/tunisie\/\",\"name\":\"Kapitalis\",\"description\":\"L&#039;actualit\u00e9 en Tunisie et dans le monde\",\"publisher\":{\"@id\":\"https:\/\/kapitalis.com\/tunisie\/#organization\"},\"potentialAction\":[{\"@type\":\"SearchAction\",\"target\":{\"@type\":\"EntryPoint\",\"urlTemplate\":\"https:\/\/kapitalis.com\/tunisie\/?s={search_term_string}\"},\"query-input\":{\"@type\":\"PropertyValueSpecification\",\"valueRequired\":true,\"valueName\":\"search_term_string\"}}],\"inLanguage\":\"fr-FR\"},{\"@type\":\"Organization\",\"@id\":\"https:\/\/kapitalis.com\/tunisie\/#organization\",\"name\":\"Kapitalis\",\"url\":\"https:\/\/kapitalis.com\/tunisie\/\",\"logo\":{\"@type\":\"ImageObject\",\"inLanguage\":\"fr-FR\",\"@id\":\"https:\/\/kapitalis.com\/tunisie\/#\/schema\/logo\/image\/\",\"url\":\"https:\/\/kapitalis.com\/tunisie\/wp-content\/uploads\/2022\/05\/Kapitalis-big-size.png\",\"contentUrl\":\"https:\/\/kapitalis.com\/tunisie\/wp-content\/uploads\/2022\/05\/Kapitalis-big-size.png\",\"width\":5000,\"height\":1500,\"caption\":\"Kapitalis\"},\"image\":{\"@id\":\"https:\/\/kapitalis.com\/tunisie\/#\/schema\/logo\/image\/\"},\"sameAs\":[\"https:\/\/www.facebook.com\/KapitalisInfo\/\",\"https:\/\/x.com\/KapitalisInfo\",\"https:\/\/www.youtube.com\/channel\/UC-yDYrHyfFBWWZaOw3FPg9Q\"]},{\"@type\":\"Person\",\"@id\":\"https:\/\/kapitalis.com\/tunisie\/#\/schema\/person\/2c6e134b2f3369dffcd1daf5f087d28b\",\"name\":\"emna benabdallah\",\"url\":\"https:\/\/kapitalis.com\/tunisie\/author\/emna\/\"}]}<\/script>\n<!-- \/ Yoast SEO plugin. -->","yoast_head_json":{"title":"Assembl\u00e9e : Yassine Ayari poursuit sa gu\u00e9guerre contre Ren\u00e9 Trabelsi - Kapitalis","robots":{"index":"index","follow":"follow","max-snippet":"max-snippet:-1","max-image-preview":"max-image-preview:large","max-video-preview":"max-video-preview:-1"},"canonical":"https:\/\/kapitalis.com\/tunisie\/2018\/12\/06\/assemblee-yassine-ayari-poursuit-sa-gueguerre-contre-rene-trabelsi\/","og_locale":"fr_FR","og_type":"article","og_title":"Assembl\u00e9e : Yassine Ayari poursuit sa gu\u00e9guerre contre Ren\u00e9 Trabelsi - Kapitalis","og_description":"Ren\u00e9 Trabelsi\/Yassine Ayari. \u00abMonsieur le ministre, comme vous l&rsquo;avez s\u00fbrement remarqu\u00e9, je n&rsquo;ai pas abord\u00e9 le sujet du budget du minist\u00e8re du Tourisme et de l&rsquo;Artisanat car vous n&rsquo;allez pas comprendre ce que je vais vous dire. Vous \u00eates un ministre qui ne d\u00e9tient aucun dipl\u00f4me universitaire\u00bb, a lanc\u00e9 le d\u00e9put\u00e9 Yassine Ayari \u00e0 Ren\u00e9...","og_url":"https:\/\/kapitalis.com\/tunisie\/2018\/12\/06\/assemblee-yassine-ayari-poursuit-sa-gueguerre-contre-rene-trabelsi\/","og_site_name":"Kapitalis","article_publisher":"https:\/\/www.facebook.com\/KapitalisInfo\/","article_published_time":"2018-12-06T09:20:27+00:00","article_modified_time":"2018-12-06T09:24:07+00:00","og_image":[{"url":"http:\/\/kapitalis.com\/tunisie\/wp-content\/uploads\/2018\/11\/Rene-Trabelsi-Yassine-Ayari.jpg","type":"","width":"","height":""}],"author":"emna benabdallah","twitter_card":"summary_large_image","twitter_creator":"@KapitalisInfo","twitter_site":"@KapitalisInfo","twitter_misc":{"\u00c9crit par":"emna benabdallah","Dur\u00e9e de lecture estim\u00e9e":"2 minutes"},"schema":{"@context":"https:\/\/schema.org","@graph":[{"@type":"Article","@id":"https:\/\/kapitalis.com\/tunisie\/2018\/12\/06\/assemblee-yassine-ayari-poursuit-sa-gueguerre-contre-rene-trabelsi\/#article","isPartOf":{"@id":"https:\/\/kapitalis.com\/tunisie\/2018\/12\/06\/assemblee-yassine-ayari-poursuit-sa-gueguerre-contre-rene-trabelsi\/"},"author":{"name":"emna benabdallah","@id":"https:\/\/kapitalis.com\/tunisie\/#\/schema\/person\/2c6e134b2f3369dffcd1daf5f087d28b"},"headline":"Assembl\u00e9e : Yassine Ayari poursuit sa gu\u00e9guerre contre Ren\u00e9 Trabelsi","datePublished":"2018-12-06T09:20:27+00:00","dateModified":"2018-12-06T09:24:07+00:00","mainEntityOfPage":{"@id":"https:\/\/kapitalis.com\/tunisie\/2018\/12\/06\/assemblee-yassine-ayari-poursuit-sa-gueguerre-contre-rene-trabelsi\/"},"wordCount":320,"commentCount":16,"publisher":{"@id":"https:\/\/kapitalis.com\/tunisie\/#organization"},"image":{"@id":"https:\/\/kapitalis.com\/tunisie\/2018\/12\/06\/assemblee-yassine-ayari-poursuit-sa-gueguerre-contre-rene-trabelsi\/#primaryimage"},"thumbnailUrl":"http:\/\/kapitalis.com\/tunisie\/wp-content\/uploads\/2018\/11\/Rene-Trabelsi-Yassine-Ayari.jpg","keywords":["parlement","Ren\u00e9 Trabelsi","Royal First Travel","Selma Elloumi Rekik","tourisme","Yassine Ayari"],"articleSection":["POLITIQUE","Tunisie","VIDEOS"],"inLanguage":"fr-FR","potentialAction":[{"@type":"CommentAction","name":"Comment","target":["https:\/\/kapitalis.com\/tunisie\/2018\/12\/06\/assemblee-yassine-ayari-poursuit-sa-gueguerre-contre-rene-trabelsi\/#respond"]}]},{"@type":"WebPage","@id":"https:\/\/kapitalis.com\/tunisie\/2018\/12\/06\/assemblee-yassine-ayari-poursuit-sa-gueguerre-contre-rene-trabelsi\/","url":"https:\/\/kapitalis.com\/tunisie\/2018\/12\/06\/assemblee-yassine-ayari-poursuit-sa-gueguerre-contre-rene-trabelsi\/","name":"Assembl\u00e9e : Yassine Ayari poursuit sa gu\u00e9guerre contre Ren\u00e9 Trabelsi - Kapitalis","isPartOf":{"@id":"https:\/\/kapitalis.com\/tunisie\/#website"},"primaryImageOfPage":{"@id":"https:\/\/kapitalis.com\/tunisie\/2018\/12\/06\/assemblee-yassine-ayari-poursuit-sa-gueguerre-contre-rene-trabelsi\/#primaryimage"},"image":{"@id":"https:\/\/kapitalis.com\/tunisie\/2018\/12\/06\/assemblee-yassine-ayari-poursuit-sa-gueguerre-contre-rene-trabelsi\/#primaryimage"},"thumbnailUrl":"http:\/\/kapitalis.com\/tunisie\/wp-content\/uploads\/2018\/11\/Rene-Trabelsi-Yassine-Ayari.jpg","datePublished":"2018-12-06T09:20:27+00:00","dateModified":"2018-12-06T09:24:07+00:00","breadcrumb":{"@id":"https:\/\/kapitalis.com\/tunisie\/2018\/12\/06\/assemblee-yassine-ayari-poursuit-sa-gueguerre-contre-rene-trabelsi\/#breadcrumb"},"inLanguage":"fr-FR","potentialAction":[{"@type":"ReadAction","target":["https:\/\/kapitalis.com\/tunisie\/2018\/12\/06\/assemblee-yassine-ayari-poursuit-sa-gueguerre-contre-rene-trabelsi\/"]}]},{"@type":"ImageObject","inLanguage":"fr-FR","@id":"https:\/\/kapitalis.com\/tunisie\/2018\/12\/06\/assemblee-yassine-ayari-poursuit-sa-gueguerre-contre-rene-trabelsi\/#primaryimage","url":"http:\/\/kapitalis.com\/tunisie\/wp-content\/uploads\/2018\/11\/Rene-Trabelsi-Yassine-Ayari.jpg","contentUrl":"http:\/\/kapitalis.com\/tunisie\/wp-content\/uploads\/2018\/11\/Rene-Trabelsi-Yassine-Ayari.jpg"},{"@type":"BreadcrumbList","@id":"https:\/\/kapitalis.com\/tunisie\/2018\/12\/06\/assemblee-yassine-ayari-poursuit-sa-gueguerre-contre-rene-trabelsi\/#breadcrumb","itemListElement":[{"@type":"ListItem","position":1,"name":"Accueil","item":"https:\/\/kapitalis.com\/tunisie\/"},{"@type":"ListItem","position":2,"name":"Assembl\u00e9e : Yassine Ayari poursuit sa gu\u00e9guerre contre Ren\u00e9 Trabelsi"}]},{"@type":"WebSite","@id":"https:\/\/kapitalis.com\/tunisie\/#website","url":"https:\/\/kapitalis.com\/tunisie\/","name":"Kapitalis","description":"L&#039;actualit\u00e9 en Tunisie et dans le monde","publisher":{"@id":"https:\/\/kapitalis.com\/tunisie\/#organization"},"potentialAction":[{"@type":"SearchAction","target":{"@type":"EntryPoint","urlTemplate":"https:\/\/kapitalis.com\/tunisie\/?s={search_term_string}"},"query-input":{"@type":"PropertyValueSpecification","valueRequired":true,"valueName":"search_term_string"}}],"inLanguage":"fr-FR"},{"@type":"Organization","@id":"https:\/\/kapitalis.com\/tunisie\/#organization","name":"Kapitalis","url":"https:\/\/kapitalis.com\/tunisie\/","logo":{"@type":"ImageObject","inLanguage":"fr-FR","@id":"https:\/\/kapitalis.com\/tunisie\/#\/schema\/logo\/image\/","url":"https:\/\/kapitalis.com\/tunisie\/wp-content\/uploads\/2022\/05\/Kapitalis-big-size.png","contentUrl":"https:\/\/kapitalis.com\/tunisie\/wp-content\/uploads\/2022\/05\/Kapitalis-big-size.png","width":5000,"height":1500,"caption":"Kapitalis"},"image":{"@id":"https:\/\/kapitalis.com\/tunisie\/#\/schema\/logo\/image\/"},"sameAs":["https:\/\/www.facebook.com\/KapitalisInfo\/","https:\/\/x.com\/KapitalisInfo","https:\/\/www.youtube.com\/channel\/UC-yDYrHyfFBWWZaOw3FPg9Q"]},{"@type":"Person","@id":"https:\/\/kapitalis.com\/tunisie\/#\/schema\/person\/2c6e134b2f3369dffcd1daf5f087d28b","name":"emna benabdallah","url":"https:\/\/kapitalis.com\/tunisie\/author\/emna\/"}]}},"_links":{"self":[{"href":"https:\/\/kapitalis.com\/tunisie\/wp-json\/wp\/v2\/posts\/187505","targetHints":{"allow":["GET"]}}],"collection":[{"href":"https:\/\/kapitalis.com\/tunisie\/wp-json\/wp\/v2\/posts"}],"about":[{"href":"https:\/\/kapitalis.com\/tunisie\/wp-json\/wp\/v2\/types\/post"}],"author":[{"embeddable":true,"href":"https:\/\/kapitalis.com\/tunisie\/wp-json\/wp\/v2\/users\/16"}],"replies":[{"embeddable":true,"href":"https:\/\/kapitalis.com\/tunisie\/wp-json\/wp\/v2\/comments?post=187505"}],"version-history":[{"count":0,"href":"https:\/\/kapitalis.com\/tunisie\/wp-json\/wp\/v2\/posts\/187505\/revisions"}],"wp:attachment":[{"href":"https:\/\/kapitalis.com\/tunisie\/wp-json\/wp\/v2\/media?parent=187505"}],"wp:term":[{"taxonomy":"category","embeddable":true,"href":"https:\/\/kapitalis.com\/tunisie\/wp-json\/wp\/v2\/categories?post=187505"},{"taxonomy":"post_tag","embeddable":true,"href":"https:\/\/kapitalis.com\/tunisie\/wp-json\/wp\/v2\/tags?post=187505"}],"curies":[{"name":"wp","href":"https:\/\/api.w.org\/{rel}","templated":true}]}}