{"id":187553,"date":"2018-12-06T13:34:10","date_gmt":"2018-12-06T12:34:10","guid":{"rendered":"http:\/\/kapitalis.com\/tunisie\/?p=187553"},"modified":"2018-12-06T13:34:10","modified_gmt":"2018-12-06T12:34:10","slug":"les-gilets-jaunes-et-le-risque-de-contagion-en-tunisie","status":"publish","type":"post","link":"https:\/\/kapitalis.com\/tunisie\/2018\/12\/06\/les-gilets-jaunes-et-le-risque-de-contagion-en-tunisie\/","title":{"rendered":"Les Gilets jaunes et le risque de contagion en Tunisie"},"content":{"rendered":"<p style=\"text-align: center;\"><img loading=\"lazy\" decoding=\"async\" class=\"alignnone size-full wp-image-187554\" src=\"http:\/\/kapitalis.com\/tunisie\/wp-content\/uploads\/2018\/12\/Gilets-jaunes-France-Tunisie.jpg\" alt=\"\" width=\"626\" height=\"380\" \/><\/p>\n<p><em><strong>B\u00e9ji Caid Essebsi, Youssed Chahed ainsi que tous leurs courtisans seraient bien avis\u00e9s de regarder avec appr\u00e9hension ce qui se passe en France, avec la radicalisation du mouvement des Gilets jaunes.<\/strong><\/em><\/p>\n<p>Par <strong>Wael Mejrissi<\/strong><\/p>\n<p><!--more--><\/p>\n<p>Voil\u00e0 qui devrait donner \u00e0 r\u00e9fl\u00e9chir pour nos gouvernants. Une r\u00e9volte d\u2019une ampleur et d\u2019une forme in\u00e9dites est en train de prendre forme dans toutes les villes de France pour d\u00e9fendre le pouvoir d\u2019achat et d\u00e9noncer les injustices sociales, fiscales et un syst\u00e8me politique devenu au fil du temps antid\u00e9mocratique.<\/p>\n<p>L\u2019\u00e9conomie est litt\u00e9ralement asphyxi\u00e9e par les blocages des principales art\u00e8res et les pillages qui \u00e9branlent s\u00e9rieusement le pouvoir ex\u00e9cutif depuis l\u2019\u00e9lection du pr\u00e9sident Emmanuel Macron.<\/p>\n<h3>Des indicateurs \u00e9conomiques et sociaux calamiteux<\/h3>\n<p>B\u00e9ji Caid Essebsi, Youssed Chahed ainsi que tous leurs courtisans seraient bien avis\u00e9s de regarder ce qui se passe en France avec appr\u00e9hension. Les indicateurs \u00e9conomiques et sociaux sont au moins aussi calamiteux en Tunisie alors que les gouvernements se succ\u00e8dent les uns aux autres sans v\u00e9ritable r\u00e9sultat. Le taux de ch\u00f4mage avoisine les 15% de la population active et \u00e0 ce jour, aucune politique \u00e9conomique digne de ce nom n\u2019a \u00e9t\u00e9 propos\u00e9e pour endiguer ce fl\u00e9au qui pousse tous les ch\u00f4meurs, les travailleurs pauvres, les exclus \u00e0 d\u00e9fier la mer M\u00e9diterran\u00e9e au p\u00e9ril de leur vie dans l\u2019espoir d&rsquo;une vie meilleure.<\/p>\n<p>La r\u00e9volte qui secoue le pays des Lumi\u00e8res risque bien de donner des id\u00e9es aux classes populaires de la Tunisie dont le pouvoir d\u2019achat, d\u00e9j\u00e0 bien \u00e9prouv\u00e9 par des salaires tr\u00e8s bas, suit son inexorable descente aux enfers avec le concours d\u2019une inflation qu\u2019aucune autorit\u00e9 politique ni \u00e9conomique ne peut contenir.<\/p>\n<p>D\u2019ailleurs la contagion a d\u00e9j\u00e0 commenc\u00e9 dans la capitale belge et la Tunisie pourrait tr\u00e8s bien devenir le prochain th\u00e9\u00e2tre d\u2019un nouveau soul\u00e8vement populaire pour revendiquer la dignit\u00e9, la libert\u00e9 ayant d\u00e9j\u00e0 \u00e9t\u00e9 acquise apr\u00e8s le soul\u00e8vement de 2011. Cette dignit\u00e9 que les Tunisiens d\u2019en bas n\u2019ont finalement jamais obtenue alors que la chute du pr\u00e9sident Ben Ali \u00e9tait l\u2019\u0153uvre des classes modestes et des tr\u00e8s pauvres dans les r\u00e9gions d\u00e9laiss\u00e9es par les pouvoirs publics en mati\u00e8re de sant\u00e9, de s\u00e9curit\u00e9 et d\u2019emploi.<\/p>\n<h3>Une caste politique qui se sert au lieu de servir<\/h3>\n<p>La r\u00e9volution du 14 janvier 2011 n\u2019a que sept ans et l\u00e0 voil\u00e0 d\u00e9j\u00e0 un lointain souvenir pour le pr\u00e9sident de la r\u00e9publique, le chef du gouvernement, Rached Ghannouchi, le chef d\u2019Ennahdha, le parti le plus puissant du pays, et tous les politiciens chevronn\u00e9s guid\u00e9s par l\u2019app\u00e2t du gain et non par le souci permanent de l\u2019int\u00e9r\u00eat g\u00e9n\u00e9ral.<\/p>\n<p>Un climat insurrectionnel est loin d&rsquo;\u00eatre un sc\u00e9nario de politique-fiction au pays du jasmin alors que la situation socio-\u00e9conomique s\u2019est consid\u00e9rablement d\u00e9grad\u00e9e depuis le d\u00e9part pr\u00e9cipit\u00e9 du pr\u00e9sident d\u00e9chu.<\/p>\n<p>Les tractations internes aux partis politiques, les jeux de chaises musicales minist\u00e9rielles, les compromissions au service des ambitions personnelles sont autant d\u2019ingr\u00e9dients capables de nous conduire encore une fois vers un climat insurrectionnel qui chasserait toute une caste politique qui se sert au lieu de servir.<\/p>\n<p>La nomination de Slim Riahi \u00e0 la t\u00eate de Nidaa Tounes, le parti pr\u00e9sidentiel, donne d&rsquo;ailleurs beaucoup de grains \u00e0 moudre aux contestataires et aux adeptes d\u2019une contre-r\u00e9volution qui, rappelons le, se sont soulev\u00e9s avec comme mot d\u2019ordre l\u2019arr\u00eat de la corruption massive devenue un mode de gestion incontournable de notre \u00e9conomie.<\/p>\n<p>L\u2019omnipr\u00e9sence de cet homme d\u2019affaires au pass\u00e9 trouble sur la sc\u00e8ne politique tunisienne r\u00e9v\u00e8le que nos gouvernants, en plus d\u2019avoir la m\u00e9moire courte, n\u2019ont en r\u00e9alit\u00e9 pas pris la pleine mesure des attentes populaires et citoyennes exprim\u00e9es le 14 janvier 2011.<\/p>\n<p>Au lieu de faire des plans sur la com\u00e8te en vue des \u00e9lections pr\u00e9sidentielles de l&rsquo;ann\u00e9e prochaine, il serait plus opportun de m\u00e9diter les \u00e9v\u00e9nements mena\u00e7ant les institutions d\u2019un pays qui n\u2019a pas h\u00e9sit\u00e9 \u00e0 couper la t\u00eate de son roi en 1793.<\/p>\n<blockquote class=\"wp-embedded-content\" data-secret=\"dxk4vsfLd2\"><p><a href=\"https:\/\/kapitalis.com\/tunisie\/2018\/12\/03\/que-dit-le-mouvement-des-gilets-jaunes-sur-notre-epoque\/\">Que dit le mouvement des gilets jaunes sur notre \u00e9poque?<\/a><\/p><\/blockquote>\n<p><iframe loading=\"lazy\" class=\"wp-embedded-content\" sandbox=\"allow-scripts\" security=\"restricted\" style=\"position: absolute; clip: rect(1px, 1px, 1px, 1px);\" title=\"\u00ab\u00a0Que dit le mouvement des gilets jaunes sur notre \u00e9poque?\u00a0\u00bb &#8212; Kapitalis\" src=\"https:\/\/kapitalis.com\/tunisie\/2018\/12\/03\/que-dit-le-mouvement-des-gilets-jaunes-sur-notre-epoque\/embed\/#?secret=XjK4Egpw9z#?secret=dxk4vsfLd2\" data-secret=\"dxk4vsfLd2\" width=\"600\" height=\"338\" frameborder=\"0\" marginwidth=\"0\" marginheight=\"0\" scrolling=\"no\"><\/iframe><\/p>\n","protected":false},"excerpt":{"rendered":"<p>B\u00e9ji Caid Essebsi, Youssed Chahed ainsi que tous leurs courtisans seraient bien avis\u00e9s de regarder avec appr\u00e9hension ce qui se passe en France, avec la radicalisation du mouvement des Gilets jaunes. Par Wael Mejrissi<\/p>\n","protected":false},"author":8,"featured_media":187554,"comment_status":"open","ping_status":"open","sticky":false,"template":"","format":"standard","meta":{"footnotes":""},"categories":[992,997,2433],"tags":[1108,1868,53349,478,49571,2059,1642],"class_list":["post-187553","post","type-post","status-publish","format-standard","has-post-thumbnail","hentry","category-a-la-une","category-politique","category-tunisie","tag-beji-caid-essebsi","tag-chomage","tag-gilets-jaunes","tag-inflation","tag-nidaa-tounes","tag-pouvoir-dachat","tag-slim-riahi"],"yoast_head":"<!-- This site is optimized with the Yoast SEO plugin v26.6 - https:\/\/yoast.com\/wordpress\/plugins\/seo\/ -->\n<title>Les Gilets jaunes et le risque de contagion en Tunisie - Kapitalis<\/title>\n<meta name=\"robots\" content=\"index, follow, max-snippet:-1, max-image-preview:large, max-video-preview:-1\" \/>\n<link rel=\"canonical\" href=\"https:\/\/kapitalis.com\/tunisie\/2018\/12\/06\/les-gilets-jaunes-et-le-risque-de-contagion-en-tunisie\/\" \/>\n<meta property=\"og:locale\" content=\"fr_FR\" \/>\n<meta property=\"og:type\" content=\"article\" \/>\n<meta property=\"og:title\" content=\"Les Gilets jaunes et le risque de contagion en Tunisie - Kapitalis\" \/>\n<meta property=\"og:description\" content=\"B\u00e9ji Caid Essebsi, Youssed Chahed ainsi que tous leurs courtisans seraient bien avis\u00e9s de regarder avec appr\u00e9hension ce qui se passe en France, avec la radicalisation du mouvement des Gilets jaunes. Par Wael Mejrissi\" \/>\n<meta property=\"og:url\" content=\"https:\/\/kapitalis.com\/tunisie\/2018\/12\/06\/les-gilets-jaunes-et-le-risque-de-contagion-en-tunisie\/\" \/>\n<meta property=\"og:site_name\" content=\"Kapitalis\" \/>\n<meta property=\"article:publisher\" content=\"https:\/\/www.facebook.com\/KapitalisInfo\/\" \/>\n<meta property=\"article:published_time\" content=\"2018-12-06T12:34:10+00:00\" \/>\n<meta property=\"og:image\" content=\"https:\/\/kapitalis.com\/tunisie\/wp-content\/uploads\/2022\/05\/kapitalis-logo-fb.png\" \/>\n\t<meta property=\"og:image:width\" content=\"1200\" \/>\n\t<meta property=\"og:image:height\" content=\"630\" \/>\n\t<meta property=\"og:image:type\" content=\"image\/png\" \/>\n<meta name=\"author\" content=\"webmaster kapitalis\" \/>\n<meta name=\"twitter:card\" content=\"summary_large_image\" \/>\n<meta name=\"twitter:creator\" content=\"@KapitalisInfo\" \/>\n<meta name=\"twitter:site\" content=\"@KapitalisInfo\" \/>\n<meta name=\"twitter:label1\" content=\"\u00c9crit par\" \/>\n\t<meta name=\"twitter:data1\" content=\"webmaster kapitalis\" \/>\n\t<meta name=\"twitter:label2\" content=\"Dur\u00e9e de lecture estim\u00e9e\" \/>\n\t<meta name=\"twitter:data2\" content=\"4 minutes\" \/>\n<script type=\"application\/ld+json\" class=\"yoast-schema-graph\">{\"@context\":\"https:\/\/schema.org\",\"@graph\":[{\"@type\":\"Article\",\"@id\":\"https:\/\/kapitalis.com\/tunisie\/2018\/12\/06\/les-gilets-jaunes-et-le-risque-de-contagion-en-tunisie\/#article\",\"isPartOf\":{\"@id\":\"https:\/\/kapitalis.com\/tunisie\/2018\/12\/06\/les-gilets-jaunes-et-le-risque-de-contagion-en-tunisie\/\"},\"author\":{\"name\":\"webmaster kapitalis\",\"@id\":\"https:\/\/kapitalis.com\/tunisie\/#\/schema\/person\/d71f33a9ca44f7bad4698210b480c8e9\"},\"headline\":\"Les Gilets jaunes et le risque de contagion en Tunisie\",\"datePublished\":\"2018-12-06T12:34:10+00:00\",\"mainEntityOfPage\":{\"@id\":\"https:\/\/kapitalis.com\/tunisie\/2018\/12\/06\/les-gilets-jaunes-et-le-risque-de-contagion-en-tunisie\/\"},\"wordCount\":756,\"commentCount\":12,\"publisher\":{\"@id\":\"https:\/\/kapitalis.com\/tunisie\/#organization\"},\"image\":{\"@id\":\"https:\/\/kapitalis.com\/tunisie\/2018\/12\/06\/les-gilets-jaunes-et-le-risque-de-contagion-en-tunisie\/#primaryimage\"},\"thumbnailUrl\":\"\",\"keywords\":[\"B\u00e9ji Ca\u00efd Essebsi\",\"ch\u00f4mage\",\"Gilets jaunes\",\"inflation\",\"Nidaa Tounes\",\"pouvoir d'achat\",\"Slim Riahi\"],\"articleSection\":[\"A LA UNE\",\"POLITIQUE\",\"Tunisie\"],\"inLanguage\":\"fr-FR\",\"potentialAction\":[{\"@type\":\"CommentAction\",\"name\":\"Comment\",\"target\":[\"https:\/\/kapitalis.com\/tunisie\/2018\/12\/06\/les-gilets-jaunes-et-le-risque-de-contagion-en-tunisie\/#respond\"]}]},{\"@type\":\"WebPage\",\"@id\":\"https:\/\/kapitalis.com\/tunisie\/2018\/12\/06\/les-gilets-jaunes-et-le-risque-de-contagion-en-tunisie\/\",\"url\":\"https:\/\/kapitalis.com\/tunisie\/2018\/12\/06\/les-gilets-jaunes-et-le-risque-de-contagion-en-tunisie\/\",\"name\":\"Les Gilets jaunes et le risque de contagion en Tunisie - Kapitalis\",\"isPartOf\":{\"@id\":\"https:\/\/kapitalis.com\/tunisie\/#website\"},\"primaryImageOfPage\":{\"@id\":\"https:\/\/kapitalis.com\/tunisie\/2018\/12\/06\/les-gilets-jaunes-et-le-risque-de-contagion-en-tunisie\/#primaryimage\"},\"image\":{\"@id\":\"https:\/\/kapitalis.com\/tunisie\/2018\/12\/06\/les-gilets-jaunes-et-le-risque-de-contagion-en-tunisie\/#primaryimage\"},\"thumbnailUrl\":\"\",\"datePublished\":\"2018-12-06T12:34:10+00:00\",\"breadcrumb\":{\"@id\":\"https:\/\/kapitalis.com\/tunisie\/2018\/12\/06\/les-gilets-jaunes-et-le-risque-de-contagion-en-tunisie\/#breadcrumb\"},\"inLanguage\":\"fr-FR\",\"potentialAction\":[{\"@type\":\"ReadAction\",\"target\":[\"https:\/\/kapitalis.com\/tunisie\/2018\/12\/06\/les-gilets-jaunes-et-le-risque-de-contagion-en-tunisie\/\"]}]},{\"@type\":\"ImageObject\",\"inLanguage\":\"fr-FR\",\"@id\":\"https:\/\/kapitalis.com\/tunisie\/2018\/12\/06\/les-gilets-jaunes-et-le-risque-de-contagion-en-tunisie\/#primaryimage\",\"url\":\"\",\"contentUrl\":\"\"},{\"@type\":\"BreadcrumbList\",\"@id\":\"https:\/\/kapitalis.com\/tunisie\/2018\/12\/06\/les-gilets-jaunes-et-le-risque-de-contagion-en-tunisie\/#breadcrumb\",\"itemListElement\":[{\"@type\":\"ListItem\",\"position\":1,\"name\":\"Accueil\",\"item\":\"https:\/\/kapitalis.com\/tunisie\/\"},{\"@type\":\"ListItem\",\"position\":2,\"name\":\"Les Gilets jaunes et le risque de contagion en Tunisie\"}]},{\"@type\":\"WebSite\",\"@id\":\"https:\/\/kapitalis.com\/tunisie\/#website\",\"url\":\"https:\/\/kapitalis.com\/tunisie\/\",\"name\":\"Kapitalis\",\"description\":\"L&#039;actualit\u00e9 en Tunisie et dans le monde\",\"publisher\":{\"@id\":\"https:\/\/kapitalis.com\/tunisie\/#organization\"},\"potentialAction\":[{\"@type\":\"SearchAction\",\"target\":{\"@type\":\"EntryPoint\",\"urlTemplate\":\"https:\/\/kapitalis.com\/tunisie\/?s={search_term_string}\"},\"query-input\":{\"@type\":\"PropertyValueSpecification\",\"valueRequired\":true,\"valueName\":\"search_term_string\"}}],\"inLanguage\":\"fr-FR\"},{\"@type\":\"Organization\",\"@id\":\"https:\/\/kapitalis.com\/tunisie\/#organization\",\"name\":\"Kapitalis\",\"url\":\"https:\/\/kapitalis.com\/tunisie\/\",\"logo\":{\"@type\":\"ImageObject\",\"inLanguage\":\"fr-FR\",\"@id\":\"https:\/\/kapitalis.com\/tunisie\/#\/schema\/logo\/image\/\",\"url\":\"https:\/\/kapitalis.com\/tunisie\/wp-content\/uploads\/2022\/05\/Kapitalis-big-size.png\",\"contentUrl\":\"https:\/\/kapitalis.com\/tunisie\/wp-content\/uploads\/2022\/05\/Kapitalis-big-size.png\",\"width\":5000,\"height\":1500,\"caption\":\"Kapitalis\"},\"image\":{\"@id\":\"https:\/\/kapitalis.com\/tunisie\/#\/schema\/logo\/image\/\"},\"sameAs\":[\"https:\/\/www.facebook.com\/KapitalisInfo\/\",\"https:\/\/x.com\/KapitalisInfo\",\"https:\/\/www.youtube.com\/channel\/UC-yDYrHyfFBWWZaOw3FPg9Q\"]},{\"@type\":\"Person\",\"@id\":\"https:\/\/kapitalis.com\/tunisie\/#\/schema\/person\/d71f33a9ca44f7bad4698210b480c8e9\",\"name\":\"webmaster kapitalis\",\"url\":\"https:\/\/kapitalis.com\/tunisie\/author\/webmaster-kapitalis\/\"}]}<\/script>\n<!-- \/ Yoast SEO plugin. -->","yoast_head_json":{"title":"Les Gilets jaunes et le risque de contagion en Tunisie - Kapitalis","robots":{"index":"index","follow":"follow","max-snippet":"max-snippet:-1","max-image-preview":"max-image-preview:large","max-video-preview":"max-video-preview:-1"},"canonical":"https:\/\/kapitalis.com\/tunisie\/2018\/12\/06\/les-gilets-jaunes-et-le-risque-de-contagion-en-tunisie\/","og_locale":"fr_FR","og_type":"article","og_title":"Les Gilets jaunes et le risque de contagion en Tunisie - Kapitalis","og_description":"B\u00e9ji Caid Essebsi, Youssed Chahed ainsi que tous leurs courtisans seraient bien avis\u00e9s de regarder avec appr\u00e9hension ce qui se passe en France, avec la radicalisation du mouvement des Gilets jaunes. Par Wael Mejrissi","og_url":"https:\/\/kapitalis.com\/tunisie\/2018\/12\/06\/les-gilets-jaunes-et-le-risque-de-contagion-en-tunisie\/","og_site_name":"Kapitalis","article_publisher":"https:\/\/www.facebook.com\/KapitalisInfo\/","article_published_time":"2018-12-06T12:34:10+00:00","og_image":[{"width":1200,"height":630,"url":"https:\/\/kapitalis.com\/tunisie\/wp-content\/uploads\/2022\/05\/kapitalis-logo-fb.png","type":"image\/png"}],"author":"webmaster kapitalis","twitter_card":"summary_large_image","twitter_creator":"@KapitalisInfo","twitter_site":"@KapitalisInfo","twitter_misc":{"\u00c9crit par":"webmaster kapitalis","Dur\u00e9e de lecture estim\u00e9e":"4 minutes"},"schema":{"@context":"https:\/\/schema.org","@graph":[{"@type":"Article","@id":"https:\/\/kapitalis.com\/tunisie\/2018\/12\/06\/les-gilets-jaunes-et-le-risque-de-contagion-en-tunisie\/#article","isPartOf":{"@id":"https:\/\/kapitalis.com\/tunisie\/2018\/12\/06\/les-gilets-jaunes-et-le-risque-de-contagion-en-tunisie\/"},"author":{"name":"webmaster kapitalis","@id":"https:\/\/kapitalis.com\/tunisie\/#\/schema\/person\/d71f33a9ca44f7bad4698210b480c8e9"},"headline":"Les Gilets jaunes et le risque de contagion en Tunisie","datePublished":"2018-12-06T12:34:10+00:00","mainEntityOfPage":{"@id":"https:\/\/kapitalis.com\/tunisie\/2018\/12\/06\/les-gilets-jaunes-et-le-risque-de-contagion-en-tunisie\/"},"wordCount":756,"commentCount":12,"publisher":{"@id":"https:\/\/kapitalis.com\/tunisie\/#organization"},"image":{"@id":"https:\/\/kapitalis.com\/tunisie\/2018\/12\/06\/les-gilets-jaunes-et-le-risque-de-contagion-en-tunisie\/#primaryimage"},"thumbnailUrl":"","keywords":["B\u00e9ji Ca\u00efd Essebsi","ch\u00f4mage","Gilets jaunes","inflation","Nidaa Tounes","pouvoir d'achat","Slim Riahi"],"articleSection":["A LA UNE","POLITIQUE","Tunisie"],"inLanguage":"fr-FR","potentialAction":[{"@type":"CommentAction","name":"Comment","target":["https:\/\/kapitalis.com\/tunisie\/2018\/12\/06\/les-gilets-jaunes-et-le-risque-de-contagion-en-tunisie\/#respond"]}]},{"@type":"WebPage","@id":"https:\/\/kapitalis.com\/tunisie\/2018\/12\/06\/les-gilets-jaunes-et-le-risque-de-contagion-en-tunisie\/","url":"https:\/\/kapitalis.com\/tunisie\/2018\/12\/06\/les-gilets-jaunes-et-le-risque-de-contagion-en-tunisie\/","name":"Les Gilets jaunes et le risque de contagion en Tunisie - Kapitalis","isPartOf":{"@id":"https:\/\/kapitalis.com\/tunisie\/#website"},"primaryImageOfPage":{"@id":"https:\/\/kapitalis.com\/tunisie\/2018\/12\/06\/les-gilets-jaunes-et-le-risque-de-contagion-en-tunisie\/#primaryimage"},"image":{"@id":"https:\/\/kapitalis.com\/tunisie\/2018\/12\/06\/les-gilets-jaunes-et-le-risque-de-contagion-en-tunisie\/#primaryimage"},"thumbnailUrl":"","datePublished":"2018-12-06T12:34:10+00:00","breadcrumb":{"@id":"https:\/\/kapitalis.com\/tunisie\/2018\/12\/06\/les-gilets-jaunes-et-le-risque-de-contagion-en-tunisie\/#breadcrumb"},"inLanguage":"fr-FR","potentialAction":[{"@type":"ReadAction","target":["https:\/\/kapitalis.com\/tunisie\/2018\/12\/06\/les-gilets-jaunes-et-le-risque-de-contagion-en-tunisie\/"]}]},{"@type":"ImageObject","inLanguage":"fr-FR","@id":"https:\/\/kapitalis.com\/tunisie\/2018\/12\/06\/les-gilets-jaunes-et-le-risque-de-contagion-en-tunisie\/#primaryimage","url":"","contentUrl":""},{"@type":"BreadcrumbList","@id":"https:\/\/kapitalis.com\/tunisie\/2018\/12\/06\/les-gilets-jaunes-et-le-risque-de-contagion-en-tunisie\/#breadcrumb","itemListElement":[{"@type":"ListItem","position":1,"name":"Accueil","item":"https:\/\/kapitalis.com\/tunisie\/"},{"@type":"ListItem","position":2,"name":"Les Gilets jaunes et le risque de contagion en Tunisie"}]},{"@type":"WebSite","@id":"https:\/\/kapitalis.com\/tunisie\/#website","url":"https:\/\/kapitalis.com\/tunisie\/","name":"Kapitalis","description":"L&#039;actualit\u00e9 en Tunisie et dans le monde","publisher":{"@id":"https:\/\/kapitalis.com\/tunisie\/#organization"},"potentialAction":[{"@type":"SearchAction","target":{"@type":"EntryPoint","urlTemplate":"https:\/\/kapitalis.com\/tunisie\/?s={search_term_string}"},"query-input":{"@type":"PropertyValueSpecification","valueRequired":true,"valueName":"search_term_string"}}],"inLanguage":"fr-FR"},{"@type":"Organization","@id":"https:\/\/kapitalis.com\/tunisie\/#organization","name":"Kapitalis","url":"https:\/\/kapitalis.com\/tunisie\/","logo":{"@type":"ImageObject","inLanguage":"fr-FR","@id":"https:\/\/kapitalis.com\/tunisie\/#\/schema\/logo\/image\/","url":"https:\/\/kapitalis.com\/tunisie\/wp-content\/uploads\/2022\/05\/Kapitalis-big-size.png","contentUrl":"https:\/\/kapitalis.com\/tunisie\/wp-content\/uploads\/2022\/05\/Kapitalis-big-size.png","width":5000,"height":1500,"caption":"Kapitalis"},"image":{"@id":"https:\/\/kapitalis.com\/tunisie\/#\/schema\/logo\/image\/"},"sameAs":["https:\/\/www.facebook.com\/KapitalisInfo\/","https:\/\/x.com\/KapitalisInfo","https:\/\/www.youtube.com\/channel\/UC-yDYrHyfFBWWZaOw3FPg9Q"]},{"@type":"Person","@id":"https:\/\/kapitalis.com\/tunisie\/#\/schema\/person\/d71f33a9ca44f7bad4698210b480c8e9","name":"webmaster kapitalis","url":"https:\/\/kapitalis.com\/tunisie\/author\/webmaster-kapitalis\/"}]}},"_links":{"self":[{"href":"https:\/\/kapitalis.com\/tunisie\/wp-json\/wp\/v2\/posts\/187553","targetHints":{"allow":["GET"]}}],"collection":[{"href":"https:\/\/kapitalis.com\/tunisie\/wp-json\/wp\/v2\/posts"}],"about":[{"href":"https:\/\/kapitalis.com\/tunisie\/wp-json\/wp\/v2\/types\/post"}],"author":[{"embeddable":true,"href":"https:\/\/kapitalis.com\/tunisie\/wp-json\/wp\/v2\/users\/8"}],"replies":[{"embeddable":true,"href":"https:\/\/kapitalis.com\/tunisie\/wp-json\/wp\/v2\/comments?post=187553"}],"version-history":[{"count":0,"href":"https:\/\/kapitalis.com\/tunisie\/wp-json\/wp\/v2\/posts\/187553\/revisions"}],"wp:featuredmedia":[{"embeddable":true,"href":"https:\/\/kapitalis.com\/tunisie\/wp-json\/wp\/v2\/media\/187554"}],"wp:attachment":[{"href":"https:\/\/kapitalis.com\/tunisie\/wp-json\/wp\/v2\/media?parent=187553"}],"wp:term":[{"taxonomy":"category","embeddable":true,"href":"https:\/\/kapitalis.com\/tunisie\/wp-json\/wp\/v2\/categories?post=187553"},{"taxonomy":"post_tag","embeddable":true,"href":"https:\/\/kapitalis.com\/tunisie\/wp-json\/wp\/v2\/tags?post=187553"}],"curies":[{"name":"wp","href":"https:\/\/api.w.org\/{rel}","templated":true}]}}