{"id":187670,"date":"2018-12-07T10:50:07","date_gmt":"2018-12-07T09:50:07","guid":{"rendered":"http:\/\/kapitalis.com\/tunisie\/?p=187670"},"modified":"2018-12-07T10:54:21","modified_gmt":"2018-12-07T09:54:21","slug":"plainte-contre-une-journaliste-pour-injures-a-caid-essebsi","status":"publish","type":"post","link":"https:\/\/kapitalis.com\/tunisie\/2018\/12\/07\/plainte-contre-une-journaliste-pour-injures-a-caid-essebsi\/","title":{"rendered":"Plainte contre une journaliste pour&#8230; injures \u00e0 Ca\u00efd Essebsi !"},"content":{"rendered":"<p style=\"text-align: center;\"><img loading=\"lazy\" decoding=\"async\" class=\"alignnone size-full wp-image-187671\" src=\"http:\/\/kapitalis.com\/tunisie\/wp-content\/uploads\/2018\/12\/Habib-Zammali_Jalila-Ayachi.jpg\" alt=\"\" width=\"626\" height=\"380\" \/><\/p>\n<p><em><strong>Me Habib Zammali a d\u00e9pos\u00e9 plainte contre la journaliste Jalila Ayachi Nasri pour injure au pr\u00e9sident de la r\u00e9publique, B\u00e9ji Ca\u00efd Essebsi.<\/strong><\/em><!--more--><\/p>\n<p>Selon l&rsquo;avocat, la journaliste \u00e0 Radio Monastir et ancienne secr\u00e9taire g\u00e9n\u00e9rale du bureau r\u00e9gional du Syndicat national des journalistes tunisiens (SNJT) au Sahel, aurait post\u00e9, r\u00e9cemment, un statut Facebook contenant des injures au chef de l&rsquo;Etat. C&rsquo;est pour cela qu&rsquo;il\u00a0a port\u00e9 plainte contre Mme Ayachi Nasri en vertu de l&rsquo;article 67 du code p\u00e9nal qui stipule :\u00a0\u00ab<em>Est puni de trois ans d\u2019emprisonnement et de deux cent quarante dinars d\u2019amende ou de l&rsquo;une de ces deux peines seulement, quiconque, hors les cas pr\u00e9vus aux articles 42 et 48 du code de la presse, se rend coupable d\u2019offense contre le chef de l&rsquo;\u00c9tat<\/em>\u00bb.<\/p>\n<p style=\"text-align: center;\"><img loading=\"lazy\" decoding=\"async\" class=\"alignnone size-full wp-image-187678\" src=\"http:\/\/kapitalis.com\/tunisie\/wp-content\/uploads\/2018\/12\/Plainte-Habib-Zammali.jpg\" alt=\"\" width=\"600\" height=\"800\" \/><\/p>\n<p>Me Zammali a \u00e9galement appel\u00e9 le minist\u00e8re public \u00e0 ouvrir une enqu\u00eate contre la journaliste et \u00e0 prendre les mesures judiciaires n\u00e9cessaires \u00e0 son encontre.<\/p>\n<p>Reste\u00a0qu&rsquo;avec tout le respect\u00a0que l&rsquo;on doit \u00e0 la personne du chef de l&rsquo;Etat, le d\u00e9lit reproch\u00e9 \u00e0 notre cons\u0153ur de Monastir ne saurait \u00eatre jug\u00e9\u00a0qu&rsquo;en vertu du d\u00e9cret-loi n\u00b0115 de novembre 2011 tenant lieu de nouveau code de la presse. Et ce texte ne pr\u00e9voit pas de sanctions privatives de la libert\u00e9, mais de simples amendes.<\/p>\n<p style=\"text-align: right;\"><strong>E. B. A.<\/strong><\/p>\n","protected":false},"excerpt":{"rendered":"<p>Me Habib Zammali a d\u00e9pos\u00e9 plainte contre la journaliste Jalila Ayachi Nasri pour injure au pr\u00e9sident de la r\u00e9publique, B\u00e9ji Ca\u00efd Essebsi.<\/p>\n","protected":false},"author":16,"featured_media":187671,"comment_status":"open","ping_status":"open","sticky":false,"template":"","format":"standard","meta":{"footnotes":""},"categories":[996,997,2433],"tags":[1108],"class_list":["post-187670","post","type-post","status-publish","format-standard","has-post-thumbnail","hentry","category-media","category-politique","category-tunisie","tag-beji-caid-essebsi"],"yoast_head":"<!-- This site is optimized with the Yoast SEO plugin v26.6 - https:\/\/yoast.com\/wordpress\/plugins\/seo\/ -->\n<title>Plainte contre une journaliste pour... injures \u00e0 Ca\u00efd Essebsi ! - Kapitalis<\/title>\n<meta name=\"robots\" content=\"index, follow, max-snippet:-1, max-image-preview:large, max-video-preview:-1\" \/>\n<link rel=\"canonical\" href=\"https:\/\/kapitalis.com\/tunisie\/2018\/12\/07\/plainte-contre-une-journaliste-pour-injures-a-caid-essebsi\/\" \/>\n<meta property=\"og:locale\" content=\"fr_FR\" \/>\n<meta property=\"og:type\" content=\"article\" \/>\n<meta property=\"og:title\" content=\"Plainte contre une journaliste pour... injures \u00e0 Ca\u00efd Essebsi ! - Kapitalis\" \/>\n<meta property=\"og:description\" content=\"Me Habib Zammali a d\u00e9pos\u00e9 plainte contre la journaliste Jalila Ayachi Nasri pour injure au pr\u00e9sident de la r\u00e9publique, B\u00e9ji Ca\u00efd Essebsi.\" \/>\n<meta property=\"og:url\" content=\"https:\/\/kapitalis.com\/tunisie\/2018\/12\/07\/plainte-contre-une-journaliste-pour-injures-a-caid-essebsi\/\" \/>\n<meta property=\"og:site_name\" content=\"Kapitalis\" \/>\n<meta property=\"article:publisher\" content=\"https:\/\/www.facebook.com\/KapitalisInfo\/\" \/>\n<meta property=\"article:published_time\" content=\"2018-12-07T09:50:07+00:00\" \/>\n<meta property=\"article:modified_time\" content=\"2018-12-07T09:54:21+00:00\" \/>\n<meta property=\"og:image\" content=\"https:\/\/kapitalis.com\/tunisie\/wp-content\/uploads\/2022\/05\/kapitalis-logo-fb.png\" \/>\n\t<meta property=\"og:image:width\" content=\"1200\" \/>\n\t<meta property=\"og:image:height\" content=\"630\" \/>\n\t<meta property=\"og:image:type\" content=\"image\/png\" \/>\n<meta name=\"author\" content=\"emna benabdallah\" \/>\n<meta name=\"twitter:card\" content=\"summary_large_image\" \/>\n<meta name=\"twitter:creator\" content=\"@KapitalisInfo\" \/>\n<meta name=\"twitter:site\" content=\"@KapitalisInfo\" \/>\n<meta name=\"twitter:label1\" content=\"\u00c9crit par\" \/>\n\t<meta name=\"twitter:data1\" content=\"emna benabdallah\" \/>\n\t<meta name=\"twitter:label2\" content=\"Dur\u00e9e de lecture estim\u00e9e\" \/>\n\t<meta name=\"twitter:data2\" content=\"1 minute\" \/>\n<script type=\"application\/ld+json\" class=\"yoast-schema-graph\">{\"@context\":\"https:\/\/schema.org\",\"@graph\":[{\"@type\":\"Article\",\"@id\":\"https:\/\/kapitalis.com\/tunisie\/2018\/12\/07\/plainte-contre-une-journaliste-pour-injures-a-caid-essebsi\/#article\",\"isPartOf\":{\"@id\":\"https:\/\/kapitalis.com\/tunisie\/2018\/12\/07\/plainte-contre-une-journaliste-pour-injures-a-caid-essebsi\/\"},\"author\":{\"name\":\"emna benabdallah\",\"@id\":\"https:\/\/kapitalis.com\/tunisie\/#\/schema\/person\/2c6e134b2f3369dffcd1daf5f087d28b\"},\"headline\":\"Plainte contre une journaliste pour&#8230; injures \u00e0 Ca\u00efd Essebsi !\",\"datePublished\":\"2018-12-07T09:50:07+00:00\",\"dateModified\":\"2018-12-07T09:54:21+00:00\",\"mainEntityOfPage\":{\"@id\":\"https:\/\/kapitalis.com\/tunisie\/2018\/12\/07\/plainte-contre-une-journaliste-pour-injures-a-caid-essebsi\/\"},\"wordCount\":233,\"commentCount\":12,\"publisher\":{\"@id\":\"https:\/\/kapitalis.com\/tunisie\/#organization\"},\"image\":{\"@id\":\"https:\/\/kapitalis.com\/tunisie\/2018\/12\/07\/plainte-contre-une-journaliste-pour-injures-a-caid-essebsi\/#primaryimage\"},\"thumbnailUrl\":\"\",\"keywords\":[\"B\u00e9ji Ca\u00efd Essebsi\"],\"articleSection\":[\"MEDIA\",\"POLITIQUE\",\"Tunisie\"],\"inLanguage\":\"fr-FR\",\"potentialAction\":[{\"@type\":\"CommentAction\",\"name\":\"Comment\",\"target\":[\"https:\/\/kapitalis.com\/tunisie\/2018\/12\/07\/plainte-contre-une-journaliste-pour-injures-a-caid-essebsi\/#respond\"]}]},{\"@type\":\"WebPage\",\"@id\":\"https:\/\/kapitalis.com\/tunisie\/2018\/12\/07\/plainte-contre-une-journaliste-pour-injures-a-caid-essebsi\/\",\"url\":\"https:\/\/kapitalis.com\/tunisie\/2018\/12\/07\/plainte-contre-une-journaliste-pour-injures-a-caid-essebsi\/\",\"name\":\"Plainte contre une journaliste pour... injures \u00e0 Ca\u00efd Essebsi ! - Kapitalis\",\"isPartOf\":{\"@id\":\"https:\/\/kapitalis.com\/tunisie\/#website\"},\"primaryImageOfPage\":{\"@id\":\"https:\/\/kapitalis.com\/tunisie\/2018\/12\/07\/plainte-contre-une-journaliste-pour-injures-a-caid-essebsi\/#primaryimage\"},\"image\":{\"@id\":\"https:\/\/kapitalis.com\/tunisie\/2018\/12\/07\/plainte-contre-une-journaliste-pour-injures-a-caid-essebsi\/#primaryimage\"},\"thumbnailUrl\":\"\",\"datePublished\":\"2018-12-07T09:50:07+00:00\",\"dateModified\":\"2018-12-07T09:54:21+00:00\",\"breadcrumb\":{\"@id\":\"https:\/\/kapitalis.com\/tunisie\/2018\/12\/07\/plainte-contre-une-journaliste-pour-injures-a-caid-essebsi\/#breadcrumb\"},\"inLanguage\":\"fr-FR\",\"potentialAction\":[{\"@type\":\"ReadAction\",\"target\":[\"https:\/\/kapitalis.com\/tunisie\/2018\/12\/07\/plainte-contre-une-journaliste-pour-injures-a-caid-essebsi\/\"]}]},{\"@type\":\"ImageObject\",\"inLanguage\":\"fr-FR\",\"@id\":\"https:\/\/kapitalis.com\/tunisie\/2018\/12\/07\/plainte-contre-une-journaliste-pour-injures-a-caid-essebsi\/#primaryimage\",\"url\":\"\",\"contentUrl\":\"\"},{\"@type\":\"BreadcrumbList\",\"@id\":\"https:\/\/kapitalis.com\/tunisie\/2018\/12\/07\/plainte-contre-une-journaliste-pour-injures-a-caid-essebsi\/#breadcrumb\",\"itemListElement\":[{\"@type\":\"ListItem\",\"position\":1,\"name\":\"Accueil\",\"item\":\"https:\/\/kapitalis.com\/tunisie\/\"},{\"@type\":\"ListItem\",\"position\":2,\"name\":\"Plainte contre une journaliste pour&#8230; injures \u00e0 Ca\u00efd Essebsi !\"}]},{\"@type\":\"WebSite\",\"@id\":\"https:\/\/kapitalis.com\/tunisie\/#website\",\"url\":\"https:\/\/kapitalis.com\/tunisie\/\",\"name\":\"Kapitalis\",\"description\":\"L&#039;actualit\u00e9 en Tunisie et dans le monde\",\"publisher\":{\"@id\":\"https:\/\/kapitalis.com\/tunisie\/#organization\"},\"potentialAction\":[{\"@type\":\"SearchAction\",\"target\":{\"@type\":\"EntryPoint\",\"urlTemplate\":\"https:\/\/kapitalis.com\/tunisie\/?s={search_term_string}\"},\"query-input\":{\"@type\":\"PropertyValueSpecification\",\"valueRequired\":true,\"valueName\":\"search_term_string\"}}],\"inLanguage\":\"fr-FR\"},{\"@type\":\"Organization\",\"@id\":\"https:\/\/kapitalis.com\/tunisie\/#organization\",\"name\":\"Kapitalis\",\"url\":\"https:\/\/kapitalis.com\/tunisie\/\",\"logo\":{\"@type\":\"ImageObject\",\"inLanguage\":\"fr-FR\",\"@id\":\"https:\/\/kapitalis.com\/tunisie\/#\/schema\/logo\/image\/\",\"url\":\"https:\/\/kapitalis.com\/tunisie\/wp-content\/uploads\/2022\/05\/Kapitalis-big-size.png\",\"contentUrl\":\"https:\/\/kapitalis.com\/tunisie\/wp-content\/uploads\/2022\/05\/Kapitalis-big-size.png\",\"width\":5000,\"height\":1500,\"caption\":\"Kapitalis\"},\"image\":{\"@id\":\"https:\/\/kapitalis.com\/tunisie\/#\/schema\/logo\/image\/\"},\"sameAs\":[\"https:\/\/www.facebook.com\/KapitalisInfo\/\",\"https:\/\/x.com\/KapitalisInfo\",\"https:\/\/www.youtube.com\/channel\/UC-yDYrHyfFBWWZaOw3FPg9Q\"]},{\"@type\":\"Person\",\"@id\":\"https:\/\/kapitalis.com\/tunisie\/#\/schema\/person\/2c6e134b2f3369dffcd1daf5f087d28b\",\"name\":\"emna benabdallah\",\"url\":\"https:\/\/kapitalis.com\/tunisie\/author\/emna\/\"}]}<\/script>\n<!-- \/ Yoast SEO plugin. -->","yoast_head_json":{"title":"Plainte contre une journaliste pour... injures \u00e0 Ca\u00efd Essebsi ! - Kapitalis","robots":{"index":"index","follow":"follow","max-snippet":"max-snippet:-1","max-image-preview":"max-image-preview:large","max-video-preview":"max-video-preview:-1"},"canonical":"https:\/\/kapitalis.com\/tunisie\/2018\/12\/07\/plainte-contre-une-journaliste-pour-injures-a-caid-essebsi\/","og_locale":"fr_FR","og_type":"article","og_title":"Plainte contre une journaliste pour... injures \u00e0 Ca\u00efd Essebsi ! - Kapitalis","og_description":"Me Habib Zammali a d\u00e9pos\u00e9 plainte contre la journaliste Jalila Ayachi Nasri pour injure au pr\u00e9sident de la r\u00e9publique, B\u00e9ji Ca\u00efd Essebsi.","og_url":"https:\/\/kapitalis.com\/tunisie\/2018\/12\/07\/plainte-contre-une-journaliste-pour-injures-a-caid-essebsi\/","og_site_name":"Kapitalis","article_publisher":"https:\/\/www.facebook.com\/KapitalisInfo\/","article_published_time":"2018-12-07T09:50:07+00:00","article_modified_time":"2018-12-07T09:54:21+00:00","og_image":[{"width":1200,"height":630,"url":"https:\/\/kapitalis.com\/tunisie\/wp-content\/uploads\/2022\/05\/kapitalis-logo-fb.png","type":"image\/png"}],"author":"emna benabdallah","twitter_card":"summary_large_image","twitter_creator":"@KapitalisInfo","twitter_site":"@KapitalisInfo","twitter_misc":{"\u00c9crit par":"emna benabdallah","Dur\u00e9e de lecture estim\u00e9e":"1 minute"},"schema":{"@context":"https:\/\/schema.org","@graph":[{"@type":"Article","@id":"https:\/\/kapitalis.com\/tunisie\/2018\/12\/07\/plainte-contre-une-journaliste-pour-injures-a-caid-essebsi\/#article","isPartOf":{"@id":"https:\/\/kapitalis.com\/tunisie\/2018\/12\/07\/plainte-contre-une-journaliste-pour-injures-a-caid-essebsi\/"},"author":{"name":"emna benabdallah","@id":"https:\/\/kapitalis.com\/tunisie\/#\/schema\/person\/2c6e134b2f3369dffcd1daf5f087d28b"},"headline":"Plainte contre une journaliste pour&#8230; injures \u00e0 Ca\u00efd Essebsi !","datePublished":"2018-12-07T09:50:07+00:00","dateModified":"2018-12-07T09:54:21+00:00","mainEntityOfPage":{"@id":"https:\/\/kapitalis.com\/tunisie\/2018\/12\/07\/plainte-contre-une-journaliste-pour-injures-a-caid-essebsi\/"},"wordCount":233,"commentCount":12,"publisher":{"@id":"https:\/\/kapitalis.com\/tunisie\/#organization"},"image":{"@id":"https:\/\/kapitalis.com\/tunisie\/2018\/12\/07\/plainte-contre-une-journaliste-pour-injures-a-caid-essebsi\/#primaryimage"},"thumbnailUrl":"","keywords":["B\u00e9ji Ca\u00efd Essebsi"],"articleSection":["MEDIA","POLITIQUE","Tunisie"],"inLanguage":"fr-FR","potentialAction":[{"@type":"CommentAction","name":"Comment","target":["https:\/\/kapitalis.com\/tunisie\/2018\/12\/07\/plainte-contre-une-journaliste-pour-injures-a-caid-essebsi\/#respond"]}]},{"@type":"WebPage","@id":"https:\/\/kapitalis.com\/tunisie\/2018\/12\/07\/plainte-contre-une-journaliste-pour-injures-a-caid-essebsi\/","url":"https:\/\/kapitalis.com\/tunisie\/2018\/12\/07\/plainte-contre-une-journaliste-pour-injures-a-caid-essebsi\/","name":"Plainte contre une journaliste pour... injures \u00e0 Ca\u00efd Essebsi ! - Kapitalis","isPartOf":{"@id":"https:\/\/kapitalis.com\/tunisie\/#website"},"primaryImageOfPage":{"@id":"https:\/\/kapitalis.com\/tunisie\/2018\/12\/07\/plainte-contre-une-journaliste-pour-injures-a-caid-essebsi\/#primaryimage"},"image":{"@id":"https:\/\/kapitalis.com\/tunisie\/2018\/12\/07\/plainte-contre-une-journaliste-pour-injures-a-caid-essebsi\/#primaryimage"},"thumbnailUrl":"","datePublished":"2018-12-07T09:50:07+00:00","dateModified":"2018-12-07T09:54:21+00:00","breadcrumb":{"@id":"https:\/\/kapitalis.com\/tunisie\/2018\/12\/07\/plainte-contre-une-journaliste-pour-injures-a-caid-essebsi\/#breadcrumb"},"inLanguage":"fr-FR","potentialAction":[{"@type":"ReadAction","target":["https:\/\/kapitalis.com\/tunisie\/2018\/12\/07\/plainte-contre-une-journaliste-pour-injures-a-caid-essebsi\/"]}]},{"@type":"ImageObject","inLanguage":"fr-FR","@id":"https:\/\/kapitalis.com\/tunisie\/2018\/12\/07\/plainte-contre-une-journaliste-pour-injures-a-caid-essebsi\/#primaryimage","url":"","contentUrl":""},{"@type":"BreadcrumbList","@id":"https:\/\/kapitalis.com\/tunisie\/2018\/12\/07\/plainte-contre-une-journaliste-pour-injures-a-caid-essebsi\/#breadcrumb","itemListElement":[{"@type":"ListItem","position":1,"name":"Accueil","item":"https:\/\/kapitalis.com\/tunisie\/"},{"@type":"ListItem","position":2,"name":"Plainte contre une journaliste pour&#8230; injures \u00e0 Ca\u00efd Essebsi !"}]},{"@type":"WebSite","@id":"https:\/\/kapitalis.com\/tunisie\/#website","url":"https:\/\/kapitalis.com\/tunisie\/","name":"Kapitalis","description":"L&#039;actualit\u00e9 en Tunisie et dans le monde","publisher":{"@id":"https:\/\/kapitalis.com\/tunisie\/#organization"},"potentialAction":[{"@type":"SearchAction","target":{"@type":"EntryPoint","urlTemplate":"https:\/\/kapitalis.com\/tunisie\/?s={search_term_string}"},"query-input":{"@type":"PropertyValueSpecification","valueRequired":true,"valueName":"search_term_string"}}],"inLanguage":"fr-FR"},{"@type":"Organization","@id":"https:\/\/kapitalis.com\/tunisie\/#organization","name":"Kapitalis","url":"https:\/\/kapitalis.com\/tunisie\/","logo":{"@type":"ImageObject","inLanguage":"fr-FR","@id":"https:\/\/kapitalis.com\/tunisie\/#\/schema\/logo\/image\/","url":"https:\/\/kapitalis.com\/tunisie\/wp-content\/uploads\/2022\/05\/Kapitalis-big-size.png","contentUrl":"https:\/\/kapitalis.com\/tunisie\/wp-content\/uploads\/2022\/05\/Kapitalis-big-size.png","width":5000,"height":1500,"caption":"Kapitalis"},"image":{"@id":"https:\/\/kapitalis.com\/tunisie\/#\/schema\/logo\/image\/"},"sameAs":["https:\/\/www.facebook.com\/KapitalisInfo\/","https:\/\/x.com\/KapitalisInfo","https:\/\/www.youtube.com\/channel\/UC-yDYrHyfFBWWZaOw3FPg9Q"]},{"@type":"Person","@id":"https:\/\/kapitalis.com\/tunisie\/#\/schema\/person\/2c6e134b2f3369dffcd1daf5f087d28b","name":"emna benabdallah","url":"https:\/\/kapitalis.com\/tunisie\/author\/emna\/"}]}},"_links":{"self":[{"href":"https:\/\/kapitalis.com\/tunisie\/wp-json\/wp\/v2\/posts\/187670","targetHints":{"allow":["GET"]}}],"collection":[{"href":"https:\/\/kapitalis.com\/tunisie\/wp-json\/wp\/v2\/posts"}],"about":[{"href":"https:\/\/kapitalis.com\/tunisie\/wp-json\/wp\/v2\/types\/post"}],"author":[{"embeddable":true,"href":"https:\/\/kapitalis.com\/tunisie\/wp-json\/wp\/v2\/users\/16"}],"replies":[{"embeddable":true,"href":"https:\/\/kapitalis.com\/tunisie\/wp-json\/wp\/v2\/comments?post=187670"}],"version-history":[{"count":0,"href":"https:\/\/kapitalis.com\/tunisie\/wp-json\/wp\/v2\/posts\/187670\/revisions"}],"wp:featuredmedia":[{"embeddable":true,"href":"https:\/\/kapitalis.com\/tunisie\/wp-json\/wp\/v2\/media\/187671"}],"wp:attachment":[{"href":"https:\/\/kapitalis.com\/tunisie\/wp-json\/wp\/v2\/media?parent=187670"}],"wp:term":[{"taxonomy":"category","embeddable":true,"href":"https:\/\/kapitalis.com\/tunisie\/wp-json\/wp\/v2\/categories?post=187670"},{"taxonomy":"post_tag","embeddable":true,"href":"https:\/\/kapitalis.com\/tunisie\/wp-json\/wp\/v2\/tags?post=187670"}],"curies":[{"name":"wp","href":"https:\/\/api.w.org\/{rel}","templated":true}]}}