{"id":1878181,"date":"2022-06-30T21:15:36","date_gmt":"2022-06-30T20:15:36","guid":{"rendered":"https:\/\/kapitalis.com\/tunisie\/?p=1878181"},"modified":"2022-06-30T21:22:54","modified_gmt":"2022-06-30T20:22:54","slug":"tunisie-dilou-annonce-la-deterioration-de-letat-de-sante-du-juge-rahmani","status":"publish","type":"post","link":"https:\/\/kapitalis.com\/tunisie\/2022\/06\/30\/tunisie-dilou-annonce-la-deterioration-de-letat-de-sante-du-juge-rahmani\/","title":{"rendered":"Tunisie : Dilou annonce la d\u00e9t\u00e9rioration de l\u2019\u00e9tat de sant\u00e9 du juge Rahmani"},"content":{"rendered":"\n<p><strong><em>Selon le dirigeant islamiste Samir Dilou, avocat de son \u00e9tat, l&rsquo;\u00e9tat de sant\u00e9 du juge Hammadi Rahmani s&rsquo;est d\u00e9t\u00e9rior\u00e9, ce jeudi 30 juin 2022. Ce dernier, rappelons-le est en gr\u00e8ve de la faim depuis le 22 juin afin de d\u00e9noncer la r\u00e9vocation, par le pr\u00e9sident, de 57 juges, dont il fait d&rsquo;ailleurs partie.<\/em><\/strong><\/p>\n\n\n\n<!--more-->\n\n\n\n<p>La coordination des structures judiciaires a, de son c\u00f4t\u00e9, confirm\u00e9 cette information, en appelant, pour sa part, le pr\u00e9sident de la R\u00e9publique Ka\u00efs Sa\u00efed \u00e0 revenir sur la d\u00e9cision de r\u00e9vocation des juges, ainsi que sur le d\u00e9cret 35, tout en l\u2019invitant au dialogue afin de r\u00e9soudre cette grave crise, \u00ab<em>et ce pour \u00e9viter la catastrophe imminente \u00e0 laquelle sont confront\u00e9s les juges en gr\u00e8ve\u00bb<\/em>, lit-on notamment dans le communiqu\u00e9.<\/p>\n\n\n\n<p>La m\u00eame source, qui accuse par ailleurs l&rsquo;ex\u00e9cutif d&rsquo;avoir ferm\u00e9 la porte du dialogue, affirme que les juges en gr\u00e8ve de la faim sont arriv\u00e9s <em>\u00ab\u00e0 un stade o\u00f9 leur vie est en danger \u00bb.<\/em><\/p>\n\n\n\n<p>On notera que la coordination des structures judiciaires, bien qu&rsquo;elle \u00e9voque dans son communiqu\u00e9 la necessit\u00e9 d&rsquo;ouvrir le dialogue, a d\u00e8s la publication du d\u00e9cret-loi relatif \u00e0 la r\u00e9vocation des 57 juges, appel\u00e9 \u00e0 la gr\u00e8ve g\u00e9n\u00e9rale, qui se poursuit d&rsquo;ailleurs pour la 4e semaine cons\u00e9cutive, faisant fi des int\u00e9r\u00eats des justiciable. <\/p>\n\n\n\n<p>Les magistrats concern\u00e9s ont aussi d\u00e8s le d\u00e9but de leur mouvement tir\u00e9 \u00e0 boulets rouges sur le chef de l&rsquo;Etat et la ministre de la justice qu&rsquo;ils ont accus\u00e9s de vouloir avoir la mainmise sur le pouvoir ex\u00e9cutif et d&rsquo;avoir r\u00e9voqu\u00e9 \u00ab<em>ceux qui ont refus\u00e9 de se soumettre \u00e0 leurs ordres<\/em>\u00bb, entre autres accusations.<\/p>\n\n\n\n<p>Pour certaines parties, dont m\u00eame des magistrats, les gr\u00e9vistes auraient d\u00e8s le d\u00e9but privil\u00e9gier le dialogue et lancer des recours pour tenter de d\u00e9fendre les dossiers des juges r\u00e9voquer, au lieu de pr\u00e9f\u00e9rer un bras de fer, qui ne fait qu&rsquo;aggraver la situation&#8230;<\/p>\n\n\n\n<p class=\"has-text-align-right\"><strong>Y. N.<\/strong><\/p>\n\n\n\n<figure class=\"wp-block-embed is-type-wp-embed is-provider-kapitalis wp-block-embed-kapitalis\"><div class=\"wp-block-embed__wrapper\">\n<blockquote class=\"wp-embedded-content\" data-secret=\"c7xotBuiAy\"><a href=\"https:\/\/kapitalis.com\/tunisie\/2022\/06\/26\/le-magistrat-ali-chourabi-contre-la-greve-illimite-de-ses-collegues-la-justice-prise-en-otage\/\">Le magistrat Ali Chourabi contre \u00abla gr\u00e8ve illimit\u00e9e\u00bb de ses coll\u00e8gues : \u00abLa justice prise en otage \u00bb !<\/a><\/blockquote><iframe loading=\"lazy\" class=\"wp-embedded-content\" sandbox=\"allow-scripts\" security=\"restricted\" style=\"position: absolute; clip: rect(1px, 1px, 1px, 1px);\" title=\"\u00ab\u00a0Le magistrat Ali Chourabi contre \u00abla gr\u00e8ve illimit\u00e9e\u00bb de ses coll\u00e8gues : \u00abLa justice prise en otage \u00bb !\u00a0\u00bb &#8212; Kapitalis\" src=\"https:\/\/kapitalis.com\/tunisie\/2022\/06\/26\/le-magistrat-ali-chourabi-contre-la-greve-illimite-de-ses-collegues-la-justice-prise-en-otage\/embed\/#?secret=RPOsifc3rS#?secret=c7xotBuiAy\" data-secret=\"c7xotBuiAy\" width=\"600\" height=\"338\" frameborder=\"0\" marginwidth=\"0\" marginheight=\"0\" scrolling=\"no\"><\/iframe>\n<\/div><\/figure>\n\n\n\n<p class=\"has-text-align-right\"><\/p>\n\n\n\n<figure class=\"wp-block-embed is-type-wp-embed is-provider-kapitalis wp-block-embed-kapitalis\"><div class=\"wp-block-embed__wrapper\">\n<blockquote class=\"wp-embedded-content\" data-secret=\"3Io1lkFFrG\"><a href=\"https:\/\/kapitalis.com\/tunisie\/2022\/06\/22\/tunisie-trois-magistrats-revoques-annoncent-leur-entree-en-greve-de-la-faim\/\">Tunisie : Trois magistrats r\u00e9voqu\u00e9s annoncent leur entr\u00e9e en gr\u00e8ve de la faim<\/a><\/blockquote><iframe loading=\"lazy\" class=\"wp-embedded-content\" sandbox=\"allow-scripts\" security=\"restricted\" style=\"position: absolute; clip: rect(1px, 1px, 1px, 1px);\" title=\"\u00ab\u00a0Tunisie : Trois magistrats r\u00e9voqu\u00e9s annoncent leur entr\u00e9e en gr\u00e8ve de la faim\u00a0\u00bb &#8212; Kapitalis\" src=\"https:\/\/kapitalis.com\/tunisie\/2022\/06\/22\/tunisie-trois-magistrats-revoques-annoncent-leur-entree-en-greve-de-la-faim\/embed\/#?secret=yf5eoqMMa3#?secret=3Io1lkFFrG\" data-secret=\"3Io1lkFFrG\" width=\"600\" height=\"338\" frameborder=\"0\" marginwidth=\"0\" marginheight=\"0\" scrolling=\"no\"><\/iframe>\n<\/div><\/figure>\n","protected":false},"excerpt":{"rendered":"<p>Tunisie : Dilou annonce la d\u00e9t\u00e9rioration de l\u2019\u00e9tat de sant\u00e9 du juge Rahmani<\/p>\n","protected":false},"author":6,"featured_media":1878389,"comment_status":"open","ping_status":"open","sticky":false,"template":"","format":"standard","meta":{"footnotes":""},"categories":[997,998,2433],"tags":[3927,100837,2319,76012,4650,100305,3756,62643],"class_list":["post-1878181","post","type-post","status-publish","format-standard","has-post-thumbnail","hentry","category-politique","category-societe","category-tunisie","tag-greve-de-la-faim","tag-hammadi-rahmani","tag-juges","tag-kais-saied-2","tag-magistrats","tag-revocation","tag-samir-dilou","tag-tunisie"],"yoast_head":"<!-- This site is optimized with the Yoast SEO plugin v26.6 - https:\/\/yoast.com\/wordpress\/plugins\/seo\/ -->\n<title>Tunisie : Dilou annonce la d\u00e9t\u00e9rioration de l\u2019\u00e9tat de sant\u00e9 du juge Rahmani - Kapitalis<\/title>\n<meta name=\"description\" content=\"Selon le dirigeant islamiste Samir Dilou, avocat de son \u00e9tat, l&#039;\u00e9tat de sant\u00e9 du juge Hammadi Rahmani s&#039;est d\u00e9t\u00e9rior\u00e9. Ce dernier, rappelons-le est en gr\u00e8ve de la faim depuis le 22 juin afin de d\u00e9noncer la r\u00e9vocation, par le pr\u00e9sident, de 57 juges, dont il fait d&#039;ailleurs partie.\" \/>\n<meta name=\"robots\" content=\"index, follow, max-snippet:-1, max-image-preview:large, max-video-preview:-1\" \/>\n<link rel=\"canonical\" href=\"https:\/\/kapitalis.com\/tunisie\/2022\/06\/30\/tunisie-dilou-annonce-la-deterioration-de-letat-de-sante-du-juge-rahmani\/\" \/>\n<meta property=\"og:locale\" content=\"fr_FR\" \/>\n<meta property=\"og:type\" content=\"article\" \/>\n<meta property=\"og:title\" content=\"Tunisie : Dilou annonce la d\u00e9t\u00e9rioration de l\u2019\u00e9tat de sant\u00e9 du juge Rahmani - Kapitalis\" \/>\n<meta property=\"og:description\" content=\"Selon le dirigeant islamiste Samir Dilou, avocat de son \u00e9tat, l&#039;\u00e9tat de sant\u00e9 du juge Hammadi Rahmani s&#039;est d\u00e9t\u00e9rior\u00e9. Ce dernier, rappelons-le est en gr\u00e8ve de la faim depuis le 22 juin afin de d\u00e9noncer la r\u00e9vocation, par le pr\u00e9sident, de 57 juges, dont il fait d&#039;ailleurs partie.\" \/>\n<meta property=\"og:url\" content=\"https:\/\/kapitalis.com\/tunisie\/2022\/06\/30\/tunisie-dilou-annonce-la-deterioration-de-letat-de-sante-du-juge-rahmani\/\" \/>\n<meta property=\"og:site_name\" content=\"Kapitalis\" \/>\n<meta property=\"article:publisher\" content=\"https:\/\/www.facebook.com\/KapitalisInfo\/\" \/>\n<meta property=\"article:published_time\" content=\"2022-06-30T20:15:36+00:00\" \/>\n<meta property=\"article:modified_time\" content=\"2022-06-30T20:22:54+00:00\" \/>\n<meta property=\"og:image\" content=\"https:\/\/kapitalis.com\/tunisie\/wp-content\/uploads\/2022\/06\/Rahmani-Dilou.jpg\" \/>\n\t<meta property=\"og:image:width\" content=\"1200\" \/>\n\t<meta property=\"og:image:height\" content=\"630\" \/>\n\t<meta property=\"og:image:type\" content=\"image\/jpeg\" \/>\n<meta name=\"author\" content=\"Yusra NY\" \/>\n<meta name=\"twitter:card\" content=\"summary_large_image\" \/>\n<meta name=\"twitter:creator\" content=\"@KapitalisInfo\" \/>\n<meta name=\"twitter:site\" content=\"@KapitalisInfo\" \/>\n<meta name=\"twitter:label1\" content=\"\u00c9crit par\" \/>\n\t<meta name=\"twitter:data1\" content=\"Yusra NY\" \/>\n\t<meta name=\"twitter:label2\" content=\"Dur\u00e9e de lecture estim\u00e9e\" \/>\n\t<meta name=\"twitter:data2\" content=\"2 minutes\" \/>\n<script type=\"application\/ld+json\" class=\"yoast-schema-graph\">{\"@context\":\"https:\/\/schema.org\",\"@graph\":[{\"@type\":\"Article\",\"@id\":\"https:\/\/kapitalis.com\/tunisie\/2022\/06\/30\/tunisie-dilou-annonce-la-deterioration-de-letat-de-sante-du-juge-rahmani\/#article\",\"isPartOf\":{\"@id\":\"https:\/\/kapitalis.com\/tunisie\/2022\/06\/30\/tunisie-dilou-annonce-la-deterioration-de-letat-de-sante-du-juge-rahmani\/\"},\"author\":{\"name\":\"Yusra NY\",\"@id\":\"https:\/\/kapitalis.com\/tunisie\/#\/schema\/person\/74bbde0154d49d790a92aaeac5bc01d5\"},\"headline\":\"Tunisie : Dilou annonce la d\u00e9t\u00e9rioration de l\u2019\u00e9tat de sant\u00e9 du juge Rahmani\",\"datePublished\":\"2022-06-30T20:15:36+00:00\",\"dateModified\":\"2022-06-30T20:22:54+00:00\",\"mainEntityOfPage\":{\"@id\":\"https:\/\/kapitalis.com\/tunisie\/2022\/06\/30\/tunisie-dilou-annonce-la-deterioration-de-letat-de-sante-du-juge-rahmani\/\"},\"wordCount\":367,\"commentCount\":5,\"publisher\":{\"@id\":\"https:\/\/kapitalis.com\/tunisie\/#organization\"},\"image\":{\"@id\":\"https:\/\/kapitalis.com\/tunisie\/2022\/06\/30\/tunisie-dilou-annonce-la-deterioration-de-letat-de-sante-du-juge-rahmani\/#primaryimage\"},\"thumbnailUrl\":\"https:\/\/kapitalis.com\/tunisie\/wp-content\/uploads\/2022\/06\/Rahmani-Dilou.jpg\",\"keywords\":[\"gr\u00e8ve de la faim\",\"Hammadi Rahmani\",\"juges\",\"Ka\u00efs Sa\u00efed\",\"magistrats\",\"r\u00e9vocation\",\"Samir Dilou\",\"Tunisie\"],\"articleSection\":[\"POLITIQUE\",\"SOCIETE\",\"Tunisie\"],\"inLanguage\":\"fr-FR\",\"potentialAction\":[{\"@type\":\"CommentAction\",\"name\":\"Comment\",\"target\":[\"https:\/\/kapitalis.com\/tunisie\/2022\/06\/30\/tunisie-dilou-annonce-la-deterioration-de-letat-de-sante-du-juge-rahmani\/#respond\"]}]},{\"@type\":\"WebPage\",\"@id\":\"https:\/\/kapitalis.com\/tunisie\/2022\/06\/30\/tunisie-dilou-annonce-la-deterioration-de-letat-de-sante-du-juge-rahmani\/\",\"url\":\"https:\/\/kapitalis.com\/tunisie\/2022\/06\/30\/tunisie-dilou-annonce-la-deterioration-de-letat-de-sante-du-juge-rahmani\/\",\"name\":\"Tunisie : Dilou annonce la d\u00e9t\u00e9rioration de l\u2019\u00e9tat de sant\u00e9 du juge Rahmani - Kapitalis\",\"isPartOf\":{\"@id\":\"https:\/\/kapitalis.com\/tunisie\/#website\"},\"primaryImageOfPage\":{\"@id\":\"https:\/\/kapitalis.com\/tunisie\/2022\/06\/30\/tunisie-dilou-annonce-la-deterioration-de-letat-de-sante-du-juge-rahmani\/#primaryimage\"},\"image\":{\"@id\":\"https:\/\/kapitalis.com\/tunisie\/2022\/06\/30\/tunisie-dilou-annonce-la-deterioration-de-letat-de-sante-du-juge-rahmani\/#primaryimage\"},\"thumbnailUrl\":\"https:\/\/kapitalis.com\/tunisie\/wp-content\/uploads\/2022\/06\/Rahmani-Dilou.jpg\",\"datePublished\":\"2022-06-30T20:15:36+00:00\",\"dateModified\":\"2022-06-30T20:22:54+00:00\",\"description\":\"Selon le dirigeant islamiste Samir Dilou, avocat de son \u00e9tat, l'\u00e9tat de sant\u00e9 du juge Hammadi Rahmani s'est d\u00e9t\u00e9rior\u00e9. Ce dernier, rappelons-le est en gr\u00e8ve de la faim depuis le 22 juin afin de d\u00e9noncer la r\u00e9vocation, par le pr\u00e9sident, de 57 juges, dont il fait d'ailleurs partie.\",\"breadcrumb\":{\"@id\":\"https:\/\/kapitalis.com\/tunisie\/2022\/06\/30\/tunisie-dilou-annonce-la-deterioration-de-letat-de-sante-du-juge-rahmani\/#breadcrumb\"},\"inLanguage\":\"fr-FR\",\"potentialAction\":[{\"@type\":\"ReadAction\",\"target\":[\"https:\/\/kapitalis.com\/tunisie\/2022\/06\/30\/tunisie-dilou-annonce-la-deterioration-de-letat-de-sante-du-juge-rahmani\/\"]}]},{\"@type\":\"ImageObject\",\"inLanguage\":\"fr-FR\",\"@id\":\"https:\/\/kapitalis.com\/tunisie\/2022\/06\/30\/tunisie-dilou-annonce-la-deterioration-de-letat-de-sante-du-juge-rahmani\/#primaryimage\",\"url\":\"https:\/\/kapitalis.com\/tunisie\/wp-content\/uploads\/2022\/06\/Rahmani-Dilou.jpg\",\"contentUrl\":\"https:\/\/kapitalis.com\/tunisie\/wp-content\/uploads\/2022\/06\/Rahmani-Dilou.jpg\",\"width\":1200,\"height\":630},{\"@type\":\"BreadcrumbList\",\"@id\":\"https:\/\/kapitalis.com\/tunisie\/2022\/06\/30\/tunisie-dilou-annonce-la-deterioration-de-letat-de-sante-du-juge-rahmani\/#breadcrumb\",\"itemListElement\":[{\"@type\":\"ListItem\",\"position\":1,\"name\":\"Accueil\",\"item\":\"https:\/\/kapitalis.com\/tunisie\/\"},{\"@type\":\"ListItem\",\"position\":2,\"name\":\"Tunisie : Dilou annonce la d\u00e9t\u00e9rioration de l\u2019\u00e9tat de sant\u00e9 du juge Rahmani\"}]},{\"@type\":\"WebSite\",\"@id\":\"https:\/\/kapitalis.com\/tunisie\/#website\",\"url\":\"https:\/\/kapitalis.com\/tunisie\/\",\"name\":\"Kapitalis\",\"description\":\"L&#039;actualit\u00e9 en Tunisie et dans le monde\",\"publisher\":{\"@id\":\"https:\/\/kapitalis.com\/tunisie\/#organization\"},\"potentialAction\":[{\"@type\":\"SearchAction\",\"target\":{\"@type\":\"EntryPoint\",\"urlTemplate\":\"https:\/\/kapitalis.com\/tunisie\/?s={search_term_string}\"},\"query-input\":{\"@type\":\"PropertyValueSpecification\",\"valueRequired\":true,\"valueName\":\"search_term_string\"}}],\"inLanguage\":\"fr-FR\"},{\"@type\":\"Organization\",\"@id\":\"https:\/\/kapitalis.com\/tunisie\/#organization\",\"name\":\"Kapitalis\",\"url\":\"https:\/\/kapitalis.com\/tunisie\/\",\"logo\":{\"@type\":\"ImageObject\",\"inLanguage\":\"fr-FR\",\"@id\":\"https:\/\/kapitalis.com\/tunisie\/#\/schema\/logo\/image\/\",\"url\":\"https:\/\/kapitalis.com\/tunisie\/wp-content\/uploads\/2022\/05\/Kapitalis-big-size.png\",\"contentUrl\":\"https:\/\/kapitalis.com\/tunisie\/wp-content\/uploads\/2022\/05\/Kapitalis-big-size.png\",\"width\":5000,\"height\":1500,\"caption\":\"Kapitalis\"},\"image\":{\"@id\":\"https:\/\/kapitalis.com\/tunisie\/#\/schema\/logo\/image\/\"},\"sameAs\":[\"https:\/\/www.facebook.com\/KapitalisInfo\/\",\"https:\/\/x.com\/KapitalisInfo\",\"https:\/\/www.youtube.com\/channel\/UC-yDYrHyfFBWWZaOw3FPg9Q\"]},{\"@type\":\"Person\",\"@id\":\"https:\/\/kapitalis.com\/tunisie\/#\/schema\/person\/74bbde0154d49d790a92aaeac5bc01d5\",\"name\":\"Yusra NY\",\"url\":\"https:\/\/kapitalis.com\/tunisie\/author\/yuza_adam\/\"}]}<\/script>\n<!-- \/ Yoast SEO plugin. -->","yoast_head_json":{"title":"Tunisie : Dilou annonce la d\u00e9t\u00e9rioration de l\u2019\u00e9tat de sant\u00e9 du juge Rahmani - Kapitalis","description":"Selon le dirigeant islamiste Samir Dilou, avocat de son \u00e9tat, l'\u00e9tat de sant\u00e9 du juge Hammadi Rahmani s'est d\u00e9t\u00e9rior\u00e9. Ce dernier, rappelons-le est en gr\u00e8ve de la faim depuis le 22 juin afin de d\u00e9noncer la r\u00e9vocation, par le pr\u00e9sident, de 57 juges, dont il fait d'ailleurs partie.","robots":{"index":"index","follow":"follow","max-snippet":"max-snippet:-1","max-image-preview":"max-image-preview:large","max-video-preview":"max-video-preview:-1"},"canonical":"https:\/\/kapitalis.com\/tunisie\/2022\/06\/30\/tunisie-dilou-annonce-la-deterioration-de-letat-de-sante-du-juge-rahmani\/","og_locale":"fr_FR","og_type":"article","og_title":"Tunisie : Dilou annonce la d\u00e9t\u00e9rioration de l\u2019\u00e9tat de sant\u00e9 du juge Rahmani - Kapitalis","og_description":"Selon le dirigeant islamiste Samir Dilou, avocat de son \u00e9tat, l'\u00e9tat de sant\u00e9 du juge Hammadi Rahmani s'est d\u00e9t\u00e9rior\u00e9. Ce dernier, rappelons-le est en gr\u00e8ve de la faim depuis le 22 juin afin de d\u00e9noncer la r\u00e9vocation, par le pr\u00e9sident, de 57 juges, dont il fait d'ailleurs partie.","og_url":"https:\/\/kapitalis.com\/tunisie\/2022\/06\/30\/tunisie-dilou-annonce-la-deterioration-de-letat-de-sante-du-juge-rahmani\/","og_site_name":"Kapitalis","article_publisher":"https:\/\/www.facebook.com\/KapitalisInfo\/","article_published_time":"2022-06-30T20:15:36+00:00","article_modified_time":"2022-06-30T20:22:54+00:00","og_image":[{"width":1200,"height":630,"url":"https:\/\/kapitalis.com\/tunisie\/wp-content\/uploads\/2022\/06\/Rahmani-Dilou.jpg","type":"image\/jpeg"}],"author":"Yusra NY","twitter_card":"summary_large_image","twitter_creator":"@KapitalisInfo","twitter_site":"@KapitalisInfo","twitter_misc":{"\u00c9crit par":"Yusra NY","Dur\u00e9e de lecture estim\u00e9e":"2 minutes"},"schema":{"@context":"https:\/\/schema.org","@graph":[{"@type":"Article","@id":"https:\/\/kapitalis.com\/tunisie\/2022\/06\/30\/tunisie-dilou-annonce-la-deterioration-de-letat-de-sante-du-juge-rahmani\/#article","isPartOf":{"@id":"https:\/\/kapitalis.com\/tunisie\/2022\/06\/30\/tunisie-dilou-annonce-la-deterioration-de-letat-de-sante-du-juge-rahmani\/"},"author":{"name":"Yusra NY","@id":"https:\/\/kapitalis.com\/tunisie\/#\/schema\/person\/74bbde0154d49d790a92aaeac5bc01d5"},"headline":"Tunisie : Dilou annonce la d\u00e9t\u00e9rioration de l\u2019\u00e9tat de sant\u00e9 du juge Rahmani","datePublished":"2022-06-30T20:15:36+00:00","dateModified":"2022-06-30T20:22:54+00:00","mainEntityOfPage":{"@id":"https:\/\/kapitalis.com\/tunisie\/2022\/06\/30\/tunisie-dilou-annonce-la-deterioration-de-letat-de-sante-du-juge-rahmani\/"},"wordCount":367,"commentCount":5,"publisher":{"@id":"https:\/\/kapitalis.com\/tunisie\/#organization"},"image":{"@id":"https:\/\/kapitalis.com\/tunisie\/2022\/06\/30\/tunisie-dilou-annonce-la-deterioration-de-letat-de-sante-du-juge-rahmani\/#primaryimage"},"thumbnailUrl":"https:\/\/kapitalis.com\/tunisie\/wp-content\/uploads\/2022\/06\/Rahmani-Dilou.jpg","keywords":["gr\u00e8ve de la faim","Hammadi Rahmani","juges","Ka\u00efs Sa\u00efed","magistrats","r\u00e9vocation","Samir Dilou","Tunisie"],"articleSection":["POLITIQUE","SOCIETE","Tunisie"],"inLanguage":"fr-FR","potentialAction":[{"@type":"CommentAction","name":"Comment","target":["https:\/\/kapitalis.com\/tunisie\/2022\/06\/30\/tunisie-dilou-annonce-la-deterioration-de-letat-de-sante-du-juge-rahmani\/#respond"]}]},{"@type":"WebPage","@id":"https:\/\/kapitalis.com\/tunisie\/2022\/06\/30\/tunisie-dilou-annonce-la-deterioration-de-letat-de-sante-du-juge-rahmani\/","url":"https:\/\/kapitalis.com\/tunisie\/2022\/06\/30\/tunisie-dilou-annonce-la-deterioration-de-letat-de-sante-du-juge-rahmani\/","name":"Tunisie : Dilou annonce la d\u00e9t\u00e9rioration de l\u2019\u00e9tat de sant\u00e9 du juge Rahmani - Kapitalis","isPartOf":{"@id":"https:\/\/kapitalis.com\/tunisie\/#website"},"primaryImageOfPage":{"@id":"https:\/\/kapitalis.com\/tunisie\/2022\/06\/30\/tunisie-dilou-annonce-la-deterioration-de-letat-de-sante-du-juge-rahmani\/#primaryimage"},"image":{"@id":"https:\/\/kapitalis.com\/tunisie\/2022\/06\/30\/tunisie-dilou-annonce-la-deterioration-de-letat-de-sante-du-juge-rahmani\/#primaryimage"},"thumbnailUrl":"https:\/\/kapitalis.com\/tunisie\/wp-content\/uploads\/2022\/06\/Rahmani-Dilou.jpg","datePublished":"2022-06-30T20:15:36+00:00","dateModified":"2022-06-30T20:22:54+00:00","description":"Selon le dirigeant islamiste Samir Dilou, avocat de son \u00e9tat, l'\u00e9tat de sant\u00e9 du juge Hammadi Rahmani s'est d\u00e9t\u00e9rior\u00e9. Ce dernier, rappelons-le est en gr\u00e8ve de la faim depuis le 22 juin afin de d\u00e9noncer la r\u00e9vocation, par le pr\u00e9sident, de 57 juges, dont il fait d'ailleurs partie.","breadcrumb":{"@id":"https:\/\/kapitalis.com\/tunisie\/2022\/06\/30\/tunisie-dilou-annonce-la-deterioration-de-letat-de-sante-du-juge-rahmani\/#breadcrumb"},"inLanguage":"fr-FR","potentialAction":[{"@type":"ReadAction","target":["https:\/\/kapitalis.com\/tunisie\/2022\/06\/30\/tunisie-dilou-annonce-la-deterioration-de-letat-de-sante-du-juge-rahmani\/"]}]},{"@type":"ImageObject","inLanguage":"fr-FR","@id":"https:\/\/kapitalis.com\/tunisie\/2022\/06\/30\/tunisie-dilou-annonce-la-deterioration-de-letat-de-sante-du-juge-rahmani\/#primaryimage","url":"https:\/\/kapitalis.com\/tunisie\/wp-content\/uploads\/2022\/06\/Rahmani-Dilou.jpg","contentUrl":"https:\/\/kapitalis.com\/tunisie\/wp-content\/uploads\/2022\/06\/Rahmani-Dilou.jpg","width":1200,"height":630},{"@type":"BreadcrumbList","@id":"https:\/\/kapitalis.com\/tunisie\/2022\/06\/30\/tunisie-dilou-annonce-la-deterioration-de-letat-de-sante-du-juge-rahmani\/#breadcrumb","itemListElement":[{"@type":"ListItem","position":1,"name":"Accueil","item":"https:\/\/kapitalis.com\/tunisie\/"},{"@type":"ListItem","position":2,"name":"Tunisie : Dilou annonce la d\u00e9t\u00e9rioration de l\u2019\u00e9tat de sant\u00e9 du juge Rahmani"}]},{"@type":"WebSite","@id":"https:\/\/kapitalis.com\/tunisie\/#website","url":"https:\/\/kapitalis.com\/tunisie\/","name":"Kapitalis","description":"L&#039;actualit\u00e9 en Tunisie et dans le monde","publisher":{"@id":"https:\/\/kapitalis.com\/tunisie\/#organization"},"potentialAction":[{"@type":"SearchAction","target":{"@type":"EntryPoint","urlTemplate":"https:\/\/kapitalis.com\/tunisie\/?s={search_term_string}"},"query-input":{"@type":"PropertyValueSpecification","valueRequired":true,"valueName":"search_term_string"}}],"inLanguage":"fr-FR"},{"@type":"Organization","@id":"https:\/\/kapitalis.com\/tunisie\/#organization","name":"Kapitalis","url":"https:\/\/kapitalis.com\/tunisie\/","logo":{"@type":"ImageObject","inLanguage":"fr-FR","@id":"https:\/\/kapitalis.com\/tunisie\/#\/schema\/logo\/image\/","url":"https:\/\/kapitalis.com\/tunisie\/wp-content\/uploads\/2022\/05\/Kapitalis-big-size.png","contentUrl":"https:\/\/kapitalis.com\/tunisie\/wp-content\/uploads\/2022\/05\/Kapitalis-big-size.png","width":5000,"height":1500,"caption":"Kapitalis"},"image":{"@id":"https:\/\/kapitalis.com\/tunisie\/#\/schema\/logo\/image\/"},"sameAs":["https:\/\/www.facebook.com\/KapitalisInfo\/","https:\/\/x.com\/KapitalisInfo","https:\/\/www.youtube.com\/channel\/UC-yDYrHyfFBWWZaOw3FPg9Q"]},{"@type":"Person","@id":"https:\/\/kapitalis.com\/tunisie\/#\/schema\/person\/74bbde0154d49d790a92aaeac5bc01d5","name":"Yusra NY","url":"https:\/\/kapitalis.com\/tunisie\/author\/yuza_adam\/"}]}},"_links":{"self":[{"href":"https:\/\/kapitalis.com\/tunisie\/wp-json\/wp\/v2\/posts\/1878181","targetHints":{"allow":["GET"]}}],"collection":[{"href":"https:\/\/kapitalis.com\/tunisie\/wp-json\/wp\/v2\/posts"}],"about":[{"href":"https:\/\/kapitalis.com\/tunisie\/wp-json\/wp\/v2\/types\/post"}],"author":[{"embeddable":true,"href":"https:\/\/kapitalis.com\/tunisie\/wp-json\/wp\/v2\/users\/6"}],"replies":[{"embeddable":true,"href":"https:\/\/kapitalis.com\/tunisie\/wp-json\/wp\/v2\/comments?post=1878181"}],"version-history":[{"count":0,"href":"https:\/\/kapitalis.com\/tunisie\/wp-json\/wp\/v2\/posts\/1878181\/revisions"}],"wp:featuredmedia":[{"embeddable":true,"href":"https:\/\/kapitalis.com\/tunisie\/wp-json\/wp\/v2\/media\/1878389"}],"wp:attachment":[{"href":"https:\/\/kapitalis.com\/tunisie\/wp-json\/wp\/v2\/media?parent=1878181"}],"wp:term":[{"taxonomy":"category","embeddable":true,"href":"https:\/\/kapitalis.com\/tunisie\/wp-json\/wp\/v2\/categories?post=1878181"},{"taxonomy":"post_tag","embeddable":true,"href":"https:\/\/kapitalis.com\/tunisie\/wp-json\/wp\/v2\/tags?post=1878181"}],"curies":[{"name":"wp","href":"https:\/\/api.w.org\/{rel}","templated":true}]}}