{"id":187892,"date":"2018-12-08T12:11:36","date_gmt":"2018-12-08T11:11:36","guid":{"rendered":"http:\/\/kapitalis.com\/tunisie\/?p=187892"},"modified":"2018-12-08T12:11:36","modified_gmt":"2018-12-08T11:11:36","slug":"heurts-a-sidi-bouzid-cinq-suspects-places-en-detention","status":"publish","type":"post","link":"https:\/\/kapitalis.com\/tunisie\/2018\/12\/08\/heurts-a-sidi-bouzid-cinq-suspects-places-en-detention\/","title":{"rendered":"Heurts \u00e0 Sidi Bouzid : Cinq suspects plac\u00e9s en d\u00e9tention"},"content":{"rendered":"<p style=\"text-align: center;\"><img loading=\"lazy\" decoding=\"async\" class=\"alignnone size-full wp-image-187894\" src=\"http:\/\/kapitalis.com\/tunisie\/wp-content\/uploads\/2018\/12\/Sidi-Bouzid-Cit\u00e9-ennour-heurts-.jpg\" alt=\"\" width=\"626\" height=\"380\" \/><\/p>\n<p style=\"text-align: center;\"><em>Heurts \u00e0 la Cit\u00e9 Ennour \u00e0 Sidi Bouzi. <\/em><\/p>\n<p><strong>La police a arr\u00eat\u00e9, dans la nuit du vendredi 7 \u00e0 samedi 8 d\u00e9cembre 2018, 3 jeunes accus\u00e9s de vandalisme \u00e0 Sidi Bouzid, o\u00f9 des affrontements ont \u00e9t\u00e9 enregistr\u00e9s pour la 4<sup>e<\/sup> nuit successive.<\/strong><!--more--><\/p>\n<p>\u00c2g\u00e9 de 18 \u00e0 22 ans, les 3 suspects avaient pris part aux affrontements entre la police et des manifestants qui demandent la lib\u00e9ration de leurs amis, arr\u00eat\u00e9s fin novembre, pour avoir pirat\u00e9 le compte Facebook du d\u00e9l\u00e9gu\u00e9 de Menzel Bouzaiane et rendu public ses donn\u00e9es personnelles. Ils ont jet\u00e9 des pierres sur les agents et en ont bless\u00e9 deux.<\/p>\n<p>Deux autres suspects avaient \u00e9t\u00e9 arr\u00eat\u00e9s, jeudi dernier, \u00e0 Menzel Bouzaiane, apr\u00e8s l\u2019incendie de la voiture de la garde nationale, et le procureur a ordonn\u00e9, ce matin, la mise en d\u00e9tention des 5 jeunes.<\/p>\n<p>Rappelons que plusieurs actes de vandalisme ont \u00e9t\u00e9 enregistr\u00e9s dans la r\u00e9gion, dans nuit du 3 au 4 d\u00e9cembre. Houssemeddine Jebabli, porte-parole de la garde nationale, a indiqu\u00e9 que plus de 300 d\u00e9linquants sont \u00e0 l&rsquo;origine de ces affrontements avec les agents.<\/p>\n<p style=\"text-align: right;\"><strong>Y. N.<\/strong><\/p>\n<blockquote class=\"wp-embedded-content\" data-secret=\"Bb9JjUqwsK\"><p><a href=\"https:\/\/kapitalis.com\/tunisie\/2018\/12\/04\/jebabli-des-delinquants-a-lorigine-des-affrontements-a-bouzaiane\/\">Jebabli : Des d\u00e9linquants \u00e0 l&rsquo;origine des affrontements \u00e0 Bouzaiane<\/a><\/p><\/blockquote>\n<p><iframe loading=\"lazy\" class=\"wp-embedded-content\" sandbox=\"allow-scripts\" security=\"restricted\" style=\"position: absolute; clip: rect(1px, 1px, 1px, 1px);\" title=\"\u00ab\u00a0Jebabli : Des d\u00e9linquants \u00e0 l&rsquo;origine des affrontements \u00e0 Bouzaiane\u00a0\u00bb &#8212; Kapitalis\" src=\"https:\/\/kapitalis.com\/tunisie\/2018\/12\/04\/jebabli-des-delinquants-a-lorigine-des-affrontements-a-bouzaiane\/embed\/#?secret=cMq0NnabhS#?secret=Bb9JjUqwsK\" data-secret=\"Bb9JjUqwsK\" width=\"600\" height=\"338\" frameborder=\"0\" marginwidth=\"0\" marginheight=\"0\" scrolling=\"no\"><\/iframe><\/p>\n","protected":false},"excerpt":{"rendered":"<p>Heurts \u00e0 la Cit\u00e9 Ennour \u00e0 Sidi Bouzi. La police a arr\u00eat\u00e9, dans la nuit du vendredi 7 \u00e0 samedi 8 d\u00e9cembre 2018, 3 jeunes accus\u00e9s de vandalisme \u00e0 Sidi Bouzid, o\u00f9 des affrontements ont \u00e9t\u00e9 enregistr\u00e9s pour la 4e nuit successive.<\/p>\n","protected":false},"author":6,"featured_media":187894,"comment_status":"open","ping_status":"open","sticky":false,"template":"","format":"standard","meta":{"footnotes":""},"categories":[998,2433],"tags":[36,3364,1279,444,33706,828],"class_list":["post-187892","post","type-post","status-publish","format-standard","has-post-thumbnail","hentry","category-societe","category-tunisie","tag-affrontements","tag-delegue","tag-detention","tag-heurts","tag-menzel-bouzaiane","tag-sidi-bouzid"],"yoast_head":"<!-- This site is optimized with the Yoast SEO plugin v26.6 - https:\/\/yoast.com\/wordpress\/plugins\/seo\/ -->\n<title>Heurts \u00e0 Sidi Bouzid : Cinq suspects plac\u00e9s en d\u00e9tention - Kapitalis<\/title>\n<meta name=\"robots\" content=\"index, follow, max-snippet:-1, max-image-preview:large, max-video-preview:-1\" \/>\n<link rel=\"canonical\" href=\"https:\/\/kapitalis.com\/tunisie\/2018\/12\/08\/heurts-a-sidi-bouzid-cinq-suspects-places-en-detention\/\" \/>\n<meta property=\"og:locale\" content=\"fr_FR\" \/>\n<meta property=\"og:type\" content=\"article\" \/>\n<meta property=\"og:title\" content=\"Heurts \u00e0 Sidi Bouzid : Cinq suspects plac\u00e9s en d\u00e9tention - Kapitalis\" \/>\n<meta property=\"og:description\" content=\"Heurts \u00e0 la Cit\u00e9 Ennour \u00e0 Sidi Bouzi. La police a arr\u00eat\u00e9, dans la nuit du vendredi 7 \u00e0 samedi 8 d\u00e9cembre 2018, 3 jeunes accus\u00e9s de vandalisme \u00e0 Sidi Bouzid, o\u00f9 des affrontements ont \u00e9t\u00e9 enregistr\u00e9s pour la 4e nuit successive.\" \/>\n<meta property=\"og:url\" content=\"https:\/\/kapitalis.com\/tunisie\/2018\/12\/08\/heurts-a-sidi-bouzid-cinq-suspects-places-en-detention\/\" \/>\n<meta property=\"og:site_name\" content=\"Kapitalis\" \/>\n<meta property=\"article:publisher\" content=\"https:\/\/www.facebook.com\/KapitalisInfo\/\" \/>\n<meta property=\"article:published_time\" content=\"2018-12-08T11:11:36+00:00\" \/>\n<meta property=\"og:image\" content=\"https:\/\/kapitalis.com\/tunisie\/wp-content\/uploads\/2022\/05\/kapitalis-logo-fb.png\" \/>\n\t<meta property=\"og:image:width\" content=\"1200\" \/>\n\t<meta property=\"og:image:height\" content=\"630\" \/>\n\t<meta property=\"og:image:type\" content=\"image\/png\" \/>\n<meta name=\"author\" content=\"Yusra NY\" \/>\n<meta name=\"twitter:card\" content=\"summary_large_image\" \/>\n<meta name=\"twitter:creator\" content=\"@KapitalisInfo\" \/>\n<meta name=\"twitter:site\" content=\"@KapitalisInfo\" \/>\n<meta name=\"twitter:label1\" content=\"\u00c9crit par\" \/>\n\t<meta name=\"twitter:data1\" content=\"Yusra NY\" \/>\n\t<meta name=\"twitter:label2\" content=\"Dur\u00e9e de lecture estim\u00e9e\" \/>\n\t<meta name=\"twitter:data2\" content=\"1 minute\" \/>\n<script type=\"application\/ld+json\" class=\"yoast-schema-graph\">{\"@context\":\"https:\/\/schema.org\",\"@graph\":[{\"@type\":\"Article\",\"@id\":\"https:\/\/kapitalis.com\/tunisie\/2018\/12\/08\/heurts-a-sidi-bouzid-cinq-suspects-places-en-detention\/#article\",\"isPartOf\":{\"@id\":\"https:\/\/kapitalis.com\/tunisie\/2018\/12\/08\/heurts-a-sidi-bouzid-cinq-suspects-places-en-detention\/\"},\"author\":{\"name\":\"Yusra NY\",\"@id\":\"https:\/\/kapitalis.com\/tunisie\/#\/schema\/person\/74bbde0154d49d790a92aaeac5bc01d5\"},\"headline\":\"Heurts \u00e0 Sidi Bouzid : Cinq suspects plac\u00e9s en d\u00e9tention\",\"datePublished\":\"2018-12-08T11:11:36+00:00\",\"mainEntityOfPage\":{\"@id\":\"https:\/\/kapitalis.com\/tunisie\/2018\/12\/08\/heurts-a-sidi-bouzid-cinq-suspects-places-en-detention\/\"},\"wordCount\":196,\"commentCount\":0,\"publisher\":{\"@id\":\"https:\/\/kapitalis.com\/tunisie\/#organization\"},\"image\":{\"@id\":\"https:\/\/kapitalis.com\/tunisie\/2018\/12\/08\/heurts-a-sidi-bouzid-cinq-suspects-places-en-detention\/#primaryimage\"},\"thumbnailUrl\":\"\",\"keywords\":[\"affrontements\",\"d\u00e9l\u00e9gu\u00e9\",\"d\u00e9tention\",\"heurts\",\"Menzel Bouzaiane\",\"Sidi Bouzid\"],\"articleSection\":[\"SOCIETE\",\"Tunisie\"],\"inLanguage\":\"fr-FR\",\"potentialAction\":[{\"@type\":\"CommentAction\",\"name\":\"Comment\",\"target\":[\"https:\/\/kapitalis.com\/tunisie\/2018\/12\/08\/heurts-a-sidi-bouzid-cinq-suspects-places-en-detention\/#respond\"]}]},{\"@type\":\"WebPage\",\"@id\":\"https:\/\/kapitalis.com\/tunisie\/2018\/12\/08\/heurts-a-sidi-bouzid-cinq-suspects-places-en-detention\/\",\"url\":\"https:\/\/kapitalis.com\/tunisie\/2018\/12\/08\/heurts-a-sidi-bouzid-cinq-suspects-places-en-detention\/\",\"name\":\"Heurts \u00e0 Sidi Bouzid : Cinq suspects plac\u00e9s en d\u00e9tention - Kapitalis\",\"isPartOf\":{\"@id\":\"https:\/\/kapitalis.com\/tunisie\/#website\"},\"primaryImageOfPage\":{\"@id\":\"https:\/\/kapitalis.com\/tunisie\/2018\/12\/08\/heurts-a-sidi-bouzid-cinq-suspects-places-en-detention\/#primaryimage\"},\"image\":{\"@id\":\"https:\/\/kapitalis.com\/tunisie\/2018\/12\/08\/heurts-a-sidi-bouzid-cinq-suspects-places-en-detention\/#primaryimage\"},\"thumbnailUrl\":\"\",\"datePublished\":\"2018-12-08T11:11:36+00:00\",\"breadcrumb\":{\"@id\":\"https:\/\/kapitalis.com\/tunisie\/2018\/12\/08\/heurts-a-sidi-bouzid-cinq-suspects-places-en-detention\/#breadcrumb\"},\"inLanguage\":\"fr-FR\",\"potentialAction\":[{\"@type\":\"ReadAction\",\"target\":[\"https:\/\/kapitalis.com\/tunisie\/2018\/12\/08\/heurts-a-sidi-bouzid-cinq-suspects-places-en-detention\/\"]}]},{\"@type\":\"ImageObject\",\"inLanguage\":\"fr-FR\",\"@id\":\"https:\/\/kapitalis.com\/tunisie\/2018\/12\/08\/heurts-a-sidi-bouzid-cinq-suspects-places-en-detention\/#primaryimage\",\"url\":\"\",\"contentUrl\":\"\"},{\"@type\":\"BreadcrumbList\",\"@id\":\"https:\/\/kapitalis.com\/tunisie\/2018\/12\/08\/heurts-a-sidi-bouzid-cinq-suspects-places-en-detention\/#breadcrumb\",\"itemListElement\":[{\"@type\":\"ListItem\",\"position\":1,\"name\":\"Accueil\",\"item\":\"https:\/\/kapitalis.com\/tunisie\/\"},{\"@type\":\"ListItem\",\"position\":2,\"name\":\"Heurts \u00e0 Sidi Bouzid : Cinq suspects plac\u00e9s en d\u00e9tention\"}]},{\"@type\":\"WebSite\",\"@id\":\"https:\/\/kapitalis.com\/tunisie\/#website\",\"url\":\"https:\/\/kapitalis.com\/tunisie\/\",\"name\":\"Kapitalis\",\"description\":\"L&#039;actualit\u00e9 en Tunisie et dans le monde\",\"publisher\":{\"@id\":\"https:\/\/kapitalis.com\/tunisie\/#organization\"},\"potentialAction\":[{\"@type\":\"SearchAction\",\"target\":{\"@type\":\"EntryPoint\",\"urlTemplate\":\"https:\/\/kapitalis.com\/tunisie\/?s={search_term_string}\"},\"query-input\":{\"@type\":\"PropertyValueSpecification\",\"valueRequired\":true,\"valueName\":\"search_term_string\"}}],\"inLanguage\":\"fr-FR\"},{\"@type\":\"Organization\",\"@id\":\"https:\/\/kapitalis.com\/tunisie\/#organization\",\"name\":\"Kapitalis\",\"url\":\"https:\/\/kapitalis.com\/tunisie\/\",\"logo\":{\"@type\":\"ImageObject\",\"inLanguage\":\"fr-FR\",\"@id\":\"https:\/\/kapitalis.com\/tunisie\/#\/schema\/logo\/image\/\",\"url\":\"https:\/\/kapitalis.com\/tunisie\/wp-content\/uploads\/2022\/05\/Kapitalis-big-size.png\",\"contentUrl\":\"https:\/\/kapitalis.com\/tunisie\/wp-content\/uploads\/2022\/05\/Kapitalis-big-size.png\",\"width\":5000,\"height\":1500,\"caption\":\"Kapitalis\"},\"image\":{\"@id\":\"https:\/\/kapitalis.com\/tunisie\/#\/schema\/logo\/image\/\"},\"sameAs\":[\"https:\/\/www.facebook.com\/KapitalisInfo\/\",\"https:\/\/x.com\/KapitalisInfo\",\"https:\/\/www.youtube.com\/channel\/UC-yDYrHyfFBWWZaOw3FPg9Q\"]},{\"@type\":\"Person\",\"@id\":\"https:\/\/kapitalis.com\/tunisie\/#\/schema\/person\/74bbde0154d49d790a92aaeac5bc01d5\",\"name\":\"Yusra NY\",\"url\":\"https:\/\/kapitalis.com\/tunisie\/author\/yuza_adam\/\"}]}<\/script>\n<!-- \/ Yoast SEO plugin. -->","yoast_head_json":{"title":"Heurts \u00e0 Sidi Bouzid : Cinq suspects plac\u00e9s en d\u00e9tention - Kapitalis","robots":{"index":"index","follow":"follow","max-snippet":"max-snippet:-1","max-image-preview":"max-image-preview:large","max-video-preview":"max-video-preview:-1"},"canonical":"https:\/\/kapitalis.com\/tunisie\/2018\/12\/08\/heurts-a-sidi-bouzid-cinq-suspects-places-en-detention\/","og_locale":"fr_FR","og_type":"article","og_title":"Heurts \u00e0 Sidi Bouzid : Cinq suspects plac\u00e9s en d\u00e9tention - Kapitalis","og_description":"Heurts \u00e0 la Cit\u00e9 Ennour \u00e0 Sidi Bouzi. La police a arr\u00eat\u00e9, dans la nuit du vendredi 7 \u00e0 samedi 8 d\u00e9cembre 2018, 3 jeunes accus\u00e9s de vandalisme \u00e0 Sidi Bouzid, o\u00f9 des affrontements ont \u00e9t\u00e9 enregistr\u00e9s pour la 4e nuit successive.","og_url":"https:\/\/kapitalis.com\/tunisie\/2018\/12\/08\/heurts-a-sidi-bouzid-cinq-suspects-places-en-detention\/","og_site_name":"Kapitalis","article_publisher":"https:\/\/www.facebook.com\/KapitalisInfo\/","article_published_time":"2018-12-08T11:11:36+00:00","og_image":[{"width":1200,"height":630,"url":"https:\/\/kapitalis.com\/tunisie\/wp-content\/uploads\/2022\/05\/kapitalis-logo-fb.png","type":"image\/png"}],"author":"Yusra NY","twitter_card":"summary_large_image","twitter_creator":"@KapitalisInfo","twitter_site":"@KapitalisInfo","twitter_misc":{"\u00c9crit par":"Yusra NY","Dur\u00e9e de lecture estim\u00e9e":"1 minute"},"schema":{"@context":"https:\/\/schema.org","@graph":[{"@type":"Article","@id":"https:\/\/kapitalis.com\/tunisie\/2018\/12\/08\/heurts-a-sidi-bouzid-cinq-suspects-places-en-detention\/#article","isPartOf":{"@id":"https:\/\/kapitalis.com\/tunisie\/2018\/12\/08\/heurts-a-sidi-bouzid-cinq-suspects-places-en-detention\/"},"author":{"name":"Yusra NY","@id":"https:\/\/kapitalis.com\/tunisie\/#\/schema\/person\/74bbde0154d49d790a92aaeac5bc01d5"},"headline":"Heurts \u00e0 Sidi Bouzid : Cinq suspects plac\u00e9s en d\u00e9tention","datePublished":"2018-12-08T11:11:36+00:00","mainEntityOfPage":{"@id":"https:\/\/kapitalis.com\/tunisie\/2018\/12\/08\/heurts-a-sidi-bouzid-cinq-suspects-places-en-detention\/"},"wordCount":196,"commentCount":0,"publisher":{"@id":"https:\/\/kapitalis.com\/tunisie\/#organization"},"image":{"@id":"https:\/\/kapitalis.com\/tunisie\/2018\/12\/08\/heurts-a-sidi-bouzid-cinq-suspects-places-en-detention\/#primaryimage"},"thumbnailUrl":"","keywords":["affrontements","d\u00e9l\u00e9gu\u00e9","d\u00e9tention","heurts","Menzel Bouzaiane","Sidi Bouzid"],"articleSection":["SOCIETE","Tunisie"],"inLanguage":"fr-FR","potentialAction":[{"@type":"CommentAction","name":"Comment","target":["https:\/\/kapitalis.com\/tunisie\/2018\/12\/08\/heurts-a-sidi-bouzid-cinq-suspects-places-en-detention\/#respond"]}]},{"@type":"WebPage","@id":"https:\/\/kapitalis.com\/tunisie\/2018\/12\/08\/heurts-a-sidi-bouzid-cinq-suspects-places-en-detention\/","url":"https:\/\/kapitalis.com\/tunisie\/2018\/12\/08\/heurts-a-sidi-bouzid-cinq-suspects-places-en-detention\/","name":"Heurts \u00e0 Sidi Bouzid : Cinq suspects plac\u00e9s en d\u00e9tention - Kapitalis","isPartOf":{"@id":"https:\/\/kapitalis.com\/tunisie\/#website"},"primaryImageOfPage":{"@id":"https:\/\/kapitalis.com\/tunisie\/2018\/12\/08\/heurts-a-sidi-bouzid-cinq-suspects-places-en-detention\/#primaryimage"},"image":{"@id":"https:\/\/kapitalis.com\/tunisie\/2018\/12\/08\/heurts-a-sidi-bouzid-cinq-suspects-places-en-detention\/#primaryimage"},"thumbnailUrl":"","datePublished":"2018-12-08T11:11:36+00:00","breadcrumb":{"@id":"https:\/\/kapitalis.com\/tunisie\/2018\/12\/08\/heurts-a-sidi-bouzid-cinq-suspects-places-en-detention\/#breadcrumb"},"inLanguage":"fr-FR","potentialAction":[{"@type":"ReadAction","target":["https:\/\/kapitalis.com\/tunisie\/2018\/12\/08\/heurts-a-sidi-bouzid-cinq-suspects-places-en-detention\/"]}]},{"@type":"ImageObject","inLanguage":"fr-FR","@id":"https:\/\/kapitalis.com\/tunisie\/2018\/12\/08\/heurts-a-sidi-bouzid-cinq-suspects-places-en-detention\/#primaryimage","url":"","contentUrl":""},{"@type":"BreadcrumbList","@id":"https:\/\/kapitalis.com\/tunisie\/2018\/12\/08\/heurts-a-sidi-bouzid-cinq-suspects-places-en-detention\/#breadcrumb","itemListElement":[{"@type":"ListItem","position":1,"name":"Accueil","item":"https:\/\/kapitalis.com\/tunisie\/"},{"@type":"ListItem","position":2,"name":"Heurts \u00e0 Sidi Bouzid : Cinq suspects plac\u00e9s en d\u00e9tention"}]},{"@type":"WebSite","@id":"https:\/\/kapitalis.com\/tunisie\/#website","url":"https:\/\/kapitalis.com\/tunisie\/","name":"Kapitalis","description":"L&#039;actualit\u00e9 en Tunisie et dans le monde","publisher":{"@id":"https:\/\/kapitalis.com\/tunisie\/#organization"},"potentialAction":[{"@type":"SearchAction","target":{"@type":"EntryPoint","urlTemplate":"https:\/\/kapitalis.com\/tunisie\/?s={search_term_string}"},"query-input":{"@type":"PropertyValueSpecification","valueRequired":true,"valueName":"search_term_string"}}],"inLanguage":"fr-FR"},{"@type":"Organization","@id":"https:\/\/kapitalis.com\/tunisie\/#organization","name":"Kapitalis","url":"https:\/\/kapitalis.com\/tunisie\/","logo":{"@type":"ImageObject","inLanguage":"fr-FR","@id":"https:\/\/kapitalis.com\/tunisie\/#\/schema\/logo\/image\/","url":"https:\/\/kapitalis.com\/tunisie\/wp-content\/uploads\/2022\/05\/Kapitalis-big-size.png","contentUrl":"https:\/\/kapitalis.com\/tunisie\/wp-content\/uploads\/2022\/05\/Kapitalis-big-size.png","width":5000,"height":1500,"caption":"Kapitalis"},"image":{"@id":"https:\/\/kapitalis.com\/tunisie\/#\/schema\/logo\/image\/"},"sameAs":["https:\/\/www.facebook.com\/KapitalisInfo\/","https:\/\/x.com\/KapitalisInfo","https:\/\/www.youtube.com\/channel\/UC-yDYrHyfFBWWZaOw3FPg9Q"]},{"@type":"Person","@id":"https:\/\/kapitalis.com\/tunisie\/#\/schema\/person\/74bbde0154d49d790a92aaeac5bc01d5","name":"Yusra NY","url":"https:\/\/kapitalis.com\/tunisie\/author\/yuza_adam\/"}]}},"_links":{"self":[{"href":"https:\/\/kapitalis.com\/tunisie\/wp-json\/wp\/v2\/posts\/187892","targetHints":{"allow":["GET"]}}],"collection":[{"href":"https:\/\/kapitalis.com\/tunisie\/wp-json\/wp\/v2\/posts"}],"about":[{"href":"https:\/\/kapitalis.com\/tunisie\/wp-json\/wp\/v2\/types\/post"}],"author":[{"embeddable":true,"href":"https:\/\/kapitalis.com\/tunisie\/wp-json\/wp\/v2\/users\/6"}],"replies":[{"embeddable":true,"href":"https:\/\/kapitalis.com\/tunisie\/wp-json\/wp\/v2\/comments?post=187892"}],"version-history":[{"count":0,"href":"https:\/\/kapitalis.com\/tunisie\/wp-json\/wp\/v2\/posts\/187892\/revisions"}],"wp:featuredmedia":[{"embeddable":true,"href":"https:\/\/kapitalis.com\/tunisie\/wp-json\/wp\/v2\/media\/187894"}],"wp:attachment":[{"href":"https:\/\/kapitalis.com\/tunisie\/wp-json\/wp\/v2\/media?parent=187892"}],"wp:term":[{"taxonomy":"category","embeddable":true,"href":"https:\/\/kapitalis.com\/tunisie\/wp-json\/wp\/v2\/categories?post=187892"},{"taxonomy":"post_tag","embeddable":true,"href":"https:\/\/kapitalis.com\/tunisie\/wp-json\/wp\/v2\/tags?post=187892"}],"curies":[{"name":"wp","href":"https:\/\/api.w.org\/{rel}","templated":true}]}}