{"id":18817,"date":"2015-10-11T08:17:03","date_gmt":"2015-10-11T07:17:03","guid":{"rendered":"http:\/\/kapitalis.com\/tunisie\/?p=18817"},"modified":"2015-10-11T08:17:03","modified_gmt":"2015-10-11T07:17:03","slug":"nobel-de-la-paix-a-la-tunisie-le-retour-de-lespoir","status":"publish","type":"post","link":"https:\/\/kapitalis.com\/tunisie\/2015\/10\/11\/nobel-de-la-paix-a-la-tunisie-le-retour-de-lespoir\/","title":{"rendered":"Nobel de la Paix \u00e0 la Tunisie: Le retour de l\u2019espoir"},"content":{"rendered":"<p><img loading=\"lazy\" decoding=\"async\" class=\"alignnone size-full wp-image-18818 aligncenter\" src=\"http:\/\/kapitalis.com\/tunisie\/wp-content\/uploads\/2015\/10\/Quartet-du-dialogue-national.jpg\" alt=\"Quartet-du-dialogue-national\" width=\"626\" height=\"380\" \/><\/p>\n<p><em><strong>Le comit\u00e9 Nobel ne s\u2019y trompe pas: depuis le 11 janvier 2011, la Tunisie a collectionn\u00e9 les r\u00e9ussites, malgr\u00e9 les contrari\u00e9t\u00e9s et les d\u00e9convenues.<\/strong><\/em><\/p>\n<p>Par<strong> Moncef Dhambri<\/strong><\/p>\n<p><!--more--><\/p>\n<p>Sur le terrain de notre quotidien et dans la pratique que nous faisons \u00e0 chaque instant de notre jeune d\u00e9mocratie, nous avons connu de tr\u00e8s mauvaises d\u00e9convenues et les pires contretemps. Un peu trop souvent, nous avons eu plut\u00f4t tendance \u00e0 ne retenir que ces contrari\u00e9t\u00e9s et \u00e9checs, nous avons \u00e9t\u00e9 d\u00e9\u00e7us, nous nous sommes essouffl\u00e9s en de nombreuses occasions, nous avons baiss\u00e9 les bras \u00e0 plusieurs reprises, voire, pour certains d\u2019entre nous, nous avons souhait\u00e9 qu\u2019il n\u2019en soit plus rien de \u00ab<em>cette foutue r\u00e9volution.\u00bb<\/em><\/p>\n<p><strong>La d\u00e9mocratie n\u2019est-elle pas faite pour nous ?<\/strong><\/p>\n<p>Cinq ann\u00e9es depuis la r\u00e9volution du 11 janvier, cinq longues ann\u00e9es depuis que le <em>\u00abD\u00e9gage!\u00bb<\/em> du minist\u00e8re de l\u2019Int\u00e9rieur a eu <em>\u00abfacilement\u00bb<\/em> raison de la dictature de Ben Ali, et notre pays se laisse toujours malmener par les incertitudes les plus indescriptibles, il se heurte encore aux difficult\u00e9s les plus dures et, d\u00e9sormais, il est confront\u00e9 \u00e0 la pire des menaces de ce d\u00e9but de 21e si\u00e8cle, le terrorisme djihadiste.<\/p>\n<p>Bref, le bilan de notre parcours r\u00e9volutionnaire a pu nous sembler peu reluisant \u2013 <em>\u00abune main vide et l\u2019autre qui n\u2019a rien r\u00e9colt\u00e9\u00bb<\/em>, avons-nous appris \u00e0 nous dire de notre r\u00e9volution. La libert\u00e9 d\u2019expression et de la presse est devenue une broutille, <em>\u00abla meilleure constitution au monde\u00bb<\/em> ne nourrit pas nos affam\u00e9s, ni ne donne des emplois \u00e0 nos ch\u00f4meurs, et nos \u00e9lections libres et ind\u00e9pendantes ne nous ont pas emp\u00each\u00e9s de tendre la main aux institutions financi\u00e8res mondiales \u2013 une premi\u00e8re fois, une deuxi\u00e8me et plusieurs fois encore.<\/p>\n<p>L\u2019on a fini par ne retenir que nos insucc\u00e8s, nos sur-places, nos reculs et le prix \u00ab<em>\u00e9lev\u00e9<\/em>\u00bb de la note r\u00e9volutionnaire: les martyrs de la r\u00e9volution, les assassinats politiques, les attentats terroristes, l\u2019immobilisme des minist\u00e8res et de leurs gouvernements, les mauvais ratings des agences de notations mondiales, etc.<\/p>\n<p>L\u2019on a tr\u00e8s souvent et trop vite conclu qu\u2019une r\u00e9volution aussi improvis\u00e9e que la n\u00f4tre ne pouvait r\u00e9ussir et que la d\u00e9mocratie en terre tunisienne, \u00ab<em>arabo-musulmane<\/em>\u00bb, n\u2019\u00e9tait qu\u2019une chim\u00e8re. L\u2019on s\u2019est dit et r\u00e9p\u00e9t\u00e9 que cette chose d\u00e9mocratique n\u2019\u00e9tait pas faite pour nous. L\u2019on a trouv\u00e9 plusieurs raisons solides \u00e0 notre d\u00e9faitisme. L\u2019on a plus cherch\u00e9 qu\u2019\u00e0 boucler nos fins de mois. Nous avons m\u00eame d\u00e9clar\u00e9 forfait et, en mauvais joueurs, nous avons souhait\u00e9 que l\u2019on nous restitue notre mise. Nous avons enterr\u00e9 plus d\u2019une fois nos r\u00eaves, pour n\u2019\u00e9couter que ceux d\u2019entre nous qui nous disaient que notre Tunisie allait droit dans le mur.<\/p>\n<p>Nous n\u2019avons retenu de ce p\u00e9riple que nos d\u00e9brayages, sit-ins et gr\u00e8ves. Nous n\u2019avons plus vu que les paralysies du bassin minier qui ne livrait plus ses commandes de phosphate. Nous n\u2019avons plus v\u00e9cu que de petits bricolages, de solutions de fortune et de d\u00e9pannages in extremis. Nous avons assist\u00e9 impuissants face \u00e0 nos nombreuses d\u00e9rives. Nos amis et nos fr\u00e8res \u2013 lorsqu\u2019ils existent encore \u2013 se font prier pour nous tendre la main, une derni\u00e8re main, pour atteindre l\u2019autre rive. Les bailleurs de fonds et les investisseurs nous ont tourn\u00e9 le dos. Les touristes \u00e9trangers ont pli\u00e9 bagages pour ne plus revenir, car ils n\u2019avaient que faire de nos plages dor\u00e9es, de nos prix d\u00e9fiant toute concurrence et de notre hospitalit\u00e9.<\/p>\n<p><strong>La mani\u00e8re \u00e9loquente du comit\u00e9 Nobel<\/strong><\/p>\n<p>Le monde \u2013 tout le monde et parfois nous-m\u00eames aussi \u2013 aurait vite oubli\u00e9 les exploits de la r\u00e9volution du 14 janvier 2011. Il aurait oubli\u00e9 trop facilement nos prouesses, parce que notre \u00e9conomie n\u2019a plus retrouv\u00e9 son cours normal et qu\u2019une soixantaine de ressortissants \u00e9trangers ont trouv\u00e9 la mort sur notre sol, en 2015.<\/p>\n<p>Le monde \u2013 tout le monde et parfois nous-m\u00eames aussi \u2013 aurait prononc\u00e9 le verdict final qu\u2019il \u00e9tait inutile de continuer de croire que le Printemps tunisien pouvait \u00eatre plus qu\u2019un simple soul\u00e8vement et que, au bout du compte, une autre dictature remplacera l\u2019ancienne en Tunisie. Toute la r\u00e9volution n\u2019aura \u00e9t\u00e9 qu\u2019un simple incident de parcours. La coloration du nouveau despotisme importera peu. Pour l\u2019essentiel, le monde aurait conclu que la Tunisie et les Tunisiens n\u2019\u00e9taient pas faits pour la d\u00e9mocratie et que cette derni\u00e8re n\u2019\u00e9tait pas faite pour eux. Donc, passons\u2026<\/p>\n<p>Le comit\u00e9 Nobel en a d\u00e9cid\u00e9 autrement, et de la mani\u00e8re la plus \u00e9loquente. Il a fait le bon choix, le meilleur choix, en remettant son prix 2015 au Quartet du Dialogue national, ce groupe de 4 organisations nationales tunisiennes qui ont pilot\u00e9 cette phase la plus cruciale de notre parcours r\u00e9volutionnaire et qui a su convaincre les pr\u00e9sents (et les absents) autour de la table de ces n\u00e9gociations qu\u2019il appartient \u00e0 tous les Tunisiens de prendre leur sort en main et de d\u00e9cider de leur avenir commun.<\/p>\n<p>Bien \u00e9videmment, il y aurait toujours beaucoup \u00e0 dire et \u00e0 redire de ce qui a r\u00e9sult\u00e9 de toutes ces tractations et de la feuille de route qui en a r\u00e9sult\u00e9. Bien \u00e9videmment aussi, nous ne sommes pas au bout de nos peines, nous n\u2019avons pas fini d\u2019essuyer des d\u00e9convenues: une r\u00e9volution, une v\u00e9ritable r\u00e9volution, ne saurait se suffire de la tenue d\u2019une ou de deux \u00e9lections, m\u00eame si elles sont aussi irr\u00e9prochables que les n\u00f4tres.<\/p>\n<p>Des scrutins libres et ind\u00e9pendants n\u2019ont de valeur que s\u2019ils servent \u00e0 avancer, \u00e0 faire progresser un pays et son peuple, que si cet investissement politique du bulletin de vote et de l\u2019urne porte d\u2019autres dividendes r\u00e9els et palpables \u2013 et sous des formes diverses, en \u00e9conomie, dans l\u2019organisation de la soci\u00e9t\u00e9 et dans la culture.<\/p>\n<p><strong>Ils ont dit non \u00e0 la Tro\u00efka et aux islamistes<\/strong><\/p>\n<p>C\u2019est cette tr\u00e8s bonne note globale que le comit\u00e9 Nobel vient d\u2019accorder \u00e0 la Tunisie: sur tous ces plans, le dossier tunisien a \u00e9t\u00e9 d\u00e9fendable et plus convaincant que ceux d\u2019autres candidatures \u2013 la chanceli\u00e8re allemande Angela Merkel, le pape Fran\u00e7ois ou le pr\u00eatre \u00e9rythr\u00e9en Mussie Zeraidu, entre autres grands favoris des 273 postulants.<\/p>\n<p>Le comit\u00e9 Nobel de la paix ne s\u2019est pas tromp\u00e9, lui qui, par le pass\u00e9, a r\u00e9compens\u00e9 les Th\u00e9odore Roosevelt, Woodrow Wilson, Ralph Bunche, Martin Luther King, Willy Brandt, Andre\u00ef Sakharov, M\u00e8re Teresa, Lech Walesa, Desmond Tutu, Mikha\u00efl Gorbatchev, Aung San Suu Kyi, Nelson Mandela, Yasser Arafat, Jimmy Carter, Barack Obama, etc.<\/p>\n<p>Le comit\u00e9 Nobel norv\u00e9gien a choisi l\u2019UGTT, l\u2019Utica, la Ligue des droits de l\u2019Homme et l\u2019Ordre des avocats et, \u00e0 travers ces quatre grandes organisations nationales, toutes les autres parties, les figures nationales et la rue tunisienne qui ont dit non \u00e0 la Tro\u00efka et \u00e0 l\u2019islamisation de la Tunisie.<\/p>\n<p>Bien s\u00fbr, la partie n\u2019est pas gagn\u00e9e et il reste beaucoup \u00e0 faire. Cependant, l\u2019on est en droit de tirer fiert\u00e9 de cette distinction qui nous vient d\u2019Oslo. Le 10 d\u00e9cembre prochain, \u00e0 2600 kilom\u00e8tres de Tunis, des applaudissements retentiront dans la salle de la remise du prix Nobel de la paix pour accueillir les dignes repr\u00e9sentants de notre 14 janvier 2011 et cette reconnaissance nous ira droit au c\u0153ur.<\/p>\n<p>Les Chokri Bela\u00efd, Mohamed Brahmi et nos autres martyrs peuvent \u00e0 pr\u00e9sent reposer en paix. Ils ont pay\u00e9 le prix du devoir. La Tunisie se charge de finir cette mission.<\/p>\n","protected":false},"excerpt":{"rendered":"<p>Le comit\u00e9 Nobel ne s\u2019y trompe pas: depuis le 11 janvier 2011, la Tunisie a collectionn\u00e9 les r\u00e9ussites, malgr\u00e9 les contrari\u00e9t\u00e9s et les d\u00e9convenues. Par Moncef Dhambri<\/p>\n","protected":false},"author":8,"featured_media":18818,"comment_status":"open","ping_status":"open","sticky":false,"template":"","format":"standard","meta":{"footnotes":""},"categories":[992,997,2433],"tags":[3137,4696,7546,2580,7336],"class_list":["post-18817","post","type-post","status-publish","format-standard","has-post-thumbnail","hentry","category-a-la-une","category-politique","category-tunisie","tag-ltdh","tag-ordre-des-avocats","tag-prix-nobel-de-la-paix","tag-quartet","tag-revolution-tunisienne"],"yoast_head":"<!-- This site is optimized with the Yoast SEO plugin v26.6 - https:\/\/yoast.com\/wordpress\/plugins\/seo\/ -->\n<title>Nobel de la Paix \u00e0 la Tunisie: Le retour de l\u2019espoir - Kapitalis<\/title>\n<meta name=\"robots\" content=\"index, follow, max-snippet:-1, max-image-preview:large, max-video-preview:-1\" \/>\n<link rel=\"canonical\" href=\"https:\/\/kapitalis.com\/tunisie\/2015\/10\/11\/nobel-de-la-paix-a-la-tunisie-le-retour-de-lespoir\/\" \/>\n<meta property=\"og:locale\" content=\"fr_FR\" \/>\n<meta property=\"og:type\" content=\"article\" \/>\n<meta property=\"og:title\" content=\"Nobel de la Paix \u00e0 la Tunisie: Le retour de l\u2019espoir - Kapitalis\" \/>\n<meta property=\"og:description\" content=\"Le comit\u00e9 Nobel ne s\u2019y trompe pas: depuis le 11 janvier 2011, la Tunisie a collectionn\u00e9 les r\u00e9ussites, malgr\u00e9 les contrari\u00e9t\u00e9s et les d\u00e9convenues. Par Moncef Dhambri\" \/>\n<meta property=\"og:url\" content=\"https:\/\/kapitalis.com\/tunisie\/2015\/10\/11\/nobel-de-la-paix-a-la-tunisie-le-retour-de-lespoir\/\" \/>\n<meta property=\"og:site_name\" content=\"Kapitalis\" \/>\n<meta property=\"article:publisher\" content=\"https:\/\/www.facebook.com\/KapitalisInfo\/\" \/>\n<meta property=\"article:published_time\" content=\"2015-10-11T07:17:03+00:00\" \/>\n<meta property=\"og:image\" content=\"https:\/\/kapitalis.com\/tunisie\/wp-content\/uploads\/2022\/05\/kapitalis-logo-fb.png\" \/>\n\t<meta property=\"og:image:width\" content=\"1200\" \/>\n\t<meta property=\"og:image:height\" content=\"630\" \/>\n\t<meta property=\"og:image:type\" content=\"image\/png\" \/>\n<meta name=\"author\" content=\"webmaster kapitalis\" \/>\n<meta name=\"twitter:card\" content=\"summary_large_image\" \/>\n<meta name=\"twitter:creator\" content=\"@KapitalisInfo\" \/>\n<meta name=\"twitter:site\" content=\"@KapitalisInfo\" \/>\n<meta name=\"twitter:label1\" content=\"\u00c9crit par\" \/>\n\t<meta name=\"twitter:data1\" content=\"webmaster kapitalis\" \/>\n\t<meta name=\"twitter:label2\" content=\"Dur\u00e9e de lecture estim\u00e9e\" \/>\n\t<meta name=\"twitter:data2\" content=\"7 minutes\" \/>\n<script type=\"application\/ld+json\" class=\"yoast-schema-graph\">{\"@context\":\"https:\/\/schema.org\",\"@graph\":[{\"@type\":\"Article\",\"@id\":\"https:\/\/kapitalis.com\/tunisie\/2015\/10\/11\/nobel-de-la-paix-a-la-tunisie-le-retour-de-lespoir\/#article\",\"isPartOf\":{\"@id\":\"https:\/\/kapitalis.com\/tunisie\/2015\/10\/11\/nobel-de-la-paix-a-la-tunisie-le-retour-de-lespoir\/\"},\"author\":{\"name\":\"webmaster kapitalis\",\"@id\":\"https:\/\/kapitalis.com\/tunisie\/#\/schema\/person\/d71f33a9ca44f7bad4698210b480c8e9\"},\"headline\":\"Nobel de la Paix \u00e0 la Tunisie: Le retour de l\u2019espoir\",\"datePublished\":\"2015-10-11T07:17:03+00:00\",\"mainEntityOfPage\":{\"@id\":\"https:\/\/kapitalis.com\/tunisie\/2015\/10\/11\/nobel-de-la-paix-a-la-tunisie-le-retour-de-lespoir\/\"},\"wordCount\":1330,\"commentCount\":0,\"publisher\":{\"@id\":\"https:\/\/kapitalis.com\/tunisie\/#organization\"},\"image\":{\"@id\":\"https:\/\/kapitalis.com\/tunisie\/2015\/10\/11\/nobel-de-la-paix-a-la-tunisie-le-retour-de-lespoir\/#primaryimage\"},\"thumbnailUrl\":\"\",\"keywords\":[\"LTDH\",\"Ordre des avocats\",\"Prix Nobel de la paix\",\"Quartet\",\"R\u00e9volution tunisienne\"],\"articleSection\":[\"A LA UNE\",\"POLITIQUE\",\"Tunisie\"],\"inLanguage\":\"fr-FR\",\"potentialAction\":[{\"@type\":\"CommentAction\",\"name\":\"Comment\",\"target\":[\"https:\/\/kapitalis.com\/tunisie\/2015\/10\/11\/nobel-de-la-paix-a-la-tunisie-le-retour-de-lespoir\/#respond\"]}]},{\"@type\":\"WebPage\",\"@id\":\"https:\/\/kapitalis.com\/tunisie\/2015\/10\/11\/nobel-de-la-paix-a-la-tunisie-le-retour-de-lespoir\/\",\"url\":\"https:\/\/kapitalis.com\/tunisie\/2015\/10\/11\/nobel-de-la-paix-a-la-tunisie-le-retour-de-lespoir\/\",\"name\":\"Nobel de la Paix \u00e0 la Tunisie: Le retour de l\u2019espoir - Kapitalis\",\"isPartOf\":{\"@id\":\"https:\/\/kapitalis.com\/tunisie\/#website\"},\"primaryImageOfPage\":{\"@id\":\"https:\/\/kapitalis.com\/tunisie\/2015\/10\/11\/nobel-de-la-paix-a-la-tunisie-le-retour-de-lespoir\/#primaryimage\"},\"image\":{\"@id\":\"https:\/\/kapitalis.com\/tunisie\/2015\/10\/11\/nobel-de-la-paix-a-la-tunisie-le-retour-de-lespoir\/#primaryimage\"},\"thumbnailUrl\":\"\",\"datePublished\":\"2015-10-11T07:17:03+00:00\",\"breadcrumb\":{\"@id\":\"https:\/\/kapitalis.com\/tunisie\/2015\/10\/11\/nobel-de-la-paix-a-la-tunisie-le-retour-de-lespoir\/#breadcrumb\"},\"inLanguage\":\"fr-FR\",\"potentialAction\":[{\"@type\":\"ReadAction\",\"target\":[\"https:\/\/kapitalis.com\/tunisie\/2015\/10\/11\/nobel-de-la-paix-a-la-tunisie-le-retour-de-lespoir\/\"]}]},{\"@type\":\"ImageObject\",\"inLanguage\":\"fr-FR\",\"@id\":\"https:\/\/kapitalis.com\/tunisie\/2015\/10\/11\/nobel-de-la-paix-a-la-tunisie-le-retour-de-lespoir\/#primaryimage\",\"url\":\"\",\"contentUrl\":\"\"},{\"@type\":\"BreadcrumbList\",\"@id\":\"https:\/\/kapitalis.com\/tunisie\/2015\/10\/11\/nobel-de-la-paix-a-la-tunisie-le-retour-de-lespoir\/#breadcrumb\",\"itemListElement\":[{\"@type\":\"ListItem\",\"position\":1,\"name\":\"Accueil\",\"item\":\"https:\/\/kapitalis.com\/tunisie\/\"},{\"@type\":\"ListItem\",\"position\":2,\"name\":\"Nobel de la Paix \u00e0 la Tunisie: Le retour de l\u2019espoir\"}]},{\"@type\":\"WebSite\",\"@id\":\"https:\/\/kapitalis.com\/tunisie\/#website\",\"url\":\"https:\/\/kapitalis.com\/tunisie\/\",\"name\":\"Kapitalis\",\"description\":\"L&#039;actualit\u00e9 en Tunisie et dans le monde\",\"publisher\":{\"@id\":\"https:\/\/kapitalis.com\/tunisie\/#organization\"},\"potentialAction\":[{\"@type\":\"SearchAction\",\"target\":{\"@type\":\"EntryPoint\",\"urlTemplate\":\"https:\/\/kapitalis.com\/tunisie\/?s={search_term_string}\"},\"query-input\":{\"@type\":\"PropertyValueSpecification\",\"valueRequired\":true,\"valueName\":\"search_term_string\"}}],\"inLanguage\":\"fr-FR\"},{\"@type\":\"Organization\",\"@id\":\"https:\/\/kapitalis.com\/tunisie\/#organization\",\"name\":\"Kapitalis\",\"url\":\"https:\/\/kapitalis.com\/tunisie\/\",\"logo\":{\"@type\":\"ImageObject\",\"inLanguage\":\"fr-FR\",\"@id\":\"https:\/\/kapitalis.com\/tunisie\/#\/schema\/logo\/image\/\",\"url\":\"https:\/\/kapitalis.com\/tunisie\/wp-content\/uploads\/2022\/05\/Kapitalis-big-size.png\",\"contentUrl\":\"https:\/\/kapitalis.com\/tunisie\/wp-content\/uploads\/2022\/05\/Kapitalis-big-size.png\",\"width\":5000,\"height\":1500,\"caption\":\"Kapitalis\"},\"image\":{\"@id\":\"https:\/\/kapitalis.com\/tunisie\/#\/schema\/logo\/image\/\"},\"sameAs\":[\"https:\/\/www.facebook.com\/KapitalisInfo\/\",\"https:\/\/x.com\/KapitalisInfo\",\"https:\/\/www.youtube.com\/channel\/UC-yDYrHyfFBWWZaOw3FPg9Q\"]},{\"@type\":\"Person\",\"@id\":\"https:\/\/kapitalis.com\/tunisie\/#\/schema\/person\/d71f33a9ca44f7bad4698210b480c8e9\",\"name\":\"webmaster kapitalis\",\"url\":\"https:\/\/kapitalis.com\/tunisie\/author\/webmaster-kapitalis\/\"}]}<\/script>\n<!-- \/ Yoast SEO plugin. -->","yoast_head_json":{"title":"Nobel de la Paix \u00e0 la Tunisie: Le retour de l\u2019espoir - Kapitalis","robots":{"index":"index","follow":"follow","max-snippet":"max-snippet:-1","max-image-preview":"max-image-preview:large","max-video-preview":"max-video-preview:-1"},"canonical":"https:\/\/kapitalis.com\/tunisie\/2015\/10\/11\/nobel-de-la-paix-a-la-tunisie-le-retour-de-lespoir\/","og_locale":"fr_FR","og_type":"article","og_title":"Nobel de la Paix \u00e0 la Tunisie: Le retour de l\u2019espoir - Kapitalis","og_description":"Le comit\u00e9 Nobel ne s\u2019y trompe pas: depuis le 11 janvier 2011, la Tunisie a collectionn\u00e9 les r\u00e9ussites, malgr\u00e9 les contrari\u00e9t\u00e9s et les d\u00e9convenues. Par Moncef Dhambri","og_url":"https:\/\/kapitalis.com\/tunisie\/2015\/10\/11\/nobel-de-la-paix-a-la-tunisie-le-retour-de-lespoir\/","og_site_name":"Kapitalis","article_publisher":"https:\/\/www.facebook.com\/KapitalisInfo\/","article_published_time":"2015-10-11T07:17:03+00:00","og_image":[{"width":1200,"height":630,"url":"https:\/\/kapitalis.com\/tunisie\/wp-content\/uploads\/2022\/05\/kapitalis-logo-fb.png","type":"image\/png"}],"author":"webmaster kapitalis","twitter_card":"summary_large_image","twitter_creator":"@KapitalisInfo","twitter_site":"@KapitalisInfo","twitter_misc":{"\u00c9crit par":"webmaster kapitalis","Dur\u00e9e de lecture estim\u00e9e":"7 minutes"},"schema":{"@context":"https:\/\/schema.org","@graph":[{"@type":"Article","@id":"https:\/\/kapitalis.com\/tunisie\/2015\/10\/11\/nobel-de-la-paix-a-la-tunisie-le-retour-de-lespoir\/#article","isPartOf":{"@id":"https:\/\/kapitalis.com\/tunisie\/2015\/10\/11\/nobel-de-la-paix-a-la-tunisie-le-retour-de-lespoir\/"},"author":{"name":"webmaster kapitalis","@id":"https:\/\/kapitalis.com\/tunisie\/#\/schema\/person\/d71f33a9ca44f7bad4698210b480c8e9"},"headline":"Nobel de la Paix \u00e0 la Tunisie: Le retour de l\u2019espoir","datePublished":"2015-10-11T07:17:03+00:00","mainEntityOfPage":{"@id":"https:\/\/kapitalis.com\/tunisie\/2015\/10\/11\/nobel-de-la-paix-a-la-tunisie-le-retour-de-lespoir\/"},"wordCount":1330,"commentCount":0,"publisher":{"@id":"https:\/\/kapitalis.com\/tunisie\/#organization"},"image":{"@id":"https:\/\/kapitalis.com\/tunisie\/2015\/10\/11\/nobel-de-la-paix-a-la-tunisie-le-retour-de-lespoir\/#primaryimage"},"thumbnailUrl":"","keywords":["LTDH","Ordre des avocats","Prix Nobel de la paix","Quartet","R\u00e9volution tunisienne"],"articleSection":["A LA UNE","POLITIQUE","Tunisie"],"inLanguage":"fr-FR","potentialAction":[{"@type":"CommentAction","name":"Comment","target":["https:\/\/kapitalis.com\/tunisie\/2015\/10\/11\/nobel-de-la-paix-a-la-tunisie-le-retour-de-lespoir\/#respond"]}]},{"@type":"WebPage","@id":"https:\/\/kapitalis.com\/tunisie\/2015\/10\/11\/nobel-de-la-paix-a-la-tunisie-le-retour-de-lespoir\/","url":"https:\/\/kapitalis.com\/tunisie\/2015\/10\/11\/nobel-de-la-paix-a-la-tunisie-le-retour-de-lespoir\/","name":"Nobel de la Paix \u00e0 la Tunisie: Le retour de l\u2019espoir - Kapitalis","isPartOf":{"@id":"https:\/\/kapitalis.com\/tunisie\/#website"},"primaryImageOfPage":{"@id":"https:\/\/kapitalis.com\/tunisie\/2015\/10\/11\/nobel-de-la-paix-a-la-tunisie-le-retour-de-lespoir\/#primaryimage"},"image":{"@id":"https:\/\/kapitalis.com\/tunisie\/2015\/10\/11\/nobel-de-la-paix-a-la-tunisie-le-retour-de-lespoir\/#primaryimage"},"thumbnailUrl":"","datePublished":"2015-10-11T07:17:03+00:00","breadcrumb":{"@id":"https:\/\/kapitalis.com\/tunisie\/2015\/10\/11\/nobel-de-la-paix-a-la-tunisie-le-retour-de-lespoir\/#breadcrumb"},"inLanguage":"fr-FR","potentialAction":[{"@type":"ReadAction","target":["https:\/\/kapitalis.com\/tunisie\/2015\/10\/11\/nobel-de-la-paix-a-la-tunisie-le-retour-de-lespoir\/"]}]},{"@type":"ImageObject","inLanguage":"fr-FR","@id":"https:\/\/kapitalis.com\/tunisie\/2015\/10\/11\/nobel-de-la-paix-a-la-tunisie-le-retour-de-lespoir\/#primaryimage","url":"","contentUrl":""},{"@type":"BreadcrumbList","@id":"https:\/\/kapitalis.com\/tunisie\/2015\/10\/11\/nobel-de-la-paix-a-la-tunisie-le-retour-de-lespoir\/#breadcrumb","itemListElement":[{"@type":"ListItem","position":1,"name":"Accueil","item":"https:\/\/kapitalis.com\/tunisie\/"},{"@type":"ListItem","position":2,"name":"Nobel de la Paix \u00e0 la Tunisie: Le retour de l\u2019espoir"}]},{"@type":"WebSite","@id":"https:\/\/kapitalis.com\/tunisie\/#website","url":"https:\/\/kapitalis.com\/tunisie\/","name":"Kapitalis","description":"L&#039;actualit\u00e9 en Tunisie et dans le monde","publisher":{"@id":"https:\/\/kapitalis.com\/tunisie\/#organization"},"potentialAction":[{"@type":"SearchAction","target":{"@type":"EntryPoint","urlTemplate":"https:\/\/kapitalis.com\/tunisie\/?s={search_term_string}"},"query-input":{"@type":"PropertyValueSpecification","valueRequired":true,"valueName":"search_term_string"}}],"inLanguage":"fr-FR"},{"@type":"Organization","@id":"https:\/\/kapitalis.com\/tunisie\/#organization","name":"Kapitalis","url":"https:\/\/kapitalis.com\/tunisie\/","logo":{"@type":"ImageObject","inLanguage":"fr-FR","@id":"https:\/\/kapitalis.com\/tunisie\/#\/schema\/logo\/image\/","url":"https:\/\/kapitalis.com\/tunisie\/wp-content\/uploads\/2022\/05\/Kapitalis-big-size.png","contentUrl":"https:\/\/kapitalis.com\/tunisie\/wp-content\/uploads\/2022\/05\/Kapitalis-big-size.png","width":5000,"height":1500,"caption":"Kapitalis"},"image":{"@id":"https:\/\/kapitalis.com\/tunisie\/#\/schema\/logo\/image\/"},"sameAs":["https:\/\/www.facebook.com\/KapitalisInfo\/","https:\/\/x.com\/KapitalisInfo","https:\/\/www.youtube.com\/channel\/UC-yDYrHyfFBWWZaOw3FPg9Q"]},{"@type":"Person","@id":"https:\/\/kapitalis.com\/tunisie\/#\/schema\/person\/d71f33a9ca44f7bad4698210b480c8e9","name":"webmaster kapitalis","url":"https:\/\/kapitalis.com\/tunisie\/author\/webmaster-kapitalis\/"}]}},"_links":{"self":[{"href":"https:\/\/kapitalis.com\/tunisie\/wp-json\/wp\/v2\/posts\/18817","targetHints":{"allow":["GET"]}}],"collection":[{"href":"https:\/\/kapitalis.com\/tunisie\/wp-json\/wp\/v2\/posts"}],"about":[{"href":"https:\/\/kapitalis.com\/tunisie\/wp-json\/wp\/v2\/types\/post"}],"author":[{"embeddable":true,"href":"https:\/\/kapitalis.com\/tunisie\/wp-json\/wp\/v2\/users\/8"}],"replies":[{"embeddable":true,"href":"https:\/\/kapitalis.com\/tunisie\/wp-json\/wp\/v2\/comments?post=18817"}],"version-history":[{"count":0,"href":"https:\/\/kapitalis.com\/tunisie\/wp-json\/wp\/v2\/posts\/18817\/revisions"}],"wp:featuredmedia":[{"embeddable":true,"href":"https:\/\/kapitalis.com\/tunisie\/wp-json\/wp\/v2\/media\/18818"}],"wp:attachment":[{"href":"https:\/\/kapitalis.com\/tunisie\/wp-json\/wp\/v2\/media?parent=18817"}],"wp:term":[{"taxonomy":"category","embeddable":true,"href":"https:\/\/kapitalis.com\/tunisie\/wp-json\/wp\/v2\/categories?post=18817"},{"taxonomy":"post_tag","embeddable":true,"href":"https:\/\/kapitalis.com\/tunisie\/wp-json\/wp\/v2\/tags?post=18817"}],"curies":[{"name":"wp","href":"https:\/\/api.w.org\/{rel}","templated":true}]}}