{"id":188296,"date":"2018-12-11T12:36:40","date_gmt":"2018-12-11T11:36:40","guid":{"rendered":"http:\/\/kapitalis.com\/tunisie\/?p=188296"},"modified":"2018-12-13T09:01:45","modified_gmt":"2018-12-13T08:01:45","slug":"football-lesperance-de-tunis-se-dote-dune-attaque-algerienne","status":"publish","type":"post","link":"https:\/\/kapitalis.com\/tunisie\/2018\/12\/11\/football-lesperance-de-tunis-se-dote-dune-attaque-algerienne\/","title":{"rendered":"Football : L\u2019Esp\u00e9rance de Tunis se dote d\u2019une attaque alg\u00e9rienne"},"content":{"rendered":"<p style=\"text-align: center;\"><img loading=\"lazy\" decoding=\"async\" class=\"alignnone size-full wp-image-188297\" src=\"http:\/\/kapitalis.com\/tunisie\/wp-content\/uploads\/2018\/12\/Belail-El-Mellali-et-Meziani.jpg\" alt=\"\" width=\"626\" height=\"380\" \/><br \/>\n<em>Youcef Belaili\/Farid El Mellali<strong>\/<\/strong>Tayeb Meziani.<\/em><\/p>\n<p><em><strong>L\u2019Esp\u00e9rance sportive de Tunis (EST) est en passe de se doter d\u2019une attaque 100% alg\u00e9rienne. Apr\u00e8s la signature pour 3 ans de l\u2019avant-centre gaucher Tayeb Meziani (22 ans), elle est sur le point d\u2019engager un autre joueur alg\u00e9rien, Farid El Mellali, attaquant polyvalent de 21 ans.<\/strong> <\/em><\/p>\n<p><!--more--><\/p>\n<p>Ce produit de l&rsquo;acad\u00e9mie du Paradou FC pouvant jouer avant-centre, sur l\u2019aile droite ou gauche, est attendu dans les jours qui viennent pour subir le test m\u00e9dical d\u2019usage avant la signature du contrat.<\/p>\n<p>Avec Youcef Belaili, Tayeb Meziani et probablement Farid El Melali, la formation championne d\u2019Afrique disposera d\u2019une ligne offensive compos\u00e9e d\u2019internationaux alg\u00e9riens. Et pourquoi pas un trident constitu\u00e9 de Belaili \u00e0 gauche, Meziani en pointe et El Melali \u00e0 droite ?<\/p>\n<p>Depuis que la F\u00e9d\u00e9ration tunisienne de football (FTF) a d\u00e9cid\u00e9 de plus consid\u00e9rer les joueurs alg\u00e9riens comme des \u00e9trangers, la direction de l&rsquo;Esp\u00e9rance ne l\u00e2che pas l\u2019occasion de drainer d\u2019autres nouveaux joueurs de pays maghr\u00e9bins.<\/p>\n<p>La r\u00e9ussite de Youcef Belaili a sans doute encourag\u00e9 l\u2019EST \u00e0 prospecter dans le vivier alg\u00e9rien un autre attaquant, \u00e9galement form\u00e9 \u00e0 l\u2019acad\u00e9mie du Paradou FC, Zakaria Naidji (23 ans). Ce joueur \u00e9tait suivi de pr\u00e8s par la formation \u00e9gyptienne d\u2019Al Ahly du Caire, qui voulait s\u2019attacher ses services l\u2019\u00e9t\u00e9 dernier.<\/p>\n<p>Le club <em>\u00absang et or\u00bb<\/em> est par ailleurs s\u00e9duit par le Marocain Mahmoud Ben Halib, l\u2019attaquant du Raja de Casablanca, qui vient d\u2019\u00eatre doublement sacr\u00e9 : vainqueur de la Coupe de la Conf\u00e9d\u00e9ration 2018 et meilleur buteur de l\u2019\u00e9dition (13 buts).<\/p>\n<p>Et comme la d\u00e9fense m\u00e9rite du renfort, on avance dans l\u2019entourage du club, qu\u2019un d\u00e9fenseur central ghan\u00e9en, Isshaku Konda, \u00e2g\u00e9 de 19 ans, \u00e9voluant au club All Stars, est sur les tablettes.<\/p>\n<p style=\"text-align: right;\"><strong>H. M.<\/strong><\/p>\n<blockquote class=\"wp-embedded-content\" data-secret=\"qsCWI5evoG\"><p><a href=\"https:\/\/kapitalis.com\/tunisie\/2018\/12\/10\/football-second-renfort-algerien-pour-lesperance-de-tunis\/\">Football : Second renfort alg\u00e9rien pour l\u2019Esp\u00e9rance de Tunis<\/a><\/p><\/blockquote>\n<p><iframe loading=\"lazy\" class=\"wp-embedded-content\" sandbox=\"allow-scripts\" security=\"restricted\" style=\"position: absolute; clip: rect(1px, 1px, 1px, 1px);\" title=\"\u00ab\u00a0Football : Second renfort alg\u00e9rien pour l\u2019Esp\u00e9rance de Tunis\u00a0\u00bb &#8212; Kapitalis\" src=\"https:\/\/kapitalis.com\/tunisie\/2018\/12\/10\/football-second-renfort-algerien-pour-lesperance-de-tunis\/embed\/#?secret=hLVDRysJEi#?secret=qsCWI5evoG\" data-secret=\"qsCWI5evoG\" width=\"600\" height=\"338\" frameborder=\"0\" marginwidth=\"0\" marginheight=\"0\" scrolling=\"no\"><\/iframe><\/p>\n<blockquote class=\"wp-embedded-content\" data-secret=\"41Q1p11tq5\"><p><a href=\"https:\/\/kapitalis.com\/tunisie\/2018\/12\/09\/football-tayeb-meziane-signe-pour-3-saisons-a-lesperance-de-tunis\/\">Football : Tayeb Meziane signe pour 3 saisons \u00e0 l\u2019Esp\u00e9rance de Tunis<\/a><\/p><\/blockquote>\n<p><iframe loading=\"lazy\" class=\"wp-embedded-content\" sandbox=\"allow-scripts\" security=\"restricted\" style=\"position: absolute; clip: rect(1px, 1px, 1px, 1px);\" title=\"\u00ab\u00a0Football : Tayeb Meziane signe pour 3 saisons \u00e0 l\u2019Esp\u00e9rance de Tunis\u00a0\u00bb &#8212; Kapitalis\" src=\"https:\/\/kapitalis.com\/tunisie\/2018\/12\/09\/football-tayeb-meziane-signe-pour-3-saisons-a-lesperance-de-tunis\/embed\/#?secret=Pv33zFDcd0#?secret=41Q1p11tq5\" data-secret=\"41Q1p11tq5\" width=\"600\" height=\"338\" frameborder=\"0\" marginwidth=\"0\" marginheight=\"0\" scrolling=\"no\"><\/iframe><\/p>\n","protected":false},"excerpt":{"rendered":"<p>Youcef Belaili\/Farid El Mellali\/Tayeb Meziani. L\u2019Esp\u00e9rance sportive de Tunis (EST) est en passe de se doter d\u2019une attaque 100% alg\u00e9rienne. Apr\u00e8s la signature pour 3 ans de l\u2019avant-centre gaucher Tayeb Meziani (22 ans), elle est sur le point d\u2019engager un autre joueur alg\u00e9rien, Farid El Mellali, attaquant polyvalent de 21 ans.<\/p>\n","protected":false},"author":8,"featured_media":188297,"comment_status":"open","ping_status":"open","sticky":false,"template":"","format":"standard","meta":{"footnotes":""},"categories":[999,2433],"tags":[3261,53544,48897],"class_list":["post-188296","post","type-post","status-publish","format-standard","has-post-thumbnail","hentry","category-sport","category-tunisie","tag-esperance-sportive-de-tunis","tag-tayeb-meziani","tag-youcef-belaili"],"yoast_head":"<!-- This site is optimized with the Yoast SEO plugin v26.6 - https:\/\/yoast.com\/wordpress\/plugins\/seo\/ -->\n<title>Football : L\u2019Esp\u00e9rance de Tunis se dote d\u2019une attaque alg\u00e9rienne - Kapitalis<\/title>\n<meta name=\"robots\" content=\"index, follow, max-snippet:-1, max-image-preview:large, max-video-preview:-1\" \/>\n<link rel=\"canonical\" href=\"https:\/\/kapitalis.com\/tunisie\/2018\/12\/11\/football-lesperance-de-tunis-se-dote-dune-attaque-algerienne\/\" \/>\n<meta property=\"og:locale\" content=\"fr_FR\" \/>\n<meta property=\"og:type\" content=\"article\" \/>\n<meta property=\"og:title\" content=\"Football : L\u2019Esp\u00e9rance de Tunis se dote d\u2019une attaque alg\u00e9rienne - Kapitalis\" \/>\n<meta property=\"og:description\" content=\"Youcef Belaili\/Farid El Mellali\/Tayeb Meziani. L\u2019Esp\u00e9rance sportive de Tunis (EST) est en passe de se doter d\u2019une attaque 100% alg\u00e9rienne. Apr\u00e8s la signature pour 3 ans de l\u2019avant-centre gaucher Tayeb Meziani (22 ans), elle est sur le point d\u2019engager un autre joueur alg\u00e9rien, Farid El Mellali, attaquant polyvalent de 21 ans.\" \/>\n<meta property=\"og:url\" content=\"https:\/\/kapitalis.com\/tunisie\/2018\/12\/11\/football-lesperance-de-tunis-se-dote-dune-attaque-algerienne\/\" \/>\n<meta property=\"og:site_name\" content=\"Kapitalis\" \/>\n<meta property=\"article:publisher\" content=\"https:\/\/www.facebook.com\/KapitalisInfo\/\" \/>\n<meta property=\"article:published_time\" content=\"2018-12-11T11:36:40+00:00\" \/>\n<meta property=\"article:modified_time\" content=\"2018-12-13T08:01:45+00:00\" \/>\n<meta property=\"og:image\" content=\"https:\/\/kapitalis.com\/tunisie\/wp-content\/uploads\/2022\/05\/kapitalis-logo-fb.png\" \/>\n\t<meta property=\"og:image:width\" content=\"1200\" \/>\n\t<meta property=\"og:image:height\" content=\"630\" \/>\n\t<meta property=\"og:image:type\" content=\"image\/png\" \/>\n<meta name=\"author\" content=\"webmaster kapitalis\" \/>\n<meta name=\"twitter:card\" content=\"summary_large_image\" \/>\n<meta name=\"twitter:creator\" content=\"@KapitalisInfo\" \/>\n<meta name=\"twitter:site\" content=\"@KapitalisInfo\" \/>\n<meta name=\"twitter:label1\" content=\"\u00c9crit par\" \/>\n\t<meta name=\"twitter:data1\" content=\"webmaster kapitalis\" \/>\n\t<meta name=\"twitter:label2\" content=\"Dur\u00e9e de lecture estim\u00e9e\" \/>\n\t<meta name=\"twitter:data2\" content=\"2 minutes\" \/>\n<script type=\"application\/ld+json\" class=\"yoast-schema-graph\">{\"@context\":\"https:\/\/schema.org\",\"@graph\":[{\"@type\":\"Article\",\"@id\":\"https:\/\/kapitalis.com\/tunisie\/2018\/12\/11\/football-lesperance-de-tunis-se-dote-dune-attaque-algerienne\/#article\",\"isPartOf\":{\"@id\":\"https:\/\/kapitalis.com\/tunisie\/2018\/12\/11\/football-lesperance-de-tunis-se-dote-dune-attaque-algerienne\/\"},\"author\":{\"name\":\"webmaster kapitalis\",\"@id\":\"https:\/\/kapitalis.com\/tunisie\/#\/schema\/person\/d71f33a9ca44f7bad4698210b480c8e9\"},\"headline\":\"Football : L\u2019Esp\u00e9rance de Tunis se dote d\u2019une attaque alg\u00e9rienne\",\"datePublished\":\"2018-12-11T11:36:40+00:00\",\"dateModified\":\"2018-12-13T08:01:45+00:00\",\"mainEntityOfPage\":{\"@id\":\"https:\/\/kapitalis.com\/tunisie\/2018\/12\/11\/football-lesperance-de-tunis-se-dote-dune-attaque-algerienne\/\"},\"wordCount\":345,\"commentCount\":2,\"publisher\":{\"@id\":\"https:\/\/kapitalis.com\/tunisie\/#organization\"},\"image\":{\"@id\":\"https:\/\/kapitalis.com\/tunisie\/2018\/12\/11\/football-lesperance-de-tunis-se-dote-dune-attaque-algerienne\/#primaryimage\"},\"thumbnailUrl\":\"\",\"keywords\":[\"Esp\u00e9rance sportive de Tunis\",\"Tayeb Meziani\",\"Youcef Belaili\"],\"articleSection\":[\"SPORT\",\"Tunisie\"],\"inLanguage\":\"fr-FR\",\"potentialAction\":[{\"@type\":\"CommentAction\",\"name\":\"Comment\",\"target\":[\"https:\/\/kapitalis.com\/tunisie\/2018\/12\/11\/football-lesperance-de-tunis-se-dote-dune-attaque-algerienne\/#respond\"]}]},{\"@type\":\"WebPage\",\"@id\":\"https:\/\/kapitalis.com\/tunisie\/2018\/12\/11\/football-lesperance-de-tunis-se-dote-dune-attaque-algerienne\/\",\"url\":\"https:\/\/kapitalis.com\/tunisie\/2018\/12\/11\/football-lesperance-de-tunis-se-dote-dune-attaque-algerienne\/\",\"name\":\"Football : L\u2019Esp\u00e9rance de Tunis se dote d\u2019une attaque alg\u00e9rienne - Kapitalis\",\"isPartOf\":{\"@id\":\"https:\/\/kapitalis.com\/tunisie\/#website\"},\"primaryImageOfPage\":{\"@id\":\"https:\/\/kapitalis.com\/tunisie\/2018\/12\/11\/football-lesperance-de-tunis-se-dote-dune-attaque-algerienne\/#primaryimage\"},\"image\":{\"@id\":\"https:\/\/kapitalis.com\/tunisie\/2018\/12\/11\/football-lesperance-de-tunis-se-dote-dune-attaque-algerienne\/#primaryimage\"},\"thumbnailUrl\":\"\",\"datePublished\":\"2018-12-11T11:36:40+00:00\",\"dateModified\":\"2018-12-13T08:01:45+00:00\",\"breadcrumb\":{\"@id\":\"https:\/\/kapitalis.com\/tunisie\/2018\/12\/11\/football-lesperance-de-tunis-se-dote-dune-attaque-algerienne\/#breadcrumb\"},\"inLanguage\":\"fr-FR\",\"potentialAction\":[{\"@type\":\"ReadAction\",\"target\":[\"https:\/\/kapitalis.com\/tunisie\/2018\/12\/11\/football-lesperance-de-tunis-se-dote-dune-attaque-algerienne\/\"]}]},{\"@type\":\"ImageObject\",\"inLanguage\":\"fr-FR\",\"@id\":\"https:\/\/kapitalis.com\/tunisie\/2018\/12\/11\/football-lesperance-de-tunis-se-dote-dune-attaque-algerienne\/#primaryimage\",\"url\":\"\",\"contentUrl\":\"\"},{\"@type\":\"BreadcrumbList\",\"@id\":\"https:\/\/kapitalis.com\/tunisie\/2018\/12\/11\/football-lesperance-de-tunis-se-dote-dune-attaque-algerienne\/#breadcrumb\",\"itemListElement\":[{\"@type\":\"ListItem\",\"position\":1,\"name\":\"Accueil\",\"item\":\"https:\/\/kapitalis.com\/tunisie\/\"},{\"@type\":\"ListItem\",\"position\":2,\"name\":\"Football : L\u2019Esp\u00e9rance de Tunis se dote d\u2019une attaque alg\u00e9rienne\"}]},{\"@type\":\"WebSite\",\"@id\":\"https:\/\/kapitalis.com\/tunisie\/#website\",\"url\":\"https:\/\/kapitalis.com\/tunisie\/\",\"name\":\"Kapitalis\",\"description\":\"L&#039;actualit\u00e9 en Tunisie et dans le monde\",\"publisher\":{\"@id\":\"https:\/\/kapitalis.com\/tunisie\/#organization\"},\"potentialAction\":[{\"@type\":\"SearchAction\",\"target\":{\"@type\":\"EntryPoint\",\"urlTemplate\":\"https:\/\/kapitalis.com\/tunisie\/?s={search_term_string}\"},\"query-input\":{\"@type\":\"PropertyValueSpecification\",\"valueRequired\":true,\"valueName\":\"search_term_string\"}}],\"inLanguage\":\"fr-FR\"},{\"@type\":\"Organization\",\"@id\":\"https:\/\/kapitalis.com\/tunisie\/#organization\",\"name\":\"Kapitalis\",\"url\":\"https:\/\/kapitalis.com\/tunisie\/\",\"logo\":{\"@type\":\"ImageObject\",\"inLanguage\":\"fr-FR\",\"@id\":\"https:\/\/kapitalis.com\/tunisie\/#\/schema\/logo\/image\/\",\"url\":\"https:\/\/kapitalis.com\/tunisie\/wp-content\/uploads\/2022\/05\/Kapitalis-big-size.png\",\"contentUrl\":\"https:\/\/kapitalis.com\/tunisie\/wp-content\/uploads\/2022\/05\/Kapitalis-big-size.png\",\"width\":5000,\"height\":1500,\"caption\":\"Kapitalis\"},\"image\":{\"@id\":\"https:\/\/kapitalis.com\/tunisie\/#\/schema\/logo\/image\/\"},\"sameAs\":[\"https:\/\/www.facebook.com\/KapitalisInfo\/\",\"https:\/\/x.com\/KapitalisInfo\",\"https:\/\/www.youtube.com\/channel\/UC-yDYrHyfFBWWZaOw3FPg9Q\"]},{\"@type\":\"Person\",\"@id\":\"https:\/\/kapitalis.com\/tunisie\/#\/schema\/person\/d71f33a9ca44f7bad4698210b480c8e9\",\"name\":\"webmaster kapitalis\",\"url\":\"https:\/\/kapitalis.com\/tunisie\/author\/webmaster-kapitalis\/\"}]}<\/script>\n<!-- \/ Yoast SEO plugin. -->","yoast_head_json":{"title":"Football : L\u2019Esp\u00e9rance de Tunis se dote d\u2019une attaque alg\u00e9rienne - Kapitalis","robots":{"index":"index","follow":"follow","max-snippet":"max-snippet:-1","max-image-preview":"max-image-preview:large","max-video-preview":"max-video-preview:-1"},"canonical":"https:\/\/kapitalis.com\/tunisie\/2018\/12\/11\/football-lesperance-de-tunis-se-dote-dune-attaque-algerienne\/","og_locale":"fr_FR","og_type":"article","og_title":"Football : L\u2019Esp\u00e9rance de Tunis se dote d\u2019une attaque alg\u00e9rienne - Kapitalis","og_description":"Youcef Belaili\/Farid El Mellali\/Tayeb Meziani. L\u2019Esp\u00e9rance sportive de Tunis (EST) est en passe de se doter d\u2019une attaque 100% alg\u00e9rienne. Apr\u00e8s la signature pour 3 ans de l\u2019avant-centre gaucher Tayeb Meziani (22 ans), elle est sur le point d\u2019engager un autre joueur alg\u00e9rien, Farid El Mellali, attaquant polyvalent de 21 ans.","og_url":"https:\/\/kapitalis.com\/tunisie\/2018\/12\/11\/football-lesperance-de-tunis-se-dote-dune-attaque-algerienne\/","og_site_name":"Kapitalis","article_publisher":"https:\/\/www.facebook.com\/KapitalisInfo\/","article_published_time":"2018-12-11T11:36:40+00:00","article_modified_time":"2018-12-13T08:01:45+00:00","og_image":[{"width":1200,"height":630,"url":"https:\/\/kapitalis.com\/tunisie\/wp-content\/uploads\/2022\/05\/kapitalis-logo-fb.png","type":"image\/png"}],"author":"webmaster kapitalis","twitter_card":"summary_large_image","twitter_creator":"@KapitalisInfo","twitter_site":"@KapitalisInfo","twitter_misc":{"\u00c9crit par":"webmaster kapitalis","Dur\u00e9e de lecture estim\u00e9e":"2 minutes"},"schema":{"@context":"https:\/\/schema.org","@graph":[{"@type":"Article","@id":"https:\/\/kapitalis.com\/tunisie\/2018\/12\/11\/football-lesperance-de-tunis-se-dote-dune-attaque-algerienne\/#article","isPartOf":{"@id":"https:\/\/kapitalis.com\/tunisie\/2018\/12\/11\/football-lesperance-de-tunis-se-dote-dune-attaque-algerienne\/"},"author":{"name":"webmaster kapitalis","@id":"https:\/\/kapitalis.com\/tunisie\/#\/schema\/person\/d71f33a9ca44f7bad4698210b480c8e9"},"headline":"Football : L\u2019Esp\u00e9rance de Tunis se dote d\u2019une attaque alg\u00e9rienne","datePublished":"2018-12-11T11:36:40+00:00","dateModified":"2018-12-13T08:01:45+00:00","mainEntityOfPage":{"@id":"https:\/\/kapitalis.com\/tunisie\/2018\/12\/11\/football-lesperance-de-tunis-se-dote-dune-attaque-algerienne\/"},"wordCount":345,"commentCount":2,"publisher":{"@id":"https:\/\/kapitalis.com\/tunisie\/#organization"},"image":{"@id":"https:\/\/kapitalis.com\/tunisie\/2018\/12\/11\/football-lesperance-de-tunis-se-dote-dune-attaque-algerienne\/#primaryimage"},"thumbnailUrl":"","keywords":["Esp\u00e9rance sportive de Tunis","Tayeb Meziani","Youcef Belaili"],"articleSection":["SPORT","Tunisie"],"inLanguage":"fr-FR","potentialAction":[{"@type":"CommentAction","name":"Comment","target":["https:\/\/kapitalis.com\/tunisie\/2018\/12\/11\/football-lesperance-de-tunis-se-dote-dune-attaque-algerienne\/#respond"]}]},{"@type":"WebPage","@id":"https:\/\/kapitalis.com\/tunisie\/2018\/12\/11\/football-lesperance-de-tunis-se-dote-dune-attaque-algerienne\/","url":"https:\/\/kapitalis.com\/tunisie\/2018\/12\/11\/football-lesperance-de-tunis-se-dote-dune-attaque-algerienne\/","name":"Football : L\u2019Esp\u00e9rance de Tunis se dote d\u2019une attaque alg\u00e9rienne - Kapitalis","isPartOf":{"@id":"https:\/\/kapitalis.com\/tunisie\/#website"},"primaryImageOfPage":{"@id":"https:\/\/kapitalis.com\/tunisie\/2018\/12\/11\/football-lesperance-de-tunis-se-dote-dune-attaque-algerienne\/#primaryimage"},"image":{"@id":"https:\/\/kapitalis.com\/tunisie\/2018\/12\/11\/football-lesperance-de-tunis-se-dote-dune-attaque-algerienne\/#primaryimage"},"thumbnailUrl":"","datePublished":"2018-12-11T11:36:40+00:00","dateModified":"2018-12-13T08:01:45+00:00","breadcrumb":{"@id":"https:\/\/kapitalis.com\/tunisie\/2018\/12\/11\/football-lesperance-de-tunis-se-dote-dune-attaque-algerienne\/#breadcrumb"},"inLanguage":"fr-FR","potentialAction":[{"@type":"ReadAction","target":["https:\/\/kapitalis.com\/tunisie\/2018\/12\/11\/football-lesperance-de-tunis-se-dote-dune-attaque-algerienne\/"]}]},{"@type":"ImageObject","inLanguage":"fr-FR","@id":"https:\/\/kapitalis.com\/tunisie\/2018\/12\/11\/football-lesperance-de-tunis-se-dote-dune-attaque-algerienne\/#primaryimage","url":"","contentUrl":""},{"@type":"BreadcrumbList","@id":"https:\/\/kapitalis.com\/tunisie\/2018\/12\/11\/football-lesperance-de-tunis-se-dote-dune-attaque-algerienne\/#breadcrumb","itemListElement":[{"@type":"ListItem","position":1,"name":"Accueil","item":"https:\/\/kapitalis.com\/tunisie\/"},{"@type":"ListItem","position":2,"name":"Football : L\u2019Esp\u00e9rance de Tunis se dote d\u2019une attaque alg\u00e9rienne"}]},{"@type":"WebSite","@id":"https:\/\/kapitalis.com\/tunisie\/#website","url":"https:\/\/kapitalis.com\/tunisie\/","name":"Kapitalis","description":"L&#039;actualit\u00e9 en Tunisie et dans le monde","publisher":{"@id":"https:\/\/kapitalis.com\/tunisie\/#organization"},"potentialAction":[{"@type":"SearchAction","target":{"@type":"EntryPoint","urlTemplate":"https:\/\/kapitalis.com\/tunisie\/?s={search_term_string}"},"query-input":{"@type":"PropertyValueSpecification","valueRequired":true,"valueName":"search_term_string"}}],"inLanguage":"fr-FR"},{"@type":"Organization","@id":"https:\/\/kapitalis.com\/tunisie\/#organization","name":"Kapitalis","url":"https:\/\/kapitalis.com\/tunisie\/","logo":{"@type":"ImageObject","inLanguage":"fr-FR","@id":"https:\/\/kapitalis.com\/tunisie\/#\/schema\/logo\/image\/","url":"https:\/\/kapitalis.com\/tunisie\/wp-content\/uploads\/2022\/05\/Kapitalis-big-size.png","contentUrl":"https:\/\/kapitalis.com\/tunisie\/wp-content\/uploads\/2022\/05\/Kapitalis-big-size.png","width":5000,"height":1500,"caption":"Kapitalis"},"image":{"@id":"https:\/\/kapitalis.com\/tunisie\/#\/schema\/logo\/image\/"},"sameAs":["https:\/\/www.facebook.com\/KapitalisInfo\/","https:\/\/x.com\/KapitalisInfo","https:\/\/www.youtube.com\/channel\/UC-yDYrHyfFBWWZaOw3FPg9Q"]},{"@type":"Person","@id":"https:\/\/kapitalis.com\/tunisie\/#\/schema\/person\/d71f33a9ca44f7bad4698210b480c8e9","name":"webmaster kapitalis","url":"https:\/\/kapitalis.com\/tunisie\/author\/webmaster-kapitalis\/"}]}},"_links":{"self":[{"href":"https:\/\/kapitalis.com\/tunisie\/wp-json\/wp\/v2\/posts\/188296","targetHints":{"allow":["GET"]}}],"collection":[{"href":"https:\/\/kapitalis.com\/tunisie\/wp-json\/wp\/v2\/posts"}],"about":[{"href":"https:\/\/kapitalis.com\/tunisie\/wp-json\/wp\/v2\/types\/post"}],"author":[{"embeddable":true,"href":"https:\/\/kapitalis.com\/tunisie\/wp-json\/wp\/v2\/users\/8"}],"replies":[{"embeddable":true,"href":"https:\/\/kapitalis.com\/tunisie\/wp-json\/wp\/v2\/comments?post=188296"}],"version-history":[{"count":0,"href":"https:\/\/kapitalis.com\/tunisie\/wp-json\/wp\/v2\/posts\/188296\/revisions"}],"wp:featuredmedia":[{"embeddable":true,"href":"https:\/\/kapitalis.com\/tunisie\/wp-json\/wp\/v2\/media\/188297"}],"wp:attachment":[{"href":"https:\/\/kapitalis.com\/tunisie\/wp-json\/wp\/v2\/media?parent=188296"}],"wp:term":[{"taxonomy":"category","embeddable":true,"href":"https:\/\/kapitalis.com\/tunisie\/wp-json\/wp\/v2\/categories?post=188296"},{"taxonomy":"post_tag","embeddable":true,"href":"https:\/\/kapitalis.com\/tunisie\/wp-json\/wp\/v2\/tags?post=188296"}],"curies":[{"name":"wp","href":"https:\/\/api.w.org\/{rel}","templated":true}]}}