{"id":188313,"date":"2018-12-11T13:36:46","date_gmt":"2018-12-11T12:36:46","guid":{"rendered":"http:\/\/kapitalis.com\/tunisie\/?p=188313"},"modified":"2018-12-11T13:36:46","modified_gmt":"2018-12-11T12:36:46","slug":"subutex-nasreddine-shili-donne-la-parole-aux-marginaux","status":"publish","type":"post","link":"https:\/\/kapitalis.com\/tunisie\/2018\/12\/11\/subutex-nasreddine-shili-donne-la-parole-aux-marginaux\/","title":{"rendered":"\u2018\u2018Subutex\u2019\u2019: Nasreddine Shili donne la parole aux marginaux"},"content":{"rendered":"<p style=\"text-align: center;\"><img loading=\"lazy\" decoding=\"async\" class=\"alignnone size-full wp-image-188315\" src=\"http:\/\/kapitalis.com\/tunisie\/wp-content\/uploads\/2018\/12\/Nasreddine-Shili-Subutex-Ban.jpg\" alt=\"\" width=\"626\" height=\"380\" \/><\/p>\n<p><em><strong>Dans son dernier film, \u2018\u2018Subutex\u2019\u2019, Nasreddine Shili a rel\u00e9gu\u00e9 le sujet de l\u2019homosexualit\u00e9 au second plan et s\u2019est \u00e9clips\u00e9 quand il le fallait pour dresser un portrait tout en subtilit\u00e9 d\u2019un \u00abcouple\u00bb de jeunes dont les paroles et les gestes basculent entre vive violence et tendre affection dans des plans-s\u00e9quences \u00e0 couper le souffle.<\/strong><\/em><\/p>\n<p>Par <strong>Fawz Ben Ali<\/strong><\/p>\n<p><!--more--><\/p>\n<p>Le tant attendu documentaire <em>\u2018\u2018Subutex\u2019\u2019<\/em> de Nasreddine Shili sorti, mercredi 5 d\u00e9cembre 2015 dans les salles tunisiennes, avait \u00e9t\u00e9 projet\u00e9 dans la comp\u00e9tition officielle des longs-m\u00e9trages documentaires des derni\u00e8res Journ\u00e9es cin\u00e9matographiques de Carthage (JCC 2018).<\/p>\n<p>Le dernier film de l\u2019acteur, producteur, cin\u00e9aste et activiste tunisien n\u2019est pas pass\u00e9 inaper\u00e7u, loin de l\u00e0, il a fait comme l\u2019effet d\u2019une bombe. Mais il ne semble pas avoir forc\u00e9 l\u2019admiration des membres du jury qui ne lui ont pas d\u00e9cern\u00e9 de prix.<\/p>\n<p>Heureusement, son \u00e9cho ne s\u2019est pas \u00e9teint aux JCC, puisque le film est actuellement dans nos salles de cin\u00e9ma, chose plut\u00f4t rare pour un documentaire.<\/p>\n<p style=\"text-align: center;\"><img loading=\"lazy\" decoding=\"async\" class=\"alignnone wp-image-188317\" src=\"http:\/\/kapitalis.com\/tunisie\/wp-content\/uploads\/2018\/12\/Subutex-2.jpg\" alt=\"\" width=\"500\" height=\"281\" \/><\/p>\n<p>Nasreddine Shili \u00e9tait pr\u00e9sent, le lundi 3 d\u00e9cembre, \u00e0 la Cin\u00e9math\u00e8que tunisienne, lors d\u2019une s\u00e9ance sp\u00e9ciale pour la presse pour pr\u00e9senter et d\u00e9fendre ce projet cin\u00e9matographique qu\u2019il avait mis plus de 4 ans \u00e0 filmer dans des conditions assez particuli\u00e8res.<\/p>\n<h3>Un tournage pas comme les autres<\/h3>\n<p><em>\u2018\u2018Subutex\u2019\u2019<\/em> suit le quotidien de Rzouga et Fanta, deux amis-amants originaires du quartier de Bab Jdid. Rzouga, expuls\u00e9 d\u2019Italie depuis quelques ann\u00e9es, a r\u00e9ussi \u00e0 mettre fin \u00e0 sa toxicomanie, il joue le r\u00f4le du protecteur aupr\u00e8s de Fanta qu\u2019il avait initi\u00e9 \u00e0 la drogue, alors que ce dernier plus na\u00eff et fragile a encore beaucoup de mal \u00e0 s\u2019en d\u00e9faire alors qu\u2019il est diagnostiqu\u00e9 porteur du virus de l\u2019h\u00e9patite C, tout comme leur troisi\u00e8me ami Nega.<\/p>\n<p>Le trio m\u00e8ne une vie de clandestinit\u00e9, squattant un vieux hammam \u00e0 Bab Jdid, ils se d\u00e9brouillent tant bien que mal \u00e0 survivre au jour le jour \u00e0 travers de petits boulots souvent dans l\u2019ill\u00e9galit\u00e9.<\/p>\n<p style=\"text-align: center;\"><img loading=\"lazy\" decoding=\"async\" class=\"alignnone wp-image-188319\" src=\"http:\/\/kapitalis.com\/tunisie\/wp-content\/uploads\/2018\/12\/Subutex-3-1.jpg\" alt=\"\" width=\"500\" height=\"281\" \/><\/p>\n<p>Beaucoup l\u2019ont jug\u00e9 vulgaire, sans int\u00e9r\u00eat, voire hors cin\u00e9ma, mais <em>\u2018\u2018Subutex\u2019\u2019<\/em> t\u00e9moigne d\u2019un grand humanisme; rarement le cin\u00e9ma tunisien n\u2019est all\u00e9 aussi loin dans le r\u00e9alisme social sans pour autant tomber dans le voyeurisme ni le jugement.<\/p>\n<p>Pas de voix off, pas de questionnement, ni d\u2019intervention m\u00eame dans les sc\u00e8nes les plus violentes, voire sanglantes.<\/p>\n<p>Nasreddine Shili qui s\u2019\u00e9tait fait discret lors du tournage, s\u2019est expos\u00e9 \u00e0 un r\u00e9el danger au c\u0153ur des bagarres nocturnes les plus violentes, un choix enti\u00e8rement assum\u00e9 par cet artiste qui se moque des codes pr\u00e9\u00e9tablis qu\u2019ils soient esth\u00e9tiques ou moraux.<\/p>\n<p>Il aura fallu 3 mois et demi \u00e0 Nasreddine Shili pour t\u00e2ter le terrain et devenir un des leurs avant de ramener sa cam\u00e9ra. <em>\u00abCela dit, j\u2019ai commis une faute quand j\u2019ai ramen\u00e9 une \u00e9quipe technique au d\u00e9but du tournage, cela a d\u00e9stabilis\u00e9 les personnages et j\u2019ai d\u00fb revenir seul avec le deuxi\u00e8me r\u00e9alisateur Mourad Mehrzi pour regagner leur confiance et pr\u00e9server la spontan\u00e9it\u00e9 de leur comportement\u00bb<\/em>, explique le cin\u00e9aste.<\/p>\n<p style=\"text-align: center;\"><img loading=\"lazy\" decoding=\"async\" class=\"alignnone wp-image-188320\" src=\"http:\/\/kapitalis.com\/tunisie\/wp-content\/uploads\/2018\/12\/Subutex.jpg\" alt=\"\" width=\"500\" height=\"292\" \/><\/p>\n<h3>Qui s\u00e8me la mis\u00e8re, r\u00e9colte la violence<\/h3>\n<p><em>\u2018\u2018Subutex\u2019\u2019<\/em> est un voyage inattendu dans l\u2019univers de personnes qu\u2019on aurait d\u00e9daign\u00e9es dans la vie de tous les jours mais que Nasreddine Shili a su ramener \u00e0 la lumi\u00e8re. On n\u2019est pas loin des r\u00e9gions de Tunis, on est au c\u0153ur des quartiers vivants de la capitale entre Bab Jdid et Hay Hlel. <em>\u00abL\u00e0 o\u00f9 j\u2019ai film\u00e9 il n\u2019y avait aucune pharmacie, ni d\u2019ailleurs aucun poste de police\u00bb,<\/em> pr\u00e9cise le cin\u00e9aste. On est dans des quartiers o\u00f9 beaucoup de jeunes sombrent quotidiennement dans l\u2019alcoolisme, dans la drogue et dans toute sorte de violence pour \u00e9chapper \u00e0 la mis\u00e8re, au ch\u00f4mage et \u00e0 la discrimination. Le film pointe ainsi cette absence totale de l\u2019Etat et de ses institutions.<\/p>\n<p>Lorsque Fanta souhaite mettre fin \u00e0 sa toxicomanie, il ne trouve aucun soutien m\u00e9dical, psychologique ou social, il n\u2019a que son ami Rzouga. Et c\u2019est l\u00e0 que le film rentre dans le cin\u00e9ma social, militant et surtout actuel pour souligner l\u2019inefficacit\u00e9 des gouvernements qui se suivent et se ressemblent dans l\u2019\u00e9chec de sauver les jeunes marginaux.<\/p>\n<p>L\u2019homosexualit\u00e9 est rel\u00e9gu\u00e9e au second plan dans ce film, car ce n\u2019est pas forc\u00e9ment ce dont a voulu parler Nasreddine Shili, qui a su s\u2019\u00e9clipser quand il le fallait pour dresser un portrait tout en subtilit\u00e9 de ce <em>\u00abcouple\u00bb<\/em> dont les paroles et les gestes basculent entre vive violence et tendre affection dans des plans-s\u00e9quences \u00e0 couper le souffle.<\/p>\n<p><em><strong>\u2018\u2018Subutex\u2019\u2019 (interdit aux moins de 16 ans) est en ce moment dans les salles : Le Rio, l\u2019ABC (centre-ville de Tunis), Amilcar (El-Manar) et Cin\u00e9-Madart (Carthage).<\/strong><\/em><\/p>\n<blockquote class=\"wp-embedded-content\" data-secret=\"SdHmmOk7Fu\"><p><a href=\"https:\/\/kapitalis.com\/tunisie\/2018\/11\/21\/nasreddine-shili-un-cineaste-insoumis-et-novateur\/\">Nasreddine Shili : Un cin\u00e9aste insoumis et novateur<\/a><\/p><\/blockquote>\n<p><iframe loading=\"lazy\" class=\"wp-embedded-content\" sandbox=\"allow-scripts\" security=\"restricted\" style=\"position: absolute; clip: rect(1px, 1px, 1px, 1px);\" title=\"\u00ab\u00a0Nasreddine Shili : Un cin\u00e9aste insoumis et novateur\u00a0\u00bb &#8212; Kapitalis\" src=\"https:\/\/kapitalis.com\/tunisie\/2018\/11\/21\/nasreddine-shili-un-cineaste-insoumis-et-novateur\/embed\/#?secret=TOrvgCpNEU#?secret=SdHmmOk7Fu\" data-secret=\"SdHmmOk7Fu\" width=\"600\" height=\"338\" frameborder=\"0\" marginwidth=\"0\" marginheight=\"0\" scrolling=\"no\"><\/iframe><\/p>\n","protected":false},"excerpt":{"rendered":"<p>Dans son dernier film, \u2018\u2018Subutex\u2019\u2019, Nasreddine Shili a rel\u00e9gu\u00e9 le sujet de l\u2019homosexualit\u00e9 au second plan et s\u2019est \u00e9clips\u00e9 quand il le fallait pour dresser un portrait tout en subtilit\u00e9 d\u2019un \u00abcouple\u00bb de jeunes dont les paroles et les gestes basculent entre vive violence et tendre affection dans des plans-s\u00e9quences \u00e0 couper le souffle. Par&#8230;<\/p>\n","protected":false},"author":8,"featured_media":188315,"comment_status":"open","ping_status":"open","sticky":false,"template":"","format":"standard","meta":{"footnotes":""},"categories":[992,994,2433],"tags":[448,51832,9145,50519,14993],"class_list":["post-188313","post","type-post","status-publish","format-standard","has-post-thumbnail","hentry","category-a-la-une","category-culture","category-tunisie","tag-homosexualite","tag-jcc-2018","tag-journees-cinematographiques-de-carthage","tag-nasreddine-shili","tag-subutex"],"yoast_head":"<!-- This site is optimized with the Yoast SEO plugin v26.6 - https:\/\/yoast.com\/wordpress\/plugins\/seo\/ -->\n<title>\u2018\u2018Subutex\u2019\u2019: Nasreddine Shili donne la parole aux marginaux - Kapitalis<\/title>\n<meta name=\"robots\" content=\"index, follow, max-snippet:-1, max-image-preview:large, max-video-preview:-1\" \/>\n<link rel=\"canonical\" href=\"https:\/\/kapitalis.com\/tunisie\/2018\/12\/11\/subutex-nasreddine-shili-donne-la-parole-aux-marginaux\/\" \/>\n<meta property=\"og:locale\" content=\"fr_FR\" \/>\n<meta property=\"og:type\" content=\"article\" \/>\n<meta property=\"og:title\" content=\"\u2018\u2018Subutex\u2019\u2019: Nasreddine Shili donne la parole aux marginaux - Kapitalis\" \/>\n<meta property=\"og:description\" content=\"Dans son dernier film, \u2018\u2018Subutex\u2019\u2019, Nasreddine Shili a rel\u00e9gu\u00e9 le sujet de l\u2019homosexualit\u00e9 au second plan et s\u2019est \u00e9clips\u00e9 quand il le fallait pour dresser un portrait tout en subtilit\u00e9 d\u2019un \u00abcouple\u00bb de jeunes dont les paroles et les gestes basculent entre vive violence et tendre affection dans des plans-s\u00e9quences \u00e0 couper le souffle. Par...\" \/>\n<meta property=\"og:url\" content=\"https:\/\/kapitalis.com\/tunisie\/2018\/12\/11\/subutex-nasreddine-shili-donne-la-parole-aux-marginaux\/\" \/>\n<meta property=\"og:site_name\" content=\"Kapitalis\" \/>\n<meta property=\"article:publisher\" content=\"https:\/\/www.facebook.com\/KapitalisInfo\/\" \/>\n<meta property=\"article:published_time\" content=\"2018-12-11T12:36:46+00:00\" \/>\n<meta property=\"og:image\" content=\"https:\/\/kapitalis.com\/tunisie\/wp-content\/uploads\/2022\/05\/kapitalis-logo-fb.png\" \/>\n\t<meta property=\"og:image:width\" content=\"1200\" \/>\n\t<meta property=\"og:image:height\" content=\"630\" \/>\n\t<meta property=\"og:image:type\" content=\"image\/png\" \/>\n<meta name=\"author\" content=\"webmaster kapitalis\" \/>\n<meta name=\"twitter:card\" content=\"summary_large_image\" \/>\n<meta name=\"twitter:creator\" content=\"@KapitalisInfo\" \/>\n<meta name=\"twitter:site\" content=\"@KapitalisInfo\" \/>\n<meta name=\"twitter:label1\" content=\"\u00c9crit par\" \/>\n\t<meta name=\"twitter:data1\" content=\"webmaster kapitalis\" \/>\n\t<meta name=\"twitter:label2\" content=\"Dur\u00e9e de lecture estim\u00e9e\" \/>\n\t<meta name=\"twitter:data2\" content=\"4 minutes\" \/>\n<script type=\"application\/ld+json\" class=\"yoast-schema-graph\">{\"@context\":\"https:\/\/schema.org\",\"@graph\":[{\"@type\":\"Article\",\"@id\":\"https:\/\/kapitalis.com\/tunisie\/2018\/12\/11\/subutex-nasreddine-shili-donne-la-parole-aux-marginaux\/#article\",\"isPartOf\":{\"@id\":\"https:\/\/kapitalis.com\/tunisie\/2018\/12\/11\/subutex-nasreddine-shili-donne-la-parole-aux-marginaux\/\"},\"author\":{\"name\":\"webmaster kapitalis\",\"@id\":\"https:\/\/kapitalis.com\/tunisie\/#\/schema\/person\/d71f33a9ca44f7bad4698210b480c8e9\"},\"headline\":\"\u2018\u2018Subutex\u2019\u2019: Nasreddine Shili donne la parole aux marginaux\",\"datePublished\":\"2018-12-11T12:36:46+00:00\",\"mainEntityOfPage\":{\"@id\":\"https:\/\/kapitalis.com\/tunisie\/2018\/12\/11\/subutex-nasreddine-shili-donne-la-parole-aux-marginaux\/\"},\"wordCount\":857,\"commentCount\":0,\"publisher\":{\"@id\":\"https:\/\/kapitalis.com\/tunisie\/#organization\"},\"image\":{\"@id\":\"https:\/\/kapitalis.com\/tunisie\/2018\/12\/11\/subutex-nasreddine-shili-donne-la-parole-aux-marginaux\/#primaryimage\"},\"thumbnailUrl\":\"\",\"keywords\":[\"homosexualit\u00e9\",\"JCC 2018\",\"Journ\u00e9es cin\u00e9matographiques de Carthage\",\"Nasreddine Shili\",\"Subutex\"],\"articleSection\":[\"A LA UNE\",\"CULTURE\",\"Tunisie\"],\"inLanguage\":\"fr-FR\",\"potentialAction\":[{\"@type\":\"CommentAction\",\"name\":\"Comment\",\"target\":[\"https:\/\/kapitalis.com\/tunisie\/2018\/12\/11\/subutex-nasreddine-shili-donne-la-parole-aux-marginaux\/#respond\"]}]},{\"@type\":\"WebPage\",\"@id\":\"https:\/\/kapitalis.com\/tunisie\/2018\/12\/11\/subutex-nasreddine-shili-donne-la-parole-aux-marginaux\/\",\"url\":\"https:\/\/kapitalis.com\/tunisie\/2018\/12\/11\/subutex-nasreddine-shili-donne-la-parole-aux-marginaux\/\",\"name\":\"\u2018\u2018Subutex\u2019\u2019: Nasreddine Shili donne la parole aux marginaux - Kapitalis\",\"isPartOf\":{\"@id\":\"https:\/\/kapitalis.com\/tunisie\/#website\"},\"primaryImageOfPage\":{\"@id\":\"https:\/\/kapitalis.com\/tunisie\/2018\/12\/11\/subutex-nasreddine-shili-donne-la-parole-aux-marginaux\/#primaryimage\"},\"image\":{\"@id\":\"https:\/\/kapitalis.com\/tunisie\/2018\/12\/11\/subutex-nasreddine-shili-donne-la-parole-aux-marginaux\/#primaryimage\"},\"thumbnailUrl\":\"\",\"datePublished\":\"2018-12-11T12:36:46+00:00\",\"breadcrumb\":{\"@id\":\"https:\/\/kapitalis.com\/tunisie\/2018\/12\/11\/subutex-nasreddine-shili-donne-la-parole-aux-marginaux\/#breadcrumb\"},\"inLanguage\":\"fr-FR\",\"potentialAction\":[{\"@type\":\"ReadAction\",\"target\":[\"https:\/\/kapitalis.com\/tunisie\/2018\/12\/11\/subutex-nasreddine-shili-donne-la-parole-aux-marginaux\/\"]}]},{\"@type\":\"ImageObject\",\"inLanguage\":\"fr-FR\",\"@id\":\"https:\/\/kapitalis.com\/tunisie\/2018\/12\/11\/subutex-nasreddine-shili-donne-la-parole-aux-marginaux\/#primaryimage\",\"url\":\"\",\"contentUrl\":\"\"},{\"@type\":\"BreadcrumbList\",\"@id\":\"https:\/\/kapitalis.com\/tunisie\/2018\/12\/11\/subutex-nasreddine-shili-donne-la-parole-aux-marginaux\/#breadcrumb\",\"itemListElement\":[{\"@type\":\"ListItem\",\"position\":1,\"name\":\"Accueil\",\"item\":\"https:\/\/kapitalis.com\/tunisie\/\"},{\"@type\":\"ListItem\",\"position\":2,\"name\":\"\u2018\u2018Subutex\u2019\u2019: Nasreddine Shili donne la parole aux marginaux\"}]},{\"@type\":\"WebSite\",\"@id\":\"https:\/\/kapitalis.com\/tunisie\/#website\",\"url\":\"https:\/\/kapitalis.com\/tunisie\/\",\"name\":\"Kapitalis\",\"description\":\"L&#039;actualit\u00e9 en Tunisie et dans le monde\",\"publisher\":{\"@id\":\"https:\/\/kapitalis.com\/tunisie\/#organization\"},\"potentialAction\":[{\"@type\":\"SearchAction\",\"target\":{\"@type\":\"EntryPoint\",\"urlTemplate\":\"https:\/\/kapitalis.com\/tunisie\/?s={search_term_string}\"},\"query-input\":{\"@type\":\"PropertyValueSpecification\",\"valueRequired\":true,\"valueName\":\"search_term_string\"}}],\"inLanguage\":\"fr-FR\"},{\"@type\":\"Organization\",\"@id\":\"https:\/\/kapitalis.com\/tunisie\/#organization\",\"name\":\"Kapitalis\",\"url\":\"https:\/\/kapitalis.com\/tunisie\/\",\"logo\":{\"@type\":\"ImageObject\",\"inLanguage\":\"fr-FR\",\"@id\":\"https:\/\/kapitalis.com\/tunisie\/#\/schema\/logo\/image\/\",\"url\":\"https:\/\/kapitalis.com\/tunisie\/wp-content\/uploads\/2022\/05\/Kapitalis-big-size.png\",\"contentUrl\":\"https:\/\/kapitalis.com\/tunisie\/wp-content\/uploads\/2022\/05\/Kapitalis-big-size.png\",\"width\":5000,\"height\":1500,\"caption\":\"Kapitalis\"},\"image\":{\"@id\":\"https:\/\/kapitalis.com\/tunisie\/#\/schema\/logo\/image\/\"},\"sameAs\":[\"https:\/\/www.facebook.com\/KapitalisInfo\/\",\"https:\/\/x.com\/KapitalisInfo\",\"https:\/\/www.youtube.com\/channel\/UC-yDYrHyfFBWWZaOw3FPg9Q\"]},{\"@type\":\"Person\",\"@id\":\"https:\/\/kapitalis.com\/tunisie\/#\/schema\/person\/d71f33a9ca44f7bad4698210b480c8e9\",\"name\":\"webmaster kapitalis\",\"url\":\"https:\/\/kapitalis.com\/tunisie\/author\/webmaster-kapitalis\/\"}]}<\/script>\n<!-- \/ Yoast SEO plugin. -->","yoast_head_json":{"title":"\u2018\u2018Subutex\u2019\u2019: Nasreddine Shili donne la parole aux marginaux - Kapitalis","robots":{"index":"index","follow":"follow","max-snippet":"max-snippet:-1","max-image-preview":"max-image-preview:large","max-video-preview":"max-video-preview:-1"},"canonical":"https:\/\/kapitalis.com\/tunisie\/2018\/12\/11\/subutex-nasreddine-shili-donne-la-parole-aux-marginaux\/","og_locale":"fr_FR","og_type":"article","og_title":"\u2018\u2018Subutex\u2019\u2019: Nasreddine Shili donne la parole aux marginaux - Kapitalis","og_description":"Dans son dernier film, \u2018\u2018Subutex\u2019\u2019, Nasreddine Shili a rel\u00e9gu\u00e9 le sujet de l\u2019homosexualit\u00e9 au second plan et s\u2019est \u00e9clips\u00e9 quand il le fallait pour dresser un portrait tout en subtilit\u00e9 d\u2019un \u00abcouple\u00bb de jeunes dont les paroles et les gestes basculent entre vive violence et tendre affection dans des plans-s\u00e9quences \u00e0 couper le souffle. Par...","og_url":"https:\/\/kapitalis.com\/tunisie\/2018\/12\/11\/subutex-nasreddine-shili-donne-la-parole-aux-marginaux\/","og_site_name":"Kapitalis","article_publisher":"https:\/\/www.facebook.com\/KapitalisInfo\/","article_published_time":"2018-12-11T12:36:46+00:00","og_image":[{"width":1200,"height":630,"url":"https:\/\/kapitalis.com\/tunisie\/wp-content\/uploads\/2022\/05\/kapitalis-logo-fb.png","type":"image\/png"}],"author":"webmaster kapitalis","twitter_card":"summary_large_image","twitter_creator":"@KapitalisInfo","twitter_site":"@KapitalisInfo","twitter_misc":{"\u00c9crit par":"webmaster kapitalis","Dur\u00e9e de lecture estim\u00e9e":"4 minutes"},"schema":{"@context":"https:\/\/schema.org","@graph":[{"@type":"Article","@id":"https:\/\/kapitalis.com\/tunisie\/2018\/12\/11\/subutex-nasreddine-shili-donne-la-parole-aux-marginaux\/#article","isPartOf":{"@id":"https:\/\/kapitalis.com\/tunisie\/2018\/12\/11\/subutex-nasreddine-shili-donne-la-parole-aux-marginaux\/"},"author":{"name":"webmaster kapitalis","@id":"https:\/\/kapitalis.com\/tunisie\/#\/schema\/person\/d71f33a9ca44f7bad4698210b480c8e9"},"headline":"\u2018\u2018Subutex\u2019\u2019: Nasreddine Shili donne la parole aux marginaux","datePublished":"2018-12-11T12:36:46+00:00","mainEntityOfPage":{"@id":"https:\/\/kapitalis.com\/tunisie\/2018\/12\/11\/subutex-nasreddine-shili-donne-la-parole-aux-marginaux\/"},"wordCount":857,"commentCount":0,"publisher":{"@id":"https:\/\/kapitalis.com\/tunisie\/#organization"},"image":{"@id":"https:\/\/kapitalis.com\/tunisie\/2018\/12\/11\/subutex-nasreddine-shili-donne-la-parole-aux-marginaux\/#primaryimage"},"thumbnailUrl":"","keywords":["homosexualit\u00e9","JCC 2018","Journ\u00e9es cin\u00e9matographiques de Carthage","Nasreddine Shili","Subutex"],"articleSection":["A LA UNE","CULTURE","Tunisie"],"inLanguage":"fr-FR","potentialAction":[{"@type":"CommentAction","name":"Comment","target":["https:\/\/kapitalis.com\/tunisie\/2018\/12\/11\/subutex-nasreddine-shili-donne-la-parole-aux-marginaux\/#respond"]}]},{"@type":"WebPage","@id":"https:\/\/kapitalis.com\/tunisie\/2018\/12\/11\/subutex-nasreddine-shili-donne-la-parole-aux-marginaux\/","url":"https:\/\/kapitalis.com\/tunisie\/2018\/12\/11\/subutex-nasreddine-shili-donne-la-parole-aux-marginaux\/","name":"\u2018\u2018Subutex\u2019\u2019: Nasreddine Shili donne la parole aux marginaux - Kapitalis","isPartOf":{"@id":"https:\/\/kapitalis.com\/tunisie\/#website"},"primaryImageOfPage":{"@id":"https:\/\/kapitalis.com\/tunisie\/2018\/12\/11\/subutex-nasreddine-shili-donne-la-parole-aux-marginaux\/#primaryimage"},"image":{"@id":"https:\/\/kapitalis.com\/tunisie\/2018\/12\/11\/subutex-nasreddine-shili-donne-la-parole-aux-marginaux\/#primaryimage"},"thumbnailUrl":"","datePublished":"2018-12-11T12:36:46+00:00","breadcrumb":{"@id":"https:\/\/kapitalis.com\/tunisie\/2018\/12\/11\/subutex-nasreddine-shili-donne-la-parole-aux-marginaux\/#breadcrumb"},"inLanguage":"fr-FR","potentialAction":[{"@type":"ReadAction","target":["https:\/\/kapitalis.com\/tunisie\/2018\/12\/11\/subutex-nasreddine-shili-donne-la-parole-aux-marginaux\/"]}]},{"@type":"ImageObject","inLanguage":"fr-FR","@id":"https:\/\/kapitalis.com\/tunisie\/2018\/12\/11\/subutex-nasreddine-shili-donne-la-parole-aux-marginaux\/#primaryimage","url":"","contentUrl":""},{"@type":"BreadcrumbList","@id":"https:\/\/kapitalis.com\/tunisie\/2018\/12\/11\/subutex-nasreddine-shili-donne-la-parole-aux-marginaux\/#breadcrumb","itemListElement":[{"@type":"ListItem","position":1,"name":"Accueil","item":"https:\/\/kapitalis.com\/tunisie\/"},{"@type":"ListItem","position":2,"name":"\u2018\u2018Subutex\u2019\u2019: Nasreddine Shili donne la parole aux marginaux"}]},{"@type":"WebSite","@id":"https:\/\/kapitalis.com\/tunisie\/#website","url":"https:\/\/kapitalis.com\/tunisie\/","name":"Kapitalis","description":"L&#039;actualit\u00e9 en Tunisie et dans le monde","publisher":{"@id":"https:\/\/kapitalis.com\/tunisie\/#organization"},"potentialAction":[{"@type":"SearchAction","target":{"@type":"EntryPoint","urlTemplate":"https:\/\/kapitalis.com\/tunisie\/?s={search_term_string}"},"query-input":{"@type":"PropertyValueSpecification","valueRequired":true,"valueName":"search_term_string"}}],"inLanguage":"fr-FR"},{"@type":"Organization","@id":"https:\/\/kapitalis.com\/tunisie\/#organization","name":"Kapitalis","url":"https:\/\/kapitalis.com\/tunisie\/","logo":{"@type":"ImageObject","inLanguage":"fr-FR","@id":"https:\/\/kapitalis.com\/tunisie\/#\/schema\/logo\/image\/","url":"https:\/\/kapitalis.com\/tunisie\/wp-content\/uploads\/2022\/05\/Kapitalis-big-size.png","contentUrl":"https:\/\/kapitalis.com\/tunisie\/wp-content\/uploads\/2022\/05\/Kapitalis-big-size.png","width":5000,"height":1500,"caption":"Kapitalis"},"image":{"@id":"https:\/\/kapitalis.com\/tunisie\/#\/schema\/logo\/image\/"},"sameAs":["https:\/\/www.facebook.com\/KapitalisInfo\/","https:\/\/x.com\/KapitalisInfo","https:\/\/www.youtube.com\/channel\/UC-yDYrHyfFBWWZaOw3FPg9Q"]},{"@type":"Person","@id":"https:\/\/kapitalis.com\/tunisie\/#\/schema\/person\/d71f33a9ca44f7bad4698210b480c8e9","name":"webmaster kapitalis","url":"https:\/\/kapitalis.com\/tunisie\/author\/webmaster-kapitalis\/"}]}},"_links":{"self":[{"href":"https:\/\/kapitalis.com\/tunisie\/wp-json\/wp\/v2\/posts\/188313","targetHints":{"allow":["GET"]}}],"collection":[{"href":"https:\/\/kapitalis.com\/tunisie\/wp-json\/wp\/v2\/posts"}],"about":[{"href":"https:\/\/kapitalis.com\/tunisie\/wp-json\/wp\/v2\/types\/post"}],"author":[{"embeddable":true,"href":"https:\/\/kapitalis.com\/tunisie\/wp-json\/wp\/v2\/users\/8"}],"replies":[{"embeddable":true,"href":"https:\/\/kapitalis.com\/tunisie\/wp-json\/wp\/v2\/comments?post=188313"}],"version-history":[{"count":0,"href":"https:\/\/kapitalis.com\/tunisie\/wp-json\/wp\/v2\/posts\/188313\/revisions"}],"wp:featuredmedia":[{"embeddable":true,"href":"https:\/\/kapitalis.com\/tunisie\/wp-json\/wp\/v2\/media\/188315"}],"wp:attachment":[{"href":"https:\/\/kapitalis.com\/tunisie\/wp-json\/wp\/v2\/media?parent=188313"}],"wp:term":[{"taxonomy":"category","embeddable":true,"href":"https:\/\/kapitalis.com\/tunisie\/wp-json\/wp\/v2\/categories?post=188313"},{"taxonomy":"post_tag","embeddable":true,"href":"https:\/\/kapitalis.com\/tunisie\/wp-json\/wp\/v2\/tags?post=188313"}],"curies":[{"name":"wp","href":"https:\/\/api.w.org\/{rel}","templated":true}]}}