{"id":188745,"date":"2018-12-13T17:10:39","date_gmt":"2018-12-13T16:10:39","guid":{"rendered":"http:\/\/kapitalis.com\/tunisie\/?p=188745"},"modified":"2018-12-13T17:10:39","modified_gmt":"2018-12-13T16:10:39","slug":"premiere-condamnation-en-tunisie-a-des-travaux-dinteret-general","status":"publish","type":"post","link":"https:\/\/kapitalis.com\/tunisie\/2018\/12\/13\/premiere-condamnation-en-tunisie-a-des-travaux-dinteret-general\/","title":{"rendered":"Premi\u00e8re condamnation, en Tunisie, \u00e0 des travaux d\u2019int\u00e9r\u00eat g\u00e9n\u00e9ral"},"content":{"rendered":"<p style=\"text-align: center;\"><img loading=\"lazy\" decoding=\"async\" class=\"alignnone size-full wp-image-188751\" src=\"http:\/\/kapitalis.com\/tunisie\/wp-content\/uploads\/2018\/12\/jardinage-TIG.jpg\" alt=\"\" width=\"626\" height=\"380\" \/><\/p>\n<p style=\"text-align: center;\"><em>Ph. d&rsquo;archives.<\/em><\/p>\n<p><em><strong>Pour la 1<sup>\u00e8re<\/sup> fois en Tunisie, la justice a ordonn\u00e9 et appliqu\u00e9 une peine de travaux d\u2019int\u00e9r\u00eat g\u00e9n\u00e9ral (TIG) \u00e0 l\u2019encontre d\u2019un jeune de 22 ans condamn\u00e9 \u00e0 4 mois de prison ferme pour vol, \u00e0 Monastir.<\/strong><\/em><!--more--><\/p>\n<p>Cette mesure judiciaire existe en Tunisie depuis 1999 mais n\u2019a jamais \u00e9t\u00e9 appliqu\u00e9e, \u00e0 cause d\u2019un manque de moyens, explique Farid Ben Jeha, porte-parole du tribunal de 1<sup>\u00e8re<\/sup> instance de Monastir, dans une d\u00e9claration \u00e0 Mosa\u00efque FM, en pr\u00e9cisant que le d\u00e9tenu a d\u00e9j\u00e0 purg\u00e9 la moiti\u00e9 de sa peine.<\/p>\n<p>Le d\u00e9tenu a commenc\u00e9 \u00e0 travailler hier, sous la supervision d&rsquo;un Centre d\u2019accompagnement r\u00e9cemment cr\u00e9\u00e9. Il a \u00e9t\u00e9 charg\u00e9 de faire du jardinage pour le compte de la commune de Lamta, \u00e0 Monastir.<\/p>\n<p>\u00ab<em>Pour chaque jour de condamnation \u00e0 la prison ferme, il devra faire 2 heures de travaux d\u2019int\u00e9r\u00eat g\u00e9n\u00e9ral<\/em>\u00bb, explique M. Ben Jeha, en ajoutant que seuls les d\u00e9tenus non r\u00e9cidivistes et ayant \u00e9t\u00e9 jug\u00e9s pour des faits relevant de la justice correctionnelle peuvent profiter de cette mesure.<\/p>\n<p>Rappelons que Ghazi Jeribi, ancien ministre\u00a0 de la Justice, avait annonc\u00e9, en septembre dernier, que son d\u00e9partement avait mis en place un projet de loi sur les peines alternatives pour remplacer l\u2019incarc\u00e9ration. Il avait expliqu\u00e9 que le but des condamnations n\u2019est pas de priver les individus de leur libert\u00e9 mais de leur donner une correction.<\/p>\n<p>L\u2019ancien ministre avait aussi pr\u00e9cis\u00e9 que ces peines am\u00e9nag\u00e9es pouvaient aussi \u00eatre une des solutions \u00e0 la surpopulation dans les prisons tunisiennes.<\/p>\n<p style=\"text-align: right;\"><strong>Y. N.<\/strong><\/p>\n<blockquote class=\"wp-embedded-content\" data-secret=\"5r8MrhFDve\"><p><a href=\"https:\/\/kapitalis.com\/tunisie\/2018\/09\/21\/tunisie-projet-de-loi-sur-les-peines-alternatives-remplacant-lincarceration\/\">Tunisie : Projet de loi sur les peines alternatives rempla\u00e7ant l&rsquo;incarc\u00e9ration<\/a><\/p><\/blockquote>\n<p><iframe loading=\"lazy\" class=\"wp-embedded-content\" sandbox=\"allow-scripts\" security=\"restricted\" style=\"position: absolute; clip: rect(1px, 1px, 1px, 1px);\" title=\"\u00ab\u00a0Tunisie : Projet de loi sur les peines alternatives rempla\u00e7ant l&rsquo;incarc\u00e9ration\u00a0\u00bb &#8212; Kapitalis\" src=\"https:\/\/kapitalis.com\/tunisie\/2018\/09\/21\/tunisie-projet-de-loi-sur-les-peines-alternatives-remplacant-lincarceration\/embed\/#?secret=8ubIjCsA42#?secret=5r8MrhFDve\" data-secret=\"5r8MrhFDve\" width=\"600\" height=\"338\" frameborder=\"0\" marginwidth=\"0\" marginheight=\"0\" scrolling=\"no\"><\/iframe><\/p>\n","protected":false},"excerpt":{"rendered":"<p>Ph. d&rsquo;archives. Pour la 1\u00e8re fois en Tunisie, la justice a ordonn\u00e9 et appliqu\u00e9 une peine de travaux d\u2019int\u00e9r\u00eat g\u00e9n\u00e9ral (TIG) \u00e0 l\u2019encontre d\u2019un jeune de 22 ans condamn\u00e9 \u00e0 4 mois de prison ferme pour vol, \u00e0 Monastir.<\/p>\n","protected":false},"author":6,"featured_media":188751,"comment_status":"open","ping_status":"open","sticky":false,"template":"","format":"standard","meta":{"footnotes":""},"categories":[998,2433],"tags":[2283,633],"class_list":["post-188745","post","type-post","status-publish","format-standard","has-post-thumbnail","hentry","category-societe","category-tunisie","tag-condamnation","tag-monastir"],"yoast_head":"<!-- This site is optimized with the Yoast SEO plugin v26.6 - https:\/\/yoast.com\/wordpress\/plugins\/seo\/ -->\n<title>Premi\u00e8re condamnation, en Tunisie, \u00e0 des travaux d\u2019int\u00e9r\u00eat g\u00e9n\u00e9ral - Kapitalis<\/title>\n<meta name=\"robots\" content=\"index, follow, max-snippet:-1, max-image-preview:large, max-video-preview:-1\" \/>\n<link rel=\"canonical\" href=\"https:\/\/kapitalis.com\/tunisie\/2018\/12\/13\/premiere-condamnation-en-tunisie-a-des-travaux-dinteret-general\/\" \/>\n<meta property=\"og:locale\" content=\"fr_FR\" \/>\n<meta property=\"og:type\" content=\"article\" \/>\n<meta property=\"og:title\" content=\"Premi\u00e8re condamnation, en Tunisie, \u00e0 des travaux d\u2019int\u00e9r\u00eat g\u00e9n\u00e9ral - Kapitalis\" \/>\n<meta property=\"og:description\" content=\"Ph. d&rsquo;archives. Pour la 1\u00e8re fois en Tunisie, la justice a ordonn\u00e9 et appliqu\u00e9 une peine de travaux d\u2019int\u00e9r\u00eat g\u00e9n\u00e9ral (TIG) \u00e0 l\u2019encontre d\u2019un jeune de 22 ans condamn\u00e9 \u00e0 4 mois de prison ferme pour vol, \u00e0 Monastir.\" \/>\n<meta property=\"og:url\" content=\"https:\/\/kapitalis.com\/tunisie\/2018\/12\/13\/premiere-condamnation-en-tunisie-a-des-travaux-dinteret-general\/\" \/>\n<meta property=\"og:site_name\" content=\"Kapitalis\" \/>\n<meta property=\"article:publisher\" content=\"https:\/\/www.facebook.com\/KapitalisInfo\/\" \/>\n<meta property=\"article:published_time\" content=\"2018-12-13T16:10:39+00:00\" \/>\n<meta property=\"og:image\" content=\"https:\/\/kapitalis.com\/tunisie\/wp-content\/uploads\/2022\/05\/kapitalis-logo-fb.png\" \/>\n\t<meta property=\"og:image:width\" content=\"1200\" \/>\n\t<meta property=\"og:image:height\" content=\"630\" \/>\n\t<meta property=\"og:image:type\" content=\"image\/png\" \/>\n<meta name=\"author\" content=\"Yusra NY\" \/>\n<meta name=\"twitter:card\" content=\"summary_large_image\" \/>\n<meta name=\"twitter:creator\" content=\"@KapitalisInfo\" \/>\n<meta name=\"twitter:site\" content=\"@KapitalisInfo\" \/>\n<meta name=\"twitter:label1\" content=\"\u00c9crit par\" \/>\n\t<meta name=\"twitter:data1\" content=\"Yusra NY\" \/>\n\t<meta name=\"twitter:label2\" content=\"Dur\u00e9e de lecture estim\u00e9e\" \/>\n\t<meta name=\"twitter:data2\" content=\"1 minute\" \/>\n<script type=\"application\/ld+json\" class=\"yoast-schema-graph\">{\"@context\":\"https:\/\/schema.org\",\"@graph\":[{\"@type\":\"Article\",\"@id\":\"https:\/\/kapitalis.com\/tunisie\/2018\/12\/13\/premiere-condamnation-en-tunisie-a-des-travaux-dinteret-general\/#article\",\"isPartOf\":{\"@id\":\"https:\/\/kapitalis.com\/tunisie\/2018\/12\/13\/premiere-condamnation-en-tunisie-a-des-travaux-dinteret-general\/\"},\"author\":{\"name\":\"Yusra NY\",\"@id\":\"https:\/\/kapitalis.com\/tunisie\/#\/schema\/person\/74bbde0154d49d790a92aaeac5bc01d5\"},\"headline\":\"Premi\u00e8re condamnation, en Tunisie, \u00e0 des travaux d\u2019int\u00e9r\u00eat g\u00e9n\u00e9ral\",\"datePublished\":\"2018-12-13T16:10:39+00:00\",\"mainEntityOfPage\":{\"@id\":\"https:\/\/kapitalis.com\/tunisie\/2018\/12\/13\/premiere-condamnation-en-tunisie-a-des-travaux-dinteret-general\/\"},\"wordCount\":288,\"commentCount\":0,\"publisher\":{\"@id\":\"https:\/\/kapitalis.com\/tunisie\/#organization\"},\"image\":{\"@id\":\"https:\/\/kapitalis.com\/tunisie\/2018\/12\/13\/premiere-condamnation-en-tunisie-a-des-travaux-dinteret-general\/#primaryimage\"},\"thumbnailUrl\":\"\",\"keywords\":[\"condamnation\",\"Monastir\"],\"articleSection\":[\"SOCIETE\",\"Tunisie\"],\"inLanguage\":\"fr-FR\",\"potentialAction\":[{\"@type\":\"CommentAction\",\"name\":\"Comment\",\"target\":[\"https:\/\/kapitalis.com\/tunisie\/2018\/12\/13\/premiere-condamnation-en-tunisie-a-des-travaux-dinteret-general\/#respond\"]}]},{\"@type\":\"WebPage\",\"@id\":\"https:\/\/kapitalis.com\/tunisie\/2018\/12\/13\/premiere-condamnation-en-tunisie-a-des-travaux-dinteret-general\/\",\"url\":\"https:\/\/kapitalis.com\/tunisie\/2018\/12\/13\/premiere-condamnation-en-tunisie-a-des-travaux-dinteret-general\/\",\"name\":\"Premi\u00e8re condamnation, en Tunisie, \u00e0 des travaux d\u2019int\u00e9r\u00eat g\u00e9n\u00e9ral - Kapitalis\",\"isPartOf\":{\"@id\":\"https:\/\/kapitalis.com\/tunisie\/#website\"},\"primaryImageOfPage\":{\"@id\":\"https:\/\/kapitalis.com\/tunisie\/2018\/12\/13\/premiere-condamnation-en-tunisie-a-des-travaux-dinteret-general\/#primaryimage\"},\"image\":{\"@id\":\"https:\/\/kapitalis.com\/tunisie\/2018\/12\/13\/premiere-condamnation-en-tunisie-a-des-travaux-dinteret-general\/#primaryimage\"},\"thumbnailUrl\":\"\",\"datePublished\":\"2018-12-13T16:10:39+00:00\",\"breadcrumb\":{\"@id\":\"https:\/\/kapitalis.com\/tunisie\/2018\/12\/13\/premiere-condamnation-en-tunisie-a-des-travaux-dinteret-general\/#breadcrumb\"},\"inLanguage\":\"fr-FR\",\"potentialAction\":[{\"@type\":\"ReadAction\",\"target\":[\"https:\/\/kapitalis.com\/tunisie\/2018\/12\/13\/premiere-condamnation-en-tunisie-a-des-travaux-dinteret-general\/\"]}]},{\"@type\":\"ImageObject\",\"inLanguage\":\"fr-FR\",\"@id\":\"https:\/\/kapitalis.com\/tunisie\/2018\/12\/13\/premiere-condamnation-en-tunisie-a-des-travaux-dinteret-general\/#primaryimage\",\"url\":\"\",\"contentUrl\":\"\"},{\"@type\":\"BreadcrumbList\",\"@id\":\"https:\/\/kapitalis.com\/tunisie\/2018\/12\/13\/premiere-condamnation-en-tunisie-a-des-travaux-dinteret-general\/#breadcrumb\",\"itemListElement\":[{\"@type\":\"ListItem\",\"position\":1,\"name\":\"Accueil\",\"item\":\"https:\/\/kapitalis.com\/tunisie\/\"},{\"@type\":\"ListItem\",\"position\":2,\"name\":\"Premi\u00e8re condamnation, en Tunisie, \u00e0 des travaux d\u2019int\u00e9r\u00eat g\u00e9n\u00e9ral\"}]},{\"@type\":\"WebSite\",\"@id\":\"https:\/\/kapitalis.com\/tunisie\/#website\",\"url\":\"https:\/\/kapitalis.com\/tunisie\/\",\"name\":\"Kapitalis\",\"description\":\"L&#039;actualit\u00e9 en Tunisie et dans le monde\",\"publisher\":{\"@id\":\"https:\/\/kapitalis.com\/tunisie\/#organization\"},\"potentialAction\":[{\"@type\":\"SearchAction\",\"target\":{\"@type\":\"EntryPoint\",\"urlTemplate\":\"https:\/\/kapitalis.com\/tunisie\/?s={search_term_string}\"},\"query-input\":{\"@type\":\"PropertyValueSpecification\",\"valueRequired\":true,\"valueName\":\"search_term_string\"}}],\"inLanguage\":\"fr-FR\"},{\"@type\":\"Organization\",\"@id\":\"https:\/\/kapitalis.com\/tunisie\/#organization\",\"name\":\"Kapitalis\",\"url\":\"https:\/\/kapitalis.com\/tunisie\/\",\"logo\":{\"@type\":\"ImageObject\",\"inLanguage\":\"fr-FR\",\"@id\":\"https:\/\/kapitalis.com\/tunisie\/#\/schema\/logo\/image\/\",\"url\":\"https:\/\/kapitalis.com\/tunisie\/wp-content\/uploads\/2022\/05\/Kapitalis-big-size.png\",\"contentUrl\":\"https:\/\/kapitalis.com\/tunisie\/wp-content\/uploads\/2022\/05\/Kapitalis-big-size.png\",\"width\":5000,\"height\":1500,\"caption\":\"Kapitalis\"},\"image\":{\"@id\":\"https:\/\/kapitalis.com\/tunisie\/#\/schema\/logo\/image\/\"},\"sameAs\":[\"https:\/\/www.facebook.com\/KapitalisInfo\/\",\"https:\/\/x.com\/KapitalisInfo\",\"https:\/\/www.youtube.com\/channel\/UC-yDYrHyfFBWWZaOw3FPg9Q\"]},{\"@type\":\"Person\",\"@id\":\"https:\/\/kapitalis.com\/tunisie\/#\/schema\/person\/74bbde0154d49d790a92aaeac5bc01d5\",\"name\":\"Yusra NY\",\"url\":\"https:\/\/kapitalis.com\/tunisie\/author\/yuza_adam\/\"}]}<\/script>\n<!-- \/ Yoast SEO plugin. -->","yoast_head_json":{"title":"Premi\u00e8re condamnation, en Tunisie, \u00e0 des travaux d\u2019int\u00e9r\u00eat g\u00e9n\u00e9ral - Kapitalis","robots":{"index":"index","follow":"follow","max-snippet":"max-snippet:-1","max-image-preview":"max-image-preview:large","max-video-preview":"max-video-preview:-1"},"canonical":"https:\/\/kapitalis.com\/tunisie\/2018\/12\/13\/premiere-condamnation-en-tunisie-a-des-travaux-dinteret-general\/","og_locale":"fr_FR","og_type":"article","og_title":"Premi\u00e8re condamnation, en Tunisie, \u00e0 des travaux d\u2019int\u00e9r\u00eat g\u00e9n\u00e9ral - Kapitalis","og_description":"Ph. d&rsquo;archives. Pour la 1\u00e8re fois en Tunisie, la justice a ordonn\u00e9 et appliqu\u00e9 une peine de travaux d\u2019int\u00e9r\u00eat g\u00e9n\u00e9ral (TIG) \u00e0 l\u2019encontre d\u2019un jeune de 22 ans condamn\u00e9 \u00e0 4 mois de prison ferme pour vol, \u00e0 Monastir.","og_url":"https:\/\/kapitalis.com\/tunisie\/2018\/12\/13\/premiere-condamnation-en-tunisie-a-des-travaux-dinteret-general\/","og_site_name":"Kapitalis","article_publisher":"https:\/\/www.facebook.com\/KapitalisInfo\/","article_published_time":"2018-12-13T16:10:39+00:00","og_image":[{"width":1200,"height":630,"url":"https:\/\/kapitalis.com\/tunisie\/wp-content\/uploads\/2022\/05\/kapitalis-logo-fb.png","type":"image\/png"}],"author":"Yusra NY","twitter_card":"summary_large_image","twitter_creator":"@KapitalisInfo","twitter_site":"@KapitalisInfo","twitter_misc":{"\u00c9crit par":"Yusra NY","Dur\u00e9e de lecture estim\u00e9e":"1 minute"},"schema":{"@context":"https:\/\/schema.org","@graph":[{"@type":"Article","@id":"https:\/\/kapitalis.com\/tunisie\/2018\/12\/13\/premiere-condamnation-en-tunisie-a-des-travaux-dinteret-general\/#article","isPartOf":{"@id":"https:\/\/kapitalis.com\/tunisie\/2018\/12\/13\/premiere-condamnation-en-tunisie-a-des-travaux-dinteret-general\/"},"author":{"name":"Yusra NY","@id":"https:\/\/kapitalis.com\/tunisie\/#\/schema\/person\/74bbde0154d49d790a92aaeac5bc01d5"},"headline":"Premi\u00e8re condamnation, en Tunisie, \u00e0 des travaux d\u2019int\u00e9r\u00eat g\u00e9n\u00e9ral","datePublished":"2018-12-13T16:10:39+00:00","mainEntityOfPage":{"@id":"https:\/\/kapitalis.com\/tunisie\/2018\/12\/13\/premiere-condamnation-en-tunisie-a-des-travaux-dinteret-general\/"},"wordCount":288,"commentCount":0,"publisher":{"@id":"https:\/\/kapitalis.com\/tunisie\/#organization"},"image":{"@id":"https:\/\/kapitalis.com\/tunisie\/2018\/12\/13\/premiere-condamnation-en-tunisie-a-des-travaux-dinteret-general\/#primaryimage"},"thumbnailUrl":"","keywords":["condamnation","Monastir"],"articleSection":["SOCIETE","Tunisie"],"inLanguage":"fr-FR","potentialAction":[{"@type":"CommentAction","name":"Comment","target":["https:\/\/kapitalis.com\/tunisie\/2018\/12\/13\/premiere-condamnation-en-tunisie-a-des-travaux-dinteret-general\/#respond"]}]},{"@type":"WebPage","@id":"https:\/\/kapitalis.com\/tunisie\/2018\/12\/13\/premiere-condamnation-en-tunisie-a-des-travaux-dinteret-general\/","url":"https:\/\/kapitalis.com\/tunisie\/2018\/12\/13\/premiere-condamnation-en-tunisie-a-des-travaux-dinteret-general\/","name":"Premi\u00e8re condamnation, en Tunisie, \u00e0 des travaux d\u2019int\u00e9r\u00eat g\u00e9n\u00e9ral - Kapitalis","isPartOf":{"@id":"https:\/\/kapitalis.com\/tunisie\/#website"},"primaryImageOfPage":{"@id":"https:\/\/kapitalis.com\/tunisie\/2018\/12\/13\/premiere-condamnation-en-tunisie-a-des-travaux-dinteret-general\/#primaryimage"},"image":{"@id":"https:\/\/kapitalis.com\/tunisie\/2018\/12\/13\/premiere-condamnation-en-tunisie-a-des-travaux-dinteret-general\/#primaryimage"},"thumbnailUrl":"","datePublished":"2018-12-13T16:10:39+00:00","breadcrumb":{"@id":"https:\/\/kapitalis.com\/tunisie\/2018\/12\/13\/premiere-condamnation-en-tunisie-a-des-travaux-dinteret-general\/#breadcrumb"},"inLanguage":"fr-FR","potentialAction":[{"@type":"ReadAction","target":["https:\/\/kapitalis.com\/tunisie\/2018\/12\/13\/premiere-condamnation-en-tunisie-a-des-travaux-dinteret-general\/"]}]},{"@type":"ImageObject","inLanguage":"fr-FR","@id":"https:\/\/kapitalis.com\/tunisie\/2018\/12\/13\/premiere-condamnation-en-tunisie-a-des-travaux-dinteret-general\/#primaryimage","url":"","contentUrl":""},{"@type":"BreadcrumbList","@id":"https:\/\/kapitalis.com\/tunisie\/2018\/12\/13\/premiere-condamnation-en-tunisie-a-des-travaux-dinteret-general\/#breadcrumb","itemListElement":[{"@type":"ListItem","position":1,"name":"Accueil","item":"https:\/\/kapitalis.com\/tunisie\/"},{"@type":"ListItem","position":2,"name":"Premi\u00e8re condamnation, en Tunisie, \u00e0 des travaux d\u2019int\u00e9r\u00eat g\u00e9n\u00e9ral"}]},{"@type":"WebSite","@id":"https:\/\/kapitalis.com\/tunisie\/#website","url":"https:\/\/kapitalis.com\/tunisie\/","name":"Kapitalis","description":"L&#039;actualit\u00e9 en Tunisie et dans le monde","publisher":{"@id":"https:\/\/kapitalis.com\/tunisie\/#organization"},"potentialAction":[{"@type":"SearchAction","target":{"@type":"EntryPoint","urlTemplate":"https:\/\/kapitalis.com\/tunisie\/?s={search_term_string}"},"query-input":{"@type":"PropertyValueSpecification","valueRequired":true,"valueName":"search_term_string"}}],"inLanguage":"fr-FR"},{"@type":"Organization","@id":"https:\/\/kapitalis.com\/tunisie\/#organization","name":"Kapitalis","url":"https:\/\/kapitalis.com\/tunisie\/","logo":{"@type":"ImageObject","inLanguage":"fr-FR","@id":"https:\/\/kapitalis.com\/tunisie\/#\/schema\/logo\/image\/","url":"https:\/\/kapitalis.com\/tunisie\/wp-content\/uploads\/2022\/05\/Kapitalis-big-size.png","contentUrl":"https:\/\/kapitalis.com\/tunisie\/wp-content\/uploads\/2022\/05\/Kapitalis-big-size.png","width":5000,"height":1500,"caption":"Kapitalis"},"image":{"@id":"https:\/\/kapitalis.com\/tunisie\/#\/schema\/logo\/image\/"},"sameAs":["https:\/\/www.facebook.com\/KapitalisInfo\/","https:\/\/x.com\/KapitalisInfo","https:\/\/www.youtube.com\/channel\/UC-yDYrHyfFBWWZaOw3FPg9Q"]},{"@type":"Person","@id":"https:\/\/kapitalis.com\/tunisie\/#\/schema\/person\/74bbde0154d49d790a92aaeac5bc01d5","name":"Yusra NY","url":"https:\/\/kapitalis.com\/tunisie\/author\/yuza_adam\/"}]}},"_links":{"self":[{"href":"https:\/\/kapitalis.com\/tunisie\/wp-json\/wp\/v2\/posts\/188745","targetHints":{"allow":["GET"]}}],"collection":[{"href":"https:\/\/kapitalis.com\/tunisie\/wp-json\/wp\/v2\/posts"}],"about":[{"href":"https:\/\/kapitalis.com\/tunisie\/wp-json\/wp\/v2\/types\/post"}],"author":[{"embeddable":true,"href":"https:\/\/kapitalis.com\/tunisie\/wp-json\/wp\/v2\/users\/6"}],"replies":[{"embeddable":true,"href":"https:\/\/kapitalis.com\/tunisie\/wp-json\/wp\/v2\/comments?post=188745"}],"version-history":[{"count":0,"href":"https:\/\/kapitalis.com\/tunisie\/wp-json\/wp\/v2\/posts\/188745\/revisions"}],"wp:featuredmedia":[{"embeddable":true,"href":"https:\/\/kapitalis.com\/tunisie\/wp-json\/wp\/v2\/media\/188751"}],"wp:attachment":[{"href":"https:\/\/kapitalis.com\/tunisie\/wp-json\/wp\/v2\/media?parent=188745"}],"wp:term":[{"taxonomy":"category","embeddable":true,"href":"https:\/\/kapitalis.com\/tunisie\/wp-json\/wp\/v2\/categories?post=188745"},{"taxonomy":"post_tag","embeddable":true,"href":"https:\/\/kapitalis.com\/tunisie\/wp-json\/wp\/v2\/tags?post=188745"}],"curies":[{"name":"wp","href":"https:\/\/api.w.org\/{rel}","templated":true}]}}