{"id":189004,"date":"2018-12-15T08:34:21","date_gmt":"2018-12-15T07:34:21","guid":{"rendered":"http:\/\/kapitalis.com\/tunisie\/?p=189004"},"modified":"2018-12-15T08:34:21","modified_gmt":"2018-12-15T07:34:21","slug":"coupe-de-la-caf-le-club-sfaxien-et-letoile-du-sahel-a-labri","status":"publish","type":"post","link":"https:\/\/kapitalis.com\/tunisie\/2018\/12\/15\/coupe-de-la-caf-le-club-sfaxien-et-letoile-du-sahel-a-labri\/","title":{"rendered":"Coupe de la CAF : le Club sfaxien et l\u2019Etoile du Sahel \u00e0 l\u2019abri"},"content":{"rendered":"<p style=\"text-align: center;\"><img loading=\"lazy\" decoding=\"async\" class=\"alignnone size-full wp-image-189006\" src=\"http:\/\/kapitalis.com\/tunisie\/wp-content\/uploads\/2018\/12\/Hamza-Mathlouthi-Amine-Chermiti.jpg\" alt=\"\" width=\"626\" height=\"380\" \/><\/p>\n<p style=\"text-align: center;\"><em>Hamza Mathlouthi\/Amine Chermiti.<\/em><\/p>\n<p><em><strong>Exempt\u00e9s de tour pr\u00e9liminaire, le Club sportif sfaxien (CSS) et l\u2019Etoile sportive Sahel entament aujourd\u2019hui, samedi 15 d\u00e9cembre 2018, la nouvelle \u00e9dition de la comp\u00e9tition face respectivement aux Zambiens de Green Buffalo et aux Ivoiriens du Stade Abidjan.<\/strong><\/em><\/p>\n<p><!--more--><\/p>\n<p>Les deux \u00e9quipes tunisiennes les plus titr\u00e9es de la Coupe de la Conf\u00e9d\u00e9ration africaine de football (CAF), avec 4 chacune, esp\u00e8rent tirer profit de l\u2019exp\u00e9rience et de l\u2019avantage de jouer \u00e0 domicile, avant le match retour apr\u00e8s une semaine.<\/p>\n<p>Le CSS d\u00e9bute avec une nouvelle \u00e9quipe mais s\u2019appuie sur le v\u00e9cu de l\u2019entra\u00eeneur n\u00e9erlandais Ruud Krol, qui l\u2019a conduit \u00e0 son dernier titre en Coupe de la CAF en 2013.<\/p>\n<p>Les Sfaxiens ont bien d\u00e9marr\u00e9 la saison, et affichent une belle forme.<\/p>\n<p>L\u2019ESS cherche \u00e0 panser ses blessures en remportant une victoire devant le Stade d\u2019Abidjan. <a href=\"http:\/\/kapitalis.com\/tunisie\/2018\/12\/10\/ligue-1-letoile-du-sahel-va-t-il-sinstaller-dans-la-crise\/\" target=\"_blank\" rel=\"noopener\">L\u2019\u00e9quipe traverse une p\u00e9riode difficile<\/a> en premi\u00e8re ligue tunisienne avec 3 nuls en 3 matches avant de subir une d\u00e9faite humiliante 3-0 devant le Stade de Gab\u00e8s lors de son dernier match. C\u2019est une bonne occasion qui se pr\u00e9sente pour se racheter, prouver ses vrais moyens et se relancer dans les diff\u00e9rentes comp\u00e9titions o\u00f9 elle est engag\u00e9e.<\/p>\n<p><em><strong>Stade Taieb Mhiri<\/strong> <\/em>(18 h) : Club sportif sfaxien (Tunisie)-Green Buffaloes (Zambie)<\/p>\n<p><em><strong>Stade de Sousse<\/strong> <\/em>(15 h) : Etoile sportive du Sahel-Stade d\u2019Abidjan.<\/p>\n<p style=\"text-align: right;\"><strong>H. M.<\/strong><\/p>\n<blockquote class=\"wp-embedded-content\" data-secret=\"YO78DuFC0S\"><p><a href=\"https:\/\/kapitalis.com\/tunisie\/2018\/12\/13\/coupe-de-la-caf-le-club-sfaxien-convoque-18-joueurs-contre-buffalos\/\">Coupe de la CAF : Le Club sfaxien convoque 18 joueurs contre Buffalos<\/a><\/p><\/blockquote>\n<p><iframe loading=\"lazy\" class=\"wp-embedded-content\" sandbox=\"allow-scripts\" security=\"restricted\" style=\"position: absolute; clip: rect(1px, 1px, 1px, 1px);\" title=\"\u00ab\u00a0Coupe de la CAF : Le Club sfaxien convoque 18 joueurs contre Buffalos\u00a0\u00bb &#8212; Kapitalis\" src=\"https:\/\/kapitalis.com\/tunisie\/2018\/12\/13\/coupe-de-la-caf-le-club-sfaxien-convoque-18-joueurs-contre-buffalos\/embed\/#?secret=nFimIceOWG#?secret=YO78DuFC0S\" data-secret=\"YO78DuFC0S\" width=\"600\" height=\"338\" frameborder=\"0\" marginwidth=\"0\" marginheight=\"0\" scrolling=\"no\"><\/iframe><\/p>\n<blockquote class=\"wp-embedded-content\" data-secret=\"G7JC6AF5sA\"><p><a href=\"https:\/\/kapitalis.com\/tunisie\/2018\/12\/05\/coupe-de-la-caf-club-sfaxien-green-buffalos-au-second-tour\/\">Coupe de la CAF : Club sfaxien-Green Buffalos au second tour<\/a><\/p><\/blockquote>\n<p><iframe loading=\"lazy\" class=\"wp-embedded-content\" sandbox=\"allow-scripts\" security=\"restricted\" style=\"position: absolute; clip: rect(1px, 1px, 1px, 1px);\" title=\"\u00ab\u00a0Coupe de la CAF : Club sfaxien-Green Buffalos au second tour\u00a0\u00bb &#8212; Kapitalis\" src=\"https:\/\/kapitalis.com\/tunisie\/2018\/12\/05\/coupe-de-la-caf-club-sfaxien-green-buffalos-au-second-tour\/embed\/#?secret=pQQAcxV2t2#?secret=G7JC6AF5sA\" data-secret=\"G7JC6AF5sA\" width=\"600\" height=\"338\" frameborder=\"0\" marginwidth=\"0\" marginheight=\"0\" scrolling=\"no\"><\/iframe><\/p>\n","protected":false},"excerpt":{"rendered":"<p>Hamza Mathlouthi\/Amine Chermiti. Exempt\u00e9s de tour pr\u00e9liminaire, le Club sportif sfaxien (CSS) et l\u2019Etoile sportive Sahel entament aujourd\u2019hui, samedi 15 d\u00e9cembre 2018, la nouvelle \u00e9dition de la comp\u00e9tition face respectivement aux Zambiens de Green Buffalo et aux Ivoiriens du Stade Abidjan.<\/p>\n","protected":false},"author":8,"featured_media":189006,"comment_status":"open","ping_status":"open","sticky":false,"template":"","format":"standard","meta":{"footnotes":""},"categories":[999,2433],"tags":[32341,4268,4346,5206,39188],"class_list":["post-189004","post","type-post","status-publish","format-standard","has-post-thumbnail","hentry","category-sport","category-tunisie","tag-amine-chermiti","tag-club-sportif-sfaxien","tag-coupe-de-la-caf","tag-etoile-sportive-sahel","tag-hamza-mathlouthi"],"yoast_head":"<!-- This site is optimized with the Yoast SEO plugin v26.6 - https:\/\/yoast.com\/wordpress\/plugins\/seo\/ -->\n<title>Coupe de la CAF : le Club sfaxien et l\u2019Etoile du Sahel \u00e0 l\u2019abri - Kapitalis<\/title>\n<meta name=\"robots\" content=\"index, follow, max-snippet:-1, max-image-preview:large, max-video-preview:-1\" \/>\n<link rel=\"canonical\" href=\"https:\/\/kapitalis.com\/tunisie\/2018\/12\/15\/coupe-de-la-caf-le-club-sfaxien-et-letoile-du-sahel-a-labri\/\" \/>\n<meta property=\"og:locale\" content=\"fr_FR\" \/>\n<meta property=\"og:type\" content=\"article\" \/>\n<meta property=\"og:title\" content=\"Coupe de la CAF : le Club sfaxien et l\u2019Etoile du Sahel \u00e0 l\u2019abri - Kapitalis\" \/>\n<meta property=\"og:description\" content=\"Hamza Mathlouthi\/Amine Chermiti. Exempt\u00e9s de tour pr\u00e9liminaire, le Club sportif sfaxien (CSS) et l\u2019Etoile sportive Sahel entament aujourd\u2019hui, samedi 15 d\u00e9cembre 2018, la nouvelle \u00e9dition de la comp\u00e9tition face respectivement aux Zambiens de Green Buffalo et aux Ivoiriens du Stade Abidjan.\" \/>\n<meta property=\"og:url\" content=\"https:\/\/kapitalis.com\/tunisie\/2018\/12\/15\/coupe-de-la-caf-le-club-sfaxien-et-letoile-du-sahel-a-labri\/\" \/>\n<meta property=\"og:site_name\" content=\"Kapitalis\" \/>\n<meta property=\"article:publisher\" content=\"https:\/\/www.facebook.com\/KapitalisInfo\/\" \/>\n<meta property=\"article:published_time\" content=\"2018-12-15T07:34:21+00:00\" \/>\n<meta property=\"og:image\" content=\"https:\/\/kapitalis.com\/tunisie\/wp-content\/uploads\/2022\/05\/kapitalis-logo-fb.png\" \/>\n\t<meta property=\"og:image:width\" content=\"1200\" \/>\n\t<meta property=\"og:image:height\" content=\"630\" \/>\n\t<meta property=\"og:image:type\" content=\"image\/png\" \/>\n<meta name=\"author\" content=\"webmaster kapitalis\" \/>\n<meta name=\"twitter:card\" content=\"summary_large_image\" \/>\n<meta name=\"twitter:creator\" content=\"@KapitalisInfo\" \/>\n<meta name=\"twitter:site\" content=\"@KapitalisInfo\" \/>\n<meta name=\"twitter:label1\" content=\"\u00c9crit par\" \/>\n\t<meta name=\"twitter:data1\" content=\"webmaster kapitalis\" \/>\n\t<meta name=\"twitter:label2\" content=\"Dur\u00e9e de lecture estim\u00e9e\" \/>\n\t<meta name=\"twitter:data2\" content=\"1 minute\" \/>\n<script type=\"application\/ld+json\" class=\"yoast-schema-graph\">{\"@context\":\"https:\/\/schema.org\",\"@graph\":[{\"@type\":\"Article\",\"@id\":\"https:\/\/kapitalis.com\/tunisie\/2018\/12\/15\/coupe-de-la-caf-le-club-sfaxien-et-letoile-du-sahel-a-labri\/#article\",\"isPartOf\":{\"@id\":\"https:\/\/kapitalis.com\/tunisie\/2018\/12\/15\/coupe-de-la-caf-le-club-sfaxien-et-letoile-du-sahel-a-labri\/\"},\"author\":{\"name\":\"webmaster kapitalis\",\"@id\":\"https:\/\/kapitalis.com\/tunisie\/#\/schema\/person\/d71f33a9ca44f7bad4698210b480c8e9\"},\"headline\":\"Coupe de la CAF : le Club sfaxien et l\u2019Etoile du Sahel \u00e0 l\u2019abri\",\"datePublished\":\"2018-12-15T07:34:21+00:00\",\"mainEntityOfPage\":{\"@id\":\"https:\/\/kapitalis.com\/tunisie\/2018\/12\/15\/coupe-de-la-caf-le-club-sfaxien-et-letoile-du-sahel-a-labri\/\"},\"wordCount\":268,\"commentCount\":1,\"publisher\":{\"@id\":\"https:\/\/kapitalis.com\/tunisie\/#organization\"},\"image\":{\"@id\":\"https:\/\/kapitalis.com\/tunisie\/2018\/12\/15\/coupe-de-la-caf-le-club-sfaxien-et-letoile-du-sahel-a-labri\/#primaryimage\"},\"thumbnailUrl\":\"\",\"keywords\":[\"Amine Chermiti\",\"Club sportif sfaxien\",\"Coupe de la CAF\",\"Etoile sportive Sahel\",\"Hamza Mathlouthi\"],\"articleSection\":[\"SPORT\",\"Tunisie\"],\"inLanguage\":\"fr-FR\",\"potentialAction\":[{\"@type\":\"CommentAction\",\"name\":\"Comment\",\"target\":[\"https:\/\/kapitalis.com\/tunisie\/2018\/12\/15\/coupe-de-la-caf-le-club-sfaxien-et-letoile-du-sahel-a-labri\/#respond\"]}]},{\"@type\":\"WebPage\",\"@id\":\"https:\/\/kapitalis.com\/tunisie\/2018\/12\/15\/coupe-de-la-caf-le-club-sfaxien-et-letoile-du-sahel-a-labri\/\",\"url\":\"https:\/\/kapitalis.com\/tunisie\/2018\/12\/15\/coupe-de-la-caf-le-club-sfaxien-et-letoile-du-sahel-a-labri\/\",\"name\":\"Coupe de la CAF : le Club sfaxien et l\u2019Etoile du Sahel \u00e0 l\u2019abri - Kapitalis\",\"isPartOf\":{\"@id\":\"https:\/\/kapitalis.com\/tunisie\/#website\"},\"primaryImageOfPage\":{\"@id\":\"https:\/\/kapitalis.com\/tunisie\/2018\/12\/15\/coupe-de-la-caf-le-club-sfaxien-et-letoile-du-sahel-a-labri\/#primaryimage\"},\"image\":{\"@id\":\"https:\/\/kapitalis.com\/tunisie\/2018\/12\/15\/coupe-de-la-caf-le-club-sfaxien-et-letoile-du-sahel-a-labri\/#primaryimage\"},\"thumbnailUrl\":\"\",\"datePublished\":\"2018-12-15T07:34:21+00:00\",\"breadcrumb\":{\"@id\":\"https:\/\/kapitalis.com\/tunisie\/2018\/12\/15\/coupe-de-la-caf-le-club-sfaxien-et-letoile-du-sahel-a-labri\/#breadcrumb\"},\"inLanguage\":\"fr-FR\",\"potentialAction\":[{\"@type\":\"ReadAction\",\"target\":[\"https:\/\/kapitalis.com\/tunisie\/2018\/12\/15\/coupe-de-la-caf-le-club-sfaxien-et-letoile-du-sahel-a-labri\/\"]}]},{\"@type\":\"ImageObject\",\"inLanguage\":\"fr-FR\",\"@id\":\"https:\/\/kapitalis.com\/tunisie\/2018\/12\/15\/coupe-de-la-caf-le-club-sfaxien-et-letoile-du-sahel-a-labri\/#primaryimage\",\"url\":\"\",\"contentUrl\":\"\"},{\"@type\":\"BreadcrumbList\",\"@id\":\"https:\/\/kapitalis.com\/tunisie\/2018\/12\/15\/coupe-de-la-caf-le-club-sfaxien-et-letoile-du-sahel-a-labri\/#breadcrumb\",\"itemListElement\":[{\"@type\":\"ListItem\",\"position\":1,\"name\":\"Accueil\",\"item\":\"https:\/\/kapitalis.com\/tunisie\/\"},{\"@type\":\"ListItem\",\"position\":2,\"name\":\"Coupe de la CAF : le Club sfaxien et l\u2019Etoile du Sahel \u00e0 l\u2019abri\"}]},{\"@type\":\"WebSite\",\"@id\":\"https:\/\/kapitalis.com\/tunisie\/#website\",\"url\":\"https:\/\/kapitalis.com\/tunisie\/\",\"name\":\"Kapitalis\",\"description\":\"L&#039;actualit\u00e9 en Tunisie et dans le monde\",\"publisher\":{\"@id\":\"https:\/\/kapitalis.com\/tunisie\/#organization\"},\"potentialAction\":[{\"@type\":\"SearchAction\",\"target\":{\"@type\":\"EntryPoint\",\"urlTemplate\":\"https:\/\/kapitalis.com\/tunisie\/?s={search_term_string}\"},\"query-input\":{\"@type\":\"PropertyValueSpecification\",\"valueRequired\":true,\"valueName\":\"search_term_string\"}}],\"inLanguage\":\"fr-FR\"},{\"@type\":\"Organization\",\"@id\":\"https:\/\/kapitalis.com\/tunisie\/#organization\",\"name\":\"Kapitalis\",\"url\":\"https:\/\/kapitalis.com\/tunisie\/\",\"logo\":{\"@type\":\"ImageObject\",\"inLanguage\":\"fr-FR\",\"@id\":\"https:\/\/kapitalis.com\/tunisie\/#\/schema\/logo\/image\/\",\"url\":\"https:\/\/kapitalis.com\/tunisie\/wp-content\/uploads\/2022\/05\/Kapitalis-big-size.png\",\"contentUrl\":\"https:\/\/kapitalis.com\/tunisie\/wp-content\/uploads\/2022\/05\/Kapitalis-big-size.png\",\"width\":5000,\"height\":1500,\"caption\":\"Kapitalis\"},\"image\":{\"@id\":\"https:\/\/kapitalis.com\/tunisie\/#\/schema\/logo\/image\/\"},\"sameAs\":[\"https:\/\/www.facebook.com\/KapitalisInfo\/\",\"https:\/\/x.com\/KapitalisInfo\",\"https:\/\/www.youtube.com\/channel\/UC-yDYrHyfFBWWZaOw3FPg9Q\"]},{\"@type\":\"Person\",\"@id\":\"https:\/\/kapitalis.com\/tunisie\/#\/schema\/person\/d71f33a9ca44f7bad4698210b480c8e9\",\"name\":\"webmaster kapitalis\",\"url\":\"https:\/\/kapitalis.com\/tunisie\/author\/webmaster-kapitalis\/\"}]}<\/script>\n<!-- \/ Yoast SEO plugin. -->","yoast_head_json":{"title":"Coupe de la CAF : le Club sfaxien et l\u2019Etoile du Sahel \u00e0 l\u2019abri - Kapitalis","robots":{"index":"index","follow":"follow","max-snippet":"max-snippet:-1","max-image-preview":"max-image-preview:large","max-video-preview":"max-video-preview:-1"},"canonical":"https:\/\/kapitalis.com\/tunisie\/2018\/12\/15\/coupe-de-la-caf-le-club-sfaxien-et-letoile-du-sahel-a-labri\/","og_locale":"fr_FR","og_type":"article","og_title":"Coupe de la CAF : le Club sfaxien et l\u2019Etoile du Sahel \u00e0 l\u2019abri - Kapitalis","og_description":"Hamza Mathlouthi\/Amine Chermiti. Exempt\u00e9s de tour pr\u00e9liminaire, le Club sportif sfaxien (CSS) et l\u2019Etoile sportive Sahel entament aujourd\u2019hui, samedi 15 d\u00e9cembre 2018, la nouvelle \u00e9dition de la comp\u00e9tition face respectivement aux Zambiens de Green Buffalo et aux Ivoiriens du Stade Abidjan.","og_url":"https:\/\/kapitalis.com\/tunisie\/2018\/12\/15\/coupe-de-la-caf-le-club-sfaxien-et-letoile-du-sahel-a-labri\/","og_site_name":"Kapitalis","article_publisher":"https:\/\/www.facebook.com\/KapitalisInfo\/","article_published_time":"2018-12-15T07:34:21+00:00","og_image":[{"width":1200,"height":630,"url":"https:\/\/kapitalis.com\/tunisie\/wp-content\/uploads\/2022\/05\/kapitalis-logo-fb.png","type":"image\/png"}],"author":"webmaster kapitalis","twitter_card":"summary_large_image","twitter_creator":"@KapitalisInfo","twitter_site":"@KapitalisInfo","twitter_misc":{"\u00c9crit par":"webmaster kapitalis","Dur\u00e9e de lecture estim\u00e9e":"1 minute"},"schema":{"@context":"https:\/\/schema.org","@graph":[{"@type":"Article","@id":"https:\/\/kapitalis.com\/tunisie\/2018\/12\/15\/coupe-de-la-caf-le-club-sfaxien-et-letoile-du-sahel-a-labri\/#article","isPartOf":{"@id":"https:\/\/kapitalis.com\/tunisie\/2018\/12\/15\/coupe-de-la-caf-le-club-sfaxien-et-letoile-du-sahel-a-labri\/"},"author":{"name":"webmaster kapitalis","@id":"https:\/\/kapitalis.com\/tunisie\/#\/schema\/person\/d71f33a9ca44f7bad4698210b480c8e9"},"headline":"Coupe de la CAF : le Club sfaxien et l\u2019Etoile du Sahel \u00e0 l\u2019abri","datePublished":"2018-12-15T07:34:21+00:00","mainEntityOfPage":{"@id":"https:\/\/kapitalis.com\/tunisie\/2018\/12\/15\/coupe-de-la-caf-le-club-sfaxien-et-letoile-du-sahel-a-labri\/"},"wordCount":268,"commentCount":1,"publisher":{"@id":"https:\/\/kapitalis.com\/tunisie\/#organization"},"image":{"@id":"https:\/\/kapitalis.com\/tunisie\/2018\/12\/15\/coupe-de-la-caf-le-club-sfaxien-et-letoile-du-sahel-a-labri\/#primaryimage"},"thumbnailUrl":"","keywords":["Amine Chermiti","Club sportif sfaxien","Coupe de la CAF","Etoile sportive Sahel","Hamza Mathlouthi"],"articleSection":["SPORT","Tunisie"],"inLanguage":"fr-FR","potentialAction":[{"@type":"CommentAction","name":"Comment","target":["https:\/\/kapitalis.com\/tunisie\/2018\/12\/15\/coupe-de-la-caf-le-club-sfaxien-et-letoile-du-sahel-a-labri\/#respond"]}]},{"@type":"WebPage","@id":"https:\/\/kapitalis.com\/tunisie\/2018\/12\/15\/coupe-de-la-caf-le-club-sfaxien-et-letoile-du-sahel-a-labri\/","url":"https:\/\/kapitalis.com\/tunisie\/2018\/12\/15\/coupe-de-la-caf-le-club-sfaxien-et-letoile-du-sahel-a-labri\/","name":"Coupe de la CAF : le Club sfaxien et l\u2019Etoile du Sahel \u00e0 l\u2019abri - Kapitalis","isPartOf":{"@id":"https:\/\/kapitalis.com\/tunisie\/#website"},"primaryImageOfPage":{"@id":"https:\/\/kapitalis.com\/tunisie\/2018\/12\/15\/coupe-de-la-caf-le-club-sfaxien-et-letoile-du-sahel-a-labri\/#primaryimage"},"image":{"@id":"https:\/\/kapitalis.com\/tunisie\/2018\/12\/15\/coupe-de-la-caf-le-club-sfaxien-et-letoile-du-sahel-a-labri\/#primaryimage"},"thumbnailUrl":"","datePublished":"2018-12-15T07:34:21+00:00","breadcrumb":{"@id":"https:\/\/kapitalis.com\/tunisie\/2018\/12\/15\/coupe-de-la-caf-le-club-sfaxien-et-letoile-du-sahel-a-labri\/#breadcrumb"},"inLanguage":"fr-FR","potentialAction":[{"@type":"ReadAction","target":["https:\/\/kapitalis.com\/tunisie\/2018\/12\/15\/coupe-de-la-caf-le-club-sfaxien-et-letoile-du-sahel-a-labri\/"]}]},{"@type":"ImageObject","inLanguage":"fr-FR","@id":"https:\/\/kapitalis.com\/tunisie\/2018\/12\/15\/coupe-de-la-caf-le-club-sfaxien-et-letoile-du-sahel-a-labri\/#primaryimage","url":"","contentUrl":""},{"@type":"BreadcrumbList","@id":"https:\/\/kapitalis.com\/tunisie\/2018\/12\/15\/coupe-de-la-caf-le-club-sfaxien-et-letoile-du-sahel-a-labri\/#breadcrumb","itemListElement":[{"@type":"ListItem","position":1,"name":"Accueil","item":"https:\/\/kapitalis.com\/tunisie\/"},{"@type":"ListItem","position":2,"name":"Coupe de la CAF : le Club sfaxien et l\u2019Etoile du Sahel \u00e0 l\u2019abri"}]},{"@type":"WebSite","@id":"https:\/\/kapitalis.com\/tunisie\/#website","url":"https:\/\/kapitalis.com\/tunisie\/","name":"Kapitalis","description":"L&#039;actualit\u00e9 en Tunisie et dans le monde","publisher":{"@id":"https:\/\/kapitalis.com\/tunisie\/#organization"},"potentialAction":[{"@type":"SearchAction","target":{"@type":"EntryPoint","urlTemplate":"https:\/\/kapitalis.com\/tunisie\/?s={search_term_string}"},"query-input":{"@type":"PropertyValueSpecification","valueRequired":true,"valueName":"search_term_string"}}],"inLanguage":"fr-FR"},{"@type":"Organization","@id":"https:\/\/kapitalis.com\/tunisie\/#organization","name":"Kapitalis","url":"https:\/\/kapitalis.com\/tunisie\/","logo":{"@type":"ImageObject","inLanguage":"fr-FR","@id":"https:\/\/kapitalis.com\/tunisie\/#\/schema\/logo\/image\/","url":"https:\/\/kapitalis.com\/tunisie\/wp-content\/uploads\/2022\/05\/Kapitalis-big-size.png","contentUrl":"https:\/\/kapitalis.com\/tunisie\/wp-content\/uploads\/2022\/05\/Kapitalis-big-size.png","width":5000,"height":1500,"caption":"Kapitalis"},"image":{"@id":"https:\/\/kapitalis.com\/tunisie\/#\/schema\/logo\/image\/"},"sameAs":["https:\/\/www.facebook.com\/KapitalisInfo\/","https:\/\/x.com\/KapitalisInfo","https:\/\/www.youtube.com\/channel\/UC-yDYrHyfFBWWZaOw3FPg9Q"]},{"@type":"Person","@id":"https:\/\/kapitalis.com\/tunisie\/#\/schema\/person\/d71f33a9ca44f7bad4698210b480c8e9","name":"webmaster kapitalis","url":"https:\/\/kapitalis.com\/tunisie\/author\/webmaster-kapitalis\/"}]}},"_links":{"self":[{"href":"https:\/\/kapitalis.com\/tunisie\/wp-json\/wp\/v2\/posts\/189004","targetHints":{"allow":["GET"]}}],"collection":[{"href":"https:\/\/kapitalis.com\/tunisie\/wp-json\/wp\/v2\/posts"}],"about":[{"href":"https:\/\/kapitalis.com\/tunisie\/wp-json\/wp\/v2\/types\/post"}],"author":[{"embeddable":true,"href":"https:\/\/kapitalis.com\/tunisie\/wp-json\/wp\/v2\/users\/8"}],"replies":[{"embeddable":true,"href":"https:\/\/kapitalis.com\/tunisie\/wp-json\/wp\/v2\/comments?post=189004"}],"version-history":[{"count":0,"href":"https:\/\/kapitalis.com\/tunisie\/wp-json\/wp\/v2\/posts\/189004\/revisions"}],"wp:featuredmedia":[{"embeddable":true,"href":"https:\/\/kapitalis.com\/tunisie\/wp-json\/wp\/v2\/media\/189006"}],"wp:attachment":[{"href":"https:\/\/kapitalis.com\/tunisie\/wp-json\/wp\/v2\/media?parent=189004"}],"wp:term":[{"taxonomy":"category","embeddable":true,"href":"https:\/\/kapitalis.com\/tunisie\/wp-json\/wp\/v2\/categories?post=189004"},{"taxonomy":"post_tag","embeddable":true,"href":"https:\/\/kapitalis.com\/tunisie\/wp-json\/wp\/v2\/tags?post=189004"}],"curies":[{"name":"wp","href":"https:\/\/api.w.org\/{rel}","templated":true}]}}