{"id":1890497,"date":"2022-07-01T12:55:04","date_gmt":"2022-07-01T11:55:04","guid":{"rendered":"https:\/\/kapitalis.com\/tunisie\/?p=1890497"},"modified":"2022-07-01T12:55:07","modified_gmt":"2022-07-01T11:55:07","slug":"tunisie-37e-foire-du-livre-a-la-librairie-el-moez","status":"publish","type":"post","link":"https:\/\/kapitalis.com\/tunisie\/2022\/07\/01\/tunisie-37e-foire-du-livre-a-la-librairie-el-moez\/","title":{"rendered":"Tunisie\u00a0: 37e Foire du Livre \u00e0 la librairie El Moez"},"content":{"rendered":"\n<p><strong><em>La Librairie El Moez au Menzah 1 organise en ce moment la 37<sup>e<\/sup> \u00e9dition de sa foire annuelle du Livre<\/em><\/strong><\/p>\n\n\n\n<!--more-->\n\n\n\n<p>La Librairie El Moez a rouvert ses portes au mois de f\u00e9vrier dernier apr\u00e8s trois mois de fermeture suite au terrible incendie qui s\u2019y \u00e9tait d\u00e9clar\u00e9 vers la fin de l\u2019ann\u00e9e 2021 et qui avait ravag\u00e9 l\u2019ensemble des ouvrages dans la librairie.<\/p>\n\n\n\n<p>La librairie a depuis retrouv\u00e9 son \u00e9clat et ses fid\u00e8les visiteurs notamment gr\u00e2ce une campagne de soutien immense men\u00e9e entre-autres par des artistes. Sa foire annuelle est de retour en ce moment et jusqu\u2019au dimanche 3 juillet avec une large s\u00e9lection de livre de diff\u00e9rents genres et de diff\u00e9rentes langues. Une remise de 20% est propos\u00e9e sur l\u2019ensemble des ouvrages disponibles mis \u00e0 part les livres scolaires.<\/p>\n\n\n\n<p class=\"has-text-align-right\"><strong>F.B<\/strong><\/p>\n","protected":false},"excerpt":{"rendered":"<p>La Librairie El Moez au Menzah 1 organise en ce moment la 37e \u00e9dition de sa foire annuelle du Livre<\/p>\n","protected":false},"author":26,"featured_media":1890985,"comment_status":"open","ping_status":"open","sticky":false,"template":"","format":"standard","meta":{"footnotes":""},"categories":[994,2433],"tags":[101099,95797,62643],"class_list":["post-1890497","post","type-post","status-publish","format-standard","has-post-thumbnail","hentry","category-culture","category-tunisie","tag-foire-du-livre-2022","tag-librairie-el-moez","tag-tunisie"],"yoast_head":"<!-- This site is optimized with the Yoast SEO plugin v26.6 - https:\/\/yoast.com\/wordpress\/plugins\/seo\/ -->\n<title>Tunisie\u00a0: 37e Foire du Livre \u00e0 la librairie El Moez - Kapitalis<\/title>\n<meta name=\"robots\" content=\"index, follow, max-snippet:-1, max-image-preview:large, max-video-preview:-1\" \/>\n<link rel=\"canonical\" href=\"https:\/\/kapitalis.com\/tunisie\/2022\/07\/01\/tunisie-37e-foire-du-livre-a-la-librairie-el-moez\/\" \/>\n<meta property=\"og:locale\" content=\"fr_FR\" \/>\n<meta property=\"og:type\" content=\"article\" \/>\n<meta property=\"og:title\" content=\"Tunisie\u00a0: 37e Foire du Livre \u00e0 la librairie El Moez - Kapitalis\" \/>\n<meta property=\"og:description\" content=\"La Librairie El Moez au Menzah 1 organise en ce moment la 37e \u00e9dition de sa foire annuelle du Livre\" \/>\n<meta property=\"og:url\" content=\"https:\/\/kapitalis.com\/tunisie\/2022\/07\/01\/tunisie-37e-foire-du-livre-a-la-librairie-el-moez\/\" \/>\n<meta property=\"og:site_name\" content=\"Kapitalis\" \/>\n<meta property=\"article:publisher\" content=\"https:\/\/www.facebook.com\/KapitalisInfo\/\" \/>\n<meta property=\"article:published_time\" content=\"2022-07-01T11:55:04+00:00\" \/>\n<meta property=\"article:modified_time\" content=\"2022-07-01T11:55:07+00:00\" \/>\n<meta property=\"og:image\" content=\"https:\/\/kapitalis.com\/tunisie\/wp-content\/uploads\/2022\/07\/Foire-du-Livre-librairie-El-Moez.jpg\" \/>\n\t<meta property=\"og:image:width\" content=\"1200\" \/>\n\t<meta property=\"og:image:height\" content=\"630\" \/>\n\t<meta property=\"og:image:type\" content=\"image\/jpeg\" \/>\n<meta name=\"author\" content=\"Fawz BenAli\" \/>\n<meta name=\"twitter:card\" content=\"summary_large_image\" \/>\n<meta name=\"twitter:creator\" content=\"@KapitalisInfo\" \/>\n<meta name=\"twitter:site\" content=\"@KapitalisInfo\" \/>\n<meta name=\"twitter:label1\" content=\"\u00c9crit par\" \/>\n\t<meta name=\"twitter:data1\" content=\"Fawz BenAli\" \/>\n\t<meta name=\"twitter:label2\" content=\"Dur\u00e9e de lecture estim\u00e9e\" \/>\n\t<meta name=\"twitter:data2\" content=\"1 minute\" \/>\n<script type=\"application\/ld+json\" class=\"yoast-schema-graph\">{\"@context\":\"https:\/\/schema.org\",\"@graph\":[{\"@type\":\"Article\",\"@id\":\"https:\/\/kapitalis.com\/tunisie\/2022\/07\/01\/tunisie-37e-foire-du-livre-a-la-librairie-el-moez\/#article\",\"isPartOf\":{\"@id\":\"https:\/\/kapitalis.com\/tunisie\/2022\/07\/01\/tunisie-37e-foire-du-livre-a-la-librairie-el-moez\/\"},\"author\":{\"name\":\"Fawz BenAli\",\"@id\":\"https:\/\/kapitalis.com\/tunisie\/#\/schema\/person\/73a5ecc1f6ae540c6ed91342eadca948\"},\"headline\":\"Tunisie\u00a0: 37e Foire du Livre \u00e0 la librairie El Moez\",\"datePublished\":\"2022-07-01T11:55:04+00:00\",\"dateModified\":\"2022-07-01T11:55:07+00:00\",\"mainEntityOfPage\":{\"@id\":\"https:\/\/kapitalis.com\/tunisie\/2022\/07\/01\/tunisie-37e-foire-du-livre-a-la-librairie-el-moez\/\"},\"wordCount\":151,\"commentCount\":0,\"publisher\":{\"@id\":\"https:\/\/kapitalis.com\/tunisie\/#organization\"},\"image\":{\"@id\":\"https:\/\/kapitalis.com\/tunisie\/2022\/07\/01\/tunisie-37e-foire-du-livre-a-la-librairie-el-moez\/#primaryimage\"},\"thumbnailUrl\":\"https:\/\/kapitalis.com\/tunisie\/wp-content\/uploads\/2022\/07\/Foire-du-Livre-librairie-El-Moez.jpg\",\"keywords\":[\"Foire du Livre 2022\",\"librairie El Moez\",\"Tunisie\"],\"articleSection\":[\"CULTURE\",\"Tunisie\"],\"inLanguage\":\"fr-FR\",\"potentialAction\":[{\"@type\":\"CommentAction\",\"name\":\"Comment\",\"target\":[\"https:\/\/kapitalis.com\/tunisie\/2022\/07\/01\/tunisie-37e-foire-du-livre-a-la-librairie-el-moez\/#respond\"]}]},{\"@type\":\"WebPage\",\"@id\":\"https:\/\/kapitalis.com\/tunisie\/2022\/07\/01\/tunisie-37e-foire-du-livre-a-la-librairie-el-moez\/\",\"url\":\"https:\/\/kapitalis.com\/tunisie\/2022\/07\/01\/tunisie-37e-foire-du-livre-a-la-librairie-el-moez\/\",\"name\":\"Tunisie\u00a0: 37e Foire du Livre \u00e0 la librairie El Moez - Kapitalis\",\"isPartOf\":{\"@id\":\"https:\/\/kapitalis.com\/tunisie\/#website\"},\"primaryImageOfPage\":{\"@id\":\"https:\/\/kapitalis.com\/tunisie\/2022\/07\/01\/tunisie-37e-foire-du-livre-a-la-librairie-el-moez\/#primaryimage\"},\"image\":{\"@id\":\"https:\/\/kapitalis.com\/tunisie\/2022\/07\/01\/tunisie-37e-foire-du-livre-a-la-librairie-el-moez\/#primaryimage\"},\"thumbnailUrl\":\"https:\/\/kapitalis.com\/tunisie\/wp-content\/uploads\/2022\/07\/Foire-du-Livre-librairie-El-Moez.jpg\",\"datePublished\":\"2022-07-01T11:55:04+00:00\",\"dateModified\":\"2022-07-01T11:55:07+00:00\",\"breadcrumb\":{\"@id\":\"https:\/\/kapitalis.com\/tunisie\/2022\/07\/01\/tunisie-37e-foire-du-livre-a-la-librairie-el-moez\/#breadcrumb\"},\"inLanguage\":\"fr-FR\",\"potentialAction\":[{\"@type\":\"ReadAction\",\"target\":[\"https:\/\/kapitalis.com\/tunisie\/2022\/07\/01\/tunisie-37e-foire-du-livre-a-la-librairie-el-moez\/\"]}]},{\"@type\":\"ImageObject\",\"inLanguage\":\"fr-FR\",\"@id\":\"https:\/\/kapitalis.com\/tunisie\/2022\/07\/01\/tunisie-37e-foire-du-livre-a-la-librairie-el-moez\/#primaryimage\",\"url\":\"https:\/\/kapitalis.com\/tunisie\/wp-content\/uploads\/2022\/07\/Foire-du-Livre-librairie-El-Moez.jpg\",\"contentUrl\":\"https:\/\/kapitalis.com\/tunisie\/wp-content\/uploads\/2022\/07\/Foire-du-Livre-librairie-El-Moez.jpg\",\"width\":1200,\"height\":630},{\"@type\":\"BreadcrumbList\",\"@id\":\"https:\/\/kapitalis.com\/tunisie\/2022\/07\/01\/tunisie-37e-foire-du-livre-a-la-librairie-el-moez\/#breadcrumb\",\"itemListElement\":[{\"@type\":\"ListItem\",\"position\":1,\"name\":\"Accueil\",\"item\":\"https:\/\/kapitalis.com\/tunisie\/\"},{\"@type\":\"ListItem\",\"position\":2,\"name\":\"Tunisie\u00a0: 37e Foire du Livre \u00e0 la librairie El Moez\"}]},{\"@type\":\"WebSite\",\"@id\":\"https:\/\/kapitalis.com\/tunisie\/#website\",\"url\":\"https:\/\/kapitalis.com\/tunisie\/\",\"name\":\"Kapitalis\",\"description\":\"L&#039;actualit\u00e9 en Tunisie et dans le monde\",\"publisher\":{\"@id\":\"https:\/\/kapitalis.com\/tunisie\/#organization\"},\"potentialAction\":[{\"@type\":\"SearchAction\",\"target\":{\"@type\":\"EntryPoint\",\"urlTemplate\":\"https:\/\/kapitalis.com\/tunisie\/?s={search_term_string}\"},\"query-input\":{\"@type\":\"PropertyValueSpecification\",\"valueRequired\":true,\"valueName\":\"search_term_string\"}}],\"inLanguage\":\"fr-FR\"},{\"@type\":\"Organization\",\"@id\":\"https:\/\/kapitalis.com\/tunisie\/#organization\",\"name\":\"Kapitalis\",\"url\":\"https:\/\/kapitalis.com\/tunisie\/\",\"logo\":{\"@type\":\"ImageObject\",\"inLanguage\":\"fr-FR\",\"@id\":\"https:\/\/kapitalis.com\/tunisie\/#\/schema\/logo\/image\/\",\"url\":\"https:\/\/kapitalis.com\/tunisie\/wp-content\/uploads\/2022\/05\/Kapitalis-big-size.png\",\"contentUrl\":\"https:\/\/kapitalis.com\/tunisie\/wp-content\/uploads\/2022\/05\/Kapitalis-big-size.png\",\"width\":5000,\"height\":1500,\"caption\":\"Kapitalis\"},\"image\":{\"@id\":\"https:\/\/kapitalis.com\/tunisie\/#\/schema\/logo\/image\/\"},\"sameAs\":[\"https:\/\/www.facebook.com\/KapitalisInfo\/\",\"https:\/\/x.com\/KapitalisInfo\",\"https:\/\/www.youtube.com\/channel\/UC-yDYrHyfFBWWZaOw3FPg9Q\"]},{\"@type\":\"Person\",\"@id\":\"https:\/\/kapitalis.com\/tunisie\/#\/schema\/person\/73a5ecc1f6ae540c6ed91342eadca948\",\"name\":\"Fawz BenAli\",\"url\":\"https:\/\/kapitalis.com\/tunisie\/author\/fawz\/\"}]}<\/script>\n<!-- \/ Yoast SEO plugin. -->","yoast_head_json":{"title":"Tunisie\u00a0: 37e Foire du Livre \u00e0 la librairie El Moez - Kapitalis","robots":{"index":"index","follow":"follow","max-snippet":"max-snippet:-1","max-image-preview":"max-image-preview:large","max-video-preview":"max-video-preview:-1"},"canonical":"https:\/\/kapitalis.com\/tunisie\/2022\/07\/01\/tunisie-37e-foire-du-livre-a-la-librairie-el-moez\/","og_locale":"fr_FR","og_type":"article","og_title":"Tunisie\u00a0: 37e Foire du Livre \u00e0 la librairie El Moez - Kapitalis","og_description":"La Librairie El Moez au Menzah 1 organise en ce moment la 37e \u00e9dition de sa foire annuelle du Livre","og_url":"https:\/\/kapitalis.com\/tunisie\/2022\/07\/01\/tunisie-37e-foire-du-livre-a-la-librairie-el-moez\/","og_site_name":"Kapitalis","article_publisher":"https:\/\/www.facebook.com\/KapitalisInfo\/","article_published_time":"2022-07-01T11:55:04+00:00","article_modified_time":"2022-07-01T11:55:07+00:00","og_image":[{"width":1200,"height":630,"url":"https:\/\/kapitalis.com\/tunisie\/wp-content\/uploads\/2022\/07\/Foire-du-Livre-librairie-El-Moez.jpg","type":"image\/jpeg"}],"author":"Fawz BenAli","twitter_card":"summary_large_image","twitter_creator":"@KapitalisInfo","twitter_site":"@KapitalisInfo","twitter_misc":{"\u00c9crit par":"Fawz BenAli","Dur\u00e9e de lecture estim\u00e9e":"1 minute"},"schema":{"@context":"https:\/\/schema.org","@graph":[{"@type":"Article","@id":"https:\/\/kapitalis.com\/tunisie\/2022\/07\/01\/tunisie-37e-foire-du-livre-a-la-librairie-el-moez\/#article","isPartOf":{"@id":"https:\/\/kapitalis.com\/tunisie\/2022\/07\/01\/tunisie-37e-foire-du-livre-a-la-librairie-el-moez\/"},"author":{"name":"Fawz BenAli","@id":"https:\/\/kapitalis.com\/tunisie\/#\/schema\/person\/73a5ecc1f6ae540c6ed91342eadca948"},"headline":"Tunisie\u00a0: 37e Foire du Livre \u00e0 la librairie El Moez","datePublished":"2022-07-01T11:55:04+00:00","dateModified":"2022-07-01T11:55:07+00:00","mainEntityOfPage":{"@id":"https:\/\/kapitalis.com\/tunisie\/2022\/07\/01\/tunisie-37e-foire-du-livre-a-la-librairie-el-moez\/"},"wordCount":151,"commentCount":0,"publisher":{"@id":"https:\/\/kapitalis.com\/tunisie\/#organization"},"image":{"@id":"https:\/\/kapitalis.com\/tunisie\/2022\/07\/01\/tunisie-37e-foire-du-livre-a-la-librairie-el-moez\/#primaryimage"},"thumbnailUrl":"https:\/\/kapitalis.com\/tunisie\/wp-content\/uploads\/2022\/07\/Foire-du-Livre-librairie-El-Moez.jpg","keywords":["Foire du Livre 2022","librairie El Moez","Tunisie"],"articleSection":["CULTURE","Tunisie"],"inLanguage":"fr-FR","potentialAction":[{"@type":"CommentAction","name":"Comment","target":["https:\/\/kapitalis.com\/tunisie\/2022\/07\/01\/tunisie-37e-foire-du-livre-a-la-librairie-el-moez\/#respond"]}]},{"@type":"WebPage","@id":"https:\/\/kapitalis.com\/tunisie\/2022\/07\/01\/tunisie-37e-foire-du-livre-a-la-librairie-el-moez\/","url":"https:\/\/kapitalis.com\/tunisie\/2022\/07\/01\/tunisie-37e-foire-du-livre-a-la-librairie-el-moez\/","name":"Tunisie\u00a0: 37e Foire du Livre \u00e0 la librairie El Moez - Kapitalis","isPartOf":{"@id":"https:\/\/kapitalis.com\/tunisie\/#website"},"primaryImageOfPage":{"@id":"https:\/\/kapitalis.com\/tunisie\/2022\/07\/01\/tunisie-37e-foire-du-livre-a-la-librairie-el-moez\/#primaryimage"},"image":{"@id":"https:\/\/kapitalis.com\/tunisie\/2022\/07\/01\/tunisie-37e-foire-du-livre-a-la-librairie-el-moez\/#primaryimage"},"thumbnailUrl":"https:\/\/kapitalis.com\/tunisie\/wp-content\/uploads\/2022\/07\/Foire-du-Livre-librairie-El-Moez.jpg","datePublished":"2022-07-01T11:55:04+00:00","dateModified":"2022-07-01T11:55:07+00:00","breadcrumb":{"@id":"https:\/\/kapitalis.com\/tunisie\/2022\/07\/01\/tunisie-37e-foire-du-livre-a-la-librairie-el-moez\/#breadcrumb"},"inLanguage":"fr-FR","potentialAction":[{"@type":"ReadAction","target":["https:\/\/kapitalis.com\/tunisie\/2022\/07\/01\/tunisie-37e-foire-du-livre-a-la-librairie-el-moez\/"]}]},{"@type":"ImageObject","inLanguage":"fr-FR","@id":"https:\/\/kapitalis.com\/tunisie\/2022\/07\/01\/tunisie-37e-foire-du-livre-a-la-librairie-el-moez\/#primaryimage","url":"https:\/\/kapitalis.com\/tunisie\/wp-content\/uploads\/2022\/07\/Foire-du-Livre-librairie-El-Moez.jpg","contentUrl":"https:\/\/kapitalis.com\/tunisie\/wp-content\/uploads\/2022\/07\/Foire-du-Livre-librairie-El-Moez.jpg","width":1200,"height":630},{"@type":"BreadcrumbList","@id":"https:\/\/kapitalis.com\/tunisie\/2022\/07\/01\/tunisie-37e-foire-du-livre-a-la-librairie-el-moez\/#breadcrumb","itemListElement":[{"@type":"ListItem","position":1,"name":"Accueil","item":"https:\/\/kapitalis.com\/tunisie\/"},{"@type":"ListItem","position":2,"name":"Tunisie\u00a0: 37e Foire du Livre \u00e0 la librairie El Moez"}]},{"@type":"WebSite","@id":"https:\/\/kapitalis.com\/tunisie\/#website","url":"https:\/\/kapitalis.com\/tunisie\/","name":"Kapitalis","description":"L&#039;actualit\u00e9 en Tunisie et dans le monde","publisher":{"@id":"https:\/\/kapitalis.com\/tunisie\/#organization"},"potentialAction":[{"@type":"SearchAction","target":{"@type":"EntryPoint","urlTemplate":"https:\/\/kapitalis.com\/tunisie\/?s={search_term_string}"},"query-input":{"@type":"PropertyValueSpecification","valueRequired":true,"valueName":"search_term_string"}}],"inLanguage":"fr-FR"},{"@type":"Organization","@id":"https:\/\/kapitalis.com\/tunisie\/#organization","name":"Kapitalis","url":"https:\/\/kapitalis.com\/tunisie\/","logo":{"@type":"ImageObject","inLanguage":"fr-FR","@id":"https:\/\/kapitalis.com\/tunisie\/#\/schema\/logo\/image\/","url":"https:\/\/kapitalis.com\/tunisie\/wp-content\/uploads\/2022\/05\/Kapitalis-big-size.png","contentUrl":"https:\/\/kapitalis.com\/tunisie\/wp-content\/uploads\/2022\/05\/Kapitalis-big-size.png","width":5000,"height":1500,"caption":"Kapitalis"},"image":{"@id":"https:\/\/kapitalis.com\/tunisie\/#\/schema\/logo\/image\/"},"sameAs":["https:\/\/www.facebook.com\/KapitalisInfo\/","https:\/\/x.com\/KapitalisInfo","https:\/\/www.youtube.com\/channel\/UC-yDYrHyfFBWWZaOw3FPg9Q"]},{"@type":"Person","@id":"https:\/\/kapitalis.com\/tunisie\/#\/schema\/person\/73a5ecc1f6ae540c6ed91342eadca948","name":"Fawz BenAli","url":"https:\/\/kapitalis.com\/tunisie\/author\/fawz\/"}]}},"_links":{"self":[{"href":"https:\/\/kapitalis.com\/tunisie\/wp-json\/wp\/v2\/posts\/1890497","targetHints":{"allow":["GET"]}}],"collection":[{"href":"https:\/\/kapitalis.com\/tunisie\/wp-json\/wp\/v2\/posts"}],"about":[{"href":"https:\/\/kapitalis.com\/tunisie\/wp-json\/wp\/v2\/types\/post"}],"author":[{"embeddable":true,"href":"https:\/\/kapitalis.com\/tunisie\/wp-json\/wp\/v2\/users\/26"}],"replies":[{"embeddable":true,"href":"https:\/\/kapitalis.com\/tunisie\/wp-json\/wp\/v2\/comments?post=1890497"}],"version-history":[{"count":0,"href":"https:\/\/kapitalis.com\/tunisie\/wp-json\/wp\/v2\/posts\/1890497\/revisions"}],"wp:featuredmedia":[{"embeddable":true,"href":"https:\/\/kapitalis.com\/tunisie\/wp-json\/wp\/v2\/media\/1890985"}],"wp:attachment":[{"href":"https:\/\/kapitalis.com\/tunisie\/wp-json\/wp\/v2\/media?parent=1890497"}],"wp:term":[{"taxonomy":"category","embeddable":true,"href":"https:\/\/kapitalis.com\/tunisie\/wp-json\/wp\/v2\/categories?post=1890497"},{"taxonomy":"post_tag","embeddable":true,"href":"https:\/\/kapitalis.com\/tunisie\/wp-json\/wp\/v2\/tags?post=1890497"}],"curies":[{"name":"wp","href":"https:\/\/api.w.org\/{rel}","templated":true}]}}