{"id":189393,"date":"2018-12-18T12:29:02","date_gmt":"2018-12-18T11:29:02","guid":{"rendered":"http:\/\/kapitalis.com\/tunisie\/?p=189393"},"modified":"2018-12-18T12:29:02","modified_gmt":"2018-12-18T11:29:02","slug":"pres-de-250-000-familles-pauvres-auront-une-carte-sociale-en-2019","status":"publish","type":"post","link":"https:\/\/kapitalis.com\/tunisie\/2018\/12\/18\/pres-de-250-000-familles-pauvres-auront-une-carte-sociale-en-2019\/","title":{"rendered":"Pr\u00e8s de 250.000 familles pauvres auront une carte sociale en 2019"},"content":{"rendered":"<p style=\"text-align: center;\"><img loading=\"lazy\" decoding=\"async\" class=\"alignnone size-full wp-image-98227\" src=\"http:\/\/kapitalis.com\/tunisie\/wp-content\/uploads\/2017\/05\/La-Poste-Tunisie-.jpg\" alt=\"\" width=\"626\" height=\"380\" \/><\/p>\n<p><em><strong>Pr\u00e8s de 250.000 familles n\u00e9cessiteuses b\u00e9n\u00e9ficieront gratuitement, \u00e0 partir de l&rsquo;ann\u00e9e 2019, d&rsquo;une carte de paiement \u00e9lectronique appel\u00e9e \u00ab\u00a0Carte sociale\u00a0\u00bb d\u00e9livr\u00e9e par la Poste tunisienne.\u00a0<\/strong><\/em><!--more--><\/p>\n<p>C&rsquo;est ce qu&rsquo;a indiqu\u00e9 Jawher Ferjaoui, Pdg de la Poste tunisienne, dans une d\u00e9claration \u00e0 Shems FM, aujourd&rsquo;hui, mardi 18 d\u00e9cembre 2018, en pr\u00e9cisant que les familles n\u00e9cessiteuses b\u00e9n\u00e9ficiaires des aides sociales aupr\u00e8s du minist\u00e8re des Affaires sociales obtiendront cette carte de paiement, et ce afin de faciliter le paiement de leurs mandats dans les bureaux de poste.<\/p>\n<p>Le montant global de cette mesure d\u00e9passe les 3 millions de dinars tunisiens (MDT).<\/p>\n<p>Notons que la F\u00e9d\u00e9ration g\u00e9n\u00e9rale de la poste a estim\u00e9, dans un communiqu\u00e9 publi\u00e9 hier, que cette mesure va \u00e9norm\u00e9ment peser sur les dettes de la Poste tunisienne. Le syndicat a \u00e9galement point\u00e9 du doigt la non-application de plusieurs accords conclus avec la direction de l&rsquo;entreprise et le non-versement de certaines pimes convenues.<\/p>\n<p style=\"text-align: right;\"><strong>E. B. A.<\/strong><\/p>\n","protected":false},"excerpt":{"rendered":"<p>Pr\u00e8s de 250.000 familles n\u00e9cessiteuses b\u00e9n\u00e9ficieront gratuitement, \u00e0 partir de l&rsquo;ann\u00e9e 2019, d&rsquo;une carte de paiement \u00e9lectronique appel\u00e9e \u00ab\u00a0Carte sociale\u00a0\u00bb d\u00e9livr\u00e9e par la Poste tunisienne.\u00a0<\/p>\n","protected":false},"author":16,"featured_media":0,"comment_status":"open","ping_status":"open","sticky":false,"template":"","format":"standard","meta":{"footnotes":""},"categories":[998,2433],"tags":[45675,5401],"class_list":["post-189393","post","type-post","status-publish","format-standard","hentry","category-societe","category-tunisie","tag-jawher-ferjaoui","tag-poste-tunisienne"],"yoast_head":"<!-- This site is optimized with the Yoast SEO plugin v26.6 - https:\/\/yoast.com\/wordpress\/plugins\/seo\/ -->\n<title>Pr\u00e8s de 250.000 familles pauvres auront une carte sociale en 2019 - Kapitalis<\/title>\n<meta name=\"robots\" content=\"index, follow, max-snippet:-1, max-image-preview:large, max-video-preview:-1\" \/>\n<link rel=\"canonical\" href=\"https:\/\/kapitalis.com\/tunisie\/2018\/12\/18\/pres-de-250-000-familles-pauvres-auront-une-carte-sociale-en-2019\/\" \/>\n<meta property=\"og:locale\" content=\"fr_FR\" \/>\n<meta property=\"og:type\" content=\"article\" \/>\n<meta property=\"og:title\" content=\"Pr\u00e8s de 250.000 familles pauvres auront une carte sociale en 2019 - Kapitalis\" \/>\n<meta property=\"og:description\" content=\"Pr\u00e8s de 250.000 familles n\u00e9cessiteuses b\u00e9n\u00e9ficieront gratuitement, \u00e0 partir de l&rsquo;ann\u00e9e 2019, d&rsquo;une carte de paiement \u00e9lectronique appel\u00e9e \u00ab\u00a0Carte sociale\u00a0\u00bb d\u00e9livr\u00e9e par la Poste tunisienne.\u00a0\" \/>\n<meta property=\"og:url\" content=\"https:\/\/kapitalis.com\/tunisie\/2018\/12\/18\/pres-de-250-000-familles-pauvres-auront-une-carte-sociale-en-2019\/\" \/>\n<meta property=\"og:site_name\" content=\"Kapitalis\" \/>\n<meta property=\"article:publisher\" content=\"https:\/\/www.facebook.com\/KapitalisInfo\/\" \/>\n<meta property=\"article:published_time\" content=\"2018-12-18T11:29:02+00:00\" \/>\n<meta property=\"og:image\" content=\"http:\/\/kapitalis.com\/tunisie\/wp-content\/uploads\/2017\/05\/La-Poste-Tunisie-.jpg\" \/>\n<meta name=\"author\" content=\"emna benabdallah\" \/>\n<meta name=\"twitter:card\" content=\"summary_large_image\" \/>\n<meta name=\"twitter:creator\" content=\"@KapitalisInfo\" \/>\n<meta name=\"twitter:site\" content=\"@KapitalisInfo\" \/>\n<meta name=\"twitter:label1\" content=\"\u00c9crit par\" \/>\n\t<meta name=\"twitter:data1\" content=\"emna benabdallah\" \/>\n\t<meta name=\"twitter:label2\" content=\"Dur\u00e9e de lecture estim\u00e9e\" \/>\n\t<meta name=\"twitter:data2\" content=\"1 minute\" \/>\n<script type=\"application\/ld+json\" class=\"yoast-schema-graph\">{\"@context\":\"https:\/\/schema.org\",\"@graph\":[{\"@type\":\"Article\",\"@id\":\"https:\/\/kapitalis.com\/tunisie\/2018\/12\/18\/pres-de-250-000-familles-pauvres-auront-une-carte-sociale-en-2019\/#article\",\"isPartOf\":{\"@id\":\"https:\/\/kapitalis.com\/tunisie\/2018\/12\/18\/pres-de-250-000-familles-pauvres-auront-une-carte-sociale-en-2019\/\"},\"author\":{\"name\":\"emna benabdallah\",\"@id\":\"https:\/\/kapitalis.com\/tunisie\/#\/schema\/person\/2c6e134b2f3369dffcd1daf5f087d28b\"},\"headline\":\"Pr\u00e8s de 250.000 familles pauvres auront une carte sociale en 2019\",\"datePublished\":\"2018-12-18T11:29:02+00:00\",\"mainEntityOfPage\":{\"@id\":\"https:\/\/kapitalis.com\/tunisie\/2018\/12\/18\/pres-de-250-000-familles-pauvres-auront-une-carte-sociale-en-2019\/\"},\"wordCount\":178,\"commentCount\":1,\"publisher\":{\"@id\":\"https:\/\/kapitalis.com\/tunisie\/#organization\"},\"image\":{\"@id\":\"https:\/\/kapitalis.com\/tunisie\/2018\/12\/18\/pres-de-250-000-familles-pauvres-auront-une-carte-sociale-en-2019\/#primaryimage\"},\"thumbnailUrl\":\"http:\/\/kapitalis.com\/tunisie\/wp-content\/uploads\/2017\/05\/La-Poste-Tunisie-.jpg\",\"keywords\":[\"Jawher Ferjaoui\",\"Poste Tunisienne\"],\"articleSection\":[\"SOCIETE\",\"Tunisie\"],\"inLanguage\":\"fr-FR\",\"potentialAction\":[{\"@type\":\"CommentAction\",\"name\":\"Comment\",\"target\":[\"https:\/\/kapitalis.com\/tunisie\/2018\/12\/18\/pres-de-250-000-familles-pauvres-auront-une-carte-sociale-en-2019\/#respond\"]}]},{\"@type\":\"WebPage\",\"@id\":\"https:\/\/kapitalis.com\/tunisie\/2018\/12\/18\/pres-de-250-000-familles-pauvres-auront-une-carte-sociale-en-2019\/\",\"url\":\"https:\/\/kapitalis.com\/tunisie\/2018\/12\/18\/pres-de-250-000-familles-pauvres-auront-une-carte-sociale-en-2019\/\",\"name\":\"Pr\u00e8s de 250.000 familles pauvres auront une carte sociale en 2019 - Kapitalis\",\"isPartOf\":{\"@id\":\"https:\/\/kapitalis.com\/tunisie\/#website\"},\"primaryImageOfPage\":{\"@id\":\"https:\/\/kapitalis.com\/tunisie\/2018\/12\/18\/pres-de-250-000-familles-pauvres-auront-une-carte-sociale-en-2019\/#primaryimage\"},\"image\":{\"@id\":\"https:\/\/kapitalis.com\/tunisie\/2018\/12\/18\/pres-de-250-000-familles-pauvres-auront-une-carte-sociale-en-2019\/#primaryimage\"},\"thumbnailUrl\":\"http:\/\/kapitalis.com\/tunisie\/wp-content\/uploads\/2017\/05\/La-Poste-Tunisie-.jpg\",\"datePublished\":\"2018-12-18T11:29:02+00:00\",\"breadcrumb\":{\"@id\":\"https:\/\/kapitalis.com\/tunisie\/2018\/12\/18\/pres-de-250-000-familles-pauvres-auront-une-carte-sociale-en-2019\/#breadcrumb\"},\"inLanguage\":\"fr-FR\",\"potentialAction\":[{\"@type\":\"ReadAction\",\"target\":[\"https:\/\/kapitalis.com\/tunisie\/2018\/12\/18\/pres-de-250-000-familles-pauvres-auront-une-carte-sociale-en-2019\/\"]}]},{\"@type\":\"ImageObject\",\"inLanguage\":\"fr-FR\",\"@id\":\"https:\/\/kapitalis.com\/tunisie\/2018\/12\/18\/pres-de-250-000-familles-pauvres-auront-une-carte-sociale-en-2019\/#primaryimage\",\"url\":\"http:\/\/kapitalis.com\/tunisie\/wp-content\/uploads\/2017\/05\/La-Poste-Tunisie-.jpg\",\"contentUrl\":\"http:\/\/kapitalis.com\/tunisie\/wp-content\/uploads\/2017\/05\/La-Poste-Tunisie-.jpg\"},{\"@type\":\"BreadcrumbList\",\"@id\":\"https:\/\/kapitalis.com\/tunisie\/2018\/12\/18\/pres-de-250-000-familles-pauvres-auront-une-carte-sociale-en-2019\/#breadcrumb\",\"itemListElement\":[{\"@type\":\"ListItem\",\"position\":1,\"name\":\"Accueil\",\"item\":\"https:\/\/kapitalis.com\/tunisie\/\"},{\"@type\":\"ListItem\",\"position\":2,\"name\":\"Pr\u00e8s de 250.000 familles pauvres auront une carte sociale en 2019\"}]},{\"@type\":\"WebSite\",\"@id\":\"https:\/\/kapitalis.com\/tunisie\/#website\",\"url\":\"https:\/\/kapitalis.com\/tunisie\/\",\"name\":\"Kapitalis\",\"description\":\"L&#039;actualit\u00e9 en Tunisie et dans le monde\",\"publisher\":{\"@id\":\"https:\/\/kapitalis.com\/tunisie\/#organization\"},\"potentialAction\":[{\"@type\":\"SearchAction\",\"target\":{\"@type\":\"EntryPoint\",\"urlTemplate\":\"https:\/\/kapitalis.com\/tunisie\/?s={search_term_string}\"},\"query-input\":{\"@type\":\"PropertyValueSpecification\",\"valueRequired\":true,\"valueName\":\"search_term_string\"}}],\"inLanguage\":\"fr-FR\"},{\"@type\":\"Organization\",\"@id\":\"https:\/\/kapitalis.com\/tunisie\/#organization\",\"name\":\"Kapitalis\",\"url\":\"https:\/\/kapitalis.com\/tunisie\/\",\"logo\":{\"@type\":\"ImageObject\",\"inLanguage\":\"fr-FR\",\"@id\":\"https:\/\/kapitalis.com\/tunisie\/#\/schema\/logo\/image\/\",\"url\":\"https:\/\/kapitalis.com\/tunisie\/wp-content\/uploads\/2022\/05\/Kapitalis-big-size.png\",\"contentUrl\":\"https:\/\/kapitalis.com\/tunisie\/wp-content\/uploads\/2022\/05\/Kapitalis-big-size.png\",\"width\":5000,\"height\":1500,\"caption\":\"Kapitalis\"},\"image\":{\"@id\":\"https:\/\/kapitalis.com\/tunisie\/#\/schema\/logo\/image\/\"},\"sameAs\":[\"https:\/\/www.facebook.com\/KapitalisInfo\/\",\"https:\/\/x.com\/KapitalisInfo\",\"https:\/\/www.youtube.com\/channel\/UC-yDYrHyfFBWWZaOw3FPg9Q\"]},{\"@type\":\"Person\",\"@id\":\"https:\/\/kapitalis.com\/tunisie\/#\/schema\/person\/2c6e134b2f3369dffcd1daf5f087d28b\",\"name\":\"emna benabdallah\",\"url\":\"https:\/\/kapitalis.com\/tunisie\/author\/emna\/\"}]}<\/script>\n<!-- \/ Yoast SEO plugin. -->","yoast_head_json":{"title":"Pr\u00e8s de 250.000 familles pauvres auront une carte sociale en 2019 - Kapitalis","robots":{"index":"index","follow":"follow","max-snippet":"max-snippet:-1","max-image-preview":"max-image-preview:large","max-video-preview":"max-video-preview:-1"},"canonical":"https:\/\/kapitalis.com\/tunisie\/2018\/12\/18\/pres-de-250-000-familles-pauvres-auront-une-carte-sociale-en-2019\/","og_locale":"fr_FR","og_type":"article","og_title":"Pr\u00e8s de 250.000 familles pauvres auront une carte sociale en 2019 - Kapitalis","og_description":"Pr\u00e8s de 250.000 familles n\u00e9cessiteuses b\u00e9n\u00e9ficieront gratuitement, \u00e0 partir de l&rsquo;ann\u00e9e 2019, d&rsquo;une carte de paiement \u00e9lectronique appel\u00e9e \u00ab\u00a0Carte sociale\u00a0\u00bb d\u00e9livr\u00e9e par la Poste tunisienne.\u00a0","og_url":"https:\/\/kapitalis.com\/tunisie\/2018\/12\/18\/pres-de-250-000-familles-pauvres-auront-une-carte-sociale-en-2019\/","og_site_name":"Kapitalis","article_publisher":"https:\/\/www.facebook.com\/KapitalisInfo\/","article_published_time":"2018-12-18T11:29:02+00:00","og_image":[{"url":"http:\/\/kapitalis.com\/tunisie\/wp-content\/uploads\/2017\/05\/La-Poste-Tunisie-.jpg","type":"","width":"","height":""}],"author":"emna benabdallah","twitter_card":"summary_large_image","twitter_creator":"@KapitalisInfo","twitter_site":"@KapitalisInfo","twitter_misc":{"\u00c9crit par":"emna benabdallah","Dur\u00e9e de lecture estim\u00e9e":"1 minute"},"schema":{"@context":"https:\/\/schema.org","@graph":[{"@type":"Article","@id":"https:\/\/kapitalis.com\/tunisie\/2018\/12\/18\/pres-de-250-000-familles-pauvres-auront-une-carte-sociale-en-2019\/#article","isPartOf":{"@id":"https:\/\/kapitalis.com\/tunisie\/2018\/12\/18\/pres-de-250-000-familles-pauvres-auront-une-carte-sociale-en-2019\/"},"author":{"name":"emna benabdallah","@id":"https:\/\/kapitalis.com\/tunisie\/#\/schema\/person\/2c6e134b2f3369dffcd1daf5f087d28b"},"headline":"Pr\u00e8s de 250.000 familles pauvres auront une carte sociale en 2019","datePublished":"2018-12-18T11:29:02+00:00","mainEntityOfPage":{"@id":"https:\/\/kapitalis.com\/tunisie\/2018\/12\/18\/pres-de-250-000-familles-pauvres-auront-une-carte-sociale-en-2019\/"},"wordCount":178,"commentCount":1,"publisher":{"@id":"https:\/\/kapitalis.com\/tunisie\/#organization"},"image":{"@id":"https:\/\/kapitalis.com\/tunisie\/2018\/12\/18\/pres-de-250-000-familles-pauvres-auront-une-carte-sociale-en-2019\/#primaryimage"},"thumbnailUrl":"http:\/\/kapitalis.com\/tunisie\/wp-content\/uploads\/2017\/05\/La-Poste-Tunisie-.jpg","keywords":["Jawher Ferjaoui","Poste Tunisienne"],"articleSection":["SOCIETE","Tunisie"],"inLanguage":"fr-FR","potentialAction":[{"@type":"CommentAction","name":"Comment","target":["https:\/\/kapitalis.com\/tunisie\/2018\/12\/18\/pres-de-250-000-familles-pauvres-auront-une-carte-sociale-en-2019\/#respond"]}]},{"@type":"WebPage","@id":"https:\/\/kapitalis.com\/tunisie\/2018\/12\/18\/pres-de-250-000-familles-pauvres-auront-une-carte-sociale-en-2019\/","url":"https:\/\/kapitalis.com\/tunisie\/2018\/12\/18\/pres-de-250-000-familles-pauvres-auront-une-carte-sociale-en-2019\/","name":"Pr\u00e8s de 250.000 familles pauvres auront une carte sociale en 2019 - Kapitalis","isPartOf":{"@id":"https:\/\/kapitalis.com\/tunisie\/#website"},"primaryImageOfPage":{"@id":"https:\/\/kapitalis.com\/tunisie\/2018\/12\/18\/pres-de-250-000-familles-pauvres-auront-une-carte-sociale-en-2019\/#primaryimage"},"image":{"@id":"https:\/\/kapitalis.com\/tunisie\/2018\/12\/18\/pres-de-250-000-familles-pauvres-auront-une-carte-sociale-en-2019\/#primaryimage"},"thumbnailUrl":"http:\/\/kapitalis.com\/tunisie\/wp-content\/uploads\/2017\/05\/La-Poste-Tunisie-.jpg","datePublished":"2018-12-18T11:29:02+00:00","breadcrumb":{"@id":"https:\/\/kapitalis.com\/tunisie\/2018\/12\/18\/pres-de-250-000-familles-pauvres-auront-une-carte-sociale-en-2019\/#breadcrumb"},"inLanguage":"fr-FR","potentialAction":[{"@type":"ReadAction","target":["https:\/\/kapitalis.com\/tunisie\/2018\/12\/18\/pres-de-250-000-familles-pauvres-auront-une-carte-sociale-en-2019\/"]}]},{"@type":"ImageObject","inLanguage":"fr-FR","@id":"https:\/\/kapitalis.com\/tunisie\/2018\/12\/18\/pres-de-250-000-familles-pauvres-auront-une-carte-sociale-en-2019\/#primaryimage","url":"http:\/\/kapitalis.com\/tunisie\/wp-content\/uploads\/2017\/05\/La-Poste-Tunisie-.jpg","contentUrl":"http:\/\/kapitalis.com\/tunisie\/wp-content\/uploads\/2017\/05\/La-Poste-Tunisie-.jpg"},{"@type":"BreadcrumbList","@id":"https:\/\/kapitalis.com\/tunisie\/2018\/12\/18\/pres-de-250-000-familles-pauvres-auront-une-carte-sociale-en-2019\/#breadcrumb","itemListElement":[{"@type":"ListItem","position":1,"name":"Accueil","item":"https:\/\/kapitalis.com\/tunisie\/"},{"@type":"ListItem","position":2,"name":"Pr\u00e8s de 250.000 familles pauvres auront une carte sociale en 2019"}]},{"@type":"WebSite","@id":"https:\/\/kapitalis.com\/tunisie\/#website","url":"https:\/\/kapitalis.com\/tunisie\/","name":"Kapitalis","description":"L&#039;actualit\u00e9 en Tunisie et dans le monde","publisher":{"@id":"https:\/\/kapitalis.com\/tunisie\/#organization"},"potentialAction":[{"@type":"SearchAction","target":{"@type":"EntryPoint","urlTemplate":"https:\/\/kapitalis.com\/tunisie\/?s={search_term_string}"},"query-input":{"@type":"PropertyValueSpecification","valueRequired":true,"valueName":"search_term_string"}}],"inLanguage":"fr-FR"},{"@type":"Organization","@id":"https:\/\/kapitalis.com\/tunisie\/#organization","name":"Kapitalis","url":"https:\/\/kapitalis.com\/tunisie\/","logo":{"@type":"ImageObject","inLanguage":"fr-FR","@id":"https:\/\/kapitalis.com\/tunisie\/#\/schema\/logo\/image\/","url":"https:\/\/kapitalis.com\/tunisie\/wp-content\/uploads\/2022\/05\/Kapitalis-big-size.png","contentUrl":"https:\/\/kapitalis.com\/tunisie\/wp-content\/uploads\/2022\/05\/Kapitalis-big-size.png","width":5000,"height":1500,"caption":"Kapitalis"},"image":{"@id":"https:\/\/kapitalis.com\/tunisie\/#\/schema\/logo\/image\/"},"sameAs":["https:\/\/www.facebook.com\/KapitalisInfo\/","https:\/\/x.com\/KapitalisInfo","https:\/\/www.youtube.com\/channel\/UC-yDYrHyfFBWWZaOw3FPg9Q"]},{"@type":"Person","@id":"https:\/\/kapitalis.com\/tunisie\/#\/schema\/person\/2c6e134b2f3369dffcd1daf5f087d28b","name":"emna benabdallah","url":"https:\/\/kapitalis.com\/tunisie\/author\/emna\/"}]}},"_links":{"self":[{"href":"https:\/\/kapitalis.com\/tunisie\/wp-json\/wp\/v2\/posts\/189393","targetHints":{"allow":["GET"]}}],"collection":[{"href":"https:\/\/kapitalis.com\/tunisie\/wp-json\/wp\/v2\/posts"}],"about":[{"href":"https:\/\/kapitalis.com\/tunisie\/wp-json\/wp\/v2\/types\/post"}],"author":[{"embeddable":true,"href":"https:\/\/kapitalis.com\/tunisie\/wp-json\/wp\/v2\/users\/16"}],"replies":[{"embeddable":true,"href":"https:\/\/kapitalis.com\/tunisie\/wp-json\/wp\/v2\/comments?post=189393"}],"version-history":[{"count":0,"href":"https:\/\/kapitalis.com\/tunisie\/wp-json\/wp\/v2\/posts\/189393\/revisions"}],"wp:attachment":[{"href":"https:\/\/kapitalis.com\/tunisie\/wp-json\/wp\/v2\/media?parent=189393"}],"wp:term":[{"taxonomy":"category","embeddable":true,"href":"https:\/\/kapitalis.com\/tunisie\/wp-json\/wp\/v2\/categories?post=189393"},{"taxonomy":"post_tag","embeddable":true,"href":"https:\/\/kapitalis.com\/tunisie\/wp-json\/wp\/v2\/tags?post=189393"}],"curies":[{"name":"wp","href":"https:\/\/api.w.org\/{rel}","templated":true}]}}