{"id":189826,"date":"2018-12-20T17:48:11","date_gmt":"2018-12-20T16:48:11","guid":{"rendered":"http:\/\/kapitalis.com\/tunisie\/?p=189826"},"modified":"2018-12-20T17:48:11","modified_gmt":"2018-12-20T16:48:11","slug":"le-president-de-la-fifa-invite-au-centenaire-de-lesperance-de-tunis","status":"publish","type":"post","link":"https:\/\/kapitalis.com\/tunisie\/2018\/12\/20\/le-president-de-la-fifa-invite-au-centenaire-de-lesperance-de-tunis\/","title":{"rendered":"Le pr\u00e9sident de la Fifa invit\u00e9 au centenaire de l\u2019Esp\u00e9rance de Tunis"},"content":{"rendered":"<p style=\"text-align: center;\"><img loading=\"lazy\" decoding=\"async\" class=\"alignnone size-full wp-image-189827\" src=\"http:\/\/kapitalis.com\/tunisie\/wp-content\/uploads\/2018\/12\/Esperance-Infantino.jpg\" alt=\"\" width=\"626\" height=\"380\" \/><\/p>\n<p style=\"text-align: center;\"><em>Tarek Bouchamaoui remettant l&rsquo;invitation \u00e0\u00a0Gianni Infantino.<\/em><\/p>\n<p><em><strong>L\u2019Esp\u00e9rance sportive de Tunis (EST) a officiellement invit\u00e9 Gianni Infantino, pr\u00e9sident de la F\u00e9d\u00e9ration internationale de football association (Fifa), \u00e0 assister aux c\u00e9l\u00e9brations du centenaire du club en janvier 2019.<\/strong><\/em><\/p>\n<p><!--more--><\/p>\n<p>C\u2019est Tarek Bouchamaoui, membre tunisien du bureau ex\u00e9cutif de la Fifa \u2013 et ex-membre du comit\u00e9 dirigeant de l\u2019EST \u2013 qui a remis l\u2019invitation officielle du club au pr\u00e9sident de la Fifa, en marge de la Coupe du Monde des clubs de football qui se d\u00e9roule actuellement aux Emirats arabes Unis.<\/p>\n<p>Cette invitation a \u00e9t\u00e9 lanc\u00e9e \u00e0 la demande du pr\u00e9sident de l\u2019EST, Hamdi Meddeb, qui a par ailleurs invit\u00e9, la semaine derni\u00e8re, le pr\u00e9sident de la r\u00e9publique, B\u00e9ji Caid Essebsi, \u00e0 assister aux c\u00e9l\u00e9brations du centenaire qui d\u00e9buteront le 19 janvier 2019.<\/p>\n<p>On indique que plusieurs personnalit\u00e9s sportives internationales seront au rendez-vous tels les pr\u00e9sidents du Comit\u00e9 international olympique (CIO), de la Conf\u00e9d\u00e9ration africaine de football (CAF), des clubs jumel\u00e9s avec l\u2019EST.<\/p>\n<p>L\u2019Esp\u00e9rance a pr\u00e9par\u00e9 un programme vaste et riche, avec notamment des festivit\u00e9s tournantes dans les principales villes de Tunisie et un match gala de football avec une grande \u00e9quipe europ\u00e9enne qui serait l\u2019Atletico Madrid (ou le Paris-Saint-Germain).<\/p>\n<p>Une Coupe arabe des clubs champions de volleyball, des tournois de lutte, de judo, de boxe et de natation, sports o\u00f9 l\u2019EST a toujours \u00e9t\u00e9 en vue, seront au programme lors du mois de ramadan prochain.<\/p>\n<p style=\"text-align: right;\"><strong>H. M.<\/strong><\/p>\n","protected":false},"excerpt":{"rendered":"<p>Tarek Bouchamaoui remettant l&rsquo;invitation \u00e0\u00a0Gianni Infantino. L\u2019Esp\u00e9rance sportive de Tunis (EST) a officiellement invit\u00e9 Gianni Infantino, pr\u00e9sident de la F\u00e9d\u00e9ration internationale de football association (Fifa), \u00e0 assister aux c\u00e9l\u00e9brations du centenaire du club en janvier 2019.<\/p>\n","protected":false},"author":8,"featured_media":189827,"comment_status":"open","ping_status":"open","sticky":false,"template":"","format":"standard","meta":{"footnotes":""},"categories":[999,2433],"tags":[51661,9018,3261,382,14875,2472,40427],"class_list":["post-189826","post","type-post","status-publish","format-standard","has-post-thumbnail","hentry","category-sport","category-tunisie","tag-centenaire","tag-confederation-africaine-de-football","tag-esperance-sportive-de-tunis","tag-fifa","tag-gianni-infantino","tag-hamdi-meddeb","tag-tarek-bouchamaoui"],"yoast_head":"<!-- This site is optimized with the Yoast SEO plugin v26.6 - https:\/\/yoast.com\/wordpress\/plugins\/seo\/ -->\n<title>Le pr\u00e9sident de la Fifa invit\u00e9 au centenaire de l\u2019Esp\u00e9rance de Tunis - Kapitalis<\/title>\n<meta name=\"robots\" content=\"index, follow, max-snippet:-1, max-image-preview:large, max-video-preview:-1\" \/>\n<link rel=\"canonical\" href=\"https:\/\/kapitalis.com\/tunisie\/2018\/12\/20\/le-president-de-la-fifa-invite-au-centenaire-de-lesperance-de-tunis\/\" \/>\n<meta property=\"og:locale\" content=\"fr_FR\" \/>\n<meta property=\"og:type\" content=\"article\" \/>\n<meta property=\"og:title\" content=\"Le pr\u00e9sident de la Fifa invit\u00e9 au centenaire de l\u2019Esp\u00e9rance de Tunis - Kapitalis\" \/>\n<meta property=\"og:description\" content=\"Tarek Bouchamaoui remettant l&rsquo;invitation \u00e0\u00a0Gianni Infantino. L\u2019Esp\u00e9rance sportive de Tunis (EST) a officiellement invit\u00e9 Gianni Infantino, pr\u00e9sident de la F\u00e9d\u00e9ration internationale de football association (Fifa), \u00e0 assister aux c\u00e9l\u00e9brations du centenaire du club en janvier 2019.\" \/>\n<meta property=\"og:url\" content=\"https:\/\/kapitalis.com\/tunisie\/2018\/12\/20\/le-president-de-la-fifa-invite-au-centenaire-de-lesperance-de-tunis\/\" \/>\n<meta property=\"og:site_name\" content=\"Kapitalis\" \/>\n<meta property=\"article:publisher\" content=\"https:\/\/www.facebook.com\/KapitalisInfo\/\" \/>\n<meta property=\"article:published_time\" content=\"2018-12-20T16:48:11+00:00\" \/>\n<meta property=\"og:image\" content=\"https:\/\/kapitalis.com\/tunisie\/wp-content\/uploads\/2022\/05\/kapitalis-logo-fb.png\" \/>\n\t<meta property=\"og:image:width\" content=\"1200\" \/>\n\t<meta property=\"og:image:height\" content=\"630\" \/>\n\t<meta property=\"og:image:type\" content=\"image\/png\" \/>\n<meta name=\"author\" content=\"webmaster kapitalis\" \/>\n<meta name=\"twitter:card\" content=\"summary_large_image\" \/>\n<meta name=\"twitter:creator\" content=\"@KapitalisInfo\" \/>\n<meta name=\"twitter:site\" content=\"@KapitalisInfo\" \/>\n<meta name=\"twitter:label1\" content=\"\u00c9crit par\" \/>\n\t<meta name=\"twitter:data1\" content=\"webmaster kapitalis\" \/>\n\t<meta name=\"twitter:label2\" content=\"Dur\u00e9e de lecture estim\u00e9e\" \/>\n\t<meta name=\"twitter:data2\" content=\"1 minute\" \/>\n<script type=\"application\/ld+json\" class=\"yoast-schema-graph\">{\"@context\":\"https:\/\/schema.org\",\"@graph\":[{\"@type\":\"Article\",\"@id\":\"https:\/\/kapitalis.com\/tunisie\/2018\/12\/20\/le-president-de-la-fifa-invite-au-centenaire-de-lesperance-de-tunis\/#article\",\"isPartOf\":{\"@id\":\"https:\/\/kapitalis.com\/tunisie\/2018\/12\/20\/le-president-de-la-fifa-invite-au-centenaire-de-lesperance-de-tunis\/\"},\"author\":{\"name\":\"webmaster kapitalis\",\"@id\":\"https:\/\/kapitalis.com\/tunisie\/#\/schema\/person\/d71f33a9ca44f7bad4698210b480c8e9\"},\"headline\":\"Le pr\u00e9sident de la Fifa invit\u00e9 au centenaire de l\u2019Esp\u00e9rance de Tunis\",\"datePublished\":\"2018-12-20T16:48:11+00:00\",\"mainEntityOfPage\":{\"@id\":\"https:\/\/kapitalis.com\/tunisie\/2018\/12\/20\/le-president-de-la-fifa-invite-au-centenaire-de-lesperance-de-tunis\/\"},\"wordCount\":277,\"commentCount\":0,\"publisher\":{\"@id\":\"https:\/\/kapitalis.com\/tunisie\/#organization\"},\"image\":{\"@id\":\"https:\/\/kapitalis.com\/tunisie\/2018\/12\/20\/le-president-de-la-fifa-invite-au-centenaire-de-lesperance-de-tunis\/#primaryimage\"},\"thumbnailUrl\":\"\",\"keywords\":[\"centenaire\",\"Conf\u00e9d\u00e9ration africaine de football\",\"Esp\u00e9rance sportive de Tunis\",\"Fifa\",\"Gianni Infantino\",\"Hamdi Meddeb\",\"Tarek Bouchamaoui\"],\"articleSection\":[\"SPORT\",\"Tunisie\"],\"inLanguage\":\"fr-FR\",\"potentialAction\":[{\"@type\":\"CommentAction\",\"name\":\"Comment\",\"target\":[\"https:\/\/kapitalis.com\/tunisie\/2018\/12\/20\/le-president-de-la-fifa-invite-au-centenaire-de-lesperance-de-tunis\/#respond\"]}]},{\"@type\":\"WebPage\",\"@id\":\"https:\/\/kapitalis.com\/tunisie\/2018\/12\/20\/le-president-de-la-fifa-invite-au-centenaire-de-lesperance-de-tunis\/\",\"url\":\"https:\/\/kapitalis.com\/tunisie\/2018\/12\/20\/le-president-de-la-fifa-invite-au-centenaire-de-lesperance-de-tunis\/\",\"name\":\"Le pr\u00e9sident de la Fifa invit\u00e9 au centenaire de l\u2019Esp\u00e9rance de Tunis - Kapitalis\",\"isPartOf\":{\"@id\":\"https:\/\/kapitalis.com\/tunisie\/#website\"},\"primaryImageOfPage\":{\"@id\":\"https:\/\/kapitalis.com\/tunisie\/2018\/12\/20\/le-president-de-la-fifa-invite-au-centenaire-de-lesperance-de-tunis\/#primaryimage\"},\"image\":{\"@id\":\"https:\/\/kapitalis.com\/tunisie\/2018\/12\/20\/le-president-de-la-fifa-invite-au-centenaire-de-lesperance-de-tunis\/#primaryimage\"},\"thumbnailUrl\":\"\",\"datePublished\":\"2018-12-20T16:48:11+00:00\",\"breadcrumb\":{\"@id\":\"https:\/\/kapitalis.com\/tunisie\/2018\/12\/20\/le-president-de-la-fifa-invite-au-centenaire-de-lesperance-de-tunis\/#breadcrumb\"},\"inLanguage\":\"fr-FR\",\"potentialAction\":[{\"@type\":\"ReadAction\",\"target\":[\"https:\/\/kapitalis.com\/tunisie\/2018\/12\/20\/le-president-de-la-fifa-invite-au-centenaire-de-lesperance-de-tunis\/\"]}]},{\"@type\":\"ImageObject\",\"inLanguage\":\"fr-FR\",\"@id\":\"https:\/\/kapitalis.com\/tunisie\/2018\/12\/20\/le-president-de-la-fifa-invite-au-centenaire-de-lesperance-de-tunis\/#primaryimage\",\"url\":\"\",\"contentUrl\":\"\"},{\"@type\":\"BreadcrumbList\",\"@id\":\"https:\/\/kapitalis.com\/tunisie\/2018\/12\/20\/le-president-de-la-fifa-invite-au-centenaire-de-lesperance-de-tunis\/#breadcrumb\",\"itemListElement\":[{\"@type\":\"ListItem\",\"position\":1,\"name\":\"Accueil\",\"item\":\"https:\/\/kapitalis.com\/tunisie\/\"},{\"@type\":\"ListItem\",\"position\":2,\"name\":\"Le pr\u00e9sident de la Fifa invit\u00e9 au centenaire de l\u2019Esp\u00e9rance de Tunis\"}]},{\"@type\":\"WebSite\",\"@id\":\"https:\/\/kapitalis.com\/tunisie\/#website\",\"url\":\"https:\/\/kapitalis.com\/tunisie\/\",\"name\":\"Kapitalis\",\"description\":\"L&#039;actualit\u00e9 en Tunisie et dans le monde\",\"publisher\":{\"@id\":\"https:\/\/kapitalis.com\/tunisie\/#organization\"},\"potentialAction\":[{\"@type\":\"SearchAction\",\"target\":{\"@type\":\"EntryPoint\",\"urlTemplate\":\"https:\/\/kapitalis.com\/tunisie\/?s={search_term_string}\"},\"query-input\":{\"@type\":\"PropertyValueSpecification\",\"valueRequired\":true,\"valueName\":\"search_term_string\"}}],\"inLanguage\":\"fr-FR\"},{\"@type\":\"Organization\",\"@id\":\"https:\/\/kapitalis.com\/tunisie\/#organization\",\"name\":\"Kapitalis\",\"url\":\"https:\/\/kapitalis.com\/tunisie\/\",\"logo\":{\"@type\":\"ImageObject\",\"inLanguage\":\"fr-FR\",\"@id\":\"https:\/\/kapitalis.com\/tunisie\/#\/schema\/logo\/image\/\",\"url\":\"https:\/\/kapitalis.com\/tunisie\/wp-content\/uploads\/2022\/05\/Kapitalis-big-size.png\",\"contentUrl\":\"https:\/\/kapitalis.com\/tunisie\/wp-content\/uploads\/2022\/05\/Kapitalis-big-size.png\",\"width\":5000,\"height\":1500,\"caption\":\"Kapitalis\"},\"image\":{\"@id\":\"https:\/\/kapitalis.com\/tunisie\/#\/schema\/logo\/image\/\"},\"sameAs\":[\"https:\/\/www.facebook.com\/KapitalisInfo\/\",\"https:\/\/x.com\/KapitalisInfo\",\"https:\/\/www.youtube.com\/channel\/UC-yDYrHyfFBWWZaOw3FPg9Q\"]},{\"@type\":\"Person\",\"@id\":\"https:\/\/kapitalis.com\/tunisie\/#\/schema\/person\/d71f33a9ca44f7bad4698210b480c8e9\",\"name\":\"webmaster kapitalis\",\"url\":\"https:\/\/kapitalis.com\/tunisie\/author\/webmaster-kapitalis\/\"}]}<\/script>\n<!-- \/ Yoast SEO plugin. -->","yoast_head_json":{"title":"Le pr\u00e9sident de la Fifa invit\u00e9 au centenaire de l\u2019Esp\u00e9rance de Tunis - Kapitalis","robots":{"index":"index","follow":"follow","max-snippet":"max-snippet:-1","max-image-preview":"max-image-preview:large","max-video-preview":"max-video-preview:-1"},"canonical":"https:\/\/kapitalis.com\/tunisie\/2018\/12\/20\/le-president-de-la-fifa-invite-au-centenaire-de-lesperance-de-tunis\/","og_locale":"fr_FR","og_type":"article","og_title":"Le pr\u00e9sident de la Fifa invit\u00e9 au centenaire de l\u2019Esp\u00e9rance de Tunis - Kapitalis","og_description":"Tarek Bouchamaoui remettant l&rsquo;invitation \u00e0\u00a0Gianni Infantino. L\u2019Esp\u00e9rance sportive de Tunis (EST) a officiellement invit\u00e9 Gianni Infantino, pr\u00e9sident de la F\u00e9d\u00e9ration internationale de football association (Fifa), \u00e0 assister aux c\u00e9l\u00e9brations du centenaire du club en janvier 2019.","og_url":"https:\/\/kapitalis.com\/tunisie\/2018\/12\/20\/le-president-de-la-fifa-invite-au-centenaire-de-lesperance-de-tunis\/","og_site_name":"Kapitalis","article_publisher":"https:\/\/www.facebook.com\/KapitalisInfo\/","article_published_time":"2018-12-20T16:48:11+00:00","og_image":[{"width":1200,"height":630,"url":"https:\/\/kapitalis.com\/tunisie\/wp-content\/uploads\/2022\/05\/kapitalis-logo-fb.png","type":"image\/png"}],"author":"webmaster kapitalis","twitter_card":"summary_large_image","twitter_creator":"@KapitalisInfo","twitter_site":"@KapitalisInfo","twitter_misc":{"\u00c9crit par":"webmaster kapitalis","Dur\u00e9e de lecture estim\u00e9e":"1 minute"},"schema":{"@context":"https:\/\/schema.org","@graph":[{"@type":"Article","@id":"https:\/\/kapitalis.com\/tunisie\/2018\/12\/20\/le-president-de-la-fifa-invite-au-centenaire-de-lesperance-de-tunis\/#article","isPartOf":{"@id":"https:\/\/kapitalis.com\/tunisie\/2018\/12\/20\/le-president-de-la-fifa-invite-au-centenaire-de-lesperance-de-tunis\/"},"author":{"name":"webmaster kapitalis","@id":"https:\/\/kapitalis.com\/tunisie\/#\/schema\/person\/d71f33a9ca44f7bad4698210b480c8e9"},"headline":"Le pr\u00e9sident de la Fifa invit\u00e9 au centenaire de l\u2019Esp\u00e9rance de Tunis","datePublished":"2018-12-20T16:48:11+00:00","mainEntityOfPage":{"@id":"https:\/\/kapitalis.com\/tunisie\/2018\/12\/20\/le-president-de-la-fifa-invite-au-centenaire-de-lesperance-de-tunis\/"},"wordCount":277,"commentCount":0,"publisher":{"@id":"https:\/\/kapitalis.com\/tunisie\/#organization"},"image":{"@id":"https:\/\/kapitalis.com\/tunisie\/2018\/12\/20\/le-president-de-la-fifa-invite-au-centenaire-de-lesperance-de-tunis\/#primaryimage"},"thumbnailUrl":"","keywords":["centenaire","Conf\u00e9d\u00e9ration africaine de football","Esp\u00e9rance sportive de Tunis","Fifa","Gianni Infantino","Hamdi Meddeb","Tarek Bouchamaoui"],"articleSection":["SPORT","Tunisie"],"inLanguage":"fr-FR","potentialAction":[{"@type":"CommentAction","name":"Comment","target":["https:\/\/kapitalis.com\/tunisie\/2018\/12\/20\/le-president-de-la-fifa-invite-au-centenaire-de-lesperance-de-tunis\/#respond"]}]},{"@type":"WebPage","@id":"https:\/\/kapitalis.com\/tunisie\/2018\/12\/20\/le-president-de-la-fifa-invite-au-centenaire-de-lesperance-de-tunis\/","url":"https:\/\/kapitalis.com\/tunisie\/2018\/12\/20\/le-president-de-la-fifa-invite-au-centenaire-de-lesperance-de-tunis\/","name":"Le pr\u00e9sident de la Fifa invit\u00e9 au centenaire de l\u2019Esp\u00e9rance de Tunis - Kapitalis","isPartOf":{"@id":"https:\/\/kapitalis.com\/tunisie\/#website"},"primaryImageOfPage":{"@id":"https:\/\/kapitalis.com\/tunisie\/2018\/12\/20\/le-president-de-la-fifa-invite-au-centenaire-de-lesperance-de-tunis\/#primaryimage"},"image":{"@id":"https:\/\/kapitalis.com\/tunisie\/2018\/12\/20\/le-president-de-la-fifa-invite-au-centenaire-de-lesperance-de-tunis\/#primaryimage"},"thumbnailUrl":"","datePublished":"2018-12-20T16:48:11+00:00","breadcrumb":{"@id":"https:\/\/kapitalis.com\/tunisie\/2018\/12\/20\/le-president-de-la-fifa-invite-au-centenaire-de-lesperance-de-tunis\/#breadcrumb"},"inLanguage":"fr-FR","potentialAction":[{"@type":"ReadAction","target":["https:\/\/kapitalis.com\/tunisie\/2018\/12\/20\/le-president-de-la-fifa-invite-au-centenaire-de-lesperance-de-tunis\/"]}]},{"@type":"ImageObject","inLanguage":"fr-FR","@id":"https:\/\/kapitalis.com\/tunisie\/2018\/12\/20\/le-president-de-la-fifa-invite-au-centenaire-de-lesperance-de-tunis\/#primaryimage","url":"","contentUrl":""},{"@type":"BreadcrumbList","@id":"https:\/\/kapitalis.com\/tunisie\/2018\/12\/20\/le-president-de-la-fifa-invite-au-centenaire-de-lesperance-de-tunis\/#breadcrumb","itemListElement":[{"@type":"ListItem","position":1,"name":"Accueil","item":"https:\/\/kapitalis.com\/tunisie\/"},{"@type":"ListItem","position":2,"name":"Le pr\u00e9sident de la Fifa invit\u00e9 au centenaire de l\u2019Esp\u00e9rance de Tunis"}]},{"@type":"WebSite","@id":"https:\/\/kapitalis.com\/tunisie\/#website","url":"https:\/\/kapitalis.com\/tunisie\/","name":"Kapitalis","description":"L&#039;actualit\u00e9 en Tunisie et dans le monde","publisher":{"@id":"https:\/\/kapitalis.com\/tunisie\/#organization"},"potentialAction":[{"@type":"SearchAction","target":{"@type":"EntryPoint","urlTemplate":"https:\/\/kapitalis.com\/tunisie\/?s={search_term_string}"},"query-input":{"@type":"PropertyValueSpecification","valueRequired":true,"valueName":"search_term_string"}}],"inLanguage":"fr-FR"},{"@type":"Organization","@id":"https:\/\/kapitalis.com\/tunisie\/#organization","name":"Kapitalis","url":"https:\/\/kapitalis.com\/tunisie\/","logo":{"@type":"ImageObject","inLanguage":"fr-FR","@id":"https:\/\/kapitalis.com\/tunisie\/#\/schema\/logo\/image\/","url":"https:\/\/kapitalis.com\/tunisie\/wp-content\/uploads\/2022\/05\/Kapitalis-big-size.png","contentUrl":"https:\/\/kapitalis.com\/tunisie\/wp-content\/uploads\/2022\/05\/Kapitalis-big-size.png","width":5000,"height":1500,"caption":"Kapitalis"},"image":{"@id":"https:\/\/kapitalis.com\/tunisie\/#\/schema\/logo\/image\/"},"sameAs":["https:\/\/www.facebook.com\/KapitalisInfo\/","https:\/\/x.com\/KapitalisInfo","https:\/\/www.youtube.com\/channel\/UC-yDYrHyfFBWWZaOw3FPg9Q"]},{"@type":"Person","@id":"https:\/\/kapitalis.com\/tunisie\/#\/schema\/person\/d71f33a9ca44f7bad4698210b480c8e9","name":"webmaster kapitalis","url":"https:\/\/kapitalis.com\/tunisie\/author\/webmaster-kapitalis\/"}]}},"_links":{"self":[{"href":"https:\/\/kapitalis.com\/tunisie\/wp-json\/wp\/v2\/posts\/189826","targetHints":{"allow":["GET"]}}],"collection":[{"href":"https:\/\/kapitalis.com\/tunisie\/wp-json\/wp\/v2\/posts"}],"about":[{"href":"https:\/\/kapitalis.com\/tunisie\/wp-json\/wp\/v2\/types\/post"}],"author":[{"embeddable":true,"href":"https:\/\/kapitalis.com\/tunisie\/wp-json\/wp\/v2\/users\/8"}],"replies":[{"embeddable":true,"href":"https:\/\/kapitalis.com\/tunisie\/wp-json\/wp\/v2\/comments?post=189826"}],"version-history":[{"count":0,"href":"https:\/\/kapitalis.com\/tunisie\/wp-json\/wp\/v2\/posts\/189826\/revisions"}],"wp:featuredmedia":[{"embeddable":true,"href":"https:\/\/kapitalis.com\/tunisie\/wp-json\/wp\/v2\/media\/189827"}],"wp:attachment":[{"href":"https:\/\/kapitalis.com\/tunisie\/wp-json\/wp\/v2\/media?parent=189826"}],"wp:term":[{"taxonomy":"category","embeddable":true,"href":"https:\/\/kapitalis.com\/tunisie\/wp-json\/wp\/v2\/categories?post=189826"},{"taxonomy":"post_tag","embeddable":true,"href":"https:\/\/kapitalis.com\/tunisie\/wp-json\/wp\/v2\/tags?post=189826"}],"curies":[{"name":"wp","href":"https:\/\/api.w.org\/{rel}","templated":true}]}}