{"id":189989,"date":"2018-12-21T18:50:49","date_gmt":"2018-12-21T17:50:49","guid":{"rendered":"http:\/\/kapitalis.com\/tunisie\/?p=189989"},"modified":"2018-12-21T18:50:49","modified_gmt":"2018-12-21T17:50:49","slug":"snjt-yacoubi-presente-ses-excuses-aux-journalistes","status":"publish","type":"post","link":"https:\/\/kapitalis.com\/tunisie\/2018\/12\/21\/snjt-yacoubi-presente-ses-excuses-aux-journalistes\/","title":{"rendered":"SNJT : Yacoubi pr\u00e9sente ses excuses aux journalistes"},"content":{"rendered":"<p style=\"text-align: center;\"><em><strong>\u00a0<img loading=\"lazy\" decoding=\"async\" class=\"alignnone size-full wp-image-189998\" src=\"http:\/\/kapitalis.com\/tunisie\/wp-content\/uploads\/2018\/12\/SNJT-Yacoubi.jpg\" alt=\"\" width=\"626\" height=\"380\" \/><\/strong><\/em><\/p>\n<p><em><strong>Lassaad Yacoubi, secr\u00e9taire g\u00e9n\u00e9ral de la F\u00e9d\u00e9ration de l&rsquo;enseignement secondaire, s\u2019est rendu aujourd\u2019hui, vendredi 21 d\u00e9cembre 2018, au si\u00e8ge du Syndicat national des journalistes tunisiens (SNJT), pour s\u2019excuser suite \u00e0 l\u2019agression, avant-hier, des nos coll\u00e8gues, par des enseignants.<\/strong><\/em><!--more--><\/p>\n<p>Apr\u00e8s avoir ni\u00e9, dans un communiqu\u00e9, toute agression contre les journalistes par les enseignants du secondaire qui manifestaient mercredi \u00e0 l\u2019avenue Habib Bourguiba, Lassaad Yacoubi et des repr\u00e9sentants de son syndicat,\u00a0relevant de l\u2019Union g\u00e9n\u00e9rale tunisienne du travail (UGTT), se sont rendus au SNJT pour pr\u00e9senter leurs excuses, tout en se disaant solidaires avec les journalistes et sensibles \u00e0 leurs difficiles conditions de travail.<\/p>\n<p>Une r\u00e9union pr\u00e9sid\u00e9e par N\u00e9ji Bghouri, pr\u00e9sident du SNJT et Lassad Yacoubi, a \u00e9t\u00e9 l\u2019occasion de rappeler les relations historiques liant les deux parties, qui se sont engag\u00e9es \u00e0 renforcer la coordination pour que les conditions de travail des journalistes soient facilit\u00e9es, notamment lors des manifestations.<\/p>\n<p>On rappelle que, suite \u00e0 ces agressions, le SNJT avait appel\u00e9 les journalistes \u00e0 <a href=\"http:\/\/kapitalis.com\/tunisie\/2018\/12\/19\/le-snjt-appelle-les-journalistes-a-boycotter-les-mouvements-des-enseignants\/\" target=\"_blank\" rel=\"noopener\">boycotter<\/a> les mouvements des enseignants. On esp\u00e8re que les excuses de Yacoubi sont sinc\u00e8res et non int\u00e9ress\u00e9es.<\/p>\n<p style=\"text-align: right;\"><strong>Y. N.<\/strong><\/p>\n<blockquote class=\"wp-embedded-content\" data-secret=\"Oo6wwhAaZY\"><p><a href=\"https:\/\/kapitalis.com\/tunisie\/2018\/12\/19\/des-enseignants-agressent-une-journaliste-enceinte-et-degagent-les-medias-audio\/\">Des enseignants agressent une journaliste enceinte et \u00abd\u00e9gagent\u00bb les m\u00e9dias ! (Audio)<\/a><\/p><\/blockquote>\n<p><iframe loading=\"lazy\" class=\"wp-embedded-content\" sandbox=\"allow-scripts\" security=\"restricted\" style=\"position: absolute; clip: rect(1px, 1px, 1px, 1px);\" title=\"\u00ab\u00a0Des enseignants agressent une journaliste enceinte et \u00abd\u00e9gagent\u00bb les m\u00e9dias ! (Audio)\u00a0\u00bb &#8212; Kapitalis\" src=\"https:\/\/kapitalis.com\/tunisie\/2018\/12\/19\/des-enseignants-agressent-une-journaliste-enceinte-et-degagent-les-medias-audio\/embed\/#?secret=aGSBiAboFU#?secret=Oo6wwhAaZY\" data-secret=\"Oo6wwhAaZY\" width=\"600\" height=\"338\" frameborder=\"0\" marginwidth=\"0\" marginheight=\"0\" scrolling=\"no\"><\/iframe><\/p>\n<blockquote class=\"wp-embedded-content\" data-secret=\"H9ATz36KcF\"><p><a href=\"https:\/\/kapitalis.com\/tunisie\/2018\/12\/11\/sfax-laffaire-de-la-journaliste-agressee-par-un-enseignant-en-justice-video\/\">Sfax : L&rsquo;affaire de la journaliste agress\u00e9e par un enseignant en justice (vid\u00e9o)<\/a><\/p><\/blockquote>\n<p><iframe loading=\"lazy\" class=\"wp-embedded-content\" sandbox=\"allow-scripts\" security=\"restricted\" style=\"position: absolute; clip: rect(1px, 1px, 1px, 1px);\" title=\"\u00ab\u00a0Sfax : L&rsquo;affaire de la journaliste agress\u00e9e par un enseignant en justice (vid\u00e9o)\u00a0\u00bb &#8212; Kapitalis\" src=\"https:\/\/kapitalis.com\/tunisie\/2018\/12\/11\/sfax-laffaire-de-la-journaliste-agressee-par-un-enseignant-en-justice-video\/embed\/#?secret=UizeD85vGB#?secret=H9ATz36KcF\" data-secret=\"H9ATz36KcF\" width=\"600\" height=\"338\" frameborder=\"0\" marginwidth=\"0\" marginheight=\"0\" scrolling=\"no\"><\/iframe><\/p>\n","protected":false},"excerpt":{"rendered":"<p>\u00a0 Lassaad Yacoubi, secr\u00e9taire g\u00e9n\u00e9ral de la F\u00e9d\u00e9ration de l&rsquo;enseignement secondaire, s\u2019est rendu aujourd\u2019hui, vendredi 21 d\u00e9cembre 2018, au si\u00e8ge du Syndicat national des journalistes tunisiens (SNJT), pour s\u2019excuser suite \u00e0 l\u2019agression, avant-hier, des nos coll\u00e8gues, par des enseignants.<\/p>\n","protected":false},"author":6,"featured_media":189998,"comment_status":"open","ping_status":"open","sticky":false,"template":"","format":"standard","meta":{"footnotes":""},"categories":[996,2433],"tags":[45,328,1459,17450,1670,593,2866,5504,838,1395,936],"class_list":["post-189989","post","type-post","status-publish","format-standard","has-post-thumbnail","hentry","category-media","category-tunisie","tag-agression","tag-enseignement","tag-journalistes","tag-lassaad-yacoubi","tag-manifestation","tag-medias","tag-neji-bghouri","tag-secondaire","tag-snjt","tag-syndicats","tag-ugtt"],"yoast_head":"<!-- This site is optimized with the Yoast SEO plugin v26.6 - https:\/\/yoast.com\/wordpress\/plugins\/seo\/ -->\n<title>SNJT : Yacoubi pr\u00e9sente ses excuses aux journalistes - Kapitalis<\/title>\n<meta name=\"robots\" content=\"index, follow, max-snippet:-1, max-image-preview:large, max-video-preview:-1\" \/>\n<link rel=\"canonical\" href=\"https:\/\/kapitalis.com\/tunisie\/2018\/12\/21\/snjt-yacoubi-presente-ses-excuses-aux-journalistes\/\" \/>\n<meta property=\"og:locale\" content=\"fr_FR\" \/>\n<meta property=\"og:type\" content=\"article\" \/>\n<meta property=\"og:title\" content=\"SNJT : Yacoubi pr\u00e9sente ses excuses aux journalistes - Kapitalis\" \/>\n<meta property=\"og:description\" content=\"\u00a0 Lassaad Yacoubi, secr\u00e9taire g\u00e9n\u00e9ral de la F\u00e9d\u00e9ration de l&rsquo;enseignement secondaire, s\u2019est rendu aujourd\u2019hui, vendredi 21 d\u00e9cembre 2018, au si\u00e8ge du Syndicat national des journalistes tunisiens (SNJT), pour s\u2019excuser suite \u00e0 l\u2019agression, avant-hier, des nos coll\u00e8gues, par des enseignants.\" \/>\n<meta property=\"og:url\" content=\"https:\/\/kapitalis.com\/tunisie\/2018\/12\/21\/snjt-yacoubi-presente-ses-excuses-aux-journalistes\/\" \/>\n<meta property=\"og:site_name\" content=\"Kapitalis\" \/>\n<meta property=\"article:publisher\" content=\"https:\/\/www.facebook.com\/KapitalisInfo\/\" \/>\n<meta property=\"article:published_time\" content=\"2018-12-21T17:50:49+00:00\" \/>\n<meta property=\"og:image\" content=\"https:\/\/kapitalis.com\/tunisie\/wp-content\/uploads\/2022\/05\/kapitalis-logo-fb.png\" \/>\n\t<meta property=\"og:image:width\" content=\"1200\" \/>\n\t<meta property=\"og:image:height\" content=\"630\" \/>\n\t<meta property=\"og:image:type\" content=\"image\/png\" \/>\n<meta name=\"author\" content=\"Yusra NY\" \/>\n<meta name=\"twitter:card\" content=\"summary_large_image\" \/>\n<meta name=\"twitter:creator\" content=\"@KapitalisInfo\" \/>\n<meta name=\"twitter:site\" content=\"@KapitalisInfo\" \/>\n<meta name=\"twitter:label1\" content=\"\u00c9crit par\" \/>\n\t<meta name=\"twitter:data1\" content=\"Yusra NY\" \/>\n\t<meta name=\"twitter:label2\" content=\"Dur\u00e9e de lecture estim\u00e9e\" \/>\n\t<meta name=\"twitter:data2\" content=\"1 minute\" \/>\n<script type=\"application\/ld+json\" class=\"yoast-schema-graph\">{\"@context\":\"https:\/\/schema.org\",\"@graph\":[{\"@type\":\"Article\",\"@id\":\"https:\/\/kapitalis.com\/tunisie\/2018\/12\/21\/snjt-yacoubi-presente-ses-excuses-aux-journalistes\/#article\",\"isPartOf\":{\"@id\":\"https:\/\/kapitalis.com\/tunisie\/2018\/12\/21\/snjt-yacoubi-presente-ses-excuses-aux-journalistes\/\"},\"author\":{\"name\":\"Yusra NY\",\"@id\":\"https:\/\/kapitalis.com\/tunisie\/#\/schema\/person\/74bbde0154d49d790a92aaeac5bc01d5\"},\"headline\":\"SNJT : Yacoubi pr\u00e9sente ses excuses aux journalistes\",\"datePublished\":\"2018-12-21T17:50:49+00:00\",\"mainEntityOfPage\":{\"@id\":\"https:\/\/kapitalis.com\/tunisie\/2018\/12\/21\/snjt-yacoubi-presente-ses-excuses-aux-journalistes\/\"},\"wordCount\":222,\"commentCount\":1,\"publisher\":{\"@id\":\"https:\/\/kapitalis.com\/tunisie\/#organization\"},\"image\":{\"@id\":\"https:\/\/kapitalis.com\/tunisie\/2018\/12\/21\/snjt-yacoubi-presente-ses-excuses-aux-journalistes\/#primaryimage\"},\"thumbnailUrl\":\"\",\"keywords\":[\"agression\",\"enseignement\",\"journalistes\",\"Lassaad Yacoubi\",\"manifestation\",\"m\u00e9dias\",\"N\u00e9ji Bghouri\",\"secondaire\",\"SNJT\",\"syndicats\",\"UGTT\"],\"articleSection\":[\"MEDIA\",\"Tunisie\"],\"inLanguage\":\"fr-FR\",\"potentialAction\":[{\"@type\":\"CommentAction\",\"name\":\"Comment\",\"target\":[\"https:\/\/kapitalis.com\/tunisie\/2018\/12\/21\/snjt-yacoubi-presente-ses-excuses-aux-journalistes\/#respond\"]}]},{\"@type\":\"WebPage\",\"@id\":\"https:\/\/kapitalis.com\/tunisie\/2018\/12\/21\/snjt-yacoubi-presente-ses-excuses-aux-journalistes\/\",\"url\":\"https:\/\/kapitalis.com\/tunisie\/2018\/12\/21\/snjt-yacoubi-presente-ses-excuses-aux-journalistes\/\",\"name\":\"SNJT : Yacoubi pr\u00e9sente ses excuses aux journalistes - Kapitalis\",\"isPartOf\":{\"@id\":\"https:\/\/kapitalis.com\/tunisie\/#website\"},\"primaryImageOfPage\":{\"@id\":\"https:\/\/kapitalis.com\/tunisie\/2018\/12\/21\/snjt-yacoubi-presente-ses-excuses-aux-journalistes\/#primaryimage\"},\"image\":{\"@id\":\"https:\/\/kapitalis.com\/tunisie\/2018\/12\/21\/snjt-yacoubi-presente-ses-excuses-aux-journalistes\/#primaryimage\"},\"thumbnailUrl\":\"\",\"datePublished\":\"2018-12-21T17:50:49+00:00\",\"breadcrumb\":{\"@id\":\"https:\/\/kapitalis.com\/tunisie\/2018\/12\/21\/snjt-yacoubi-presente-ses-excuses-aux-journalistes\/#breadcrumb\"},\"inLanguage\":\"fr-FR\",\"potentialAction\":[{\"@type\":\"ReadAction\",\"target\":[\"https:\/\/kapitalis.com\/tunisie\/2018\/12\/21\/snjt-yacoubi-presente-ses-excuses-aux-journalistes\/\"]}]},{\"@type\":\"ImageObject\",\"inLanguage\":\"fr-FR\",\"@id\":\"https:\/\/kapitalis.com\/tunisie\/2018\/12\/21\/snjt-yacoubi-presente-ses-excuses-aux-journalistes\/#primaryimage\",\"url\":\"\",\"contentUrl\":\"\"},{\"@type\":\"BreadcrumbList\",\"@id\":\"https:\/\/kapitalis.com\/tunisie\/2018\/12\/21\/snjt-yacoubi-presente-ses-excuses-aux-journalistes\/#breadcrumb\",\"itemListElement\":[{\"@type\":\"ListItem\",\"position\":1,\"name\":\"Accueil\",\"item\":\"https:\/\/kapitalis.com\/tunisie\/\"},{\"@type\":\"ListItem\",\"position\":2,\"name\":\"SNJT : Yacoubi pr\u00e9sente ses excuses aux journalistes\"}]},{\"@type\":\"WebSite\",\"@id\":\"https:\/\/kapitalis.com\/tunisie\/#website\",\"url\":\"https:\/\/kapitalis.com\/tunisie\/\",\"name\":\"Kapitalis\",\"description\":\"L&#039;actualit\u00e9 en Tunisie et dans le monde\",\"publisher\":{\"@id\":\"https:\/\/kapitalis.com\/tunisie\/#organization\"},\"potentialAction\":[{\"@type\":\"SearchAction\",\"target\":{\"@type\":\"EntryPoint\",\"urlTemplate\":\"https:\/\/kapitalis.com\/tunisie\/?s={search_term_string}\"},\"query-input\":{\"@type\":\"PropertyValueSpecification\",\"valueRequired\":true,\"valueName\":\"search_term_string\"}}],\"inLanguage\":\"fr-FR\"},{\"@type\":\"Organization\",\"@id\":\"https:\/\/kapitalis.com\/tunisie\/#organization\",\"name\":\"Kapitalis\",\"url\":\"https:\/\/kapitalis.com\/tunisie\/\",\"logo\":{\"@type\":\"ImageObject\",\"inLanguage\":\"fr-FR\",\"@id\":\"https:\/\/kapitalis.com\/tunisie\/#\/schema\/logo\/image\/\",\"url\":\"https:\/\/kapitalis.com\/tunisie\/wp-content\/uploads\/2022\/05\/Kapitalis-big-size.png\",\"contentUrl\":\"https:\/\/kapitalis.com\/tunisie\/wp-content\/uploads\/2022\/05\/Kapitalis-big-size.png\",\"width\":5000,\"height\":1500,\"caption\":\"Kapitalis\"},\"image\":{\"@id\":\"https:\/\/kapitalis.com\/tunisie\/#\/schema\/logo\/image\/\"},\"sameAs\":[\"https:\/\/www.facebook.com\/KapitalisInfo\/\",\"https:\/\/x.com\/KapitalisInfo\",\"https:\/\/www.youtube.com\/channel\/UC-yDYrHyfFBWWZaOw3FPg9Q\"]},{\"@type\":\"Person\",\"@id\":\"https:\/\/kapitalis.com\/tunisie\/#\/schema\/person\/74bbde0154d49d790a92aaeac5bc01d5\",\"name\":\"Yusra NY\",\"url\":\"https:\/\/kapitalis.com\/tunisie\/author\/yuza_adam\/\"}]}<\/script>\n<!-- \/ Yoast SEO plugin. -->","yoast_head_json":{"title":"SNJT : Yacoubi pr\u00e9sente ses excuses aux journalistes - Kapitalis","robots":{"index":"index","follow":"follow","max-snippet":"max-snippet:-1","max-image-preview":"max-image-preview:large","max-video-preview":"max-video-preview:-1"},"canonical":"https:\/\/kapitalis.com\/tunisie\/2018\/12\/21\/snjt-yacoubi-presente-ses-excuses-aux-journalistes\/","og_locale":"fr_FR","og_type":"article","og_title":"SNJT : Yacoubi pr\u00e9sente ses excuses aux journalistes - Kapitalis","og_description":"\u00a0 Lassaad Yacoubi, secr\u00e9taire g\u00e9n\u00e9ral de la F\u00e9d\u00e9ration de l&rsquo;enseignement secondaire, s\u2019est rendu aujourd\u2019hui, vendredi 21 d\u00e9cembre 2018, au si\u00e8ge du Syndicat national des journalistes tunisiens (SNJT), pour s\u2019excuser suite \u00e0 l\u2019agression, avant-hier, des nos coll\u00e8gues, par des enseignants.","og_url":"https:\/\/kapitalis.com\/tunisie\/2018\/12\/21\/snjt-yacoubi-presente-ses-excuses-aux-journalistes\/","og_site_name":"Kapitalis","article_publisher":"https:\/\/www.facebook.com\/KapitalisInfo\/","article_published_time":"2018-12-21T17:50:49+00:00","og_image":[{"width":1200,"height":630,"url":"https:\/\/kapitalis.com\/tunisie\/wp-content\/uploads\/2022\/05\/kapitalis-logo-fb.png","type":"image\/png"}],"author":"Yusra NY","twitter_card":"summary_large_image","twitter_creator":"@KapitalisInfo","twitter_site":"@KapitalisInfo","twitter_misc":{"\u00c9crit par":"Yusra NY","Dur\u00e9e de lecture estim\u00e9e":"1 minute"},"schema":{"@context":"https:\/\/schema.org","@graph":[{"@type":"Article","@id":"https:\/\/kapitalis.com\/tunisie\/2018\/12\/21\/snjt-yacoubi-presente-ses-excuses-aux-journalistes\/#article","isPartOf":{"@id":"https:\/\/kapitalis.com\/tunisie\/2018\/12\/21\/snjt-yacoubi-presente-ses-excuses-aux-journalistes\/"},"author":{"name":"Yusra NY","@id":"https:\/\/kapitalis.com\/tunisie\/#\/schema\/person\/74bbde0154d49d790a92aaeac5bc01d5"},"headline":"SNJT : Yacoubi pr\u00e9sente ses excuses aux journalistes","datePublished":"2018-12-21T17:50:49+00:00","mainEntityOfPage":{"@id":"https:\/\/kapitalis.com\/tunisie\/2018\/12\/21\/snjt-yacoubi-presente-ses-excuses-aux-journalistes\/"},"wordCount":222,"commentCount":1,"publisher":{"@id":"https:\/\/kapitalis.com\/tunisie\/#organization"},"image":{"@id":"https:\/\/kapitalis.com\/tunisie\/2018\/12\/21\/snjt-yacoubi-presente-ses-excuses-aux-journalistes\/#primaryimage"},"thumbnailUrl":"","keywords":["agression","enseignement","journalistes","Lassaad Yacoubi","manifestation","m\u00e9dias","N\u00e9ji Bghouri","secondaire","SNJT","syndicats","UGTT"],"articleSection":["MEDIA","Tunisie"],"inLanguage":"fr-FR","potentialAction":[{"@type":"CommentAction","name":"Comment","target":["https:\/\/kapitalis.com\/tunisie\/2018\/12\/21\/snjt-yacoubi-presente-ses-excuses-aux-journalistes\/#respond"]}]},{"@type":"WebPage","@id":"https:\/\/kapitalis.com\/tunisie\/2018\/12\/21\/snjt-yacoubi-presente-ses-excuses-aux-journalistes\/","url":"https:\/\/kapitalis.com\/tunisie\/2018\/12\/21\/snjt-yacoubi-presente-ses-excuses-aux-journalistes\/","name":"SNJT : Yacoubi pr\u00e9sente ses excuses aux journalistes - Kapitalis","isPartOf":{"@id":"https:\/\/kapitalis.com\/tunisie\/#website"},"primaryImageOfPage":{"@id":"https:\/\/kapitalis.com\/tunisie\/2018\/12\/21\/snjt-yacoubi-presente-ses-excuses-aux-journalistes\/#primaryimage"},"image":{"@id":"https:\/\/kapitalis.com\/tunisie\/2018\/12\/21\/snjt-yacoubi-presente-ses-excuses-aux-journalistes\/#primaryimage"},"thumbnailUrl":"","datePublished":"2018-12-21T17:50:49+00:00","breadcrumb":{"@id":"https:\/\/kapitalis.com\/tunisie\/2018\/12\/21\/snjt-yacoubi-presente-ses-excuses-aux-journalistes\/#breadcrumb"},"inLanguage":"fr-FR","potentialAction":[{"@type":"ReadAction","target":["https:\/\/kapitalis.com\/tunisie\/2018\/12\/21\/snjt-yacoubi-presente-ses-excuses-aux-journalistes\/"]}]},{"@type":"ImageObject","inLanguage":"fr-FR","@id":"https:\/\/kapitalis.com\/tunisie\/2018\/12\/21\/snjt-yacoubi-presente-ses-excuses-aux-journalistes\/#primaryimage","url":"","contentUrl":""},{"@type":"BreadcrumbList","@id":"https:\/\/kapitalis.com\/tunisie\/2018\/12\/21\/snjt-yacoubi-presente-ses-excuses-aux-journalistes\/#breadcrumb","itemListElement":[{"@type":"ListItem","position":1,"name":"Accueil","item":"https:\/\/kapitalis.com\/tunisie\/"},{"@type":"ListItem","position":2,"name":"SNJT : Yacoubi pr\u00e9sente ses excuses aux journalistes"}]},{"@type":"WebSite","@id":"https:\/\/kapitalis.com\/tunisie\/#website","url":"https:\/\/kapitalis.com\/tunisie\/","name":"Kapitalis","description":"L&#039;actualit\u00e9 en Tunisie et dans le monde","publisher":{"@id":"https:\/\/kapitalis.com\/tunisie\/#organization"},"potentialAction":[{"@type":"SearchAction","target":{"@type":"EntryPoint","urlTemplate":"https:\/\/kapitalis.com\/tunisie\/?s={search_term_string}"},"query-input":{"@type":"PropertyValueSpecification","valueRequired":true,"valueName":"search_term_string"}}],"inLanguage":"fr-FR"},{"@type":"Organization","@id":"https:\/\/kapitalis.com\/tunisie\/#organization","name":"Kapitalis","url":"https:\/\/kapitalis.com\/tunisie\/","logo":{"@type":"ImageObject","inLanguage":"fr-FR","@id":"https:\/\/kapitalis.com\/tunisie\/#\/schema\/logo\/image\/","url":"https:\/\/kapitalis.com\/tunisie\/wp-content\/uploads\/2022\/05\/Kapitalis-big-size.png","contentUrl":"https:\/\/kapitalis.com\/tunisie\/wp-content\/uploads\/2022\/05\/Kapitalis-big-size.png","width":5000,"height":1500,"caption":"Kapitalis"},"image":{"@id":"https:\/\/kapitalis.com\/tunisie\/#\/schema\/logo\/image\/"},"sameAs":["https:\/\/www.facebook.com\/KapitalisInfo\/","https:\/\/x.com\/KapitalisInfo","https:\/\/www.youtube.com\/channel\/UC-yDYrHyfFBWWZaOw3FPg9Q"]},{"@type":"Person","@id":"https:\/\/kapitalis.com\/tunisie\/#\/schema\/person\/74bbde0154d49d790a92aaeac5bc01d5","name":"Yusra NY","url":"https:\/\/kapitalis.com\/tunisie\/author\/yuza_adam\/"}]}},"_links":{"self":[{"href":"https:\/\/kapitalis.com\/tunisie\/wp-json\/wp\/v2\/posts\/189989","targetHints":{"allow":["GET"]}}],"collection":[{"href":"https:\/\/kapitalis.com\/tunisie\/wp-json\/wp\/v2\/posts"}],"about":[{"href":"https:\/\/kapitalis.com\/tunisie\/wp-json\/wp\/v2\/types\/post"}],"author":[{"embeddable":true,"href":"https:\/\/kapitalis.com\/tunisie\/wp-json\/wp\/v2\/users\/6"}],"replies":[{"embeddable":true,"href":"https:\/\/kapitalis.com\/tunisie\/wp-json\/wp\/v2\/comments?post=189989"}],"version-history":[{"count":0,"href":"https:\/\/kapitalis.com\/tunisie\/wp-json\/wp\/v2\/posts\/189989\/revisions"}],"wp:featuredmedia":[{"embeddable":true,"href":"https:\/\/kapitalis.com\/tunisie\/wp-json\/wp\/v2\/media\/189998"}],"wp:attachment":[{"href":"https:\/\/kapitalis.com\/tunisie\/wp-json\/wp\/v2\/media?parent=189989"}],"wp:term":[{"taxonomy":"category","embeddable":true,"href":"https:\/\/kapitalis.com\/tunisie\/wp-json\/wp\/v2\/categories?post=189989"},{"taxonomy":"post_tag","embeddable":true,"href":"https:\/\/kapitalis.com\/tunisie\/wp-json\/wp\/v2\/tags?post=189989"}],"curies":[{"name":"wp","href":"https:\/\/api.w.org\/{rel}","templated":true}]}}