{"id":190480,"date":"2018-12-25T16:13:24","date_gmt":"2018-12-25T15:13:24","guid":{"rendered":"http:\/\/kapitalis.com\/tunisie\/?p=190480"},"modified":"2018-12-25T16:13:24","modified_gmt":"2018-12-25T15:13:24","slug":"arret-de-diffusion-de-lemission-ma-lam-youkal-sur-attessia-tv","status":"publish","type":"post","link":"https:\/\/kapitalis.com\/tunisie\/2018\/12\/25\/arret-de-diffusion-de-lemission-ma-lam-youkal-sur-attessia-tv\/","title":{"rendered":"Arr\u00eat de diffusion de l&rsquo;\u00e9mission \u00ab\u00a0Ma Lam Youkal\u00a0\u00bb sur Attessia TV"},"content":{"rendered":"<p style=\"text-align: center;\"><img loading=\"lazy\" decoding=\"async\" class=\"alignnone size-full wp-image-190483\" src=\"http:\/\/kapitalis.com\/tunisie\/wp-content\/uploads\/2018\/12\/Zouhaer-Eljiss_Attessia.jpg\" alt=\"\" width=\"626\" height=\"380\" \/><\/p>\n<p><em><strong>Les t\u00e9l\u00e9spectateurs habitu\u00e9s \u00e0 regarder chaque dimanche soir \u00ab\u00a0Ma Lam Youkal\u00a0\u00bb, diffus\u00e9e sur la cha\u00eene priv\u00e9e Attessia, ne pourront plus regarder cette \u00e9mission sp\u00e9cialis\u00e9e d&rsquo;investigation.\u00a0\u00a0<\/strong><\/em><!--more--><\/p>\n<p>C&rsquo;est la soci\u00e9t\u00e9 de production Cactus Prod, qui a mis fin \u00e0 cette \u00e9mission, anim\u00e9e depuis quelques mois par le journaliste Zouhaer Eljiss, a\u00a0annonc\u00e9 la cha\u00eene priv\u00e9e dans un <a href=\"http:\/\/www.attessia.tv\/news\/general\/99575\/%D8%AA%D9%88%D8%B6%D9%8A%D8%AD-%D9%85%D9%86-%D9%82%D9%86%D8%A7%D8%A9-%D8%A7%D9%84%D8%AA%D8%A7%D8%B3%D8%B9%D8%A9-%D8%A8%D8%AE%D8%B5%D9%88%D8%B5-%D8%A5%D9%8A%D9%82%D8%A7%D9%81-%D8%A8%D8%B1%D9%86%D8%A7%D9%85%D8%AC---%D9%85%D8%A7-%D9%84%D9%85-%D9%8A%D9%82%D9%84?fbclid=IwAR2Lb8f2IfmZWvtpBMaA4IZpgmexK0pzK4X7qp2wTvpeaLe_9kqeLBvyPkQ\" target=\"_blank\" rel=\"noopener\">communiqu\u00e9<\/a> rendu public aujourd&rsquo;hui, mardi 25 d\u00e9cembre 2018.<\/p>\n<p>\u00ab<em>La cha\u00eene indique \u00e9galement qu&rsquo;elle n&rsquo;a aucune r\u00e9serve en ce qui concerne le contenu ou la ligne \u00e9ditoriale de l&rsquo;\u00e9mission ni du travail du journaliste<\/em>\u00bb, lit-on dans le communiqu\u00e9, expliquant cette d\u00e9cision par des raisons internes.<\/p>\n<p>De son c\u00f4t\u00e9,\u00a0Zouhaer Eljiss a indiqu\u00e9, dans un post Facebook, que la soci\u00e9t\u00e9 de production a choisi de mettre fin \u00e0 son \u00e9mission car elle n&rsquo;a pas r\u00e9ussi \u00e0 faire rentrer de l&rsquo;argent. Entendre : pas d&rsquo;audience suffisante pour justifier des recettes publicitaires.<\/p>\n<p>Rappelons qu&rsquo;en octobre dernier, Attessia s&rsquo;est s\u00e9par\u00e9e d&rsquo;Amine Gara, animateur de l&rsquo;\u00e9mission de divertissement \u00ab\u00a0<em>L&rsquo;Emission<\/em>\u00ab\u00a0, et ce suite \u00e0 la baisse du niveau du programme jug\u00e9e en-dessous des attentes des t\u00e9l\u00e9spectateurs. Le chroniqueur de Mosa\u00efque FM est devenu, depuis, animateur de \u00ab\u00a0<em>Bas les maques<\/em>\u00a0\u00bb sur El-Hiwar Ettounsi. Reste \u00e0 se demander si n\u00f4tre coll\u00e8gue\u00a0\u00a0Zouhaer Eljiss va lui aussi \u00eatre rep\u00each\u00e9 par la concurrence.<\/p>\n<p style=\"text-align: right;\"><strong>E. B. A.<\/strong><\/p>\n<blockquote class=\"wp-embedded-content\" data-secret=\"kEeeefZGht\"><p><a href=\"https:\/\/kapitalis.com\/tunisie\/2018\/09\/06\/attessia-tv-rafle-les-emissions-phares-del-hiwar-ettounsi\/\">Attessia TV rafle les \u00e9missions phares d\u2019El-Hiwar Ettounsi<\/a><\/p><\/blockquote>\n<p><iframe loading=\"lazy\" class=\"wp-embedded-content\" sandbox=\"allow-scripts\" security=\"restricted\" style=\"position: absolute; clip: rect(1px, 1px, 1px, 1px);\" title=\"\u00ab\u00a0Attessia TV rafle les \u00e9missions phares d\u2019El-Hiwar Ettounsi\u00a0\u00bb &#8212; Kapitalis\" src=\"https:\/\/kapitalis.com\/tunisie\/2018\/09\/06\/attessia-tv-rafle-les-emissions-phares-del-hiwar-ettounsi\/embed\/#?secret=DUrElDF1ZZ#?secret=kEeeefZGht\" data-secret=\"kEeeefZGht\" width=\"600\" height=\"338\" frameborder=\"0\" marginwidth=\"0\" marginheight=\"0\" scrolling=\"no\"><\/iframe><\/p>\n<blockquote class=\"wp-embedded-content\" data-secret=\"hL3twpA9vj\"><p><a href=\"https:\/\/kapitalis.com\/tunisie\/2018\/10\/23\/attessia-tv-se-separe-damine-gara-lanimateur-de-lemission\/\">Attessia TV se s\u00e9pare d&rsquo;Amine Gara, l\u2019animateur de \u00ab\u00a0L\u2019Emission\u00a0\u00bb<\/a><\/p><\/blockquote>\n<p><iframe loading=\"lazy\" class=\"wp-embedded-content\" sandbox=\"allow-scripts\" security=\"restricted\" style=\"position: absolute; clip: rect(1px, 1px, 1px, 1px);\" title=\"\u00ab\u00a0Attessia TV se s\u00e9pare d&rsquo;Amine Gara, l\u2019animateur de \u00ab\u00a0L\u2019Emission\u00a0\u00bb\u00a0\u00bb &#8212; Kapitalis\" src=\"https:\/\/kapitalis.com\/tunisie\/2018\/10\/23\/attessia-tv-se-separe-damine-gara-lanimateur-de-lemission\/embed\/#?secret=WMkfAEoyJK#?secret=hL3twpA9vj\" data-secret=\"hL3twpA9vj\" width=\"600\" height=\"338\" frameborder=\"0\" marginwidth=\"0\" marginheight=\"0\" scrolling=\"no\"><\/iframe><\/p>\n","protected":false},"excerpt":{"rendered":"<p>Les t\u00e9l\u00e9spectateurs habitu\u00e9s \u00e0 regarder chaque dimanche soir \u00ab\u00a0Ma Lam Youkal\u00a0\u00bb, diffus\u00e9e sur la cha\u00eene priv\u00e9e Attessia, ne pourront plus regarder cette \u00e9mission sp\u00e9cialis\u00e9e d&rsquo;investigation.\u00a0\u00a0<\/p>\n","protected":false},"author":16,"featured_media":190483,"comment_status":"open","ping_status":"open","sticky":false,"template":"","format":"standard","meta":{"footnotes":""},"categories":[996,2433],"tags":[16923,19016,5532],"class_list":["post-190480","post","type-post","status-publish","format-standard","has-post-thumbnail","hentry","category-media","category-tunisie","tag-amine-gara","tag-attessia-tv","tag-cactus-prod"],"yoast_head":"<!-- This site is optimized with the Yoast SEO plugin v26.6 - https:\/\/yoast.com\/wordpress\/plugins\/seo\/ -->\n<title>Arr\u00eat de diffusion de l&#039;\u00e9mission &quot;Ma Lam Youkal&quot; sur Attessia TV - Kapitalis<\/title>\n<meta name=\"robots\" content=\"index, follow, max-snippet:-1, max-image-preview:large, max-video-preview:-1\" \/>\n<link rel=\"canonical\" href=\"https:\/\/kapitalis.com\/tunisie\/2018\/12\/25\/arret-de-diffusion-de-lemission-ma-lam-youkal-sur-attessia-tv\/\" \/>\n<meta property=\"og:locale\" content=\"fr_FR\" \/>\n<meta property=\"og:type\" content=\"article\" \/>\n<meta property=\"og:title\" content=\"Arr\u00eat de diffusion de l&#039;\u00e9mission &quot;Ma Lam Youkal&quot; sur Attessia TV - Kapitalis\" \/>\n<meta property=\"og:description\" content=\"Les t\u00e9l\u00e9spectateurs habitu\u00e9s \u00e0 regarder chaque dimanche soir \u00ab\u00a0Ma Lam Youkal\u00a0\u00bb, diffus\u00e9e sur la cha\u00eene priv\u00e9e Attessia, ne pourront plus regarder cette \u00e9mission sp\u00e9cialis\u00e9e d&rsquo;investigation.\u00a0\u00a0\" \/>\n<meta property=\"og:url\" content=\"https:\/\/kapitalis.com\/tunisie\/2018\/12\/25\/arret-de-diffusion-de-lemission-ma-lam-youkal-sur-attessia-tv\/\" \/>\n<meta property=\"og:site_name\" content=\"Kapitalis\" \/>\n<meta property=\"article:publisher\" content=\"https:\/\/www.facebook.com\/KapitalisInfo\/\" \/>\n<meta property=\"article:published_time\" content=\"2018-12-25T15:13:24+00:00\" \/>\n<meta property=\"og:image\" content=\"https:\/\/kapitalis.com\/tunisie\/wp-content\/uploads\/2022\/05\/kapitalis-logo-fb.png\" \/>\n\t<meta property=\"og:image:width\" content=\"1200\" \/>\n\t<meta property=\"og:image:height\" content=\"630\" \/>\n\t<meta property=\"og:image:type\" content=\"image\/png\" \/>\n<meta name=\"author\" content=\"emna benabdallah\" \/>\n<meta name=\"twitter:card\" content=\"summary_large_image\" \/>\n<meta name=\"twitter:creator\" content=\"@KapitalisInfo\" \/>\n<meta name=\"twitter:site\" content=\"@KapitalisInfo\" \/>\n<meta name=\"twitter:label1\" content=\"\u00c9crit par\" \/>\n\t<meta name=\"twitter:data1\" content=\"emna benabdallah\" \/>\n\t<meta name=\"twitter:label2\" content=\"Dur\u00e9e de lecture estim\u00e9e\" \/>\n\t<meta name=\"twitter:data2\" content=\"1 minute\" \/>\n<script type=\"application\/ld+json\" class=\"yoast-schema-graph\">{\"@context\":\"https:\/\/schema.org\",\"@graph\":[{\"@type\":\"Article\",\"@id\":\"https:\/\/kapitalis.com\/tunisie\/2018\/12\/25\/arret-de-diffusion-de-lemission-ma-lam-youkal-sur-attessia-tv\/#article\",\"isPartOf\":{\"@id\":\"https:\/\/kapitalis.com\/tunisie\/2018\/12\/25\/arret-de-diffusion-de-lemission-ma-lam-youkal-sur-attessia-tv\/\"},\"author\":{\"name\":\"emna benabdallah\",\"@id\":\"https:\/\/kapitalis.com\/tunisie\/#\/schema\/person\/2c6e134b2f3369dffcd1daf5f087d28b\"},\"headline\":\"Arr\u00eat de diffusion de l&rsquo;\u00e9mission \u00ab\u00a0Ma Lam Youkal\u00a0\u00bb sur Attessia TV\",\"datePublished\":\"2018-12-25T15:13:24+00:00\",\"mainEntityOfPage\":{\"@id\":\"https:\/\/kapitalis.com\/tunisie\/2018\/12\/25\/arret-de-diffusion-de-lemission-ma-lam-youkal-sur-attessia-tv\/\"},\"wordCount\":254,\"commentCount\":0,\"publisher\":{\"@id\":\"https:\/\/kapitalis.com\/tunisie\/#organization\"},\"image\":{\"@id\":\"https:\/\/kapitalis.com\/tunisie\/2018\/12\/25\/arret-de-diffusion-de-lemission-ma-lam-youkal-sur-attessia-tv\/#primaryimage\"},\"thumbnailUrl\":\"\",\"keywords\":[\"Amine Gara\",\"Attessia TV\",\"Cactus Prod\"],\"articleSection\":[\"MEDIA\",\"Tunisie\"],\"inLanguage\":\"fr-FR\",\"potentialAction\":[{\"@type\":\"CommentAction\",\"name\":\"Comment\",\"target\":[\"https:\/\/kapitalis.com\/tunisie\/2018\/12\/25\/arret-de-diffusion-de-lemission-ma-lam-youkal-sur-attessia-tv\/#respond\"]}]},{\"@type\":\"WebPage\",\"@id\":\"https:\/\/kapitalis.com\/tunisie\/2018\/12\/25\/arret-de-diffusion-de-lemission-ma-lam-youkal-sur-attessia-tv\/\",\"url\":\"https:\/\/kapitalis.com\/tunisie\/2018\/12\/25\/arret-de-diffusion-de-lemission-ma-lam-youkal-sur-attessia-tv\/\",\"name\":\"Arr\u00eat de diffusion de l'\u00e9mission \\\"Ma Lam Youkal\\\" sur Attessia TV - Kapitalis\",\"isPartOf\":{\"@id\":\"https:\/\/kapitalis.com\/tunisie\/#website\"},\"primaryImageOfPage\":{\"@id\":\"https:\/\/kapitalis.com\/tunisie\/2018\/12\/25\/arret-de-diffusion-de-lemission-ma-lam-youkal-sur-attessia-tv\/#primaryimage\"},\"image\":{\"@id\":\"https:\/\/kapitalis.com\/tunisie\/2018\/12\/25\/arret-de-diffusion-de-lemission-ma-lam-youkal-sur-attessia-tv\/#primaryimage\"},\"thumbnailUrl\":\"\",\"datePublished\":\"2018-12-25T15:13:24+00:00\",\"breadcrumb\":{\"@id\":\"https:\/\/kapitalis.com\/tunisie\/2018\/12\/25\/arret-de-diffusion-de-lemission-ma-lam-youkal-sur-attessia-tv\/#breadcrumb\"},\"inLanguage\":\"fr-FR\",\"potentialAction\":[{\"@type\":\"ReadAction\",\"target\":[\"https:\/\/kapitalis.com\/tunisie\/2018\/12\/25\/arret-de-diffusion-de-lemission-ma-lam-youkal-sur-attessia-tv\/\"]}]},{\"@type\":\"ImageObject\",\"inLanguage\":\"fr-FR\",\"@id\":\"https:\/\/kapitalis.com\/tunisie\/2018\/12\/25\/arret-de-diffusion-de-lemission-ma-lam-youkal-sur-attessia-tv\/#primaryimage\",\"url\":\"\",\"contentUrl\":\"\"},{\"@type\":\"BreadcrumbList\",\"@id\":\"https:\/\/kapitalis.com\/tunisie\/2018\/12\/25\/arret-de-diffusion-de-lemission-ma-lam-youkal-sur-attessia-tv\/#breadcrumb\",\"itemListElement\":[{\"@type\":\"ListItem\",\"position\":1,\"name\":\"Accueil\",\"item\":\"https:\/\/kapitalis.com\/tunisie\/\"},{\"@type\":\"ListItem\",\"position\":2,\"name\":\"Arr\u00eat de diffusion de l&rsquo;\u00e9mission \u00ab\u00a0Ma Lam Youkal\u00a0\u00bb sur Attessia TV\"}]},{\"@type\":\"WebSite\",\"@id\":\"https:\/\/kapitalis.com\/tunisie\/#website\",\"url\":\"https:\/\/kapitalis.com\/tunisie\/\",\"name\":\"Kapitalis\",\"description\":\"L&#039;actualit\u00e9 en Tunisie et dans le monde\",\"publisher\":{\"@id\":\"https:\/\/kapitalis.com\/tunisie\/#organization\"},\"potentialAction\":[{\"@type\":\"SearchAction\",\"target\":{\"@type\":\"EntryPoint\",\"urlTemplate\":\"https:\/\/kapitalis.com\/tunisie\/?s={search_term_string}\"},\"query-input\":{\"@type\":\"PropertyValueSpecification\",\"valueRequired\":true,\"valueName\":\"search_term_string\"}}],\"inLanguage\":\"fr-FR\"},{\"@type\":\"Organization\",\"@id\":\"https:\/\/kapitalis.com\/tunisie\/#organization\",\"name\":\"Kapitalis\",\"url\":\"https:\/\/kapitalis.com\/tunisie\/\",\"logo\":{\"@type\":\"ImageObject\",\"inLanguage\":\"fr-FR\",\"@id\":\"https:\/\/kapitalis.com\/tunisie\/#\/schema\/logo\/image\/\",\"url\":\"https:\/\/kapitalis.com\/tunisie\/wp-content\/uploads\/2022\/05\/Kapitalis-big-size.png\",\"contentUrl\":\"https:\/\/kapitalis.com\/tunisie\/wp-content\/uploads\/2022\/05\/Kapitalis-big-size.png\",\"width\":5000,\"height\":1500,\"caption\":\"Kapitalis\"},\"image\":{\"@id\":\"https:\/\/kapitalis.com\/tunisie\/#\/schema\/logo\/image\/\"},\"sameAs\":[\"https:\/\/www.facebook.com\/KapitalisInfo\/\",\"https:\/\/x.com\/KapitalisInfo\",\"https:\/\/www.youtube.com\/channel\/UC-yDYrHyfFBWWZaOw3FPg9Q\"]},{\"@type\":\"Person\",\"@id\":\"https:\/\/kapitalis.com\/tunisie\/#\/schema\/person\/2c6e134b2f3369dffcd1daf5f087d28b\",\"name\":\"emna benabdallah\",\"url\":\"https:\/\/kapitalis.com\/tunisie\/author\/emna\/\"}]}<\/script>\n<!-- \/ Yoast SEO plugin. -->","yoast_head_json":{"title":"Arr\u00eat de diffusion de l'\u00e9mission \"Ma Lam Youkal\" sur Attessia TV - Kapitalis","robots":{"index":"index","follow":"follow","max-snippet":"max-snippet:-1","max-image-preview":"max-image-preview:large","max-video-preview":"max-video-preview:-1"},"canonical":"https:\/\/kapitalis.com\/tunisie\/2018\/12\/25\/arret-de-diffusion-de-lemission-ma-lam-youkal-sur-attessia-tv\/","og_locale":"fr_FR","og_type":"article","og_title":"Arr\u00eat de diffusion de l'\u00e9mission \"Ma Lam Youkal\" sur Attessia TV - Kapitalis","og_description":"Les t\u00e9l\u00e9spectateurs habitu\u00e9s \u00e0 regarder chaque dimanche soir \u00ab\u00a0Ma Lam Youkal\u00a0\u00bb, diffus\u00e9e sur la cha\u00eene priv\u00e9e Attessia, ne pourront plus regarder cette \u00e9mission sp\u00e9cialis\u00e9e d&rsquo;investigation.\u00a0\u00a0","og_url":"https:\/\/kapitalis.com\/tunisie\/2018\/12\/25\/arret-de-diffusion-de-lemission-ma-lam-youkal-sur-attessia-tv\/","og_site_name":"Kapitalis","article_publisher":"https:\/\/www.facebook.com\/KapitalisInfo\/","article_published_time":"2018-12-25T15:13:24+00:00","og_image":[{"width":1200,"height":630,"url":"https:\/\/kapitalis.com\/tunisie\/wp-content\/uploads\/2022\/05\/kapitalis-logo-fb.png","type":"image\/png"}],"author":"emna benabdallah","twitter_card":"summary_large_image","twitter_creator":"@KapitalisInfo","twitter_site":"@KapitalisInfo","twitter_misc":{"\u00c9crit par":"emna benabdallah","Dur\u00e9e de lecture estim\u00e9e":"1 minute"},"schema":{"@context":"https:\/\/schema.org","@graph":[{"@type":"Article","@id":"https:\/\/kapitalis.com\/tunisie\/2018\/12\/25\/arret-de-diffusion-de-lemission-ma-lam-youkal-sur-attessia-tv\/#article","isPartOf":{"@id":"https:\/\/kapitalis.com\/tunisie\/2018\/12\/25\/arret-de-diffusion-de-lemission-ma-lam-youkal-sur-attessia-tv\/"},"author":{"name":"emna benabdallah","@id":"https:\/\/kapitalis.com\/tunisie\/#\/schema\/person\/2c6e134b2f3369dffcd1daf5f087d28b"},"headline":"Arr\u00eat de diffusion de l&rsquo;\u00e9mission \u00ab\u00a0Ma Lam Youkal\u00a0\u00bb sur Attessia TV","datePublished":"2018-12-25T15:13:24+00:00","mainEntityOfPage":{"@id":"https:\/\/kapitalis.com\/tunisie\/2018\/12\/25\/arret-de-diffusion-de-lemission-ma-lam-youkal-sur-attessia-tv\/"},"wordCount":254,"commentCount":0,"publisher":{"@id":"https:\/\/kapitalis.com\/tunisie\/#organization"},"image":{"@id":"https:\/\/kapitalis.com\/tunisie\/2018\/12\/25\/arret-de-diffusion-de-lemission-ma-lam-youkal-sur-attessia-tv\/#primaryimage"},"thumbnailUrl":"","keywords":["Amine Gara","Attessia TV","Cactus Prod"],"articleSection":["MEDIA","Tunisie"],"inLanguage":"fr-FR","potentialAction":[{"@type":"CommentAction","name":"Comment","target":["https:\/\/kapitalis.com\/tunisie\/2018\/12\/25\/arret-de-diffusion-de-lemission-ma-lam-youkal-sur-attessia-tv\/#respond"]}]},{"@type":"WebPage","@id":"https:\/\/kapitalis.com\/tunisie\/2018\/12\/25\/arret-de-diffusion-de-lemission-ma-lam-youkal-sur-attessia-tv\/","url":"https:\/\/kapitalis.com\/tunisie\/2018\/12\/25\/arret-de-diffusion-de-lemission-ma-lam-youkal-sur-attessia-tv\/","name":"Arr\u00eat de diffusion de l'\u00e9mission \"Ma Lam Youkal\" sur Attessia TV - Kapitalis","isPartOf":{"@id":"https:\/\/kapitalis.com\/tunisie\/#website"},"primaryImageOfPage":{"@id":"https:\/\/kapitalis.com\/tunisie\/2018\/12\/25\/arret-de-diffusion-de-lemission-ma-lam-youkal-sur-attessia-tv\/#primaryimage"},"image":{"@id":"https:\/\/kapitalis.com\/tunisie\/2018\/12\/25\/arret-de-diffusion-de-lemission-ma-lam-youkal-sur-attessia-tv\/#primaryimage"},"thumbnailUrl":"","datePublished":"2018-12-25T15:13:24+00:00","breadcrumb":{"@id":"https:\/\/kapitalis.com\/tunisie\/2018\/12\/25\/arret-de-diffusion-de-lemission-ma-lam-youkal-sur-attessia-tv\/#breadcrumb"},"inLanguage":"fr-FR","potentialAction":[{"@type":"ReadAction","target":["https:\/\/kapitalis.com\/tunisie\/2018\/12\/25\/arret-de-diffusion-de-lemission-ma-lam-youkal-sur-attessia-tv\/"]}]},{"@type":"ImageObject","inLanguage":"fr-FR","@id":"https:\/\/kapitalis.com\/tunisie\/2018\/12\/25\/arret-de-diffusion-de-lemission-ma-lam-youkal-sur-attessia-tv\/#primaryimage","url":"","contentUrl":""},{"@type":"BreadcrumbList","@id":"https:\/\/kapitalis.com\/tunisie\/2018\/12\/25\/arret-de-diffusion-de-lemission-ma-lam-youkal-sur-attessia-tv\/#breadcrumb","itemListElement":[{"@type":"ListItem","position":1,"name":"Accueil","item":"https:\/\/kapitalis.com\/tunisie\/"},{"@type":"ListItem","position":2,"name":"Arr\u00eat de diffusion de l&rsquo;\u00e9mission \u00ab\u00a0Ma Lam Youkal\u00a0\u00bb sur Attessia TV"}]},{"@type":"WebSite","@id":"https:\/\/kapitalis.com\/tunisie\/#website","url":"https:\/\/kapitalis.com\/tunisie\/","name":"Kapitalis","description":"L&#039;actualit\u00e9 en Tunisie et dans le monde","publisher":{"@id":"https:\/\/kapitalis.com\/tunisie\/#organization"},"potentialAction":[{"@type":"SearchAction","target":{"@type":"EntryPoint","urlTemplate":"https:\/\/kapitalis.com\/tunisie\/?s={search_term_string}"},"query-input":{"@type":"PropertyValueSpecification","valueRequired":true,"valueName":"search_term_string"}}],"inLanguage":"fr-FR"},{"@type":"Organization","@id":"https:\/\/kapitalis.com\/tunisie\/#organization","name":"Kapitalis","url":"https:\/\/kapitalis.com\/tunisie\/","logo":{"@type":"ImageObject","inLanguage":"fr-FR","@id":"https:\/\/kapitalis.com\/tunisie\/#\/schema\/logo\/image\/","url":"https:\/\/kapitalis.com\/tunisie\/wp-content\/uploads\/2022\/05\/Kapitalis-big-size.png","contentUrl":"https:\/\/kapitalis.com\/tunisie\/wp-content\/uploads\/2022\/05\/Kapitalis-big-size.png","width":5000,"height":1500,"caption":"Kapitalis"},"image":{"@id":"https:\/\/kapitalis.com\/tunisie\/#\/schema\/logo\/image\/"},"sameAs":["https:\/\/www.facebook.com\/KapitalisInfo\/","https:\/\/x.com\/KapitalisInfo","https:\/\/www.youtube.com\/channel\/UC-yDYrHyfFBWWZaOw3FPg9Q"]},{"@type":"Person","@id":"https:\/\/kapitalis.com\/tunisie\/#\/schema\/person\/2c6e134b2f3369dffcd1daf5f087d28b","name":"emna benabdallah","url":"https:\/\/kapitalis.com\/tunisie\/author\/emna\/"}]}},"_links":{"self":[{"href":"https:\/\/kapitalis.com\/tunisie\/wp-json\/wp\/v2\/posts\/190480","targetHints":{"allow":["GET"]}}],"collection":[{"href":"https:\/\/kapitalis.com\/tunisie\/wp-json\/wp\/v2\/posts"}],"about":[{"href":"https:\/\/kapitalis.com\/tunisie\/wp-json\/wp\/v2\/types\/post"}],"author":[{"embeddable":true,"href":"https:\/\/kapitalis.com\/tunisie\/wp-json\/wp\/v2\/users\/16"}],"replies":[{"embeddable":true,"href":"https:\/\/kapitalis.com\/tunisie\/wp-json\/wp\/v2\/comments?post=190480"}],"version-history":[{"count":0,"href":"https:\/\/kapitalis.com\/tunisie\/wp-json\/wp\/v2\/posts\/190480\/revisions"}],"wp:featuredmedia":[{"embeddable":true,"href":"https:\/\/kapitalis.com\/tunisie\/wp-json\/wp\/v2\/media\/190483"}],"wp:attachment":[{"href":"https:\/\/kapitalis.com\/tunisie\/wp-json\/wp\/v2\/media?parent=190480"}],"wp:term":[{"taxonomy":"category","embeddable":true,"href":"https:\/\/kapitalis.com\/tunisie\/wp-json\/wp\/v2\/categories?post=190480"},{"taxonomy":"post_tag","embeddable":true,"href":"https:\/\/kapitalis.com\/tunisie\/wp-json\/wp\/v2\/tags?post=190480"}],"curies":[{"name":"wp","href":"https:\/\/api.w.org\/{rel}","templated":true}]}}