{"id":190548,"date":"2018-12-26T09:43:11","date_gmt":"2018-12-26T08:43:11","guid":{"rendered":"http:\/\/kapitalis.com\/tunisie\/?p=190548"},"modified":"2018-12-26T09:48:13","modified_gmt":"2018-12-26T08:48:13","slug":"ben-fredj-une-equipe-a-prepare-en-avance-limmolation-dabderrazak-zorgui","status":"publish","type":"post","link":"https:\/\/kapitalis.com\/tunisie\/2018\/12\/26\/ben-fredj-une-equipe-a-prepare-en-avance-limmolation-dabderrazak-zorgui\/","title":{"rendered":"Ben Fredj : Un groupe a pr\u00e9par\u00e9 l&rsquo;immolation par le feu d&rsquo;Abderrazak Zorgui"},"content":{"rendered":"<p style=\"text-align: center;\"><img loading=\"lazy\" decoding=\"async\" class=\"alignnone size-full wp-image-190552\" src=\"http:\/\/kapitalis.com\/tunisie\/wp-content\/uploads\/2018\/12\/Abderrazak-Zorgui_Kasserine.jpg\" alt=\"\" width=\"626\" height=\"380\" \/><\/p>\n<p><em><strong>Selon Sahbi Ben Fredj, d\u00e9put\u00e9 du bloc parlementaire de la Coalition nationale, la sc\u00e8ne d&rsquo;immolation par le feu de Abderrazak Zorgui, correspondant de Telvza TV \u00e0 Kasserine, d\u00e9c\u00e9d\u00e9 peu de temps apr\u00e8s les faits, a \u00e9t\u00e9 soigneusement pr\u00e9par\u00e9e par un groupe d&rsquo;individus.<\/strong><\/em><!--more--><\/p>\n<p>M. Ben Fredj avance cette hypoth\u00e8se\u00a0apr\u00e8s examen de la derni\u00e8re vid\u00e9o live du d\u00e9funt, \u00e2g\u00e9 de 29 ans et p\u00e8re de 2 enfants, o\u00f9 il semblait recevoir des instructions d&rsquo;une ou de plusieurs personnes, dans son oreillette, avant de commettre l&rsquo;irr\u00e9parable, en plein jour, \u00e0 la place des Martyrs, \u00e0 Kasserine. Le choix du lieu et de sa symbolique n&rsquo;est pas anodin.<\/p>\n<p>Cette s\u00e9quence prouve qu&rsquo;un groupe a pr\u00e9par\u00e9 cet acte d&rsquo;immolation en apportant la bouteille d&rsquo;essence, en choisissant l&rsquo;heure et le lieu, en diffusant sur Facebook la vid\u00e9o de l&rsquo;immolation par le feu, en pr\u00e9parant un discours r\u00e9volutionnaire appelant les citoyens \u00e0 sortir dans les rues pour protester contre le gouvernement et scander des slogans relatifs au ch\u00f4mage et \u00e0 la pauvret\u00e9, croit pouvoir avancer le d\u00e9put\u00e9.<\/p>\n<p>\u00ab<em>Le groupe se rend \u00e0 la place des Martyrs puis soudain &#8211; comme si tout n&rsquo;\u00e9tait pas programm\u00e9 &#8211; les flammes surgissent, mais dans le dos de Abderrazak. Lorsqu&rsquo;un individu se suicide en s&rsquo;immolant par le feu, ses mouvements sont g\u00e9n\u00e9ralement diff\u00e9rents de ceux que l&rsquo;on a vus: verticaux et saccad\u00e9s. Comme si la personne essaie, instinctivement, d&rsquo;\u00e9teindre le feu qui d\u00e9vore sa poitrine et son visage. Or, dans ce contexte, le jeune homme courait dans tous les sens. Le groupe de travail et de tournage \u00e9tait surpris et n&rsquo;a pas pu filmer la sc\u00e8ne comme il l&rsquo;entendait<\/em>\u00bb, a analys\u00e9 M. Ben Fredj dans un post Facebook publi\u00e9 hier, mardi 25 d\u00e9cembre 2018.<\/p>\n<p style=\"text-align: center;\"><img loading=\"lazy\" decoding=\"async\" class=\"alignnone size-full wp-image-190553\" src=\"http:\/\/kapitalis.com\/tunisie\/wp-content\/uploads\/2018\/12\/Statut-Sahbi-Ben-Fredj.jpg\" alt=\"\" width=\"516\" height=\"392\" \/><\/p>\n<p>Le parlementaire a, par ailleurs, tenu pour responsable les membres du groupe accompagnant Abderrazek Zorgui qui\u00a0 n&rsquo;a m\u00eame pas essay\u00e9 d&rsquo;intervenir \u00e0 temps pour dissuader le d\u00e9funt ou essayer de l&rsquo;aider.<\/p>\n<p>Notons que le minist\u00e8re public a plac\u00e9 en garde \u00e0 vue, hier, un jeune de 18 ans suspect\u00e9 d&rsquo;\u00eatre impliqu\u00e9 dans cette affaire. D&rsquo;autres individus ont \u00e9t\u00e9 entendus par le juge d&rsquo;instruction du tribunal de premi\u00e8re instance de Kasserine dans le cadre de cette enqu\u00eate.<\/p>\n<p>Les hypoth\u00e8ses de M. Ben Fredj peuvent para\u00eetre saugrenues et tir\u00e9es par les cheveux, elles n&rsquo;en m\u00e9ritent pas moins d&rsquo;\u00eatre examin\u00e9es.<\/p>\n<p style=\"text-align: right;\"><strong>E. B. A.<\/strong><\/p>\n<blockquote class=\"wp-embedded-content\" data-secret=\"8zuLhYogpP\"><p><a href=\"https:\/\/kapitalis.com\/tunisie\/2018\/12\/24\/kasserine-deces-dabderrazak-zorgui-correspondant-de-telvza-tv\/\">Kasserine : D\u00e9c\u00e8s d&rsquo;Abderrazak Zorgui, correspondant de Telvza TV<\/a><\/p><\/blockquote>\n<p><iframe loading=\"lazy\" class=\"wp-embedded-content\" sandbox=\"allow-scripts\" security=\"restricted\" style=\"position: absolute; clip: rect(1px, 1px, 1px, 1px);\" title=\"\u00ab\u00a0Kasserine : D\u00e9c\u00e8s d&rsquo;Abderrazak Zorgui, correspondant de Telvza TV\u00a0\u00bb &#8212; Kapitalis\" src=\"https:\/\/kapitalis.com\/tunisie\/2018\/12\/24\/kasserine-deces-dabderrazak-zorgui-correspondant-de-telvza-tv\/embed\/#?secret=CJnQBlKcxT#?secret=8zuLhYogpP\" data-secret=\"8zuLhYogpP\" width=\"600\" height=\"338\" frameborder=\"0\" marginwidth=\"0\" marginheight=\"0\" scrolling=\"no\"><\/iframe><\/p>\n<blockquote class=\"wp-embedded-content\" data-secret=\"ig5aFmVLKI\"><p><a href=\"https:\/\/kapitalis.com\/tunisie\/2018\/12\/25\/kasserine-deces-da-zorgui-immole-par-le-feu-arrestation-dun-jeune-suspect\/\">Kasserine: D\u00e9c\u00e8s d\u2019A. Zorgui immol\u00e9 par le feu, arrestation d&rsquo;un jeune suspect<\/a><\/p><\/blockquote>\n<p><iframe loading=\"lazy\" class=\"wp-embedded-content\" sandbox=\"allow-scripts\" security=\"restricted\" style=\"position: absolute; clip: rect(1px, 1px, 1px, 1px);\" title=\"\u00ab\u00a0Kasserine: D\u00e9c\u00e8s d\u2019A. Zorgui immol\u00e9 par le feu, arrestation d&rsquo;un jeune suspect\u00a0\u00bb &#8212; Kapitalis\" src=\"https:\/\/kapitalis.com\/tunisie\/2018\/12\/25\/kasserine-deces-da-zorgui-immole-par-le-feu-arrestation-dun-jeune-suspect\/embed\/#?secret=rtQbzMWR0Q#?secret=ig5aFmVLKI\" data-secret=\"ig5aFmVLKI\" width=\"600\" height=\"338\" frameborder=\"0\" marginwidth=\"0\" marginheight=\"0\" scrolling=\"no\"><\/iframe><\/p>\n<p>&nbsp;<\/p>\n","protected":false},"excerpt":{"rendered":"<p>Selon Sahbi Ben Fredj, d\u00e9put\u00e9 du bloc parlementaire de la Coalition nationale, la sc\u00e8ne d&rsquo;immolation par le feu de Abderrazak Zorgui, correspondant de Telvza TV \u00e0 Kasserine, d\u00e9c\u00e9d\u00e9 peu de temps apr\u00e8s les faits, a \u00e9t\u00e9 soigneusement pr\u00e9par\u00e9e par un groupe d&rsquo;individus.<\/p>\n","protected":false},"author":16,"featured_media":190552,"comment_status":"open","ping_status":"open","sticky":false,"template":"","format":"standard","meta":{"footnotes":""},"categories":[998,2433],"tags":[54055,525,12051,53754],"class_list":["post-190548","post","type-post","status-publish","format-standard","has-post-thumbnail","hentry","category-societe","category-tunisie","tag-abderrazak-zorgui","tag-kasserine","tag-sahbi-ben-fredj","tag-telvza-tv"],"yoast_head":"<!-- This site is optimized with the Yoast SEO plugin v26.6 - https:\/\/yoast.com\/wordpress\/plugins\/seo\/ -->\n<title>Ben Fredj : Un groupe a pr\u00e9par\u00e9 l&#039;immolation par le feu d&#039;Abderrazak Zorgui - Kapitalis<\/title>\n<meta name=\"robots\" content=\"index, follow, max-snippet:-1, max-image-preview:large, max-video-preview:-1\" \/>\n<link rel=\"canonical\" href=\"https:\/\/kapitalis.com\/tunisie\/2018\/12\/26\/ben-fredj-une-equipe-a-prepare-en-avance-limmolation-dabderrazak-zorgui\/\" \/>\n<meta property=\"og:locale\" content=\"fr_FR\" \/>\n<meta property=\"og:type\" content=\"article\" \/>\n<meta property=\"og:title\" content=\"Ben Fredj : Un groupe a pr\u00e9par\u00e9 l&#039;immolation par le feu d&#039;Abderrazak Zorgui - Kapitalis\" \/>\n<meta property=\"og:description\" content=\"Selon Sahbi Ben Fredj, d\u00e9put\u00e9 du bloc parlementaire de la Coalition nationale, la sc\u00e8ne d&rsquo;immolation par le feu de Abderrazak Zorgui, correspondant de Telvza TV \u00e0 Kasserine, d\u00e9c\u00e9d\u00e9 peu de temps apr\u00e8s les faits, a \u00e9t\u00e9 soigneusement pr\u00e9par\u00e9e par un groupe d&rsquo;individus.\" \/>\n<meta property=\"og:url\" content=\"https:\/\/kapitalis.com\/tunisie\/2018\/12\/26\/ben-fredj-une-equipe-a-prepare-en-avance-limmolation-dabderrazak-zorgui\/\" \/>\n<meta property=\"og:site_name\" content=\"Kapitalis\" \/>\n<meta property=\"article:publisher\" content=\"https:\/\/www.facebook.com\/KapitalisInfo\/\" \/>\n<meta property=\"article:published_time\" content=\"2018-12-26T08:43:11+00:00\" \/>\n<meta property=\"article:modified_time\" content=\"2018-12-26T08:48:13+00:00\" \/>\n<meta property=\"og:image\" content=\"https:\/\/kapitalis.com\/tunisie\/wp-content\/uploads\/2022\/05\/kapitalis-logo-fb.png\" \/>\n\t<meta property=\"og:image:width\" content=\"1200\" \/>\n\t<meta property=\"og:image:height\" content=\"630\" \/>\n\t<meta property=\"og:image:type\" content=\"image\/png\" \/>\n<meta name=\"author\" content=\"emna benabdallah\" \/>\n<meta name=\"twitter:card\" content=\"summary_large_image\" \/>\n<meta name=\"twitter:creator\" content=\"@KapitalisInfo\" \/>\n<meta name=\"twitter:site\" content=\"@KapitalisInfo\" \/>\n<meta name=\"twitter:label1\" content=\"\u00c9crit par\" \/>\n\t<meta name=\"twitter:data1\" content=\"emna benabdallah\" \/>\n\t<meta name=\"twitter:label2\" content=\"Dur\u00e9e de lecture estim\u00e9e\" \/>\n\t<meta name=\"twitter:data2\" content=\"2 minutes\" \/>\n<script type=\"application\/ld+json\" class=\"yoast-schema-graph\">{\"@context\":\"https:\/\/schema.org\",\"@graph\":[{\"@type\":\"Article\",\"@id\":\"https:\/\/kapitalis.com\/tunisie\/2018\/12\/26\/ben-fredj-une-equipe-a-prepare-en-avance-limmolation-dabderrazak-zorgui\/#article\",\"isPartOf\":{\"@id\":\"https:\/\/kapitalis.com\/tunisie\/2018\/12\/26\/ben-fredj-une-equipe-a-prepare-en-avance-limmolation-dabderrazak-zorgui\/\"},\"author\":{\"name\":\"emna benabdallah\",\"@id\":\"https:\/\/kapitalis.com\/tunisie\/#\/schema\/person\/2c6e134b2f3369dffcd1daf5f087d28b\"},\"headline\":\"Ben Fredj : Un groupe a pr\u00e9par\u00e9 l&rsquo;immolation par le feu d&rsquo;Abderrazak Zorgui\",\"datePublished\":\"2018-12-26T08:43:11+00:00\",\"dateModified\":\"2018-12-26T08:48:13+00:00\",\"mainEntityOfPage\":{\"@id\":\"https:\/\/kapitalis.com\/tunisie\/2018\/12\/26\/ben-fredj-une-equipe-a-prepare-en-avance-limmolation-dabderrazak-zorgui\/\"},\"wordCount\":437,\"commentCount\":0,\"publisher\":{\"@id\":\"https:\/\/kapitalis.com\/tunisie\/#organization\"},\"image\":{\"@id\":\"https:\/\/kapitalis.com\/tunisie\/2018\/12\/26\/ben-fredj-une-equipe-a-prepare-en-avance-limmolation-dabderrazak-zorgui\/#primaryimage\"},\"thumbnailUrl\":\"\",\"keywords\":[\"Abderrazak Zorgui\",\"Kasserine\",\"Sahbi Ben Fredj\",\"Telvza TV\"],\"articleSection\":[\"SOCIETE\",\"Tunisie\"],\"inLanguage\":\"fr-FR\",\"potentialAction\":[{\"@type\":\"CommentAction\",\"name\":\"Comment\",\"target\":[\"https:\/\/kapitalis.com\/tunisie\/2018\/12\/26\/ben-fredj-une-equipe-a-prepare-en-avance-limmolation-dabderrazak-zorgui\/#respond\"]}]},{\"@type\":\"WebPage\",\"@id\":\"https:\/\/kapitalis.com\/tunisie\/2018\/12\/26\/ben-fredj-une-equipe-a-prepare-en-avance-limmolation-dabderrazak-zorgui\/\",\"url\":\"https:\/\/kapitalis.com\/tunisie\/2018\/12\/26\/ben-fredj-une-equipe-a-prepare-en-avance-limmolation-dabderrazak-zorgui\/\",\"name\":\"Ben Fredj : Un groupe a pr\u00e9par\u00e9 l'immolation par le feu d'Abderrazak Zorgui - Kapitalis\",\"isPartOf\":{\"@id\":\"https:\/\/kapitalis.com\/tunisie\/#website\"},\"primaryImageOfPage\":{\"@id\":\"https:\/\/kapitalis.com\/tunisie\/2018\/12\/26\/ben-fredj-une-equipe-a-prepare-en-avance-limmolation-dabderrazak-zorgui\/#primaryimage\"},\"image\":{\"@id\":\"https:\/\/kapitalis.com\/tunisie\/2018\/12\/26\/ben-fredj-une-equipe-a-prepare-en-avance-limmolation-dabderrazak-zorgui\/#primaryimage\"},\"thumbnailUrl\":\"\",\"datePublished\":\"2018-12-26T08:43:11+00:00\",\"dateModified\":\"2018-12-26T08:48:13+00:00\",\"breadcrumb\":{\"@id\":\"https:\/\/kapitalis.com\/tunisie\/2018\/12\/26\/ben-fredj-une-equipe-a-prepare-en-avance-limmolation-dabderrazak-zorgui\/#breadcrumb\"},\"inLanguage\":\"fr-FR\",\"potentialAction\":[{\"@type\":\"ReadAction\",\"target\":[\"https:\/\/kapitalis.com\/tunisie\/2018\/12\/26\/ben-fredj-une-equipe-a-prepare-en-avance-limmolation-dabderrazak-zorgui\/\"]}]},{\"@type\":\"ImageObject\",\"inLanguage\":\"fr-FR\",\"@id\":\"https:\/\/kapitalis.com\/tunisie\/2018\/12\/26\/ben-fredj-une-equipe-a-prepare-en-avance-limmolation-dabderrazak-zorgui\/#primaryimage\",\"url\":\"\",\"contentUrl\":\"\"},{\"@type\":\"BreadcrumbList\",\"@id\":\"https:\/\/kapitalis.com\/tunisie\/2018\/12\/26\/ben-fredj-une-equipe-a-prepare-en-avance-limmolation-dabderrazak-zorgui\/#breadcrumb\",\"itemListElement\":[{\"@type\":\"ListItem\",\"position\":1,\"name\":\"Accueil\",\"item\":\"https:\/\/kapitalis.com\/tunisie\/\"},{\"@type\":\"ListItem\",\"position\":2,\"name\":\"Ben Fredj : Un groupe a pr\u00e9par\u00e9 l&rsquo;immolation par le feu d&rsquo;Abderrazak Zorgui\"}]},{\"@type\":\"WebSite\",\"@id\":\"https:\/\/kapitalis.com\/tunisie\/#website\",\"url\":\"https:\/\/kapitalis.com\/tunisie\/\",\"name\":\"Kapitalis\",\"description\":\"L&#039;actualit\u00e9 en Tunisie et dans le monde\",\"publisher\":{\"@id\":\"https:\/\/kapitalis.com\/tunisie\/#organization\"},\"potentialAction\":[{\"@type\":\"SearchAction\",\"target\":{\"@type\":\"EntryPoint\",\"urlTemplate\":\"https:\/\/kapitalis.com\/tunisie\/?s={search_term_string}\"},\"query-input\":{\"@type\":\"PropertyValueSpecification\",\"valueRequired\":true,\"valueName\":\"search_term_string\"}}],\"inLanguage\":\"fr-FR\"},{\"@type\":\"Organization\",\"@id\":\"https:\/\/kapitalis.com\/tunisie\/#organization\",\"name\":\"Kapitalis\",\"url\":\"https:\/\/kapitalis.com\/tunisie\/\",\"logo\":{\"@type\":\"ImageObject\",\"inLanguage\":\"fr-FR\",\"@id\":\"https:\/\/kapitalis.com\/tunisie\/#\/schema\/logo\/image\/\",\"url\":\"https:\/\/kapitalis.com\/tunisie\/wp-content\/uploads\/2022\/05\/Kapitalis-big-size.png\",\"contentUrl\":\"https:\/\/kapitalis.com\/tunisie\/wp-content\/uploads\/2022\/05\/Kapitalis-big-size.png\",\"width\":5000,\"height\":1500,\"caption\":\"Kapitalis\"},\"image\":{\"@id\":\"https:\/\/kapitalis.com\/tunisie\/#\/schema\/logo\/image\/\"},\"sameAs\":[\"https:\/\/www.facebook.com\/KapitalisInfo\/\",\"https:\/\/x.com\/KapitalisInfo\",\"https:\/\/www.youtube.com\/channel\/UC-yDYrHyfFBWWZaOw3FPg9Q\"]},{\"@type\":\"Person\",\"@id\":\"https:\/\/kapitalis.com\/tunisie\/#\/schema\/person\/2c6e134b2f3369dffcd1daf5f087d28b\",\"name\":\"emna benabdallah\",\"url\":\"https:\/\/kapitalis.com\/tunisie\/author\/emna\/\"}]}<\/script>\n<!-- \/ Yoast SEO plugin. -->","yoast_head_json":{"title":"Ben Fredj : Un groupe a pr\u00e9par\u00e9 l'immolation par le feu d'Abderrazak Zorgui - Kapitalis","robots":{"index":"index","follow":"follow","max-snippet":"max-snippet:-1","max-image-preview":"max-image-preview:large","max-video-preview":"max-video-preview:-1"},"canonical":"https:\/\/kapitalis.com\/tunisie\/2018\/12\/26\/ben-fredj-une-equipe-a-prepare-en-avance-limmolation-dabderrazak-zorgui\/","og_locale":"fr_FR","og_type":"article","og_title":"Ben Fredj : Un groupe a pr\u00e9par\u00e9 l'immolation par le feu d'Abderrazak Zorgui - Kapitalis","og_description":"Selon Sahbi Ben Fredj, d\u00e9put\u00e9 du bloc parlementaire de la Coalition nationale, la sc\u00e8ne d&rsquo;immolation par le feu de Abderrazak Zorgui, correspondant de Telvza TV \u00e0 Kasserine, d\u00e9c\u00e9d\u00e9 peu de temps apr\u00e8s les faits, a \u00e9t\u00e9 soigneusement pr\u00e9par\u00e9e par un groupe d&rsquo;individus.","og_url":"https:\/\/kapitalis.com\/tunisie\/2018\/12\/26\/ben-fredj-une-equipe-a-prepare-en-avance-limmolation-dabderrazak-zorgui\/","og_site_name":"Kapitalis","article_publisher":"https:\/\/www.facebook.com\/KapitalisInfo\/","article_published_time":"2018-12-26T08:43:11+00:00","article_modified_time":"2018-12-26T08:48:13+00:00","og_image":[{"width":1200,"height":630,"url":"https:\/\/kapitalis.com\/tunisie\/wp-content\/uploads\/2022\/05\/kapitalis-logo-fb.png","type":"image\/png"}],"author":"emna benabdallah","twitter_card":"summary_large_image","twitter_creator":"@KapitalisInfo","twitter_site":"@KapitalisInfo","twitter_misc":{"\u00c9crit par":"emna benabdallah","Dur\u00e9e de lecture estim\u00e9e":"2 minutes"},"schema":{"@context":"https:\/\/schema.org","@graph":[{"@type":"Article","@id":"https:\/\/kapitalis.com\/tunisie\/2018\/12\/26\/ben-fredj-une-equipe-a-prepare-en-avance-limmolation-dabderrazak-zorgui\/#article","isPartOf":{"@id":"https:\/\/kapitalis.com\/tunisie\/2018\/12\/26\/ben-fredj-une-equipe-a-prepare-en-avance-limmolation-dabderrazak-zorgui\/"},"author":{"name":"emna benabdallah","@id":"https:\/\/kapitalis.com\/tunisie\/#\/schema\/person\/2c6e134b2f3369dffcd1daf5f087d28b"},"headline":"Ben Fredj : Un groupe a pr\u00e9par\u00e9 l&rsquo;immolation par le feu d&rsquo;Abderrazak Zorgui","datePublished":"2018-12-26T08:43:11+00:00","dateModified":"2018-12-26T08:48:13+00:00","mainEntityOfPage":{"@id":"https:\/\/kapitalis.com\/tunisie\/2018\/12\/26\/ben-fredj-une-equipe-a-prepare-en-avance-limmolation-dabderrazak-zorgui\/"},"wordCount":437,"commentCount":0,"publisher":{"@id":"https:\/\/kapitalis.com\/tunisie\/#organization"},"image":{"@id":"https:\/\/kapitalis.com\/tunisie\/2018\/12\/26\/ben-fredj-une-equipe-a-prepare-en-avance-limmolation-dabderrazak-zorgui\/#primaryimage"},"thumbnailUrl":"","keywords":["Abderrazak Zorgui","Kasserine","Sahbi Ben Fredj","Telvza TV"],"articleSection":["SOCIETE","Tunisie"],"inLanguage":"fr-FR","potentialAction":[{"@type":"CommentAction","name":"Comment","target":["https:\/\/kapitalis.com\/tunisie\/2018\/12\/26\/ben-fredj-une-equipe-a-prepare-en-avance-limmolation-dabderrazak-zorgui\/#respond"]}]},{"@type":"WebPage","@id":"https:\/\/kapitalis.com\/tunisie\/2018\/12\/26\/ben-fredj-une-equipe-a-prepare-en-avance-limmolation-dabderrazak-zorgui\/","url":"https:\/\/kapitalis.com\/tunisie\/2018\/12\/26\/ben-fredj-une-equipe-a-prepare-en-avance-limmolation-dabderrazak-zorgui\/","name":"Ben Fredj : Un groupe a pr\u00e9par\u00e9 l'immolation par le feu d'Abderrazak Zorgui - Kapitalis","isPartOf":{"@id":"https:\/\/kapitalis.com\/tunisie\/#website"},"primaryImageOfPage":{"@id":"https:\/\/kapitalis.com\/tunisie\/2018\/12\/26\/ben-fredj-une-equipe-a-prepare-en-avance-limmolation-dabderrazak-zorgui\/#primaryimage"},"image":{"@id":"https:\/\/kapitalis.com\/tunisie\/2018\/12\/26\/ben-fredj-une-equipe-a-prepare-en-avance-limmolation-dabderrazak-zorgui\/#primaryimage"},"thumbnailUrl":"","datePublished":"2018-12-26T08:43:11+00:00","dateModified":"2018-12-26T08:48:13+00:00","breadcrumb":{"@id":"https:\/\/kapitalis.com\/tunisie\/2018\/12\/26\/ben-fredj-une-equipe-a-prepare-en-avance-limmolation-dabderrazak-zorgui\/#breadcrumb"},"inLanguage":"fr-FR","potentialAction":[{"@type":"ReadAction","target":["https:\/\/kapitalis.com\/tunisie\/2018\/12\/26\/ben-fredj-une-equipe-a-prepare-en-avance-limmolation-dabderrazak-zorgui\/"]}]},{"@type":"ImageObject","inLanguage":"fr-FR","@id":"https:\/\/kapitalis.com\/tunisie\/2018\/12\/26\/ben-fredj-une-equipe-a-prepare-en-avance-limmolation-dabderrazak-zorgui\/#primaryimage","url":"","contentUrl":""},{"@type":"BreadcrumbList","@id":"https:\/\/kapitalis.com\/tunisie\/2018\/12\/26\/ben-fredj-une-equipe-a-prepare-en-avance-limmolation-dabderrazak-zorgui\/#breadcrumb","itemListElement":[{"@type":"ListItem","position":1,"name":"Accueil","item":"https:\/\/kapitalis.com\/tunisie\/"},{"@type":"ListItem","position":2,"name":"Ben Fredj : Un groupe a pr\u00e9par\u00e9 l&rsquo;immolation par le feu d&rsquo;Abderrazak Zorgui"}]},{"@type":"WebSite","@id":"https:\/\/kapitalis.com\/tunisie\/#website","url":"https:\/\/kapitalis.com\/tunisie\/","name":"Kapitalis","description":"L&#039;actualit\u00e9 en Tunisie et dans le monde","publisher":{"@id":"https:\/\/kapitalis.com\/tunisie\/#organization"},"potentialAction":[{"@type":"SearchAction","target":{"@type":"EntryPoint","urlTemplate":"https:\/\/kapitalis.com\/tunisie\/?s={search_term_string}"},"query-input":{"@type":"PropertyValueSpecification","valueRequired":true,"valueName":"search_term_string"}}],"inLanguage":"fr-FR"},{"@type":"Organization","@id":"https:\/\/kapitalis.com\/tunisie\/#organization","name":"Kapitalis","url":"https:\/\/kapitalis.com\/tunisie\/","logo":{"@type":"ImageObject","inLanguage":"fr-FR","@id":"https:\/\/kapitalis.com\/tunisie\/#\/schema\/logo\/image\/","url":"https:\/\/kapitalis.com\/tunisie\/wp-content\/uploads\/2022\/05\/Kapitalis-big-size.png","contentUrl":"https:\/\/kapitalis.com\/tunisie\/wp-content\/uploads\/2022\/05\/Kapitalis-big-size.png","width":5000,"height":1500,"caption":"Kapitalis"},"image":{"@id":"https:\/\/kapitalis.com\/tunisie\/#\/schema\/logo\/image\/"},"sameAs":["https:\/\/www.facebook.com\/KapitalisInfo\/","https:\/\/x.com\/KapitalisInfo","https:\/\/www.youtube.com\/channel\/UC-yDYrHyfFBWWZaOw3FPg9Q"]},{"@type":"Person","@id":"https:\/\/kapitalis.com\/tunisie\/#\/schema\/person\/2c6e134b2f3369dffcd1daf5f087d28b","name":"emna benabdallah","url":"https:\/\/kapitalis.com\/tunisie\/author\/emna\/"}]}},"_links":{"self":[{"href":"https:\/\/kapitalis.com\/tunisie\/wp-json\/wp\/v2\/posts\/190548","targetHints":{"allow":["GET"]}}],"collection":[{"href":"https:\/\/kapitalis.com\/tunisie\/wp-json\/wp\/v2\/posts"}],"about":[{"href":"https:\/\/kapitalis.com\/tunisie\/wp-json\/wp\/v2\/types\/post"}],"author":[{"embeddable":true,"href":"https:\/\/kapitalis.com\/tunisie\/wp-json\/wp\/v2\/users\/16"}],"replies":[{"embeddable":true,"href":"https:\/\/kapitalis.com\/tunisie\/wp-json\/wp\/v2\/comments?post=190548"}],"version-history":[{"count":0,"href":"https:\/\/kapitalis.com\/tunisie\/wp-json\/wp\/v2\/posts\/190548\/revisions"}],"wp:featuredmedia":[{"embeddable":true,"href":"https:\/\/kapitalis.com\/tunisie\/wp-json\/wp\/v2\/media\/190552"}],"wp:attachment":[{"href":"https:\/\/kapitalis.com\/tunisie\/wp-json\/wp\/v2\/media?parent=190548"}],"wp:term":[{"taxonomy":"category","embeddable":true,"href":"https:\/\/kapitalis.com\/tunisie\/wp-json\/wp\/v2\/categories?post=190548"},{"taxonomy":"post_tag","embeddable":true,"href":"https:\/\/kapitalis.com\/tunisie\/wp-json\/wp\/v2\/tags?post=190548"}],"curies":[{"name":"wp","href":"https:\/\/api.w.org\/{rel}","templated":true}]}}