{"id":190591,"date":"2018-12-26T13:00:43","date_gmt":"2018-12-26T12:00:43","guid":{"rendered":"http:\/\/kapitalis.com\/tunisie\/?p=190591"},"modified":"2018-12-26T13:00:43","modified_gmt":"2018-12-26T12:00:43","slug":"un-centre-pour-les-sdf-sera-inaugure-en-mars-2019-a-tunis","status":"publish","type":"post","link":"https:\/\/kapitalis.com\/tunisie\/2018\/12\/26\/un-centre-pour-les-sdf-sera-inaugure-en-mars-2019-a-tunis\/","title":{"rendered":"Un centre pour les SDF sera inaugur\u00e9 en mars 2019 \u00e0 Tunis"},"content":{"rendered":"<p style=\"text-align: center;\"><img loading=\"lazy\" decoding=\"async\" class=\"alignnone size-full wp-image-190593\" src=\"http:\/\/kapitalis.com\/tunisie\/wp-content\/uploads\/2018\/12\/SDF.jpg\" alt=\"\" width=\"626\" height=\"380\" \/><\/p>\n<p><em><strong>Chedly Bouallegue, gouverneur de la ville de Tunis, a annonc\u00e9 qu&rsquo;un centre d&rsquo;h\u00e9bergement des sans domicile fixe (SDF) sera ouvert en mars 2019, c&rsquo;est-\u00e0-dire aux derniers jours de la saison hivernale.<\/strong><\/em><!--more--><\/p>\n<p>Dans une d\u00e9claration \u00e0 Mosa\u00efque FM aujourd&rsquo;hui, mercredi 26 d\u00e9cembre 2018, M. Bouallegue a indiqu\u00e9 que le gouvernorat et la mairie de Tunis, ainsi que le minist\u00e8re des Affaires sociales, prendront en charge les frais de construction de ce centre d&rsquo;h\u00e9bergement. Une association sera, par la suite, choisie pour assurer la gestion du centre, a-t-il ajout\u00e9.<\/p>\n<p><em>\u00abNous avons trouv\u00e9 un endroit o\u00f9 construire ce centre. Il sera dans la d\u00e9l\u00e9gation de Sidi El-Bechir. Une convention sera sign\u00e9e entre le gouvernorat de Tunis et une association qui sera charg\u00e9e de la gestion de ce centre. Nous prendrons en charge tous les besoins financiers. Ce centre accueillera\u00a0entre 25 et 30 personnes \u00e2g\u00e9es de 13 \u00e0 78 ans<\/em>\u00bb, a-t-il d\u00e9clar\u00e9.<\/p>\n<p>Le gouverneur a, par ailleurs, indiqu\u00e9 que les SDF pourront seulement passer la nuit dans ce centre et repartir le lendemain. Ils auront \u00e9galement droit \u00e0 un repas chaud, des m\u00e9dicaments, une consultation m\u00e9dicale et des v\u00eatements neufs.<\/p>\n<p style=\"text-align: right;\"><strong style=\"text-align: right;\">E. B. A.<\/strong><\/p>\n<blockquote class=\"wp-embedded-content\" data-secret=\"ge9zRGHxp8\"><p><a href=\"https:\/\/kapitalis.com\/tunisie\/2018\/11\/30\/chedly-bouallegue-bientot-un-centre-pour-les-sdf-a-tunis\/\">Chedly Bouallegue : Bient\u00f4t, un centre pour les SDF \u00e0 Tunis<\/a><\/p><\/blockquote>\n<p><iframe loading=\"lazy\" class=\"wp-embedded-content\" sandbox=\"allow-scripts\" security=\"restricted\" style=\"position: absolute; clip: rect(1px, 1px, 1px, 1px);\" title=\"\u00ab\u00a0Chedly Bouallegue : Bient\u00f4t, un centre pour les SDF \u00e0 Tunis\u00a0\u00bb &#8212; Kapitalis\" src=\"https:\/\/kapitalis.com\/tunisie\/2018\/11\/30\/chedly-bouallegue-bientot-un-centre-pour-les-sdf-a-tunis\/embed\/#?secret=jFka9mTnSV#?secret=ge9zRGHxp8\" data-secret=\"ge9zRGHxp8\" width=\"600\" height=\"338\" frameborder=\"0\" marginwidth=\"0\" marginheight=\"0\" scrolling=\"no\"><\/iframe><\/p>\n<blockquote class=\"wp-embedded-content\" data-secret=\"LBbH2wFtQo\"><p><a href=\"https:\/\/kapitalis.com\/tunisie\/2018\/12\/12\/des-repas-pour-les-demunis-contre-le-gaspillage-alimentaire\/\">Des repas pour les d\u00e9munis contre le gaspillage alimentaire<\/a><\/p><\/blockquote>\n<p><iframe loading=\"lazy\" class=\"wp-embedded-content\" sandbox=\"allow-scripts\" security=\"restricted\" style=\"position: absolute; clip: rect(1px, 1px, 1px, 1px);\" title=\"\u00ab\u00a0Des repas pour les d\u00e9munis contre le gaspillage alimentaire\u00a0\u00bb &#8212; Kapitalis\" src=\"https:\/\/kapitalis.com\/tunisie\/2018\/12\/12\/des-repas-pour-les-demunis-contre-le-gaspillage-alimentaire\/embed\/#?secret=pmqaAUnBDI#?secret=LBbH2wFtQo\" data-secret=\"LBbH2wFtQo\" width=\"600\" height=\"338\" frameborder=\"0\" marginwidth=\"0\" marginheight=\"0\" scrolling=\"no\"><\/iframe><\/p>\n<blockquote class=\"wp-embedded-content\" data-secret=\"U5KtKPFiwd\"><p><a href=\"https:\/\/kapitalis.com\/tunisie\/2018\/08\/22\/ariana-un-sdf-transforme-une-station-de-bus-en-refuge\/\">Ariana : Un SDF transforme une station de bus en refuge<\/a><\/p><\/blockquote>\n<p><iframe loading=\"lazy\" class=\"wp-embedded-content\" sandbox=\"allow-scripts\" security=\"restricted\" style=\"position: absolute; clip: rect(1px, 1px, 1px, 1px);\" title=\"\u00ab\u00a0Ariana : Un SDF transforme une station de bus en refuge\u00a0\u00bb &#8212; Kapitalis\" src=\"https:\/\/kapitalis.com\/tunisie\/2018\/08\/22\/ariana-un-sdf-transforme-une-station-de-bus-en-refuge\/embed\/#?secret=lyopZCL0v4#?secret=U5KtKPFiwd\" data-secret=\"U5KtKPFiwd\" width=\"600\" height=\"338\" frameborder=\"0\" marginwidth=\"0\" marginheight=\"0\" scrolling=\"no\"><\/iframe><\/p>\n","protected":false},"excerpt":{"rendered":"<p>Chedly Bouallegue, gouverneur de la ville de Tunis, a annonc\u00e9 qu&rsquo;un centre d&rsquo;h\u00e9bergement des sans domicile fixe (SDF) sera ouvert en mars 2019, c&rsquo;est-\u00e0-dire aux derniers jours de la saison hivernale.<\/p>\n","protected":false},"author":16,"featured_media":190593,"comment_status":"open","ping_status":"open","sticky":false,"template":"","format":"standard","meta":{"footnotes":""},"categories":[998,2433],"tags":[12936,19708],"class_list":["post-190591","post","type-post","status-publish","format-standard","has-post-thumbnail","hentry","category-societe","category-tunisie","tag-chedly-bouallegue","tag-sdf"],"yoast_head":"<!-- This site is optimized with the Yoast SEO plugin v26.6 - https:\/\/yoast.com\/wordpress\/plugins\/seo\/ -->\n<title>Un centre pour les SDF sera inaugur\u00e9 en mars 2019 \u00e0 Tunis - Kapitalis<\/title>\n<meta name=\"robots\" content=\"index, follow, max-snippet:-1, max-image-preview:large, max-video-preview:-1\" \/>\n<link rel=\"canonical\" href=\"https:\/\/kapitalis.com\/tunisie\/2018\/12\/26\/un-centre-pour-les-sdf-sera-inaugure-en-mars-2019-a-tunis\/\" \/>\n<meta property=\"og:locale\" content=\"fr_FR\" \/>\n<meta property=\"og:type\" content=\"article\" \/>\n<meta property=\"og:title\" content=\"Un centre pour les SDF sera inaugur\u00e9 en mars 2019 \u00e0 Tunis - Kapitalis\" \/>\n<meta property=\"og:description\" content=\"Chedly Bouallegue, gouverneur de la ville de Tunis, a annonc\u00e9 qu&rsquo;un centre d&rsquo;h\u00e9bergement des sans domicile fixe (SDF) sera ouvert en mars 2019, c&rsquo;est-\u00e0-dire aux derniers jours de la saison hivernale.\" \/>\n<meta property=\"og:url\" content=\"https:\/\/kapitalis.com\/tunisie\/2018\/12\/26\/un-centre-pour-les-sdf-sera-inaugure-en-mars-2019-a-tunis\/\" \/>\n<meta property=\"og:site_name\" content=\"Kapitalis\" \/>\n<meta property=\"article:publisher\" content=\"https:\/\/www.facebook.com\/KapitalisInfo\/\" \/>\n<meta property=\"article:published_time\" content=\"2018-12-26T12:00:43+00:00\" \/>\n<meta property=\"og:image\" content=\"https:\/\/kapitalis.com\/tunisie\/wp-content\/uploads\/2022\/05\/kapitalis-logo-fb.png\" \/>\n\t<meta property=\"og:image:width\" content=\"1200\" \/>\n\t<meta property=\"og:image:height\" content=\"630\" \/>\n\t<meta property=\"og:image:type\" content=\"image\/png\" \/>\n<meta name=\"author\" content=\"emna benabdallah\" \/>\n<meta name=\"twitter:card\" content=\"summary_large_image\" \/>\n<meta name=\"twitter:creator\" content=\"@KapitalisInfo\" \/>\n<meta name=\"twitter:site\" content=\"@KapitalisInfo\" \/>\n<meta name=\"twitter:label1\" content=\"\u00c9crit par\" \/>\n\t<meta name=\"twitter:data1\" content=\"emna benabdallah\" \/>\n\t<meta name=\"twitter:label2\" content=\"Dur\u00e9e de lecture estim\u00e9e\" \/>\n\t<meta name=\"twitter:data2\" content=\"1 minute\" \/>\n<script type=\"application\/ld+json\" class=\"yoast-schema-graph\">{\"@context\":\"https:\/\/schema.org\",\"@graph\":[{\"@type\":\"Article\",\"@id\":\"https:\/\/kapitalis.com\/tunisie\/2018\/12\/26\/un-centre-pour-les-sdf-sera-inaugure-en-mars-2019-a-tunis\/#article\",\"isPartOf\":{\"@id\":\"https:\/\/kapitalis.com\/tunisie\/2018\/12\/26\/un-centre-pour-les-sdf-sera-inaugure-en-mars-2019-a-tunis\/\"},\"author\":{\"name\":\"emna benabdallah\",\"@id\":\"https:\/\/kapitalis.com\/tunisie\/#\/schema\/person\/2c6e134b2f3369dffcd1daf5f087d28b\"},\"headline\":\"Un centre pour les SDF sera inaugur\u00e9 en mars 2019 \u00e0 Tunis\",\"datePublished\":\"2018-12-26T12:00:43+00:00\",\"mainEntityOfPage\":{\"@id\":\"https:\/\/kapitalis.com\/tunisie\/2018\/12\/26\/un-centre-pour-les-sdf-sera-inaugure-en-mars-2019-a-tunis\/\"},\"wordCount\":221,\"commentCount\":1,\"publisher\":{\"@id\":\"https:\/\/kapitalis.com\/tunisie\/#organization\"},\"image\":{\"@id\":\"https:\/\/kapitalis.com\/tunisie\/2018\/12\/26\/un-centre-pour-les-sdf-sera-inaugure-en-mars-2019-a-tunis\/#primaryimage\"},\"thumbnailUrl\":\"\",\"keywords\":[\"Chedly Bouall\u00e8gue\",\"SDF\"],\"articleSection\":[\"SOCIETE\",\"Tunisie\"],\"inLanguage\":\"fr-FR\",\"potentialAction\":[{\"@type\":\"CommentAction\",\"name\":\"Comment\",\"target\":[\"https:\/\/kapitalis.com\/tunisie\/2018\/12\/26\/un-centre-pour-les-sdf-sera-inaugure-en-mars-2019-a-tunis\/#respond\"]}]},{\"@type\":\"WebPage\",\"@id\":\"https:\/\/kapitalis.com\/tunisie\/2018\/12\/26\/un-centre-pour-les-sdf-sera-inaugure-en-mars-2019-a-tunis\/\",\"url\":\"https:\/\/kapitalis.com\/tunisie\/2018\/12\/26\/un-centre-pour-les-sdf-sera-inaugure-en-mars-2019-a-tunis\/\",\"name\":\"Un centre pour les SDF sera inaugur\u00e9 en mars 2019 \u00e0 Tunis - Kapitalis\",\"isPartOf\":{\"@id\":\"https:\/\/kapitalis.com\/tunisie\/#website\"},\"primaryImageOfPage\":{\"@id\":\"https:\/\/kapitalis.com\/tunisie\/2018\/12\/26\/un-centre-pour-les-sdf-sera-inaugure-en-mars-2019-a-tunis\/#primaryimage\"},\"image\":{\"@id\":\"https:\/\/kapitalis.com\/tunisie\/2018\/12\/26\/un-centre-pour-les-sdf-sera-inaugure-en-mars-2019-a-tunis\/#primaryimage\"},\"thumbnailUrl\":\"\",\"datePublished\":\"2018-12-26T12:00:43+00:00\",\"breadcrumb\":{\"@id\":\"https:\/\/kapitalis.com\/tunisie\/2018\/12\/26\/un-centre-pour-les-sdf-sera-inaugure-en-mars-2019-a-tunis\/#breadcrumb\"},\"inLanguage\":\"fr-FR\",\"potentialAction\":[{\"@type\":\"ReadAction\",\"target\":[\"https:\/\/kapitalis.com\/tunisie\/2018\/12\/26\/un-centre-pour-les-sdf-sera-inaugure-en-mars-2019-a-tunis\/\"]}]},{\"@type\":\"ImageObject\",\"inLanguage\":\"fr-FR\",\"@id\":\"https:\/\/kapitalis.com\/tunisie\/2018\/12\/26\/un-centre-pour-les-sdf-sera-inaugure-en-mars-2019-a-tunis\/#primaryimage\",\"url\":\"\",\"contentUrl\":\"\"},{\"@type\":\"BreadcrumbList\",\"@id\":\"https:\/\/kapitalis.com\/tunisie\/2018\/12\/26\/un-centre-pour-les-sdf-sera-inaugure-en-mars-2019-a-tunis\/#breadcrumb\",\"itemListElement\":[{\"@type\":\"ListItem\",\"position\":1,\"name\":\"Accueil\",\"item\":\"https:\/\/kapitalis.com\/tunisie\/\"},{\"@type\":\"ListItem\",\"position\":2,\"name\":\"Un centre pour les SDF sera inaugur\u00e9 en mars 2019 \u00e0 Tunis\"}]},{\"@type\":\"WebSite\",\"@id\":\"https:\/\/kapitalis.com\/tunisie\/#website\",\"url\":\"https:\/\/kapitalis.com\/tunisie\/\",\"name\":\"Kapitalis\",\"description\":\"L&#039;actualit\u00e9 en Tunisie et dans le monde\",\"publisher\":{\"@id\":\"https:\/\/kapitalis.com\/tunisie\/#organization\"},\"potentialAction\":[{\"@type\":\"SearchAction\",\"target\":{\"@type\":\"EntryPoint\",\"urlTemplate\":\"https:\/\/kapitalis.com\/tunisie\/?s={search_term_string}\"},\"query-input\":{\"@type\":\"PropertyValueSpecification\",\"valueRequired\":true,\"valueName\":\"search_term_string\"}}],\"inLanguage\":\"fr-FR\"},{\"@type\":\"Organization\",\"@id\":\"https:\/\/kapitalis.com\/tunisie\/#organization\",\"name\":\"Kapitalis\",\"url\":\"https:\/\/kapitalis.com\/tunisie\/\",\"logo\":{\"@type\":\"ImageObject\",\"inLanguage\":\"fr-FR\",\"@id\":\"https:\/\/kapitalis.com\/tunisie\/#\/schema\/logo\/image\/\",\"url\":\"https:\/\/kapitalis.com\/tunisie\/wp-content\/uploads\/2022\/05\/Kapitalis-big-size.png\",\"contentUrl\":\"https:\/\/kapitalis.com\/tunisie\/wp-content\/uploads\/2022\/05\/Kapitalis-big-size.png\",\"width\":5000,\"height\":1500,\"caption\":\"Kapitalis\"},\"image\":{\"@id\":\"https:\/\/kapitalis.com\/tunisie\/#\/schema\/logo\/image\/\"},\"sameAs\":[\"https:\/\/www.facebook.com\/KapitalisInfo\/\",\"https:\/\/x.com\/KapitalisInfo\",\"https:\/\/www.youtube.com\/channel\/UC-yDYrHyfFBWWZaOw3FPg9Q\"]},{\"@type\":\"Person\",\"@id\":\"https:\/\/kapitalis.com\/tunisie\/#\/schema\/person\/2c6e134b2f3369dffcd1daf5f087d28b\",\"name\":\"emna benabdallah\",\"url\":\"https:\/\/kapitalis.com\/tunisie\/author\/emna\/\"}]}<\/script>\n<!-- \/ Yoast SEO plugin. -->","yoast_head_json":{"title":"Un centre pour les SDF sera inaugur\u00e9 en mars 2019 \u00e0 Tunis - Kapitalis","robots":{"index":"index","follow":"follow","max-snippet":"max-snippet:-1","max-image-preview":"max-image-preview:large","max-video-preview":"max-video-preview:-1"},"canonical":"https:\/\/kapitalis.com\/tunisie\/2018\/12\/26\/un-centre-pour-les-sdf-sera-inaugure-en-mars-2019-a-tunis\/","og_locale":"fr_FR","og_type":"article","og_title":"Un centre pour les SDF sera inaugur\u00e9 en mars 2019 \u00e0 Tunis - Kapitalis","og_description":"Chedly Bouallegue, gouverneur de la ville de Tunis, a annonc\u00e9 qu&rsquo;un centre d&rsquo;h\u00e9bergement des sans domicile fixe (SDF) sera ouvert en mars 2019, c&rsquo;est-\u00e0-dire aux derniers jours de la saison hivernale.","og_url":"https:\/\/kapitalis.com\/tunisie\/2018\/12\/26\/un-centre-pour-les-sdf-sera-inaugure-en-mars-2019-a-tunis\/","og_site_name":"Kapitalis","article_publisher":"https:\/\/www.facebook.com\/KapitalisInfo\/","article_published_time":"2018-12-26T12:00:43+00:00","og_image":[{"width":1200,"height":630,"url":"https:\/\/kapitalis.com\/tunisie\/wp-content\/uploads\/2022\/05\/kapitalis-logo-fb.png","type":"image\/png"}],"author":"emna benabdallah","twitter_card":"summary_large_image","twitter_creator":"@KapitalisInfo","twitter_site":"@KapitalisInfo","twitter_misc":{"\u00c9crit par":"emna benabdallah","Dur\u00e9e de lecture estim\u00e9e":"1 minute"},"schema":{"@context":"https:\/\/schema.org","@graph":[{"@type":"Article","@id":"https:\/\/kapitalis.com\/tunisie\/2018\/12\/26\/un-centre-pour-les-sdf-sera-inaugure-en-mars-2019-a-tunis\/#article","isPartOf":{"@id":"https:\/\/kapitalis.com\/tunisie\/2018\/12\/26\/un-centre-pour-les-sdf-sera-inaugure-en-mars-2019-a-tunis\/"},"author":{"name":"emna benabdallah","@id":"https:\/\/kapitalis.com\/tunisie\/#\/schema\/person\/2c6e134b2f3369dffcd1daf5f087d28b"},"headline":"Un centre pour les SDF sera inaugur\u00e9 en mars 2019 \u00e0 Tunis","datePublished":"2018-12-26T12:00:43+00:00","mainEntityOfPage":{"@id":"https:\/\/kapitalis.com\/tunisie\/2018\/12\/26\/un-centre-pour-les-sdf-sera-inaugure-en-mars-2019-a-tunis\/"},"wordCount":221,"commentCount":1,"publisher":{"@id":"https:\/\/kapitalis.com\/tunisie\/#organization"},"image":{"@id":"https:\/\/kapitalis.com\/tunisie\/2018\/12\/26\/un-centre-pour-les-sdf-sera-inaugure-en-mars-2019-a-tunis\/#primaryimage"},"thumbnailUrl":"","keywords":["Chedly Bouall\u00e8gue","SDF"],"articleSection":["SOCIETE","Tunisie"],"inLanguage":"fr-FR","potentialAction":[{"@type":"CommentAction","name":"Comment","target":["https:\/\/kapitalis.com\/tunisie\/2018\/12\/26\/un-centre-pour-les-sdf-sera-inaugure-en-mars-2019-a-tunis\/#respond"]}]},{"@type":"WebPage","@id":"https:\/\/kapitalis.com\/tunisie\/2018\/12\/26\/un-centre-pour-les-sdf-sera-inaugure-en-mars-2019-a-tunis\/","url":"https:\/\/kapitalis.com\/tunisie\/2018\/12\/26\/un-centre-pour-les-sdf-sera-inaugure-en-mars-2019-a-tunis\/","name":"Un centre pour les SDF sera inaugur\u00e9 en mars 2019 \u00e0 Tunis - Kapitalis","isPartOf":{"@id":"https:\/\/kapitalis.com\/tunisie\/#website"},"primaryImageOfPage":{"@id":"https:\/\/kapitalis.com\/tunisie\/2018\/12\/26\/un-centre-pour-les-sdf-sera-inaugure-en-mars-2019-a-tunis\/#primaryimage"},"image":{"@id":"https:\/\/kapitalis.com\/tunisie\/2018\/12\/26\/un-centre-pour-les-sdf-sera-inaugure-en-mars-2019-a-tunis\/#primaryimage"},"thumbnailUrl":"","datePublished":"2018-12-26T12:00:43+00:00","breadcrumb":{"@id":"https:\/\/kapitalis.com\/tunisie\/2018\/12\/26\/un-centre-pour-les-sdf-sera-inaugure-en-mars-2019-a-tunis\/#breadcrumb"},"inLanguage":"fr-FR","potentialAction":[{"@type":"ReadAction","target":["https:\/\/kapitalis.com\/tunisie\/2018\/12\/26\/un-centre-pour-les-sdf-sera-inaugure-en-mars-2019-a-tunis\/"]}]},{"@type":"ImageObject","inLanguage":"fr-FR","@id":"https:\/\/kapitalis.com\/tunisie\/2018\/12\/26\/un-centre-pour-les-sdf-sera-inaugure-en-mars-2019-a-tunis\/#primaryimage","url":"","contentUrl":""},{"@type":"BreadcrumbList","@id":"https:\/\/kapitalis.com\/tunisie\/2018\/12\/26\/un-centre-pour-les-sdf-sera-inaugure-en-mars-2019-a-tunis\/#breadcrumb","itemListElement":[{"@type":"ListItem","position":1,"name":"Accueil","item":"https:\/\/kapitalis.com\/tunisie\/"},{"@type":"ListItem","position":2,"name":"Un centre pour les SDF sera inaugur\u00e9 en mars 2019 \u00e0 Tunis"}]},{"@type":"WebSite","@id":"https:\/\/kapitalis.com\/tunisie\/#website","url":"https:\/\/kapitalis.com\/tunisie\/","name":"Kapitalis","description":"L&#039;actualit\u00e9 en Tunisie et dans le monde","publisher":{"@id":"https:\/\/kapitalis.com\/tunisie\/#organization"},"potentialAction":[{"@type":"SearchAction","target":{"@type":"EntryPoint","urlTemplate":"https:\/\/kapitalis.com\/tunisie\/?s={search_term_string}"},"query-input":{"@type":"PropertyValueSpecification","valueRequired":true,"valueName":"search_term_string"}}],"inLanguage":"fr-FR"},{"@type":"Organization","@id":"https:\/\/kapitalis.com\/tunisie\/#organization","name":"Kapitalis","url":"https:\/\/kapitalis.com\/tunisie\/","logo":{"@type":"ImageObject","inLanguage":"fr-FR","@id":"https:\/\/kapitalis.com\/tunisie\/#\/schema\/logo\/image\/","url":"https:\/\/kapitalis.com\/tunisie\/wp-content\/uploads\/2022\/05\/Kapitalis-big-size.png","contentUrl":"https:\/\/kapitalis.com\/tunisie\/wp-content\/uploads\/2022\/05\/Kapitalis-big-size.png","width":5000,"height":1500,"caption":"Kapitalis"},"image":{"@id":"https:\/\/kapitalis.com\/tunisie\/#\/schema\/logo\/image\/"},"sameAs":["https:\/\/www.facebook.com\/KapitalisInfo\/","https:\/\/x.com\/KapitalisInfo","https:\/\/www.youtube.com\/channel\/UC-yDYrHyfFBWWZaOw3FPg9Q"]},{"@type":"Person","@id":"https:\/\/kapitalis.com\/tunisie\/#\/schema\/person\/2c6e134b2f3369dffcd1daf5f087d28b","name":"emna benabdallah","url":"https:\/\/kapitalis.com\/tunisie\/author\/emna\/"}]}},"_links":{"self":[{"href":"https:\/\/kapitalis.com\/tunisie\/wp-json\/wp\/v2\/posts\/190591","targetHints":{"allow":["GET"]}}],"collection":[{"href":"https:\/\/kapitalis.com\/tunisie\/wp-json\/wp\/v2\/posts"}],"about":[{"href":"https:\/\/kapitalis.com\/tunisie\/wp-json\/wp\/v2\/types\/post"}],"author":[{"embeddable":true,"href":"https:\/\/kapitalis.com\/tunisie\/wp-json\/wp\/v2\/users\/16"}],"replies":[{"embeddable":true,"href":"https:\/\/kapitalis.com\/tunisie\/wp-json\/wp\/v2\/comments?post=190591"}],"version-history":[{"count":0,"href":"https:\/\/kapitalis.com\/tunisie\/wp-json\/wp\/v2\/posts\/190591\/revisions"}],"wp:featuredmedia":[{"embeddable":true,"href":"https:\/\/kapitalis.com\/tunisie\/wp-json\/wp\/v2\/media\/190593"}],"wp:attachment":[{"href":"https:\/\/kapitalis.com\/tunisie\/wp-json\/wp\/v2\/media?parent=190591"}],"wp:term":[{"taxonomy":"category","embeddable":true,"href":"https:\/\/kapitalis.com\/tunisie\/wp-json\/wp\/v2\/categories?post=190591"},{"taxonomy":"post_tag","embeddable":true,"href":"https:\/\/kapitalis.com\/tunisie\/wp-json\/wp\/v2\/tags?post=190591"}],"curies":[{"name":"wp","href":"https:\/\/api.w.org\/{rel}","templated":true}]}}