{"id":190867,"date":"2018-12-27T19:09:33","date_gmt":"2018-12-27T18:09:33","guid":{"rendered":"http:\/\/kapitalis.com\/tunisie\/?p=190867"},"modified":"2018-12-27T19:49:07","modified_gmt":"2018-12-27T18:49:07","slug":"drame-a-oued-ellil-deces-dune-mere-et-de-ses-3-filles-dans-un-incendie","status":"publish","type":"post","link":"https:\/\/kapitalis.com\/tunisie\/2018\/12\/27\/drame-a-oued-ellil-deces-dune-mere-et-de-ses-3-filles-dans-un-incendie\/","title":{"rendered":"Drame \u00e0 Oued Ellil : D\u00e9c\u00e8s d\u2019une m\u00e8re et de ses 3 filles dans un incendie"},"content":{"rendered":"<p style=\"text-align: center;\"><img loading=\"lazy\" decoding=\"async\" class=\"alignnone size-full wp-image-190870\" src=\"http:\/\/kapitalis.com\/tunisie\/wp-content\/uploads\/2018\/12\/pompiers-incendie-protection-civile.jpg\" alt=\"\" width=\"626\" height=\"380\" \/><\/p>\n<p style=\"text-align: center;\"><em>Photo d&rsquo;archives.<\/em><\/p>\n<p><em><strong>Une m\u00e8re et ses trois filles sont mortes aujourd\u2019hui, jeudi 27 d\u00e9cembre 2018, dans un incendie qui s\u2019est d\u00e9clar\u00e9 chez elles \u00e0 la cit\u00e9 El-Ons \u00e0 Oued Ellil (Manouba).<\/strong><\/em><!--more--><\/p>\n<p>La garde nationale et la protection civile se sont rendues sur les lieux et sont venues au bout des flammes mais la maman (60 ans) et ses filles de 23, 25 et 30 ans ont \u00e9t\u00e9 gri\u00e8vement br\u00fbl\u00e9es et sont mortes dans l&rsquo;incendie, pr\u00e9cise le colonel Houssemeddine Jebabli, porte-parole de la garde nationale dans une d\u00e9claration \u00e0 Kapitalis.<\/p>\n<p>L\u2019origine de l\u2019incendie, survenu cet apr\u00e8s midi et qui ravag\u00e9 la maison, est encore inconnue, et les 4 corps ont \u00e9t\u00e9 transport\u00e9s \u00e0 l&rsquo;h\u00f4pital Charles-Nicolle de Tunis, pour une autopsie ordonn\u00e9e dans le cadre de l\u2019enqu\u00eate ouverte par le procureur de la r\u00e9publique, ajoute-t-il.<\/p>\n<p style=\"text-align: right;\"><strong>Y. N.<\/strong><\/p>\n","protected":false},"excerpt":{"rendered":"<p>Photo d&rsquo;archives. Une m\u00e8re et ses trois filles sont mortes aujourd\u2019hui, jeudi 27 d\u00e9cembre 2018, dans un incendie qui s\u2019est d\u00e9clar\u00e9 chez elles \u00e0 la cit\u00e9 El-Ons \u00e0 Oued Ellil (Manouba).<\/p>\n","protected":false},"author":6,"featured_media":190870,"comment_status":"open","ping_status":"open","sticky":false,"template":"","format":"standard","meta":{"footnotes":""},"categories":[998,2433],"tags":[4263,1035,571,5758,754],"class_list":["post-190867","post","type-post","status-publish","format-standard","has-post-thumbnail","hentry","category-societe","category-tunisie","tag-hopital-charles-nicolle","tag-incendie","tag-manouba","tag-oued-ellil","tag-protection-civile"],"yoast_head":"<!-- This site is optimized with the Yoast SEO plugin v26.6 - https:\/\/yoast.com\/wordpress\/plugins\/seo\/ -->\n<title>Drame \u00e0 Oued Ellil : D\u00e9c\u00e8s d\u2019une m\u00e8re et de ses 3 filles dans un incendie - Kapitalis<\/title>\n<meta name=\"robots\" content=\"index, follow, max-snippet:-1, max-image-preview:large, max-video-preview:-1\" \/>\n<link rel=\"canonical\" href=\"https:\/\/kapitalis.com\/tunisie\/2018\/12\/27\/drame-a-oued-ellil-deces-dune-mere-et-de-ses-3-filles-dans-un-incendie\/\" \/>\n<meta property=\"og:locale\" content=\"fr_FR\" \/>\n<meta property=\"og:type\" content=\"article\" \/>\n<meta property=\"og:title\" content=\"Drame \u00e0 Oued Ellil : D\u00e9c\u00e8s d\u2019une m\u00e8re et de ses 3 filles dans un incendie - Kapitalis\" \/>\n<meta property=\"og:description\" content=\"Photo d&rsquo;archives. Une m\u00e8re et ses trois filles sont mortes aujourd\u2019hui, jeudi 27 d\u00e9cembre 2018, dans un incendie qui s\u2019est d\u00e9clar\u00e9 chez elles \u00e0 la cit\u00e9 El-Ons \u00e0 Oued Ellil (Manouba).\" \/>\n<meta property=\"og:url\" content=\"https:\/\/kapitalis.com\/tunisie\/2018\/12\/27\/drame-a-oued-ellil-deces-dune-mere-et-de-ses-3-filles-dans-un-incendie\/\" \/>\n<meta property=\"og:site_name\" content=\"Kapitalis\" \/>\n<meta property=\"article:publisher\" content=\"https:\/\/www.facebook.com\/KapitalisInfo\/\" \/>\n<meta property=\"article:published_time\" content=\"2018-12-27T18:09:33+00:00\" \/>\n<meta property=\"article:modified_time\" content=\"2018-12-27T18:49:07+00:00\" \/>\n<meta property=\"og:image\" content=\"https:\/\/kapitalis.com\/tunisie\/wp-content\/uploads\/2022\/05\/kapitalis-logo-fb.png\" \/>\n\t<meta property=\"og:image:width\" content=\"1200\" \/>\n\t<meta property=\"og:image:height\" content=\"630\" \/>\n\t<meta property=\"og:image:type\" content=\"image\/png\" \/>\n<meta name=\"author\" content=\"Yusra NY\" \/>\n<meta name=\"twitter:card\" content=\"summary_large_image\" \/>\n<meta name=\"twitter:creator\" content=\"@KapitalisInfo\" \/>\n<meta name=\"twitter:site\" content=\"@KapitalisInfo\" \/>\n<meta name=\"twitter:label1\" content=\"\u00c9crit par\" \/>\n\t<meta name=\"twitter:data1\" content=\"Yusra NY\" \/>\n\t<meta name=\"twitter:label2\" content=\"Dur\u00e9e de lecture estim\u00e9e\" \/>\n\t<meta name=\"twitter:data2\" content=\"1 minute\" \/>\n<script type=\"application\/ld+json\" class=\"yoast-schema-graph\">{\"@context\":\"https:\/\/schema.org\",\"@graph\":[{\"@type\":\"Article\",\"@id\":\"https:\/\/kapitalis.com\/tunisie\/2018\/12\/27\/drame-a-oued-ellil-deces-dune-mere-et-de-ses-3-filles-dans-un-incendie\/#article\",\"isPartOf\":{\"@id\":\"https:\/\/kapitalis.com\/tunisie\/2018\/12\/27\/drame-a-oued-ellil-deces-dune-mere-et-de-ses-3-filles-dans-un-incendie\/\"},\"author\":{\"name\":\"Yusra NY\",\"@id\":\"https:\/\/kapitalis.com\/tunisie\/#\/schema\/person\/74bbde0154d49d790a92aaeac5bc01d5\"},\"headline\":\"Drame \u00e0 Oued Ellil : D\u00e9c\u00e8s d\u2019une m\u00e8re et de ses 3 filles dans un incendie\",\"datePublished\":\"2018-12-27T18:09:33+00:00\",\"dateModified\":\"2018-12-27T18:49:07+00:00\",\"mainEntityOfPage\":{\"@id\":\"https:\/\/kapitalis.com\/tunisie\/2018\/12\/27\/drame-a-oued-ellil-deces-dune-mere-et-de-ses-3-filles-dans-un-incendie\/\"},\"wordCount\":160,\"commentCount\":0,\"publisher\":{\"@id\":\"https:\/\/kapitalis.com\/tunisie\/#organization\"},\"image\":{\"@id\":\"https:\/\/kapitalis.com\/tunisie\/2018\/12\/27\/drame-a-oued-ellil-deces-dune-mere-et-de-ses-3-filles-dans-un-incendie\/#primaryimage\"},\"thumbnailUrl\":\"\",\"keywords\":[\"h\u00f4pital Charles-Nicolle\",\"Incendie\",\"Manouba\",\"Oued Ellil\",\"protection civile\"],\"articleSection\":[\"SOCIETE\",\"Tunisie\"],\"inLanguage\":\"fr-FR\",\"potentialAction\":[{\"@type\":\"CommentAction\",\"name\":\"Comment\",\"target\":[\"https:\/\/kapitalis.com\/tunisie\/2018\/12\/27\/drame-a-oued-ellil-deces-dune-mere-et-de-ses-3-filles-dans-un-incendie\/#respond\"]}]},{\"@type\":\"WebPage\",\"@id\":\"https:\/\/kapitalis.com\/tunisie\/2018\/12\/27\/drame-a-oued-ellil-deces-dune-mere-et-de-ses-3-filles-dans-un-incendie\/\",\"url\":\"https:\/\/kapitalis.com\/tunisie\/2018\/12\/27\/drame-a-oued-ellil-deces-dune-mere-et-de-ses-3-filles-dans-un-incendie\/\",\"name\":\"Drame \u00e0 Oued Ellil : D\u00e9c\u00e8s d\u2019une m\u00e8re et de ses 3 filles dans un incendie - Kapitalis\",\"isPartOf\":{\"@id\":\"https:\/\/kapitalis.com\/tunisie\/#website\"},\"primaryImageOfPage\":{\"@id\":\"https:\/\/kapitalis.com\/tunisie\/2018\/12\/27\/drame-a-oued-ellil-deces-dune-mere-et-de-ses-3-filles-dans-un-incendie\/#primaryimage\"},\"image\":{\"@id\":\"https:\/\/kapitalis.com\/tunisie\/2018\/12\/27\/drame-a-oued-ellil-deces-dune-mere-et-de-ses-3-filles-dans-un-incendie\/#primaryimage\"},\"thumbnailUrl\":\"\",\"datePublished\":\"2018-12-27T18:09:33+00:00\",\"dateModified\":\"2018-12-27T18:49:07+00:00\",\"breadcrumb\":{\"@id\":\"https:\/\/kapitalis.com\/tunisie\/2018\/12\/27\/drame-a-oued-ellil-deces-dune-mere-et-de-ses-3-filles-dans-un-incendie\/#breadcrumb\"},\"inLanguage\":\"fr-FR\",\"potentialAction\":[{\"@type\":\"ReadAction\",\"target\":[\"https:\/\/kapitalis.com\/tunisie\/2018\/12\/27\/drame-a-oued-ellil-deces-dune-mere-et-de-ses-3-filles-dans-un-incendie\/\"]}]},{\"@type\":\"ImageObject\",\"inLanguage\":\"fr-FR\",\"@id\":\"https:\/\/kapitalis.com\/tunisie\/2018\/12\/27\/drame-a-oued-ellil-deces-dune-mere-et-de-ses-3-filles-dans-un-incendie\/#primaryimage\",\"url\":\"\",\"contentUrl\":\"\"},{\"@type\":\"BreadcrumbList\",\"@id\":\"https:\/\/kapitalis.com\/tunisie\/2018\/12\/27\/drame-a-oued-ellil-deces-dune-mere-et-de-ses-3-filles-dans-un-incendie\/#breadcrumb\",\"itemListElement\":[{\"@type\":\"ListItem\",\"position\":1,\"name\":\"Accueil\",\"item\":\"https:\/\/kapitalis.com\/tunisie\/\"},{\"@type\":\"ListItem\",\"position\":2,\"name\":\"Drame \u00e0 Oued Ellil : D\u00e9c\u00e8s d\u2019une m\u00e8re et de ses 3 filles dans un incendie\"}]},{\"@type\":\"WebSite\",\"@id\":\"https:\/\/kapitalis.com\/tunisie\/#website\",\"url\":\"https:\/\/kapitalis.com\/tunisie\/\",\"name\":\"Kapitalis\",\"description\":\"L&#039;actualit\u00e9 en Tunisie et dans le monde\",\"publisher\":{\"@id\":\"https:\/\/kapitalis.com\/tunisie\/#organization\"},\"potentialAction\":[{\"@type\":\"SearchAction\",\"target\":{\"@type\":\"EntryPoint\",\"urlTemplate\":\"https:\/\/kapitalis.com\/tunisie\/?s={search_term_string}\"},\"query-input\":{\"@type\":\"PropertyValueSpecification\",\"valueRequired\":true,\"valueName\":\"search_term_string\"}}],\"inLanguage\":\"fr-FR\"},{\"@type\":\"Organization\",\"@id\":\"https:\/\/kapitalis.com\/tunisie\/#organization\",\"name\":\"Kapitalis\",\"url\":\"https:\/\/kapitalis.com\/tunisie\/\",\"logo\":{\"@type\":\"ImageObject\",\"inLanguage\":\"fr-FR\",\"@id\":\"https:\/\/kapitalis.com\/tunisie\/#\/schema\/logo\/image\/\",\"url\":\"https:\/\/kapitalis.com\/tunisie\/wp-content\/uploads\/2022\/05\/Kapitalis-big-size.png\",\"contentUrl\":\"https:\/\/kapitalis.com\/tunisie\/wp-content\/uploads\/2022\/05\/Kapitalis-big-size.png\",\"width\":5000,\"height\":1500,\"caption\":\"Kapitalis\"},\"image\":{\"@id\":\"https:\/\/kapitalis.com\/tunisie\/#\/schema\/logo\/image\/\"},\"sameAs\":[\"https:\/\/www.facebook.com\/KapitalisInfo\/\",\"https:\/\/x.com\/KapitalisInfo\",\"https:\/\/www.youtube.com\/channel\/UC-yDYrHyfFBWWZaOw3FPg9Q\"]},{\"@type\":\"Person\",\"@id\":\"https:\/\/kapitalis.com\/tunisie\/#\/schema\/person\/74bbde0154d49d790a92aaeac5bc01d5\",\"name\":\"Yusra NY\",\"url\":\"https:\/\/kapitalis.com\/tunisie\/author\/yuza_adam\/\"}]}<\/script>\n<!-- \/ Yoast SEO plugin. -->","yoast_head_json":{"title":"Drame \u00e0 Oued Ellil : D\u00e9c\u00e8s d\u2019une m\u00e8re et de ses 3 filles dans un incendie - Kapitalis","robots":{"index":"index","follow":"follow","max-snippet":"max-snippet:-1","max-image-preview":"max-image-preview:large","max-video-preview":"max-video-preview:-1"},"canonical":"https:\/\/kapitalis.com\/tunisie\/2018\/12\/27\/drame-a-oued-ellil-deces-dune-mere-et-de-ses-3-filles-dans-un-incendie\/","og_locale":"fr_FR","og_type":"article","og_title":"Drame \u00e0 Oued Ellil : D\u00e9c\u00e8s d\u2019une m\u00e8re et de ses 3 filles dans un incendie - Kapitalis","og_description":"Photo d&rsquo;archives. Une m\u00e8re et ses trois filles sont mortes aujourd\u2019hui, jeudi 27 d\u00e9cembre 2018, dans un incendie qui s\u2019est d\u00e9clar\u00e9 chez elles \u00e0 la cit\u00e9 El-Ons \u00e0 Oued Ellil (Manouba).","og_url":"https:\/\/kapitalis.com\/tunisie\/2018\/12\/27\/drame-a-oued-ellil-deces-dune-mere-et-de-ses-3-filles-dans-un-incendie\/","og_site_name":"Kapitalis","article_publisher":"https:\/\/www.facebook.com\/KapitalisInfo\/","article_published_time":"2018-12-27T18:09:33+00:00","article_modified_time":"2018-12-27T18:49:07+00:00","og_image":[{"width":1200,"height":630,"url":"https:\/\/kapitalis.com\/tunisie\/wp-content\/uploads\/2022\/05\/kapitalis-logo-fb.png","type":"image\/png"}],"author":"Yusra NY","twitter_card":"summary_large_image","twitter_creator":"@KapitalisInfo","twitter_site":"@KapitalisInfo","twitter_misc":{"\u00c9crit par":"Yusra NY","Dur\u00e9e de lecture estim\u00e9e":"1 minute"},"schema":{"@context":"https:\/\/schema.org","@graph":[{"@type":"Article","@id":"https:\/\/kapitalis.com\/tunisie\/2018\/12\/27\/drame-a-oued-ellil-deces-dune-mere-et-de-ses-3-filles-dans-un-incendie\/#article","isPartOf":{"@id":"https:\/\/kapitalis.com\/tunisie\/2018\/12\/27\/drame-a-oued-ellil-deces-dune-mere-et-de-ses-3-filles-dans-un-incendie\/"},"author":{"name":"Yusra NY","@id":"https:\/\/kapitalis.com\/tunisie\/#\/schema\/person\/74bbde0154d49d790a92aaeac5bc01d5"},"headline":"Drame \u00e0 Oued Ellil : D\u00e9c\u00e8s d\u2019une m\u00e8re et de ses 3 filles dans un incendie","datePublished":"2018-12-27T18:09:33+00:00","dateModified":"2018-12-27T18:49:07+00:00","mainEntityOfPage":{"@id":"https:\/\/kapitalis.com\/tunisie\/2018\/12\/27\/drame-a-oued-ellil-deces-dune-mere-et-de-ses-3-filles-dans-un-incendie\/"},"wordCount":160,"commentCount":0,"publisher":{"@id":"https:\/\/kapitalis.com\/tunisie\/#organization"},"image":{"@id":"https:\/\/kapitalis.com\/tunisie\/2018\/12\/27\/drame-a-oued-ellil-deces-dune-mere-et-de-ses-3-filles-dans-un-incendie\/#primaryimage"},"thumbnailUrl":"","keywords":["h\u00f4pital Charles-Nicolle","Incendie","Manouba","Oued Ellil","protection civile"],"articleSection":["SOCIETE","Tunisie"],"inLanguage":"fr-FR","potentialAction":[{"@type":"CommentAction","name":"Comment","target":["https:\/\/kapitalis.com\/tunisie\/2018\/12\/27\/drame-a-oued-ellil-deces-dune-mere-et-de-ses-3-filles-dans-un-incendie\/#respond"]}]},{"@type":"WebPage","@id":"https:\/\/kapitalis.com\/tunisie\/2018\/12\/27\/drame-a-oued-ellil-deces-dune-mere-et-de-ses-3-filles-dans-un-incendie\/","url":"https:\/\/kapitalis.com\/tunisie\/2018\/12\/27\/drame-a-oued-ellil-deces-dune-mere-et-de-ses-3-filles-dans-un-incendie\/","name":"Drame \u00e0 Oued Ellil : D\u00e9c\u00e8s d\u2019une m\u00e8re et de ses 3 filles dans un incendie - Kapitalis","isPartOf":{"@id":"https:\/\/kapitalis.com\/tunisie\/#website"},"primaryImageOfPage":{"@id":"https:\/\/kapitalis.com\/tunisie\/2018\/12\/27\/drame-a-oued-ellil-deces-dune-mere-et-de-ses-3-filles-dans-un-incendie\/#primaryimage"},"image":{"@id":"https:\/\/kapitalis.com\/tunisie\/2018\/12\/27\/drame-a-oued-ellil-deces-dune-mere-et-de-ses-3-filles-dans-un-incendie\/#primaryimage"},"thumbnailUrl":"","datePublished":"2018-12-27T18:09:33+00:00","dateModified":"2018-12-27T18:49:07+00:00","breadcrumb":{"@id":"https:\/\/kapitalis.com\/tunisie\/2018\/12\/27\/drame-a-oued-ellil-deces-dune-mere-et-de-ses-3-filles-dans-un-incendie\/#breadcrumb"},"inLanguage":"fr-FR","potentialAction":[{"@type":"ReadAction","target":["https:\/\/kapitalis.com\/tunisie\/2018\/12\/27\/drame-a-oued-ellil-deces-dune-mere-et-de-ses-3-filles-dans-un-incendie\/"]}]},{"@type":"ImageObject","inLanguage":"fr-FR","@id":"https:\/\/kapitalis.com\/tunisie\/2018\/12\/27\/drame-a-oued-ellil-deces-dune-mere-et-de-ses-3-filles-dans-un-incendie\/#primaryimage","url":"","contentUrl":""},{"@type":"BreadcrumbList","@id":"https:\/\/kapitalis.com\/tunisie\/2018\/12\/27\/drame-a-oued-ellil-deces-dune-mere-et-de-ses-3-filles-dans-un-incendie\/#breadcrumb","itemListElement":[{"@type":"ListItem","position":1,"name":"Accueil","item":"https:\/\/kapitalis.com\/tunisie\/"},{"@type":"ListItem","position":2,"name":"Drame \u00e0 Oued Ellil : D\u00e9c\u00e8s d\u2019une m\u00e8re et de ses 3 filles dans un incendie"}]},{"@type":"WebSite","@id":"https:\/\/kapitalis.com\/tunisie\/#website","url":"https:\/\/kapitalis.com\/tunisie\/","name":"Kapitalis","description":"L&#039;actualit\u00e9 en Tunisie et dans le monde","publisher":{"@id":"https:\/\/kapitalis.com\/tunisie\/#organization"},"potentialAction":[{"@type":"SearchAction","target":{"@type":"EntryPoint","urlTemplate":"https:\/\/kapitalis.com\/tunisie\/?s={search_term_string}"},"query-input":{"@type":"PropertyValueSpecification","valueRequired":true,"valueName":"search_term_string"}}],"inLanguage":"fr-FR"},{"@type":"Organization","@id":"https:\/\/kapitalis.com\/tunisie\/#organization","name":"Kapitalis","url":"https:\/\/kapitalis.com\/tunisie\/","logo":{"@type":"ImageObject","inLanguage":"fr-FR","@id":"https:\/\/kapitalis.com\/tunisie\/#\/schema\/logo\/image\/","url":"https:\/\/kapitalis.com\/tunisie\/wp-content\/uploads\/2022\/05\/Kapitalis-big-size.png","contentUrl":"https:\/\/kapitalis.com\/tunisie\/wp-content\/uploads\/2022\/05\/Kapitalis-big-size.png","width":5000,"height":1500,"caption":"Kapitalis"},"image":{"@id":"https:\/\/kapitalis.com\/tunisie\/#\/schema\/logo\/image\/"},"sameAs":["https:\/\/www.facebook.com\/KapitalisInfo\/","https:\/\/x.com\/KapitalisInfo","https:\/\/www.youtube.com\/channel\/UC-yDYrHyfFBWWZaOw3FPg9Q"]},{"@type":"Person","@id":"https:\/\/kapitalis.com\/tunisie\/#\/schema\/person\/74bbde0154d49d790a92aaeac5bc01d5","name":"Yusra NY","url":"https:\/\/kapitalis.com\/tunisie\/author\/yuza_adam\/"}]}},"_links":{"self":[{"href":"https:\/\/kapitalis.com\/tunisie\/wp-json\/wp\/v2\/posts\/190867","targetHints":{"allow":["GET"]}}],"collection":[{"href":"https:\/\/kapitalis.com\/tunisie\/wp-json\/wp\/v2\/posts"}],"about":[{"href":"https:\/\/kapitalis.com\/tunisie\/wp-json\/wp\/v2\/types\/post"}],"author":[{"embeddable":true,"href":"https:\/\/kapitalis.com\/tunisie\/wp-json\/wp\/v2\/users\/6"}],"replies":[{"embeddable":true,"href":"https:\/\/kapitalis.com\/tunisie\/wp-json\/wp\/v2\/comments?post=190867"}],"version-history":[{"count":0,"href":"https:\/\/kapitalis.com\/tunisie\/wp-json\/wp\/v2\/posts\/190867\/revisions"}],"wp:featuredmedia":[{"embeddable":true,"href":"https:\/\/kapitalis.com\/tunisie\/wp-json\/wp\/v2\/media\/190870"}],"wp:attachment":[{"href":"https:\/\/kapitalis.com\/tunisie\/wp-json\/wp\/v2\/media?parent=190867"}],"wp:term":[{"taxonomy":"category","embeddable":true,"href":"https:\/\/kapitalis.com\/tunisie\/wp-json\/wp\/v2\/categories?post=190867"},{"taxonomy":"post_tag","embeddable":true,"href":"https:\/\/kapitalis.com\/tunisie\/wp-json\/wp\/v2\/tags?post=190867"}],"curies":[{"name":"wp","href":"https:\/\/api.w.org\/{rel}","templated":true}]}}