{"id":191063,"date":"2018-12-28T19:44:49","date_gmt":"2018-12-28T18:44:49","guid":{"rendered":"http:\/\/kapitalis.com\/tunisie\/?p=191063"},"modified":"2018-12-28T20:02:19","modified_gmt":"2018-12-28T19:02:19","slug":"quadruple-meurtre-a-oued-ellil-le-fils-suspect-toujours-recherche-photos","status":"publish","type":"post","link":"https:\/\/kapitalis.com\/tunisie\/2018\/12\/28\/quadruple-meurtre-a-oued-ellil-le-fils-suspect-toujours-recherche-photos\/","title":{"rendered":"Quadruple meurtre \u00e0 Oued-Ellil: Le fils suspect toujours recherch\u00e9 (photos)"},"content":{"rendered":"<p style=\"text-align: center;\"><img loading=\"lazy\" decoding=\"async\" class=\"alignnone size-full wp-image-191065\" src=\"http:\/\/kapitalis.com\/tunisie\/wp-content\/uploads\/2018\/12\/Oued-Ellil-meurtrrier-ses-soeurs.jpg\" alt=\"\" width=\"626\" height=\"380\" \/><\/p>\n<p style=\"text-align: center;\"><em>Le fr\u00e8re a-t-il tu\u00e9 sa m\u00e8re et ses 3 s\u0153urs ?<\/em><\/p>\n<p><em><strong>La police est toujours \u00e0 la recherche du fils suspect\u00e9 d\u2019avoir tu\u00e9 sa m\u00e8re et ses trois s\u0153urs, hier, jeudi 27 d\u00e9cembre 2018, \u00e0 Oued Ellil (Manouba) et d\u2019avoir tent\u00e9 de camoufler cet odieux crime en incendie.<\/strong><\/em><!--more--><\/p>\n<p>Contrairement \u00e0 ce qui est a \u00e9t\u00e9 diffus\u00e9 par certains m\u00e9dias, la police n\u2019a toujours pas mis la main sur le suspect principal que l\u2019on sait en conflit avec sa famille et que l\u2019on d\u00e9crit comme un <em>\u00abbad boy\u00bb<\/em>, \u00e0 la diff\u00e9rence des autres membres de sa famille, connus pour leur droiture et qui sont appr\u00e9ci\u00e9s par tous.<\/p>\n<p style=\"text-align: center;\"><img loading=\"lazy\" decoding=\"async\" class=\"alignnone wp-image-191072\" src=\"http:\/\/kapitalis.com\/tunisie\/wp-content\/uploads\/2018\/12\/Tueur-ouled-ellil-sa-m\u00e8re.jpg\" alt=\"\" width=\"500\" height=\"304\" \/><\/p>\n<p style=\"text-align: center;\"><em>Le tueur pr\u00e9sum\u00e9\/Sa m\u00e8re , une des 3 victimes&#8230;<\/em><\/p>\n<p>Son p\u00e8re, qui \u00e9tait absent au moment des faits, avait \u00e9t\u00e9 arr\u00eat\u00e9 hier, puis rel\u00e2ch\u00e9 apr\u00e8s son interrogatoire, car il \u00e9tait au travail lorsque son \u00e9pouse de 60 ans et ses filles de 23, 25 et 30 ans, dont une \u00e9tudiante en photographie et une employ\u00e9e \u00e0 l\u2019h\u00f4pital des forces s\u00e9curitaires de la Marsa, ont \u00e9t\u00e9 tu\u00e9es.<\/p>\n<p>Rappelons que la garde nationale a \u00e9t\u00e9 appel\u00e9e hier apr\u00e8s-midi pour un incendie et a d\u00e9couvert 4 corps br\u00fbl\u00e9s. L\u2019autopsie a rapidement r\u00e9v\u00e9l\u00e9 que les 4 femmes ont \u00e9t\u00e9 d\u2019abord tu\u00e9es au couteau et que l\u2019auteur de cet odieux crime a voulu faire dispara\u00eetre les traces en mettant le feu \u00e0 la maison.<\/p>\n<p style=\"text-align: right;\"><strong>Y. N.<\/strong><\/p>\n<blockquote class=\"wp-embedded-content\" data-secret=\"E4pNs9iCDw\"><p><a href=\"https:\/\/kapitalis.com\/tunisie\/2018\/12\/28\/quadruple-meurtre-a-oued-ellil-le-pere-relache-le-fils-recherche\/\">Quadruple meurtre \u00e0 Oued Ellil : Le p\u00e8re rel\u00e2ch\u00e9, le fils recherch\u00e9<\/a><\/p><\/blockquote>\n<p><iframe loading=\"lazy\" class=\"wp-embedded-content\" sandbox=\"allow-scripts\" security=\"restricted\" style=\"position: absolute; clip: rect(1px, 1px, 1px, 1px);\" title=\"\u00ab\u00a0Quadruple meurtre \u00e0 Oued Ellil : Le p\u00e8re rel\u00e2ch\u00e9, le fils recherch\u00e9\u00a0\u00bb &#8212; Kapitalis\" src=\"https:\/\/kapitalis.com\/tunisie\/2018\/12\/28\/quadruple-meurtre-a-oued-ellil-le-pere-relache-le-fils-recherche\/embed\/#?secret=e1XVv7uHOq#?secret=E4pNs9iCDw\" data-secret=\"E4pNs9iCDw\" width=\"600\" height=\"338\" frameborder=\"0\" marginwidth=\"0\" marginheight=\"0\" scrolling=\"no\"><\/iframe><\/p>\n<blockquote class=\"wp-embedded-content\" data-secret=\"CJGmOLgP7d\"><p><a href=\"https:\/\/kapitalis.com\/tunisie\/2018\/12\/27\/incendie-a-oued-ellil-de-coups-de-couteau-sur-les-corps-des-4-femmes\/\">Incendie \u00e0 Oued Ellil : De coups de couteau sur les corps des 4 femmes<\/a><\/p><\/blockquote>\n<p><iframe loading=\"lazy\" class=\"wp-embedded-content\" sandbox=\"allow-scripts\" security=\"restricted\" style=\"position: absolute; clip: rect(1px, 1px, 1px, 1px);\" title=\"\u00ab\u00a0Incendie \u00e0 Oued Ellil : De coups de couteau sur les corps des 4 femmes\u00a0\u00bb &#8212; Kapitalis\" src=\"https:\/\/kapitalis.com\/tunisie\/2018\/12\/27\/incendie-a-oued-ellil-de-coups-de-couteau-sur-les-corps-des-4-femmes\/embed\/#?secret=C8ZAC8zKqI#?secret=CJGmOLgP7d\" data-secret=\"CJGmOLgP7d\" width=\"600\" height=\"338\" frameborder=\"0\" marginwidth=\"0\" marginheight=\"0\" scrolling=\"no\"><\/iframe><\/p>\n","protected":false},"excerpt":{"rendered":"<p>Le fr\u00e8re a-t-il tu\u00e9 sa m\u00e8re et ses 3 s\u0153urs ? La police est toujours \u00e0 la recherche du fils suspect\u00e9 d\u2019avoir tu\u00e9 sa m\u00e8re et ses trois s\u0153urs, hier, jeudi 27 d\u00e9cembre 2018, \u00e0 Oued Ellil (Manouba) et d\u2019avoir tent\u00e9 de camoufler cet odieux crime en incendie.<\/p>\n","protected":false},"author":6,"featured_media":191065,"comment_status":"open","ping_status":"open","sticky":false,"template":"","format":"standard","meta":{"footnotes":""},"categories":[998,2433],"tags":[247,1035,571,604,5758],"class_list":["post-191063","post","type-post","status-publish","format-standard","has-post-thumbnail","hentry","category-societe","category-tunisie","tag-crime","tag-incendie","tag-manouba","tag-meurtre","tag-oued-ellil"],"yoast_head":"<!-- This site is optimized with the Yoast SEO plugin v26.6 - https:\/\/yoast.com\/wordpress\/plugins\/seo\/ -->\n<title>Quadruple meurtre \u00e0 Oued-Ellil: Le fils suspect toujours recherch\u00e9 (photos) - Kapitalis<\/title>\n<meta name=\"robots\" content=\"index, follow, max-snippet:-1, max-image-preview:large, max-video-preview:-1\" \/>\n<link rel=\"canonical\" href=\"https:\/\/kapitalis.com\/tunisie\/2018\/12\/28\/quadruple-meurtre-a-oued-ellil-le-fils-suspect-toujours-recherche-photos\/\" \/>\n<meta property=\"og:locale\" content=\"fr_FR\" \/>\n<meta property=\"og:type\" content=\"article\" \/>\n<meta property=\"og:title\" content=\"Quadruple meurtre \u00e0 Oued-Ellil: Le fils suspect toujours recherch\u00e9 (photos) - Kapitalis\" \/>\n<meta property=\"og:description\" content=\"Le fr\u00e8re a-t-il tu\u00e9 sa m\u00e8re et ses 3 s\u0153urs ? La police est toujours \u00e0 la recherche du fils suspect\u00e9 d\u2019avoir tu\u00e9 sa m\u00e8re et ses trois s\u0153urs, hier, jeudi 27 d\u00e9cembre 2018, \u00e0 Oued Ellil (Manouba) et d\u2019avoir tent\u00e9 de camoufler cet odieux crime en incendie.\" \/>\n<meta property=\"og:url\" content=\"https:\/\/kapitalis.com\/tunisie\/2018\/12\/28\/quadruple-meurtre-a-oued-ellil-le-fils-suspect-toujours-recherche-photos\/\" \/>\n<meta property=\"og:site_name\" content=\"Kapitalis\" \/>\n<meta property=\"article:publisher\" content=\"https:\/\/www.facebook.com\/KapitalisInfo\/\" \/>\n<meta property=\"article:published_time\" content=\"2018-12-28T18:44:49+00:00\" \/>\n<meta property=\"article:modified_time\" content=\"2018-12-28T19:02:19+00:00\" \/>\n<meta property=\"og:image\" content=\"https:\/\/kapitalis.com\/tunisie\/wp-content\/uploads\/2022\/05\/kapitalis-logo-fb.png\" \/>\n\t<meta property=\"og:image:width\" content=\"1200\" \/>\n\t<meta property=\"og:image:height\" content=\"630\" \/>\n\t<meta property=\"og:image:type\" content=\"image\/png\" \/>\n<meta name=\"author\" content=\"Yusra NY\" \/>\n<meta name=\"twitter:card\" content=\"summary_large_image\" \/>\n<meta name=\"twitter:creator\" content=\"@KapitalisInfo\" \/>\n<meta name=\"twitter:site\" content=\"@KapitalisInfo\" \/>\n<meta name=\"twitter:label1\" content=\"\u00c9crit par\" \/>\n\t<meta name=\"twitter:data1\" content=\"Yusra NY\" \/>\n\t<meta name=\"twitter:label2\" content=\"Dur\u00e9e de lecture estim\u00e9e\" \/>\n\t<meta name=\"twitter:data2\" content=\"1 minute\" \/>\n<script type=\"application\/ld+json\" class=\"yoast-schema-graph\">{\"@context\":\"https:\/\/schema.org\",\"@graph\":[{\"@type\":\"Article\",\"@id\":\"https:\/\/kapitalis.com\/tunisie\/2018\/12\/28\/quadruple-meurtre-a-oued-ellil-le-fils-suspect-toujours-recherche-photos\/#article\",\"isPartOf\":{\"@id\":\"https:\/\/kapitalis.com\/tunisie\/2018\/12\/28\/quadruple-meurtre-a-oued-ellil-le-fils-suspect-toujours-recherche-photos\/\"},\"author\":{\"name\":\"Yusra NY\",\"@id\":\"https:\/\/kapitalis.com\/tunisie\/#\/schema\/person\/74bbde0154d49d790a92aaeac5bc01d5\"},\"headline\":\"Quadruple meurtre \u00e0 Oued-Ellil: Le fils suspect toujours recherch\u00e9 (photos)\",\"datePublished\":\"2018-12-28T18:44:49+00:00\",\"dateModified\":\"2018-12-28T19:02:19+00:00\",\"mainEntityOfPage\":{\"@id\":\"https:\/\/kapitalis.com\/tunisie\/2018\/12\/28\/quadruple-meurtre-a-oued-ellil-le-fils-suspect-toujours-recherche-photos\/\"},\"wordCount\":269,\"commentCount\":2,\"publisher\":{\"@id\":\"https:\/\/kapitalis.com\/tunisie\/#organization\"},\"image\":{\"@id\":\"https:\/\/kapitalis.com\/tunisie\/2018\/12\/28\/quadruple-meurtre-a-oued-ellil-le-fils-suspect-toujours-recherche-photos\/#primaryimage\"},\"thumbnailUrl\":\"\",\"keywords\":[\"crime\",\"Incendie\",\"Manouba\",\"meurtre\",\"Oued Ellil\"],\"articleSection\":[\"SOCIETE\",\"Tunisie\"],\"inLanguage\":\"fr-FR\",\"potentialAction\":[{\"@type\":\"CommentAction\",\"name\":\"Comment\",\"target\":[\"https:\/\/kapitalis.com\/tunisie\/2018\/12\/28\/quadruple-meurtre-a-oued-ellil-le-fils-suspect-toujours-recherche-photos\/#respond\"]}]},{\"@type\":\"WebPage\",\"@id\":\"https:\/\/kapitalis.com\/tunisie\/2018\/12\/28\/quadruple-meurtre-a-oued-ellil-le-fils-suspect-toujours-recherche-photos\/\",\"url\":\"https:\/\/kapitalis.com\/tunisie\/2018\/12\/28\/quadruple-meurtre-a-oued-ellil-le-fils-suspect-toujours-recherche-photos\/\",\"name\":\"Quadruple meurtre \u00e0 Oued-Ellil: Le fils suspect toujours recherch\u00e9 (photos) - Kapitalis\",\"isPartOf\":{\"@id\":\"https:\/\/kapitalis.com\/tunisie\/#website\"},\"primaryImageOfPage\":{\"@id\":\"https:\/\/kapitalis.com\/tunisie\/2018\/12\/28\/quadruple-meurtre-a-oued-ellil-le-fils-suspect-toujours-recherche-photos\/#primaryimage\"},\"image\":{\"@id\":\"https:\/\/kapitalis.com\/tunisie\/2018\/12\/28\/quadruple-meurtre-a-oued-ellil-le-fils-suspect-toujours-recherche-photos\/#primaryimage\"},\"thumbnailUrl\":\"\",\"datePublished\":\"2018-12-28T18:44:49+00:00\",\"dateModified\":\"2018-12-28T19:02:19+00:00\",\"breadcrumb\":{\"@id\":\"https:\/\/kapitalis.com\/tunisie\/2018\/12\/28\/quadruple-meurtre-a-oued-ellil-le-fils-suspect-toujours-recherche-photos\/#breadcrumb\"},\"inLanguage\":\"fr-FR\",\"potentialAction\":[{\"@type\":\"ReadAction\",\"target\":[\"https:\/\/kapitalis.com\/tunisie\/2018\/12\/28\/quadruple-meurtre-a-oued-ellil-le-fils-suspect-toujours-recherche-photos\/\"]}]},{\"@type\":\"ImageObject\",\"inLanguage\":\"fr-FR\",\"@id\":\"https:\/\/kapitalis.com\/tunisie\/2018\/12\/28\/quadruple-meurtre-a-oued-ellil-le-fils-suspect-toujours-recherche-photos\/#primaryimage\",\"url\":\"\",\"contentUrl\":\"\"},{\"@type\":\"BreadcrumbList\",\"@id\":\"https:\/\/kapitalis.com\/tunisie\/2018\/12\/28\/quadruple-meurtre-a-oued-ellil-le-fils-suspect-toujours-recherche-photos\/#breadcrumb\",\"itemListElement\":[{\"@type\":\"ListItem\",\"position\":1,\"name\":\"Accueil\",\"item\":\"https:\/\/kapitalis.com\/tunisie\/\"},{\"@type\":\"ListItem\",\"position\":2,\"name\":\"Quadruple meurtre \u00e0 Oued-Ellil: Le fils suspect toujours recherch\u00e9 (photos)\"}]},{\"@type\":\"WebSite\",\"@id\":\"https:\/\/kapitalis.com\/tunisie\/#website\",\"url\":\"https:\/\/kapitalis.com\/tunisie\/\",\"name\":\"Kapitalis\",\"description\":\"L&#039;actualit\u00e9 en Tunisie et dans le monde\",\"publisher\":{\"@id\":\"https:\/\/kapitalis.com\/tunisie\/#organization\"},\"potentialAction\":[{\"@type\":\"SearchAction\",\"target\":{\"@type\":\"EntryPoint\",\"urlTemplate\":\"https:\/\/kapitalis.com\/tunisie\/?s={search_term_string}\"},\"query-input\":{\"@type\":\"PropertyValueSpecification\",\"valueRequired\":true,\"valueName\":\"search_term_string\"}}],\"inLanguage\":\"fr-FR\"},{\"@type\":\"Organization\",\"@id\":\"https:\/\/kapitalis.com\/tunisie\/#organization\",\"name\":\"Kapitalis\",\"url\":\"https:\/\/kapitalis.com\/tunisie\/\",\"logo\":{\"@type\":\"ImageObject\",\"inLanguage\":\"fr-FR\",\"@id\":\"https:\/\/kapitalis.com\/tunisie\/#\/schema\/logo\/image\/\",\"url\":\"https:\/\/kapitalis.com\/tunisie\/wp-content\/uploads\/2022\/05\/Kapitalis-big-size.png\",\"contentUrl\":\"https:\/\/kapitalis.com\/tunisie\/wp-content\/uploads\/2022\/05\/Kapitalis-big-size.png\",\"width\":5000,\"height\":1500,\"caption\":\"Kapitalis\"},\"image\":{\"@id\":\"https:\/\/kapitalis.com\/tunisie\/#\/schema\/logo\/image\/\"},\"sameAs\":[\"https:\/\/www.facebook.com\/KapitalisInfo\/\",\"https:\/\/x.com\/KapitalisInfo\",\"https:\/\/www.youtube.com\/channel\/UC-yDYrHyfFBWWZaOw3FPg9Q\"]},{\"@type\":\"Person\",\"@id\":\"https:\/\/kapitalis.com\/tunisie\/#\/schema\/person\/74bbde0154d49d790a92aaeac5bc01d5\",\"name\":\"Yusra NY\",\"url\":\"https:\/\/kapitalis.com\/tunisie\/author\/yuza_adam\/\"}]}<\/script>\n<!-- \/ Yoast SEO plugin. -->","yoast_head_json":{"title":"Quadruple meurtre \u00e0 Oued-Ellil: Le fils suspect toujours recherch\u00e9 (photos) - Kapitalis","robots":{"index":"index","follow":"follow","max-snippet":"max-snippet:-1","max-image-preview":"max-image-preview:large","max-video-preview":"max-video-preview:-1"},"canonical":"https:\/\/kapitalis.com\/tunisie\/2018\/12\/28\/quadruple-meurtre-a-oued-ellil-le-fils-suspect-toujours-recherche-photos\/","og_locale":"fr_FR","og_type":"article","og_title":"Quadruple meurtre \u00e0 Oued-Ellil: Le fils suspect toujours recherch\u00e9 (photos) - Kapitalis","og_description":"Le fr\u00e8re a-t-il tu\u00e9 sa m\u00e8re et ses 3 s\u0153urs ? La police est toujours \u00e0 la recherche du fils suspect\u00e9 d\u2019avoir tu\u00e9 sa m\u00e8re et ses trois s\u0153urs, hier, jeudi 27 d\u00e9cembre 2018, \u00e0 Oued Ellil (Manouba) et d\u2019avoir tent\u00e9 de camoufler cet odieux crime en incendie.","og_url":"https:\/\/kapitalis.com\/tunisie\/2018\/12\/28\/quadruple-meurtre-a-oued-ellil-le-fils-suspect-toujours-recherche-photos\/","og_site_name":"Kapitalis","article_publisher":"https:\/\/www.facebook.com\/KapitalisInfo\/","article_published_time":"2018-12-28T18:44:49+00:00","article_modified_time":"2018-12-28T19:02:19+00:00","og_image":[{"width":1200,"height":630,"url":"https:\/\/kapitalis.com\/tunisie\/wp-content\/uploads\/2022\/05\/kapitalis-logo-fb.png","type":"image\/png"}],"author":"Yusra NY","twitter_card":"summary_large_image","twitter_creator":"@KapitalisInfo","twitter_site":"@KapitalisInfo","twitter_misc":{"\u00c9crit par":"Yusra NY","Dur\u00e9e de lecture estim\u00e9e":"1 minute"},"schema":{"@context":"https:\/\/schema.org","@graph":[{"@type":"Article","@id":"https:\/\/kapitalis.com\/tunisie\/2018\/12\/28\/quadruple-meurtre-a-oued-ellil-le-fils-suspect-toujours-recherche-photos\/#article","isPartOf":{"@id":"https:\/\/kapitalis.com\/tunisie\/2018\/12\/28\/quadruple-meurtre-a-oued-ellil-le-fils-suspect-toujours-recherche-photos\/"},"author":{"name":"Yusra NY","@id":"https:\/\/kapitalis.com\/tunisie\/#\/schema\/person\/74bbde0154d49d790a92aaeac5bc01d5"},"headline":"Quadruple meurtre \u00e0 Oued-Ellil: Le fils suspect toujours recherch\u00e9 (photos)","datePublished":"2018-12-28T18:44:49+00:00","dateModified":"2018-12-28T19:02:19+00:00","mainEntityOfPage":{"@id":"https:\/\/kapitalis.com\/tunisie\/2018\/12\/28\/quadruple-meurtre-a-oued-ellil-le-fils-suspect-toujours-recherche-photos\/"},"wordCount":269,"commentCount":2,"publisher":{"@id":"https:\/\/kapitalis.com\/tunisie\/#organization"},"image":{"@id":"https:\/\/kapitalis.com\/tunisie\/2018\/12\/28\/quadruple-meurtre-a-oued-ellil-le-fils-suspect-toujours-recherche-photos\/#primaryimage"},"thumbnailUrl":"","keywords":["crime","Incendie","Manouba","meurtre","Oued Ellil"],"articleSection":["SOCIETE","Tunisie"],"inLanguage":"fr-FR","potentialAction":[{"@type":"CommentAction","name":"Comment","target":["https:\/\/kapitalis.com\/tunisie\/2018\/12\/28\/quadruple-meurtre-a-oued-ellil-le-fils-suspect-toujours-recherche-photos\/#respond"]}]},{"@type":"WebPage","@id":"https:\/\/kapitalis.com\/tunisie\/2018\/12\/28\/quadruple-meurtre-a-oued-ellil-le-fils-suspect-toujours-recherche-photos\/","url":"https:\/\/kapitalis.com\/tunisie\/2018\/12\/28\/quadruple-meurtre-a-oued-ellil-le-fils-suspect-toujours-recherche-photos\/","name":"Quadruple meurtre \u00e0 Oued-Ellil: Le fils suspect toujours recherch\u00e9 (photos) - Kapitalis","isPartOf":{"@id":"https:\/\/kapitalis.com\/tunisie\/#website"},"primaryImageOfPage":{"@id":"https:\/\/kapitalis.com\/tunisie\/2018\/12\/28\/quadruple-meurtre-a-oued-ellil-le-fils-suspect-toujours-recherche-photos\/#primaryimage"},"image":{"@id":"https:\/\/kapitalis.com\/tunisie\/2018\/12\/28\/quadruple-meurtre-a-oued-ellil-le-fils-suspect-toujours-recherche-photos\/#primaryimage"},"thumbnailUrl":"","datePublished":"2018-12-28T18:44:49+00:00","dateModified":"2018-12-28T19:02:19+00:00","breadcrumb":{"@id":"https:\/\/kapitalis.com\/tunisie\/2018\/12\/28\/quadruple-meurtre-a-oued-ellil-le-fils-suspect-toujours-recherche-photos\/#breadcrumb"},"inLanguage":"fr-FR","potentialAction":[{"@type":"ReadAction","target":["https:\/\/kapitalis.com\/tunisie\/2018\/12\/28\/quadruple-meurtre-a-oued-ellil-le-fils-suspect-toujours-recherche-photos\/"]}]},{"@type":"ImageObject","inLanguage":"fr-FR","@id":"https:\/\/kapitalis.com\/tunisie\/2018\/12\/28\/quadruple-meurtre-a-oued-ellil-le-fils-suspect-toujours-recherche-photos\/#primaryimage","url":"","contentUrl":""},{"@type":"BreadcrumbList","@id":"https:\/\/kapitalis.com\/tunisie\/2018\/12\/28\/quadruple-meurtre-a-oued-ellil-le-fils-suspect-toujours-recherche-photos\/#breadcrumb","itemListElement":[{"@type":"ListItem","position":1,"name":"Accueil","item":"https:\/\/kapitalis.com\/tunisie\/"},{"@type":"ListItem","position":2,"name":"Quadruple meurtre \u00e0 Oued-Ellil: Le fils suspect toujours recherch\u00e9 (photos)"}]},{"@type":"WebSite","@id":"https:\/\/kapitalis.com\/tunisie\/#website","url":"https:\/\/kapitalis.com\/tunisie\/","name":"Kapitalis","description":"L&#039;actualit\u00e9 en Tunisie et dans le monde","publisher":{"@id":"https:\/\/kapitalis.com\/tunisie\/#organization"},"potentialAction":[{"@type":"SearchAction","target":{"@type":"EntryPoint","urlTemplate":"https:\/\/kapitalis.com\/tunisie\/?s={search_term_string}"},"query-input":{"@type":"PropertyValueSpecification","valueRequired":true,"valueName":"search_term_string"}}],"inLanguage":"fr-FR"},{"@type":"Organization","@id":"https:\/\/kapitalis.com\/tunisie\/#organization","name":"Kapitalis","url":"https:\/\/kapitalis.com\/tunisie\/","logo":{"@type":"ImageObject","inLanguage":"fr-FR","@id":"https:\/\/kapitalis.com\/tunisie\/#\/schema\/logo\/image\/","url":"https:\/\/kapitalis.com\/tunisie\/wp-content\/uploads\/2022\/05\/Kapitalis-big-size.png","contentUrl":"https:\/\/kapitalis.com\/tunisie\/wp-content\/uploads\/2022\/05\/Kapitalis-big-size.png","width":5000,"height":1500,"caption":"Kapitalis"},"image":{"@id":"https:\/\/kapitalis.com\/tunisie\/#\/schema\/logo\/image\/"},"sameAs":["https:\/\/www.facebook.com\/KapitalisInfo\/","https:\/\/x.com\/KapitalisInfo","https:\/\/www.youtube.com\/channel\/UC-yDYrHyfFBWWZaOw3FPg9Q"]},{"@type":"Person","@id":"https:\/\/kapitalis.com\/tunisie\/#\/schema\/person\/74bbde0154d49d790a92aaeac5bc01d5","name":"Yusra NY","url":"https:\/\/kapitalis.com\/tunisie\/author\/yuza_adam\/"}]}},"_links":{"self":[{"href":"https:\/\/kapitalis.com\/tunisie\/wp-json\/wp\/v2\/posts\/191063","targetHints":{"allow":["GET"]}}],"collection":[{"href":"https:\/\/kapitalis.com\/tunisie\/wp-json\/wp\/v2\/posts"}],"about":[{"href":"https:\/\/kapitalis.com\/tunisie\/wp-json\/wp\/v2\/types\/post"}],"author":[{"embeddable":true,"href":"https:\/\/kapitalis.com\/tunisie\/wp-json\/wp\/v2\/users\/6"}],"replies":[{"embeddable":true,"href":"https:\/\/kapitalis.com\/tunisie\/wp-json\/wp\/v2\/comments?post=191063"}],"version-history":[{"count":0,"href":"https:\/\/kapitalis.com\/tunisie\/wp-json\/wp\/v2\/posts\/191063\/revisions"}],"wp:featuredmedia":[{"embeddable":true,"href":"https:\/\/kapitalis.com\/tunisie\/wp-json\/wp\/v2\/media\/191065"}],"wp:attachment":[{"href":"https:\/\/kapitalis.com\/tunisie\/wp-json\/wp\/v2\/media?parent=191063"}],"wp:term":[{"taxonomy":"category","embeddable":true,"href":"https:\/\/kapitalis.com\/tunisie\/wp-json\/wp\/v2\/categories?post=191063"},{"taxonomy":"post_tag","embeddable":true,"href":"https:\/\/kapitalis.com\/tunisie\/wp-json\/wp\/v2\/tags?post=191063"}],"curies":[{"name":"wp","href":"https:\/\/api.w.org\/{rel}","templated":true}]}}