{"id":191081,"date":"2018-12-29T08:54:32","date_gmt":"2018-12-29T07:54:32","guid":{"rendered":"http:\/\/kapitalis.com\/tunisie\/?p=191081"},"modified":"2018-12-29T09:52:29","modified_gmt":"2018-12-29T08:52:29","slug":"quadruple-meurtre-a-oued-ellil-le-fils-suspect-arrete-a-zarzis","status":"publish","type":"post","link":"https:\/\/kapitalis.com\/tunisie\/2018\/12\/29\/quadruple-meurtre-a-oued-ellil-le-fils-suspect-arrete-a-zarzis\/","title":{"rendered":"Quadruple meurtre \u00e0 Oued Ellil : Le fils suspect arr\u00eat\u00e9 \u00e0 Zarzis"},"content":{"rendered":"<p style=\"text-align: center;\"><img loading=\"lazy\" decoding=\"async\" class=\"alignnone size-full wp-image-191089\" src=\"http:\/\/kapitalis.com\/tunisie\/wp-content\/uploads\/2018\/12\/Suspect-oued-ellil-arr\u00eat\u00e9-\u00e0-Zarzis.jpg\" alt=\"\" width=\"626\" height=\"380\" \/><\/p>\n<p><em><strong>La garde nationale a arr\u00eat\u00e9 hier soir, vers 23h40, \u00e0 El-Ogla (Zarzis), le fils suspect\u00e9 d\u2019avoir tu\u00e9, jeudi dernier, sa m\u00e8re et ses 3 s\u0153urs \u00e0 Oued Ellil, Manouba, \u00e0 l&rsquo;ouest de Tunis.<\/strong><\/em><!--more--><\/p>\n<p>Faisant l\u2019objet d\u2019un mandat de recherche, le fils a \u00e9t\u00e9 localis\u00e9 pr\u00e8s de la plage d\u2019El-Ogla et des gardes nationaux de Zarzis l\u2019ont intercept\u00e9, indique le colonel Houssemeddine Jebabli, porte parole de la garde nationale, dans une d\u00e9claration \u00e0 Kapitalis.<\/p>\n<p>Le suspect avait une importante somme d\u2019argent sur lui et tout porte \u00e0 croire qu\u2019il comptait quitter le territoire, sur une barque de migration clandestine. Il a, cependant, indiqu\u00e9 aux enqu\u00eateurs qu\u2019il est venu chez un ami pour les f\u00eates de fin d\u2019ann\u00e9es. Il \u00e9tait calme, r\u00e9pondait naturellement aux\u00a0questions et laissait entendre\u00a0qu&rsquo;il n&rsquo;est m\u00eame pas au courant du massacre survenu deux jours auparavant chez lui.<\/p>\n<p>Interrog\u00e9 sur les membres de sa famille, il dit les avoir inform\u00e9s de son voyage au sud du pays et qu\u2019ils vont tous bien\u2026<\/p>\n<p>Il est actuellement entendu par la sous-direction des affaires criminelles de la garde nationale.<\/p>\n<p style=\"text-align: right;\"><strong>Y. N.<\/strong><\/p>\n<blockquote class=\"wp-embedded-content\" data-secret=\"P2MiOEFKqw\"><p><a href=\"https:\/\/kapitalis.com\/tunisie\/2018\/12\/28\/quadruple-meurtre-a-oued-ellil-le-fils-suspect-toujours-recherche-photos\/\">Quadruple meurtre \u00e0 Oued-Ellil: Le fils suspect toujours recherch\u00e9 (photos)<\/a><\/p><\/blockquote>\n<p><iframe loading=\"lazy\" class=\"wp-embedded-content\" sandbox=\"allow-scripts\" security=\"restricted\" style=\"position: absolute; clip: rect(1px, 1px, 1px, 1px);\" title=\"\u00ab\u00a0Quadruple meurtre \u00e0 Oued-Ellil: Le fils suspect toujours recherch\u00e9 (photos)\u00a0\u00bb &#8212; Kapitalis\" src=\"https:\/\/kapitalis.com\/tunisie\/2018\/12\/28\/quadruple-meurtre-a-oued-ellil-le-fils-suspect-toujours-recherche-photos\/embed\/#?secret=RVEtupuI6n#?secret=P2MiOEFKqw\" data-secret=\"P2MiOEFKqw\" width=\"600\" height=\"338\" frameborder=\"0\" marginwidth=\"0\" marginheight=\"0\" scrolling=\"no\"><\/iframe><\/p>\n<blockquote class=\"wp-embedded-content\" data-secret=\"amSyZaCicl\"><p><a href=\"https:\/\/kapitalis.com\/tunisie\/2018\/12\/28\/quadruple-meurtre-a-oued-ellil-le-pere-relache-le-fils-recherche\/\">Quadruple meurtre \u00e0 Oued Ellil : Le p\u00e8re rel\u00e2ch\u00e9, le fils recherch\u00e9<\/a><\/p><\/blockquote>\n<p><iframe loading=\"lazy\" class=\"wp-embedded-content\" sandbox=\"allow-scripts\" security=\"restricted\" style=\"position: absolute; clip: rect(1px, 1px, 1px, 1px);\" title=\"\u00ab\u00a0Quadruple meurtre \u00e0 Oued Ellil : Le p\u00e8re rel\u00e2ch\u00e9, le fils recherch\u00e9\u00a0\u00bb &#8212; Kapitalis\" src=\"https:\/\/kapitalis.com\/tunisie\/2018\/12\/28\/quadruple-meurtre-a-oued-ellil-le-pere-relache-le-fils-recherche\/embed\/#?secret=VwIwSxBeWt#?secret=amSyZaCicl\" data-secret=\"amSyZaCicl\" width=\"600\" height=\"338\" frameborder=\"0\" marginwidth=\"0\" marginheight=\"0\" scrolling=\"no\"><\/iframe><\/p>\n","protected":false},"excerpt":{"rendered":"<p>La garde nationale a arr\u00eat\u00e9 hier soir, vers 23h40, \u00e0 El-Ogla (Zarzis), le fils suspect\u00e9 d\u2019avoir tu\u00e9, jeudi dernier, sa m\u00e8re et ses 3 s\u0153urs \u00e0 Oued Ellil, Manouba, \u00e0 l&rsquo;ouest de Tunis.<\/p>\n","protected":false},"author":6,"featured_media":191089,"comment_status":"open","ping_status":"open","sticky":false,"template":"","format":"standard","meta":{"footnotes":""},"categories":[998,2433],"tags":[247,571,5758,975],"class_list":["post-191081","post","type-post","status-publish","format-standard","has-post-thumbnail","hentry","category-societe","category-tunisie","tag-crime","tag-manouba","tag-oued-ellil","tag-zarzis"],"yoast_head":"<!-- This site is optimized with the Yoast SEO plugin v26.6 - https:\/\/yoast.com\/wordpress\/plugins\/seo\/ -->\n<title>Quadruple meurtre \u00e0 Oued Ellil : Le fils suspect arr\u00eat\u00e9 \u00e0 Zarzis - Kapitalis<\/title>\n<meta name=\"robots\" content=\"index, follow, max-snippet:-1, max-image-preview:large, max-video-preview:-1\" \/>\n<link rel=\"canonical\" href=\"https:\/\/kapitalis.com\/tunisie\/2018\/12\/29\/quadruple-meurtre-a-oued-ellil-le-fils-suspect-arrete-a-zarzis\/\" \/>\n<meta property=\"og:locale\" content=\"fr_FR\" \/>\n<meta property=\"og:type\" content=\"article\" \/>\n<meta property=\"og:title\" content=\"Quadruple meurtre \u00e0 Oued Ellil : Le fils suspect arr\u00eat\u00e9 \u00e0 Zarzis - Kapitalis\" \/>\n<meta property=\"og:description\" content=\"La garde nationale a arr\u00eat\u00e9 hier soir, vers 23h40, \u00e0 El-Ogla (Zarzis), le fils suspect\u00e9 d\u2019avoir tu\u00e9, jeudi dernier, sa m\u00e8re et ses 3 s\u0153urs \u00e0 Oued Ellil, Manouba, \u00e0 l&rsquo;ouest de Tunis.\" \/>\n<meta property=\"og:url\" content=\"https:\/\/kapitalis.com\/tunisie\/2018\/12\/29\/quadruple-meurtre-a-oued-ellil-le-fils-suspect-arrete-a-zarzis\/\" \/>\n<meta property=\"og:site_name\" content=\"Kapitalis\" \/>\n<meta property=\"article:publisher\" content=\"https:\/\/www.facebook.com\/KapitalisInfo\/\" \/>\n<meta property=\"article:published_time\" content=\"2018-12-29T07:54:32+00:00\" \/>\n<meta property=\"article:modified_time\" content=\"2018-12-29T08:52:29+00:00\" \/>\n<meta property=\"og:image\" content=\"https:\/\/kapitalis.com\/tunisie\/wp-content\/uploads\/2022\/05\/kapitalis-logo-fb.png\" \/>\n\t<meta property=\"og:image:width\" content=\"1200\" \/>\n\t<meta property=\"og:image:height\" content=\"630\" \/>\n\t<meta property=\"og:image:type\" content=\"image\/png\" \/>\n<meta name=\"author\" content=\"Yusra NY\" \/>\n<meta name=\"twitter:card\" content=\"summary_large_image\" \/>\n<meta name=\"twitter:creator\" content=\"@KapitalisInfo\" \/>\n<meta name=\"twitter:site\" content=\"@KapitalisInfo\" \/>\n<meta name=\"twitter:label1\" content=\"\u00c9crit par\" \/>\n\t<meta name=\"twitter:data1\" content=\"Yusra NY\" \/>\n\t<meta name=\"twitter:label2\" content=\"Dur\u00e9e de lecture estim\u00e9e\" \/>\n\t<meta name=\"twitter:data2\" content=\"1 minute\" \/>\n<script type=\"application\/ld+json\" class=\"yoast-schema-graph\">{\"@context\":\"https:\/\/schema.org\",\"@graph\":[{\"@type\":\"Article\",\"@id\":\"https:\/\/kapitalis.com\/tunisie\/2018\/12\/29\/quadruple-meurtre-a-oued-ellil-le-fils-suspect-arrete-a-zarzis\/#article\",\"isPartOf\":{\"@id\":\"https:\/\/kapitalis.com\/tunisie\/2018\/12\/29\/quadruple-meurtre-a-oued-ellil-le-fils-suspect-arrete-a-zarzis\/\"},\"author\":{\"name\":\"Yusra NY\",\"@id\":\"https:\/\/kapitalis.com\/tunisie\/#\/schema\/person\/74bbde0154d49d790a92aaeac5bc01d5\"},\"headline\":\"Quadruple meurtre \u00e0 Oued Ellil : Le fils suspect arr\u00eat\u00e9 \u00e0 Zarzis\",\"datePublished\":\"2018-12-29T07:54:32+00:00\",\"dateModified\":\"2018-12-29T08:52:29+00:00\",\"mainEntityOfPage\":{\"@id\":\"https:\/\/kapitalis.com\/tunisie\/2018\/12\/29\/quadruple-meurtre-a-oued-ellil-le-fils-suspect-arrete-a-zarzis\/\"},\"wordCount\":215,\"commentCount\":11,\"publisher\":{\"@id\":\"https:\/\/kapitalis.com\/tunisie\/#organization\"},\"image\":{\"@id\":\"https:\/\/kapitalis.com\/tunisie\/2018\/12\/29\/quadruple-meurtre-a-oued-ellil-le-fils-suspect-arrete-a-zarzis\/#primaryimage\"},\"thumbnailUrl\":\"\",\"keywords\":[\"crime\",\"Manouba\",\"Oued Ellil\",\"Zarzis\"],\"articleSection\":[\"SOCIETE\",\"Tunisie\"],\"inLanguage\":\"fr-FR\",\"potentialAction\":[{\"@type\":\"CommentAction\",\"name\":\"Comment\",\"target\":[\"https:\/\/kapitalis.com\/tunisie\/2018\/12\/29\/quadruple-meurtre-a-oued-ellil-le-fils-suspect-arrete-a-zarzis\/#respond\"]}]},{\"@type\":\"WebPage\",\"@id\":\"https:\/\/kapitalis.com\/tunisie\/2018\/12\/29\/quadruple-meurtre-a-oued-ellil-le-fils-suspect-arrete-a-zarzis\/\",\"url\":\"https:\/\/kapitalis.com\/tunisie\/2018\/12\/29\/quadruple-meurtre-a-oued-ellil-le-fils-suspect-arrete-a-zarzis\/\",\"name\":\"Quadruple meurtre \u00e0 Oued Ellil : Le fils suspect arr\u00eat\u00e9 \u00e0 Zarzis - Kapitalis\",\"isPartOf\":{\"@id\":\"https:\/\/kapitalis.com\/tunisie\/#website\"},\"primaryImageOfPage\":{\"@id\":\"https:\/\/kapitalis.com\/tunisie\/2018\/12\/29\/quadruple-meurtre-a-oued-ellil-le-fils-suspect-arrete-a-zarzis\/#primaryimage\"},\"image\":{\"@id\":\"https:\/\/kapitalis.com\/tunisie\/2018\/12\/29\/quadruple-meurtre-a-oued-ellil-le-fils-suspect-arrete-a-zarzis\/#primaryimage\"},\"thumbnailUrl\":\"\",\"datePublished\":\"2018-12-29T07:54:32+00:00\",\"dateModified\":\"2018-12-29T08:52:29+00:00\",\"breadcrumb\":{\"@id\":\"https:\/\/kapitalis.com\/tunisie\/2018\/12\/29\/quadruple-meurtre-a-oued-ellil-le-fils-suspect-arrete-a-zarzis\/#breadcrumb\"},\"inLanguage\":\"fr-FR\",\"potentialAction\":[{\"@type\":\"ReadAction\",\"target\":[\"https:\/\/kapitalis.com\/tunisie\/2018\/12\/29\/quadruple-meurtre-a-oued-ellil-le-fils-suspect-arrete-a-zarzis\/\"]}]},{\"@type\":\"ImageObject\",\"inLanguage\":\"fr-FR\",\"@id\":\"https:\/\/kapitalis.com\/tunisie\/2018\/12\/29\/quadruple-meurtre-a-oued-ellil-le-fils-suspect-arrete-a-zarzis\/#primaryimage\",\"url\":\"\",\"contentUrl\":\"\"},{\"@type\":\"BreadcrumbList\",\"@id\":\"https:\/\/kapitalis.com\/tunisie\/2018\/12\/29\/quadruple-meurtre-a-oued-ellil-le-fils-suspect-arrete-a-zarzis\/#breadcrumb\",\"itemListElement\":[{\"@type\":\"ListItem\",\"position\":1,\"name\":\"Accueil\",\"item\":\"https:\/\/kapitalis.com\/tunisie\/\"},{\"@type\":\"ListItem\",\"position\":2,\"name\":\"Quadruple meurtre \u00e0 Oued Ellil : Le fils suspect arr\u00eat\u00e9 \u00e0 Zarzis\"}]},{\"@type\":\"WebSite\",\"@id\":\"https:\/\/kapitalis.com\/tunisie\/#website\",\"url\":\"https:\/\/kapitalis.com\/tunisie\/\",\"name\":\"Kapitalis\",\"description\":\"L&#039;actualit\u00e9 en Tunisie et dans le monde\",\"publisher\":{\"@id\":\"https:\/\/kapitalis.com\/tunisie\/#organization\"},\"potentialAction\":[{\"@type\":\"SearchAction\",\"target\":{\"@type\":\"EntryPoint\",\"urlTemplate\":\"https:\/\/kapitalis.com\/tunisie\/?s={search_term_string}\"},\"query-input\":{\"@type\":\"PropertyValueSpecification\",\"valueRequired\":true,\"valueName\":\"search_term_string\"}}],\"inLanguage\":\"fr-FR\"},{\"@type\":\"Organization\",\"@id\":\"https:\/\/kapitalis.com\/tunisie\/#organization\",\"name\":\"Kapitalis\",\"url\":\"https:\/\/kapitalis.com\/tunisie\/\",\"logo\":{\"@type\":\"ImageObject\",\"inLanguage\":\"fr-FR\",\"@id\":\"https:\/\/kapitalis.com\/tunisie\/#\/schema\/logo\/image\/\",\"url\":\"https:\/\/kapitalis.com\/tunisie\/wp-content\/uploads\/2022\/05\/Kapitalis-big-size.png\",\"contentUrl\":\"https:\/\/kapitalis.com\/tunisie\/wp-content\/uploads\/2022\/05\/Kapitalis-big-size.png\",\"width\":5000,\"height\":1500,\"caption\":\"Kapitalis\"},\"image\":{\"@id\":\"https:\/\/kapitalis.com\/tunisie\/#\/schema\/logo\/image\/\"},\"sameAs\":[\"https:\/\/www.facebook.com\/KapitalisInfo\/\",\"https:\/\/x.com\/KapitalisInfo\",\"https:\/\/www.youtube.com\/channel\/UC-yDYrHyfFBWWZaOw3FPg9Q\"]},{\"@type\":\"Person\",\"@id\":\"https:\/\/kapitalis.com\/tunisie\/#\/schema\/person\/74bbde0154d49d790a92aaeac5bc01d5\",\"name\":\"Yusra NY\",\"url\":\"https:\/\/kapitalis.com\/tunisie\/author\/yuza_adam\/\"}]}<\/script>\n<!-- \/ Yoast SEO plugin. -->","yoast_head_json":{"title":"Quadruple meurtre \u00e0 Oued Ellil : Le fils suspect arr\u00eat\u00e9 \u00e0 Zarzis - Kapitalis","robots":{"index":"index","follow":"follow","max-snippet":"max-snippet:-1","max-image-preview":"max-image-preview:large","max-video-preview":"max-video-preview:-1"},"canonical":"https:\/\/kapitalis.com\/tunisie\/2018\/12\/29\/quadruple-meurtre-a-oued-ellil-le-fils-suspect-arrete-a-zarzis\/","og_locale":"fr_FR","og_type":"article","og_title":"Quadruple meurtre \u00e0 Oued Ellil : Le fils suspect arr\u00eat\u00e9 \u00e0 Zarzis - Kapitalis","og_description":"La garde nationale a arr\u00eat\u00e9 hier soir, vers 23h40, \u00e0 El-Ogla (Zarzis), le fils suspect\u00e9 d\u2019avoir tu\u00e9, jeudi dernier, sa m\u00e8re et ses 3 s\u0153urs \u00e0 Oued Ellil, Manouba, \u00e0 l&rsquo;ouest de Tunis.","og_url":"https:\/\/kapitalis.com\/tunisie\/2018\/12\/29\/quadruple-meurtre-a-oued-ellil-le-fils-suspect-arrete-a-zarzis\/","og_site_name":"Kapitalis","article_publisher":"https:\/\/www.facebook.com\/KapitalisInfo\/","article_published_time":"2018-12-29T07:54:32+00:00","article_modified_time":"2018-12-29T08:52:29+00:00","og_image":[{"width":1200,"height":630,"url":"https:\/\/kapitalis.com\/tunisie\/wp-content\/uploads\/2022\/05\/kapitalis-logo-fb.png","type":"image\/png"}],"author":"Yusra NY","twitter_card":"summary_large_image","twitter_creator":"@KapitalisInfo","twitter_site":"@KapitalisInfo","twitter_misc":{"\u00c9crit par":"Yusra NY","Dur\u00e9e de lecture estim\u00e9e":"1 minute"},"schema":{"@context":"https:\/\/schema.org","@graph":[{"@type":"Article","@id":"https:\/\/kapitalis.com\/tunisie\/2018\/12\/29\/quadruple-meurtre-a-oued-ellil-le-fils-suspect-arrete-a-zarzis\/#article","isPartOf":{"@id":"https:\/\/kapitalis.com\/tunisie\/2018\/12\/29\/quadruple-meurtre-a-oued-ellil-le-fils-suspect-arrete-a-zarzis\/"},"author":{"name":"Yusra NY","@id":"https:\/\/kapitalis.com\/tunisie\/#\/schema\/person\/74bbde0154d49d790a92aaeac5bc01d5"},"headline":"Quadruple meurtre \u00e0 Oued Ellil : Le fils suspect arr\u00eat\u00e9 \u00e0 Zarzis","datePublished":"2018-12-29T07:54:32+00:00","dateModified":"2018-12-29T08:52:29+00:00","mainEntityOfPage":{"@id":"https:\/\/kapitalis.com\/tunisie\/2018\/12\/29\/quadruple-meurtre-a-oued-ellil-le-fils-suspect-arrete-a-zarzis\/"},"wordCount":215,"commentCount":11,"publisher":{"@id":"https:\/\/kapitalis.com\/tunisie\/#organization"},"image":{"@id":"https:\/\/kapitalis.com\/tunisie\/2018\/12\/29\/quadruple-meurtre-a-oued-ellil-le-fils-suspect-arrete-a-zarzis\/#primaryimage"},"thumbnailUrl":"","keywords":["crime","Manouba","Oued Ellil","Zarzis"],"articleSection":["SOCIETE","Tunisie"],"inLanguage":"fr-FR","potentialAction":[{"@type":"CommentAction","name":"Comment","target":["https:\/\/kapitalis.com\/tunisie\/2018\/12\/29\/quadruple-meurtre-a-oued-ellil-le-fils-suspect-arrete-a-zarzis\/#respond"]}]},{"@type":"WebPage","@id":"https:\/\/kapitalis.com\/tunisie\/2018\/12\/29\/quadruple-meurtre-a-oued-ellil-le-fils-suspect-arrete-a-zarzis\/","url":"https:\/\/kapitalis.com\/tunisie\/2018\/12\/29\/quadruple-meurtre-a-oued-ellil-le-fils-suspect-arrete-a-zarzis\/","name":"Quadruple meurtre \u00e0 Oued Ellil : Le fils suspect arr\u00eat\u00e9 \u00e0 Zarzis - Kapitalis","isPartOf":{"@id":"https:\/\/kapitalis.com\/tunisie\/#website"},"primaryImageOfPage":{"@id":"https:\/\/kapitalis.com\/tunisie\/2018\/12\/29\/quadruple-meurtre-a-oued-ellil-le-fils-suspect-arrete-a-zarzis\/#primaryimage"},"image":{"@id":"https:\/\/kapitalis.com\/tunisie\/2018\/12\/29\/quadruple-meurtre-a-oued-ellil-le-fils-suspect-arrete-a-zarzis\/#primaryimage"},"thumbnailUrl":"","datePublished":"2018-12-29T07:54:32+00:00","dateModified":"2018-12-29T08:52:29+00:00","breadcrumb":{"@id":"https:\/\/kapitalis.com\/tunisie\/2018\/12\/29\/quadruple-meurtre-a-oued-ellil-le-fils-suspect-arrete-a-zarzis\/#breadcrumb"},"inLanguage":"fr-FR","potentialAction":[{"@type":"ReadAction","target":["https:\/\/kapitalis.com\/tunisie\/2018\/12\/29\/quadruple-meurtre-a-oued-ellil-le-fils-suspect-arrete-a-zarzis\/"]}]},{"@type":"ImageObject","inLanguage":"fr-FR","@id":"https:\/\/kapitalis.com\/tunisie\/2018\/12\/29\/quadruple-meurtre-a-oued-ellil-le-fils-suspect-arrete-a-zarzis\/#primaryimage","url":"","contentUrl":""},{"@type":"BreadcrumbList","@id":"https:\/\/kapitalis.com\/tunisie\/2018\/12\/29\/quadruple-meurtre-a-oued-ellil-le-fils-suspect-arrete-a-zarzis\/#breadcrumb","itemListElement":[{"@type":"ListItem","position":1,"name":"Accueil","item":"https:\/\/kapitalis.com\/tunisie\/"},{"@type":"ListItem","position":2,"name":"Quadruple meurtre \u00e0 Oued Ellil : Le fils suspect arr\u00eat\u00e9 \u00e0 Zarzis"}]},{"@type":"WebSite","@id":"https:\/\/kapitalis.com\/tunisie\/#website","url":"https:\/\/kapitalis.com\/tunisie\/","name":"Kapitalis","description":"L&#039;actualit\u00e9 en Tunisie et dans le monde","publisher":{"@id":"https:\/\/kapitalis.com\/tunisie\/#organization"},"potentialAction":[{"@type":"SearchAction","target":{"@type":"EntryPoint","urlTemplate":"https:\/\/kapitalis.com\/tunisie\/?s={search_term_string}"},"query-input":{"@type":"PropertyValueSpecification","valueRequired":true,"valueName":"search_term_string"}}],"inLanguage":"fr-FR"},{"@type":"Organization","@id":"https:\/\/kapitalis.com\/tunisie\/#organization","name":"Kapitalis","url":"https:\/\/kapitalis.com\/tunisie\/","logo":{"@type":"ImageObject","inLanguage":"fr-FR","@id":"https:\/\/kapitalis.com\/tunisie\/#\/schema\/logo\/image\/","url":"https:\/\/kapitalis.com\/tunisie\/wp-content\/uploads\/2022\/05\/Kapitalis-big-size.png","contentUrl":"https:\/\/kapitalis.com\/tunisie\/wp-content\/uploads\/2022\/05\/Kapitalis-big-size.png","width":5000,"height":1500,"caption":"Kapitalis"},"image":{"@id":"https:\/\/kapitalis.com\/tunisie\/#\/schema\/logo\/image\/"},"sameAs":["https:\/\/www.facebook.com\/KapitalisInfo\/","https:\/\/x.com\/KapitalisInfo","https:\/\/www.youtube.com\/channel\/UC-yDYrHyfFBWWZaOw3FPg9Q"]},{"@type":"Person","@id":"https:\/\/kapitalis.com\/tunisie\/#\/schema\/person\/74bbde0154d49d790a92aaeac5bc01d5","name":"Yusra NY","url":"https:\/\/kapitalis.com\/tunisie\/author\/yuza_adam\/"}]}},"_links":{"self":[{"href":"https:\/\/kapitalis.com\/tunisie\/wp-json\/wp\/v2\/posts\/191081","targetHints":{"allow":["GET"]}}],"collection":[{"href":"https:\/\/kapitalis.com\/tunisie\/wp-json\/wp\/v2\/posts"}],"about":[{"href":"https:\/\/kapitalis.com\/tunisie\/wp-json\/wp\/v2\/types\/post"}],"author":[{"embeddable":true,"href":"https:\/\/kapitalis.com\/tunisie\/wp-json\/wp\/v2\/users\/6"}],"replies":[{"embeddable":true,"href":"https:\/\/kapitalis.com\/tunisie\/wp-json\/wp\/v2\/comments?post=191081"}],"version-history":[{"count":0,"href":"https:\/\/kapitalis.com\/tunisie\/wp-json\/wp\/v2\/posts\/191081\/revisions"}],"wp:featuredmedia":[{"embeddable":true,"href":"https:\/\/kapitalis.com\/tunisie\/wp-json\/wp\/v2\/media\/191089"}],"wp:attachment":[{"href":"https:\/\/kapitalis.com\/tunisie\/wp-json\/wp\/v2\/media?parent=191081"}],"wp:term":[{"taxonomy":"category","embeddable":true,"href":"https:\/\/kapitalis.com\/tunisie\/wp-json\/wp\/v2\/categories?post=191081"},{"taxonomy":"post_tag","embeddable":true,"href":"https:\/\/kapitalis.com\/tunisie\/wp-json\/wp\/v2\/tags?post=191081"}],"curies":[{"name":"wp","href":"https:\/\/api.w.org\/{rel}","templated":true}]}}