{"id":191234,"date":"2018-12-31T08:53:50","date_gmt":"2018-12-31T07:53:50","guid":{"rendered":"http:\/\/kapitalis.com\/tunisie\/?p=191234"},"modified":"2018-12-31T08:53:50","modified_gmt":"2018-12-31T07:53:50","slug":"la-paternite-defaillante-theme-central-du-cinema-tunisien-actuel","status":"publish","type":"post","link":"https:\/\/kapitalis.com\/tunisie\/2018\/12\/31\/la-paternite-defaillante-theme-central-du-cinema-tunisien-actuel\/","title":{"rendered":"La paternit\u00e9 d\u00e9faillante, th\u00e8me central du cin\u00e9ma tunisien actuel"},"content":{"rendered":"<p style=\"text-align: center;\"><img loading=\"lazy\" decoding=\"async\" class=\"alignnone size-full wp-image-191235\" src=\"http:\/\/kapitalis.com\/tunisie\/wp-content\/uploads\/2018\/12\/Regarde-moi-Mon-cher-enfant.jpg\" alt=\"\" width=\"626\" height=\"380\" \/><\/p>\n<p><em><strong>Deux films sont sortis simultan\u00e9ment dans les salles de cin\u00e9ma tunisiennes ces derniers temps, ayant des choix esth\u00e9tiques presque oppos\u00e9s, une vision divergente de la r\u00e9alit\u00e9, du moins en apparence, mais une m\u00eame th\u00e9matique : la paternit\u00e9 d\u00e9faillante.<\/strong> <\/em><\/p>\n<p>Par <strong>Kahena Abbes<\/strong> *<\/p>\n<p><!--more--><\/p>\n<p>Les deux films en question sont<em> \u2018\u2018Regarde-moi\u2019\u2019<\/em> de N\u00e9jib Belkhadhi et <em>\u2018\u2018Mon cher enfant\u2019\u2019 <\/em>de Mohamed Ben Attia, traitant, respectivement, de l\u2019autisme et du terrorisme.<\/p>\n<p>Abstraction faite de la perspective esth\u00e9tique et artistique des deux th\u00e8mes, un th\u00e8me commun les lie : une paternit\u00e9 d\u00e9faillante, celle qui a perdu son autorit\u00e9, ainsi que tout contr\u00f4le sur le comportement de sa propre prog\u00e9niture.<\/p>\n<h3>La figure du p\u00e8re dans une soci\u00e9t\u00e9 en transformation<\/h3>\n<p>Le p\u00e8re est une figure essentielle, voire m\u00eame centrale dans les deux films, l\u2019enjeu est celui de sauvegarder son pouvoir, donc sa continuit\u00e9 dans une soci\u00e9t\u00e9 en pleine transformation.<\/p>\n<p>Qu\u2019il s\u2019agisse de l\u2019autisme ou du terrorisme, la probl\u00e9matique reste la m\u00eame, celle de la communication, m\u00eame si son traitement acquiert des formes diverses : agitation dans le th\u00e8me de l\u2019autisme, silence et souffrance dissimul\u00e9s dans celui du terrorisme.<\/p>\n<p>Pourtant, dans les deux cas, l\u2019essentiel n\u2019est pas exprim\u00e9, le non-dit s\u2019introduit, devient envahisseur, puisqu\u2019il est porteur d\u2019une mutation socio -politique incompatible aussi bien avec l\u2019\u00e9chelle des valeurs de la soci\u00e9t\u00e9 actuelle, qu\u2019avec son syst\u00e8me.<\/p>\n<p>La m\u00e8re dans<em> \u2018\u2018Regarde-moi\u2019\u2019<\/em> est agonisante, ne survivra pas, finit par d\u00e9c\u00e9der au cours des \u00e9v\u00e9nements. Elle aura, par contre, un r\u00f4le aussi bien affectif qu\u2019\u00e9ducatif de second r\u00f4le dans<em> \u2018\u2018Mon cher enfant\u2019\u2019<\/em>, car c\u2019est au p\u00e8re qu\u2019incombe la mission d\u2019apprendre \u00e0 l\u2019enfant de se lier au monde et d\u2019exister.<\/p>\n<h3>La contestation de l\u2019autorit\u00e9 parentale<\/h3>\n<p>Dans les deux films, il y a une rupture quasi totale, pas uniquement au niveau de la communication entre le p\u00e8re et le fils, mais dans leurs mani\u00e8res de voir le monde et de l\u2019aborder.<\/p>\n<p>Il s\u2019agit donc d\u2019une paternit\u00e9 qui a \u00e9chou\u00e9 \u00e0 transmettre aux g\u00e9n\u00e9rations qui lui succ\u00e8dent un espoir, une vie sans souffrance. Mais la paternit\u00e9 n\u2019est pas uniquement une pr\u00e9sence concr\u00e8te et physique fond\u00e9e sur le lien biologique; elle est porteuse aussi d\u2019une dimension symbolique, \u00e0 savoir qu\u2019elle est repr\u00e9sentative de la loi, c\u2019est dans ce sens que le lien entre les deux films a \u00e9t\u00e9 \u00e9tabli, \u00e0 travers la contestation de cette autorit\u00e9 parentale.<\/p>\n<p>Bien qu\u2019elle ne f\u00fbt ni d\u00e9pourvue d\u2019affectivit\u00e9 ni d\u2019attention, celle-ci n\u2019a pas pu accomplir sa mission essentielle \u00e0 savoir : permettre aux fils de r\u00e9soudre leurs probl\u00e8mes existentiels, qui consistent ou bien \u00e0 renouer avec le monde ext\u00e9rieur (dans le th\u00e8me de l\u2019autisme), ou bien \u00e0 se r\u00e9aliser (dans le th\u00e8me du terrorisme); car elle \u00e9tait incapable d\u2019inventer d\u2019autres formes de communication, d\u2019\u00eatre cr\u00e9ative, voire m\u00eame subversive, dans un monde de moins en moins s\u00fbr.<\/p>\n<p>Ceci dit, dans <em>\u2018\u2018Regarde-moi\u2019\u2019<\/em>, l\u2019am\u00e9lioration de l\u2019\u00e9tat psychique de l\u2019enfant Youssef reste envisageable, en d\u00e9pit de l\u2019impossibilit\u00e9 d\u2019une gu\u00e9rison compl\u00e8te. Dans <em>\u2018\u2018Mon cher enfant\u2019\u2019<\/em>, le jeune Sami ex\u00e9cute un attentat terroriste et finit par mourir, ce qui signifie qu\u2019il n\u2019y a point de rem\u00e8de \u00e0 l\u2019extr\u00e9misme religieux, car au-del\u00e0 de la rupture relationnelle qu\u2019il a engendr\u00e9 entre p\u00e8re et fils, il fut le produit de toute une conjoncture politique, sociale, \u00e9conomique et culturelle. Aussi, pour l\u2019\u00e9radiquer, la solution ne saurait \u00eatre individuelle, le salut \u00e9tant collectif.<\/p>\n<h3>Instaurer un nouvel ordre ou l\u00e9gitimer l\u2019existant<\/h3>\n<p>Les questions pos\u00e9es dans les deux films sont les suivantes : Quel avenir sommes-nous en train de pr\u00e9parer \u00e0 nos enfants ? Quel est le rapport que nous entretenons avec la r\u00e9alit\u00e9? Quelles sont les raisons profondes de cette contestation de l\u2019autorit\u00e9 paternelle ? Est-ce dans le but de tuer le p\u00e8re, du moins symboliquement, afin d\u2019instaurer un nouvel ordre, ou pour donner \u00e0 cette paternit\u00e9 d\u00e9faillante une nouvelle l\u00e9gitimit\u00e9?<\/p>\n<p>Il n\u2019y a que l\u2019art qui puisse ouvrir la voie \u00e0 de telles questions et \u00e0 une telle r\u00e9flexion.<\/p>\n<p><em>* Avocate et \u00e9crivaine.\u00a0<\/em><\/p>\n<p><em><strong>Articles de la m\u00eame auteure dans Kapitalis :\u00a0<\/strong><\/em><\/p>\n<blockquote class=\"wp-embedded-content\" data-secret=\"mfummKqf4m\"><p><a href=\"https:\/\/kapitalis.com\/tunisie\/2018\/09\/25\/les-toiles-brodees-de-kassou-jellazi-ou-la-memoire-du-corps-feminin\/\">Les toiles brod\u00e9es de Kassou-Jellazi ou la m\u00e9moire du corps f\u00e9minin<\/a><\/p><\/blockquote>\n<p><iframe loading=\"lazy\" class=\"wp-embedded-content\" sandbox=\"allow-scripts\" security=\"restricted\" style=\"position: absolute; clip: rect(1px, 1px, 1px, 1px);\" title=\"\u00ab\u00a0Les toiles brod\u00e9es de Kassou-Jellazi ou la m\u00e9moire du corps f\u00e9minin\u00a0\u00bb &#8212; Kapitalis\" src=\"https:\/\/kapitalis.com\/tunisie\/2018\/09\/25\/les-toiles-brodees-de-kassou-jellazi-ou-la-memoire-du-corps-feminin\/embed\/#?secret=cgkueiWiZe#?secret=mfummKqf4m\" data-secret=\"mfummKqf4m\" width=\"600\" height=\"338\" frameborder=\"0\" marginwidth=\"0\" marginheight=\"0\" scrolling=\"no\"><\/iframe><\/p>\n<blockquote class=\"wp-embedded-content\" data-secret=\"3Fv6fcIc1o\"><p><a href=\"https:\/\/kapitalis.com\/tunisie\/2018\/09\/12\/au-dela-des-polemiques-une-lecture-juridique-du-rapport-de-la-colibe\/\">Au-del\u00e0 des pol\u00e9miques : Une lecture juridique du rapport de la Colibe<\/a><\/p><\/blockquote>\n<p><iframe loading=\"lazy\" class=\"wp-embedded-content\" sandbox=\"allow-scripts\" security=\"restricted\" style=\"position: absolute; clip: rect(1px, 1px, 1px, 1px);\" title=\"\u00ab\u00a0Au-del\u00e0 des pol\u00e9miques : Une lecture juridique du rapport de la Colibe\u00a0\u00bb &#8212; Kapitalis\" src=\"https:\/\/kapitalis.com\/tunisie\/2018\/09\/12\/au-dela-des-polemiques-une-lecture-juridique-du-rapport-de-la-colibe\/embed\/#?secret=pb1ay9ihNx#?secret=3Fv6fcIc1o\" data-secret=\"3Fv6fcIc1o\" width=\"600\" height=\"338\" frameborder=\"0\" marginwidth=\"0\" marginheight=\"0\" scrolling=\"no\"><\/iframe><\/p>\n","protected":false},"excerpt":{"rendered":"<p>Deux films sont sortis simultan\u00e9ment dans les salles de cin\u00e9ma tunisiennes ces derniers temps, ayant des choix esth\u00e9tiques presque oppos\u00e9s, une vision divergente de la r\u00e9alit\u00e9, du moins en apparence, mais une m\u00eame th\u00e9matique : la paternit\u00e9 d\u00e9faillante. Par Kahena Abbes *<\/p>\n","protected":false},"author":8,"featured_media":191235,"comment_status":"open","ping_status":"open","sticky":false,"template":"","format":"standard","meta":{"footnotes":""},"categories":[992,994,1000,2433],"tags":[9668,12990,50790],"class_list":["post-191234","post","type-post","status-publish","format-standard","has-post-thumbnail","hentry","category-a-la-une","category-culture","category-tribune","category-tunisie","tag-cinema-tunisien","tag-mohamed-ben-attia","tag-regarde-moi"],"yoast_head":"<!-- This site is optimized with the Yoast SEO plugin v26.6 - https:\/\/yoast.com\/wordpress\/plugins\/seo\/ -->\n<title>La paternit\u00e9 d\u00e9faillante, th\u00e8me central du cin\u00e9ma tunisien actuel - Kapitalis<\/title>\n<meta name=\"robots\" content=\"index, follow, max-snippet:-1, max-image-preview:large, max-video-preview:-1\" \/>\n<link rel=\"canonical\" href=\"https:\/\/kapitalis.com\/tunisie\/2018\/12\/31\/la-paternite-defaillante-theme-central-du-cinema-tunisien-actuel\/\" \/>\n<meta property=\"og:locale\" content=\"fr_FR\" \/>\n<meta property=\"og:type\" content=\"article\" \/>\n<meta property=\"og:title\" content=\"La paternit\u00e9 d\u00e9faillante, th\u00e8me central du cin\u00e9ma tunisien actuel - Kapitalis\" \/>\n<meta property=\"og:description\" content=\"Deux films sont sortis simultan\u00e9ment dans les salles de cin\u00e9ma tunisiennes ces derniers temps, ayant des choix esth\u00e9tiques presque oppos\u00e9s, une vision divergente de la r\u00e9alit\u00e9, du moins en apparence, mais une m\u00eame th\u00e9matique : la paternit\u00e9 d\u00e9faillante. Par Kahena Abbes *\" \/>\n<meta property=\"og:url\" content=\"https:\/\/kapitalis.com\/tunisie\/2018\/12\/31\/la-paternite-defaillante-theme-central-du-cinema-tunisien-actuel\/\" \/>\n<meta property=\"og:site_name\" content=\"Kapitalis\" \/>\n<meta property=\"article:publisher\" content=\"https:\/\/www.facebook.com\/KapitalisInfo\/\" \/>\n<meta property=\"article:published_time\" content=\"2018-12-31T07:53:50+00:00\" \/>\n<meta property=\"og:image\" content=\"https:\/\/kapitalis.com\/tunisie\/wp-content\/uploads\/2022\/05\/kapitalis-logo-fb.png\" \/>\n\t<meta property=\"og:image:width\" content=\"1200\" \/>\n\t<meta property=\"og:image:height\" content=\"630\" \/>\n\t<meta property=\"og:image:type\" content=\"image\/png\" \/>\n<meta name=\"author\" content=\"webmaster kapitalis\" \/>\n<meta name=\"twitter:card\" content=\"summary_large_image\" \/>\n<meta name=\"twitter:creator\" content=\"@KapitalisInfo\" \/>\n<meta name=\"twitter:site\" content=\"@KapitalisInfo\" \/>\n<meta name=\"twitter:label1\" content=\"\u00c9crit par\" \/>\n\t<meta name=\"twitter:data1\" content=\"webmaster kapitalis\" \/>\n\t<meta name=\"twitter:label2\" content=\"Dur\u00e9e de lecture estim\u00e9e\" \/>\n\t<meta name=\"twitter:data2\" content=\"4 minutes\" \/>\n<script type=\"application\/ld+json\" class=\"yoast-schema-graph\">{\"@context\":\"https:\/\/schema.org\",\"@graph\":[{\"@type\":\"Article\",\"@id\":\"https:\/\/kapitalis.com\/tunisie\/2018\/12\/31\/la-paternite-defaillante-theme-central-du-cinema-tunisien-actuel\/#article\",\"isPartOf\":{\"@id\":\"https:\/\/kapitalis.com\/tunisie\/2018\/12\/31\/la-paternite-defaillante-theme-central-du-cinema-tunisien-actuel\/\"},\"author\":{\"name\":\"webmaster kapitalis\",\"@id\":\"https:\/\/kapitalis.com\/tunisie\/#\/schema\/person\/d71f33a9ca44f7bad4698210b480c8e9\"},\"headline\":\"La paternit\u00e9 d\u00e9faillante, th\u00e8me central du cin\u00e9ma tunisien actuel\",\"datePublished\":\"2018-12-31T07:53:50+00:00\",\"mainEntityOfPage\":{\"@id\":\"https:\/\/kapitalis.com\/tunisie\/2018\/12\/31\/la-paternite-defaillante-theme-central-du-cinema-tunisien-actuel\/\"},\"wordCount\":770,\"commentCount\":3,\"publisher\":{\"@id\":\"https:\/\/kapitalis.com\/tunisie\/#organization\"},\"image\":{\"@id\":\"https:\/\/kapitalis.com\/tunisie\/2018\/12\/31\/la-paternite-defaillante-theme-central-du-cinema-tunisien-actuel\/#primaryimage\"},\"thumbnailUrl\":\"\",\"keywords\":[\"cin\u00e9ma tunisien\",\"Mohamed Ben Attia\",\"Regarde-moi\"],\"articleSection\":[\"A LA UNE\",\"CULTURE\",\"TRIBUNE\",\"Tunisie\"],\"inLanguage\":\"fr-FR\",\"potentialAction\":[{\"@type\":\"CommentAction\",\"name\":\"Comment\",\"target\":[\"https:\/\/kapitalis.com\/tunisie\/2018\/12\/31\/la-paternite-defaillante-theme-central-du-cinema-tunisien-actuel\/#respond\"]}]},{\"@type\":\"WebPage\",\"@id\":\"https:\/\/kapitalis.com\/tunisie\/2018\/12\/31\/la-paternite-defaillante-theme-central-du-cinema-tunisien-actuel\/\",\"url\":\"https:\/\/kapitalis.com\/tunisie\/2018\/12\/31\/la-paternite-defaillante-theme-central-du-cinema-tunisien-actuel\/\",\"name\":\"La paternit\u00e9 d\u00e9faillante, th\u00e8me central du cin\u00e9ma tunisien actuel - Kapitalis\",\"isPartOf\":{\"@id\":\"https:\/\/kapitalis.com\/tunisie\/#website\"},\"primaryImageOfPage\":{\"@id\":\"https:\/\/kapitalis.com\/tunisie\/2018\/12\/31\/la-paternite-defaillante-theme-central-du-cinema-tunisien-actuel\/#primaryimage\"},\"image\":{\"@id\":\"https:\/\/kapitalis.com\/tunisie\/2018\/12\/31\/la-paternite-defaillante-theme-central-du-cinema-tunisien-actuel\/#primaryimage\"},\"thumbnailUrl\":\"\",\"datePublished\":\"2018-12-31T07:53:50+00:00\",\"breadcrumb\":{\"@id\":\"https:\/\/kapitalis.com\/tunisie\/2018\/12\/31\/la-paternite-defaillante-theme-central-du-cinema-tunisien-actuel\/#breadcrumb\"},\"inLanguage\":\"fr-FR\",\"potentialAction\":[{\"@type\":\"ReadAction\",\"target\":[\"https:\/\/kapitalis.com\/tunisie\/2018\/12\/31\/la-paternite-defaillante-theme-central-du-cinema-tunisien-actuel\/\"]}]},{\"@type\":\"ImageObject\",\"inLanguage\":\"fr-FR\",\"@id\":\"https:\/\/kapitalis.com\/tunisie\/2018\/12\/31\/la-paternite-defaillante-theme-central-du-cinema-tunisien-actuel\/#primaryimage\",\"url\":\"\",\"contentUrl\":\"\"},{\"@type\":\"BreadcrumbList\",\"@id\":\"https:\/\/kapitalis.com\/tunisie\/2018\/12\/31\/la-paternite-defaillante-theme-central-du-cinema-tunisien-actuel\/#breadcrumb\",\"itemListElement\":[{\"@type\":\"ListItem\",\"position\":1,\"name\":\"Accueil\",\"item\":\"https:\/\/kapitalis.com\/tunisie\/\"},{\"@type\":\"ListItem\",\"position\":2,\"name\":\"La paternit\u00e9 d\u00e9faillante, th\u00e8me central du cin\u00e9ma tunisien actuel\"}]},{\"@type\":\"WebSite\",\"@id\":\"https:\/\/kapitalis.com\/tunisie\/#website\",\"url\":\"https:\/\/kapitalis.com\/tunisie\/\",\"name\":\"Kapitalis\",\"description\":\"L&#039;actualit\u00e9 en Tunisie et dans le monde\",\"publisher\":{\"@id\":\"https:\/\/kapitalis.com\/tunisie\/#organization\"},\"potentialAction\":[{\"@type\":\"SearchAction\",\"target\":{\"@type\":\"EntryPoint\",\"urlTemplate\":\"https:\/\/kapitalis.com\/tunisie\/?s={search_term_string}\"},\"query-input\":{\"@type\":\"PropertyValueSpecification\",\"valueRequired\":true,\"valueName\":\"search_term_string\"}}],\"inLanguage\":\"fr-FR\"},{\"@type\":\"Organization\",\"@id\":\"https:\/\/kapitalis.com\/tunisie\/#organization\",\"name\":\"Kapitalis\",\"url\":\"https:\/\/kapitalis.com\/tunisie\/\",\"logo\":{\"@type\":\"ImageObject\",\"inLanguage\":\"fr-FR\",\"@id\":\"https:\/\/kapitalis.com\/tunisie\/#\/schema\/logo\/image\/\",\"url\":\"https:\/\/kapitalis.com\/tunisie\/wp-content\/uploads\/2022\/05\/Kapitalis-big-size.png\",\"contentUrl\":\"https:\/\/kapitalis.com\/tunisie\/wp-content\/uploads\/2022\/05\/Kapitalis-big-size.png\",\"width\":5000,\"height\":1500,\"caption\":\"Kapitalis\"},\"image\":{\"@id\":\"https:\/\/kapitalis.com\/tunisie\/#\/schema\/logo\/image\/\"},\"sameAs\":[\"https:\/\/www.facebook.com\/KapitalisInfo\/\",\"https:\/\/x.com\/KapitalisInfo\",\"https:\/\/www.youtube.com\/channel\/UC-yDYrHyfFBWWZaOw3FPg9Q\"]},{\"@type\":\"Person\",\"@id\":\"https:\/\/kapitalis.com\/tunisie\/#\/schema\/person\/d71f33a9ca44f7bad4698210b480c8e9\",\"name\":\"webmaster kapitalis\",\"url\":\"https:\/\/kapitalis.com\/tunisie\/author\/webmaster-kapitalis\/\"}]}<\/script>\n<!-- \/ Yoast SEO plugin. -->","yoast_head_json":{"title":"La paternit\u00e9 d\u00e9faillante, th\u00e8me central du cin\u00e9ma tunisien actuel - Kapitalis","robots":{"index":"index","follow":"follow","max-snippet":"max-snippet:-1","max-image-preview":"max-image-preview:large","max-video-preview":"max-video-preview:-1"},"canonical":"https:\/\/kapitalis.com\/tunisie\/2018\/12\/31\/la-paternite-defaillante-theme-central-du-cinema-tunisien-actuel\/","og_locale":"fr_FR","og_type":"article","og_title":"La paternit\u00e9 d\u00e9faillante, th\u00e8me central du cin\u00e9ma tunisien actuel - Kapitalis","og_description":"Deux films sont sortis simultan\u00e9ment dans les salles de cin\u00e9ma tunisiennes ces derniers temps, ayant des choix esth\u00e9tiques presque oppos\u00e9s, une vision divergente de la r\u00e9alit\u00e9, du moins en apparence, mais une m\u00eame th\u00e9matique : la paternit\u00e9 d\u00e9faillante. Par Kahena Abbes *","og_url":"https:\/\/kapitalis.com\/tunisie\/2018\/12\/31\/la-paternite-defaillante-theme-central-du-cinema-tunisien-actuel\/","og_site_name":"Kapitalis","article_publisher":"https:\/\/www.facebook.com\/KapitalisInfo\/","article_published_time":"2018-12-31T07:53:50+00:00","og_image":[{"width":1200,"height":630,"url":"https:\/\/kapitalis.com\/tunisie\/wp-content\/uploads\/2022\/05\/kapitalis-logo-fb.png","type":"image\/png"}],"author":"webmaster kapitalis","twitter_card":"summary_large_image","twitter_creator":"@KapitalisInfo","twitter_site":"@KapitalisInfo","twitter_misc":{"\u00c9crit par":"webmaster kapitalis","Dur\u00e9e de lecture estim\u00e9e":"4 minutes"},"schema":{"@context":"https:\/\/schema.org","@graph":[{"@type":"Article","@id":"https:\/\/kapitalis.com\/tunisie\/2018\/12\/31\/la-paternite-defaillante-theme-central-du-cinema-tunisien-actuel\/#article","isPartOf":{"@id":"https:\/\/kapitalis.com\/tunisie\/2018\/12\/31\/la-paternite-defaillante-theme-central-du-cinema-tunisien-actuel\/"},"author":{"name":"webmaster kapitalis","@id":"https:\/\/kapitalis.com\/tunisie\/#\/schema\/person\/d71f33a9ca44f7bad4698210b480c8e9"},"headline":"La paternit\u00e9 d\u00e9faillante, th\u00e8me central du cin\u00e9ma tunisien actuel","datePublished":"2018-12-31T07:53:50+00:00","mainEntityOfPage":{"@id":"https:\/\/kapitalis.com\/tunisie\/2018\/12\/31\/la-paternite-defaillante-theme-central-du-cinema-tunisien-actuel\/"},"wordCount":770,"commentCount":3,"publisher":{"@id":"https:\/\/kapitalis.com\/tunisie\/#organization"},"image":{"@id":"https:\/\/kapitalis.com\/tunisie\/2018\/12\/31\/la-paternite-defaillante-theme-central-du-cinema-tunisien-actuel\/#primaryimage"},"thumbnailUrl":"","keywords":["cin\u00e9ma tunisien","Mohamed Ben Attia","Regarde-moi"],"articleSection":["A LA UNE","CULTURE","TRIBUNE","Tunisie"],"inLanguage":"fr-FR","potentialAction":[{"@type":"CommentAction","name":"Comment","target":["https:\/\/kapitalis.com\/tunisie\/2018\/12\/31\/la-paternite-defaillante-theme-central-du-cinema-tunisien-actuel\/#respond"]}]},{"@type":"WebPage","@id":"https:\/\/kapitalis.com\/tunisie\/2018\/12\/31\/la-paternite-defaillante-theme-central-du-cinema-tunisien-actuel\/","url":"https:\/\/kapitalis.com\/tunisie\/2018\/12\/31\/la-paternite-defaillante-theme-central-du-cinema-tunisien-actuel\/","name":"La paternit\u00e9 d\u00e9faillante, th\u00e8me central du cin\u00e9ma tunisien actuel - Kapitalis","isPartOf":{"@id":"https:\/\/kapitalis.com\/tunisie\/#website"},"primaryImageOfPage":{"@id":"https:\/\/kapitalis.com\/tunisie\/2018\/12\/31\/la-paternite-defaillante-theme-central-du-cinema-tunisien-actuel\/#primaryimage"},"image":{"@id":"https:\/\/kapitalis.com\/tunisie\/2018\/12\/31\/la-paternite-defaillante-theme-central-du-cinema-tunisien-actuel\/#primaryimage"},"thumbnailUrl":"","datePublished":"2018-12-31T07:53:50+00:00","breadcrumb":{"@id":"https:\/\/kapitalis.com\/tunisie\/2018\/12\/31\/la-paternite-defaillante-theme-central-du-cinema-tunisien-actuel\/#breadcrumb"},"inLanguage":"fr-FR","potentialAction":[{"@type":"ReadAction","target":["https:\/\/kapitalis.com\/tunisie\/2018\/12\/31\/la-paternite-defaillante-theme-central-du-cinema-tunisien-actuel\/"]}]},{"@type":"ImageObject","inLanguage":"fr-FR","@id":"https:\/\/kapitalis.com\/tunisie\/2018\/12\/31\/la-paternite-defaillante-theme-central-du-cinema-tunisien-actuel\/#primaryimage","url":"","contentUrl":""},{"@type":"BreadcrumbList","@id":"https:\/\/kapitalis.com\/tunisie\/2018\/12\/31\/la-paternite-defaillante-theme-central-du-cinema-tunisien-actuel\/#breadcrumb","itemListElement":[{"@type":"ListItem","position":1,"name":"Accueil","item":"https:\/\/kapitalis.com\/tunisie\/"},{"@type":"ListItem","position":2,"name":"La paternit\u00e9 d\u00e9faillante, th\u00e8me central du cin\u00e9ma tunisien actuel"}]},{"@type":"WebSite","@id":"https:\/\/kapitalis.com\/tunisie\/#website","url":"https:\/\/kapitalis.com\/tunisie\/","name":"Kapitalis","description":"L&#039;actualit\u00e9 en Tunisie et dans le monde","publisher":{"@id":"https:\/\/kapitalis.com\/tunisie\/#organization"},"potentialAction":[{"@type":"SearchAction","target":{"@type":"EntryPoint","urlTemplate":"https:\/\/kapitalis.com\/tunisie\/?s={search_term_string}"},"query-input":{"@type":"PropertyValueSpecification","valueRequired":true,"valueName":"search_term_string"}}],"inLanguage":"fr-FR"},{"@type":"Organization","@id":"https:\/\/kapitalis.com\/tunisie\/#organization","name":"Kapitalis","url":"https:\/\/kapitalis.com\/tunisie\/","logo":{"@type":"ImageObject","inLanguage":"fr-FR","@id":"https:\/\/kapitalis.com\/tunisie\/#\/schema\/logo\/image\/","url":"https:\/\/kapitalis.com\/tunisie\/wp-content\/uploads\/2022\/05\/Kapitalis-big-size.png","contentUrl":"https:\/\/kapitalis.com\/tunisie\/wp-content\/uploads\/2022\/05\/Kapitalis-big-size.png","width":5000,"height":1500,"caption":"Kapitalis"},"image":{"@id":"https:\/\/kapitalis.com\/tunisie\/#\/schema\/logo\/image\/"},"sameAs":["https:\/\/www.facebook.com\/KapitalisInfo\/","https:\/\/x.com\/KapitalisInfo","https:\/\/www.youtube.com\/channel\/UC-yDYrHyfFBWWZaOw3FPg9Q"]},{"@type":"Person","@id":"https:\/\/kapitalis.com\/tunisie\/#\/schema\/person\/d71f33a9ca44f7bad4698210b480c8e9","name":"webmaster kapitalis","url":"https:\/\/kapitalis.com\/tunisie\/author\/webmaster-kapitalis\/"}]}},"_links":{"self":[{"href":"https:\/\/kapitalis.com\/tunisie\/wp-json\/wp\/v2\/posts\/191234","targetHints":{"allow":["GET"]}}],"collection":[{"href":"https:\/\/kapitalis.com\/tunisie\/wp-json\/wp\/v2\/posts"}],"about":[{"href":"https:\/\/kapitalis.com\/tunisie\/wp-json\/wp\/v2\/types\/post"}],"author":[{"embeddable":true,"href":"https:\/\/kapitalis.com\/tunisie\/wp-json\/wp\/v2\/users\/8"}],"replies":[{"embeddable":true,"href":"https:\/\/kapitalis.com\/tunisie\/wp-json\/wp\/v2\/comments?post=191234"}],"version-history":[{"count":0,"href":"https:\/\/kapitalis.com\/tunisie\/wp-json\/wp\/v2\/posts\/191234\/revisions"}],"wp:featuredmedia":[{"embeddable":true,"href":"https:\/\/kapitalis.com\/tunisie\/wp-json\/wp\/v2\/media\/191235"}],"wp:attachment":[{"href":"https:\/\/kapitalis.com\/tunisie\/wp-json\/wp\/v2\/media?parent=191234"}],"wp:term":[{"taxonomy":"category","embeddable":true,"href":"https:\/\/kapitalis.com\/tunisie\/wp-json\/wp\/v2\/categories?post=191234"},{"taxonomy":"post_tag","embeddable":true,"href":"https:\/\/kapitalis.com\/tunisie\/wp-json\/wp\/v2\/tags?post=191234"}],"curies":[{"name":"wp","href":"https:\/\/api.w.org\/{rel}","templated":true}]}}