{"id":191421,"date":"2019-01-01T15:17:40","date_gmt":"2019-01-01T14:17:40","guid":{"rendered":"http:\/\/kapitalis.com\/tunisie\/?p=191421"},"modified":"2019-01-01T15:17:40","modified_gmt":"2019-01-01T14:17:40","slug":"les-hausses-des-salaires-dans-le-secteur-public-versees-en-janvier-2019","status":"publish","type":"post","link":"https:\/\/kapitalis.com\/tunisie\/2019\/01\/01\/les-hausses-des-salaires-dans-le-secteur-public-versees-en-janvier-2019\/","title":{"rendered":"Les hausses des salaires dans le secteur public vers\u00e9es en janvier 2019"},"content":{"rendered":"<p style=\"text-align: center;\"><img loading=\"lazy\" decoding=\"async\" class=\"alignnone size-full wp-image-191425\" src=\"http:\/\/kapitalis.com\/tunisie\/wp-content\/uploads\/2019\/01\/Retrait-argent-.jpg\" alt=\"\" width=\"626\" height=\"380\" \/><\/p>\n<p><em><strong>Les augmentations des salaires pour les employ\u00e9s des entreprises et \u00e9tablissements publics, convenues en octobre dernier entre le gouvernement et l&rsquo;Union g\u00e9n\u00e9rale tunisienne du travail \u00a0(UGTT), seront vers\u00e9es sur trois \u00e9ch\u00e9ances \u00e0 partir de ce mois de janvier 2019.<\/strong><\/em><!--more--><\/p>\n<p>L&rsquo;accord en question stipule que les augmentations varient de 205, 245 et 270 dinars tunisiens, pour respectivement les agents d\u2019ex\u00e9cution, les agents de gestion et les cadres.<\/p>\n<p>La premi\u00e8re tranche devra \u00eatre vers\u00e9e \u00e0 compter de la date du paiement des salaires de janvier 2019.<\/p>\n<p>Rappelons que cet accord a \u00e9t\u00e9 sign\u00e9 apr\u00e8s plusieurs rencontres entre Youssef Chahed, le chef du gouvernement, et Noureddine Taboubi, SG de l\u2019UGTT, et de longues s\u00e9ances de n\u00e9gociations.<\/p>\n<p>Les augmentations salariales demand\u00e9es par la centrale syndicale pour les salari\u00e9s de la fonction publique, font encore l&rsquo;objet de n\u00e9gociations entre les deux parties, le gouvernement s&rsquo;\u00e9tant engag\u00e9 aupr\u00e8s des bailleurs de fonds, notamment le Fonds mon\u00e9taire international (FMI), \u00e0 surseoir aux hausses des salaires dans ce secteur en attendant le r\u00e9\u00e9quilibrages des finances publiques, grev\u00e9es par les hausses octroy\u00e9es au cours des derni\u00e8res ann\u00e9es.<\/p>\n<p>Il convient de rappeler aussi que la part des salaires dans la formation du PIB repr\u00e9sente plus de 14%, le taux le plus \u00e9lev\u00e9 au monde.<\/p>\n<p>A rappeler aussi\u00a0 que la fonction publique en Tunisie souffre d&rsquo;un autre fl\u00e9au: le sureffectif avec une partie des salari\u00e9s peu productifs ou pay\u00e9s pour ne rien faire ou absents et exer\u00e7ant un autre m\u00e9tier au noir dans le priv\u00e9.<\/p>\n<p style=\"text-align: right;\"><strong>Y. N.<\/strong><\/p>\n<blockquote class=\"wp-embedded-content\" data-secret=\"1mhVC5Mspj\"><p><a href=\"https:\/\/kapitalis.com\/tunisie\/2018\/10\/22\/a-propos-du-projet-daccord-entre-lugtt-et-le-gouvernement\/\">A propos du projet d\u2019accord entre l\u2019UGTT et le gouvernement<\/a><\/p><\/blockquote>\n<p><iframe loading=\"lazy\" class=\"wp-embedded-content\" sandbox=\"allow-scripts\" security=\"restricted\" style=\"position: absolute; clip: rect(1px, 1px, 1px, 1px);\" title=\"\u00ab\u00a0A propos du projet d\u2019accord entre l\u2019UGTT et le gouvernement\u00a0\u00bb &#8212; Kapitalis\" src=\"https:\/\/kapitalis.com\/tunisie\/2018\/10\/22\/a-propos-du-projet-daccord-entre-lugtt-et-le-gouvernement\/embed\/#?secret=ymOuoj6u6O#?secret=1mhVC5Mspj\" data-secret=\"1mhVC5Mspj\" width=\"600\" height=\"338\" frameborder=\"0\" marginwidth=\"0\" marginheight=\"0\" scrolling=\"no\"><\/iframe><\/p>\n","protected":false},"excerpt":{"rendered":"<p>Les augmentations des salaires pour les employ\u00e9s des entreprises et \u00e9tablissements publics, convenues en octobre dernier entre le gouvernement et l&rsquo;Union g\u00e9n\u00e9rale tunisienne du travail \u00a0(UGTT), seront vers\u00e9es sur trois \u00e9ch\u00e9ances \u00e0 partir de ce mois de janvier 2019.<\/p>\n","protected":false},"author":6,"featured_media":191425,"comment_status":"open","ping_status":"open","sticky":false,"template":"","format":"standard","meta":{"footnotes":""},"categories":[998,2433],"tags":[1191,334,3249,6067,936],"class_list":["post-191421","post","type-post","status-publish","format-standard","has-post-thumbnail","hentry","category-societe","category-tunisie","tag-augmentations","tag-entreprises","tag-etablissements-publics","tag-secteur-public","tag-ugtt"],"yoast_head":"<!-- This site is optimized with the Yoast SEO plugin v26.6 - https:\/\/yoast.com\/wordpress\/plugins\/seo\/ -->\n<title>Les hausses des salaires dans le secteur public vers\u00e9es en janvier 2019 - Kapitalis<\/title>\n<meta name=\"robots\" content=\"index, follow, max-snippet:-1, max-image-preview:large, max-video-preview:-1\" \/>\n<link rel=\"canonical\" href=\"https:\/\/kapitalis.com\/tunisie\/2019\/01\/01\/les-hausses-des-salaires-dans-le-secteur-public-versees-en-janvier-2019\/\" \/>\n<meta property=\"og:locale\" content=\"fr_FR\" \/>\n<meta property=\"og:type\" content=\"article\" \/>\n<meta property=\"og:title\" content=\"Les hausses des salaires dans le secteur public vers\u00e9es en janvier 2019 - Kapitalis\" \/>\n<meta property=\"og:description\" content=\"Les augmentations des salaires pour les employ\u00e9s des entreprises et \u00e9tablissements publics, convenues en octobre dernier entre le gouvernement et l&rsquo;Union g\u00e9n\u00e9rale tunisienne du travail \u00a0(UGTT), seront vers\u00e9es sur trois \u00e9ch\u00e9ances \u00e0 partir de ce mois de janvier 2019.\" \/>\n<meta property=\"og:url\" content=\"https:\/\/kapitalis.com\/tunisie\/2019\/01\/01\/les-hausses-des-salaires-dans-le-secteur-public-versees-en-janvier-2019\/\" \/>\n<meta property=\"og:site_name\" content=\"Kapitalis\" \/>\n<meta property=\"article:publisher\" content=\"https:\/\/www.facebook.com\/KapitalisInfo\/\" \/>\n<meta property=\"article:published_time\" content=\"2019-01-01T14:17:40+00:00\" \/>\n<meta property=\"og:image\" content=\"https:\/\/kapitalis.com\/tunisie\/wp-content\/uploads\/2022\/05\/kapitalis-logo-fb.png\" \/>\n\t<meta property=\"og:image:width\" content=\"1200\" \/>\n\t<meta property=\"og:image:height\" content=\"630\" \/>\n\t<meta property=\"og:image:type\" content=\"image\/png\" \/>\n<meta name=\"author\" content=\"Yusra NY\" \/>\n<meta name=\"twitter:card\" content=\"summary_large_image\" \/>\n<meta name=\"twitter:creator\" content=\"@KapitalisInfo\" \/>\n<meta name=\"twitter:site\" content=\"@KapitalisInfo\" \/>\n<meta name=\"twitter:label1\" content=\"\u00c9crit par\" \/>\n\t<meta name=\"twitter:data1\" content=\"Yusra NY\" \/>\n\t<meta name=\"twitter:label2\" content=\"Dur\u00e9e de lecture estim\u00e9e\" \/>\n\t<meta name=\"twitter:data2\" content=\"1 minute\" \/>\n<script type=\"application\/ld+json\" class=\"yoast-schema-graph\">{\"@context\":\"https:\/\/schema.org\",\"@graph\":[{\"@type\":\"Article\",\"@id\":\"https:\/\/kapitalis.com\/tunisie\/2019\/01\/01\/les-hausses-des-salaires-dans-le-secteur-public-versees-en-janvier-2019\/#article\",\"isPartOf\":{\"@id\":\"https:\/\/kapitalis.com\/tunisie\/2019\/01\/01\/les-hausses-des-salaires-dans-le-secteur-public-versees-en-janvier-2019\/\"},\"author\":{\"name\":\"Yusra NY\",\"@id\":\"https:\/\/kapitalis.com\/tunisie\/#\/schema\/person\/74bbde0154d49d790a92aaeac5bc01d5\"},\"headline\":\"Les hausses des salaires dans le secteur public vers\u00e9es en janvier 2019\",\"datePublished\":\"2019-01-01T14:17:40+00:00\",\"mainEntityOfPage\":{\"@id\":\"https:\/\/kapitalis.com\/tunisie\/2019\/01\/01\/les-hausses-des-salaires-dans-le-secteur-public-versees-en-janvier-2019\/\"},\"wordCount\":284,\"commentCount\":1,\"publisher\":{\"@id\":\"https:\/\/kapitalis.com\/tunisie\/#organization\"},\"image\":{\"@id\":\"https:\/\/kapitalis.com\/tunisie\/2019\/01\/01\/les-hausses-des-salaires-dans-le-secteur-public-versees-en-janvier-2019\/#primaryimage\"},\"thumbnailUrl\":\"\",\"keywords\":[\"augmentations\",\"entreprises\",\"\u00e9tablissements publics\",\"secteur public\",\"UGTT\"],\"articleSection\":[\"SOCIETE\",\"Tunisie\"],\"inLanguage\":\"fr-FR\",\"potentialAction\":[{\"@type\":\"CommentAction\",\"name\":\"Comment\",\"target\":[\"https:\/\/kapitalis.com\/tunisie\/2019\/01\/01\/les-hausses-des-salaires-dans-le-secteur-public-versees-en-janvier-2019\/#respond\"]}]},{\"@type\":\"WebPage\",\"@id\":\"https:\/\/kapitalis.com\/tunisie\/2019\/01\/01\/les-hausses-des-salaires-dans-le-secteur-public-versees-en-janvier-2019\/\",\"url\":\"https:\/\/kapitalis.com\/tunisie\/2019\/01\/01\/les-hausses-des-salaires-dans-le-secteur-public-versees-en-janvier-2019\/\",\"name\":\"Les hausses des salaires dans le secteur public vers\u00e9es en janvier 2019 - Kapitalis\",\"isPartOf\":{\"@id\":\"https:\/\/kapitalis.com\/tunisie\/#website\"},\"primaryImageOfPage\":{\"@id\":\"https:\/\/kapitalis.com\/tunisie\/2019\/01\/01\/les-hausses-des-salaires-dans-le-secteur-public-versees-en-janvier-2019\/#primaryimage\"},\"image\":{\"@id\":\"https:\/\/kapitalis.com\/tunisie\/2019\/01\/01\/les-hausses-des-salaires-dans-le-secteur-public-versees-en-janvier-2019\/#primaryimage\"},\"thumbnailUrl\":\"\",\"datePublished\":\"2019-01-01T14:17:40+00:00\",\"breadcrumb\":{\"@id\":\"https:\/\/kapitalis.com\/tunisie\/2019\/01\/01\/les-hausses-des-salaires-dans-le-secteur-public-versees-en-janvier-2019\/#breadcrumb\"},\"inLanguage\":\"fr-FR\",\"potentialAction\":[{\"@type\":\"ReadAction\",\"target\":[\"https:\/\/kapitalis.com\/tunisie\/2019\/01\/01\/les-hausses-des-salaires-dans-le-secteur-public-versees-en-janvier-2019\/\"]}]},{\"@type\":\"ImageObject\",\"inLanguage\":\"fr-FR\",\"@id\":\"https:\/\/kapitalis.com\/tunisie\/2019\/01\/01\/les-hausses-des-salaires-dans-le-secteur-public-versees-en-janvier-2019\/#primaryimage\",\"url\":\"\",\"contentUrl\":\"\"},{\"@type\":\"BreadcrumbList\",\"@id\":\"https:\/\/kapitalis.com\/tunisie\/2019\/01\/01\/les-hausses-des-salaires-dans-le-secteur-public-versees-en-janvier-2019\/#breadcrumb\",\"itemListElement\":[{\"@type\":\"ListItem\",\"position\":1,\"name\":\"Accueil\",\"item\":\"https:\/\/kapitalis.com\/tunisie\/\"},{\"@type\":\"ListItem\",\"position\":2,\"name\":\"Les hausses des salaires dans le secteur public vers\u00e9es en janvier 2019\"}]},{\"@type\":\"WebSite\",\"@id\":\"https:\/\/kapitalis.com\/tunisie\/#website\",\"url\":\"https:\/\/kapitalis.com\/tunisie\/\",\"name\":\"Kapitalis\",\"description\":\"L&#039;actualit\u00e9 en Tunisie et dans le monde\",\"publisher\":{\"@id\":\"https:\/\/kapitalis.com\/tunisie\/#organization\"},\"potentialAction\":[{\"@type\":\"SearchAction\",\"target\":{\"@type\":\"EntryPoint\",\"urlTemplate\":\"https:\/\/kapitalis.com\/tunisie\/?s={search_term_string}\"},\"query-input\":{\"@type\":\"PropertyValueSpecification\",\"valueRequired\":true,\"valueName\":\"search_term_string\"}}],\"inLanguage\":\"fr-FR\"},{\"@type\":\"Organization\",\"@id\":\"https:\/\/kapitalis.com\/tunisie\/#organization\",\"name\":\"Kapitalis\",\"url\":\"https:\/\/kapitalis.com\/tunisie\/\",\"logo\":{\"@type\":\"ImageObject\",\"inLanguage\":\"fr-FR\",\"@id\":\"https:\/\/kapitalis.com\/tunisie\/#\/schema\/logo\/image\/\",\"url\":\"https:\/\/kapitalis.com\/tunisie\/wp-content\/uploads\/2022\/05\/Kapitalis-big-size.png\",\"contentUrl\":\"https:\/\/kapitalis.com\/tunisie\/wp-content\/uploads\/2022\/05\/Kapitalis-big-size.png\",\"width\":5000,\"height\":1500,\"caption\":\"Kapitalis\"},\"image\":{\"@id\":\"https:\/\/kapitalis.com\/tunisie\/#\/schema\/logo\/image\/\"},\"sameAs\":[\"https:\/\/www.facebook.com\/KapitalisInfo\/\",\"https:\/\/x.com\/KapitalisInfo\",\"https:\/\/www.youtube.com\/channel\/UC-yDYrHyfFBWWZaOw3FPg9Q\"]},{\"@type\":\"Person\",\"@id\":\"https:\/\/kapitalis.com\/tunisie\/#\/schema\/person\/74bbde0154d49d790a92aaeac5bc01d5\",\"name\":\"Yusra NY\",\"url\":\"https:\/\/kapitalis.com\/tunisie\/author\/yuza_adam\/\"}]}<\/script>\n<!-- \/ Yoast SEO plugin. -->","yoast_head_json":{"title":"Les hausses des salaires dans le secteur public vers\u00e9es en janvier 2019 - Kapitalis","robots":{"index":"index","follow":"follow","max-snippet":"max-snippet:-1","max-image-preview":"max-image-preview:large","max-video-preview":"max-video-preview:-1"},"canonical":"https:\/\/kapitalis.com\/tunisie\/2019\/01\/01\/les-hausses-des-salaires-dans-le-secteur-public-versees-en-janvier-2019\/","og_locale":"fr_FR","og_type":"article","og_title":"Les hausses des salaires dans le secteur public vers\u00e9es en janvier 2019 - Kapitalis","og_description":"Les augmentations des salaires pour les employ\u00e9s des entreprises et \u00e9tablissements publics, convenues en octobre dernier entre le gouvernement et l&rsquo;Union g\u00e9n\u00e9rale tunisienne du travail \u00a0(UGTT), seront vers\u00e9es sur trois \u00e9ch\u00e9ances \u00e0 partir de ce mois de janvier 2019.","og_url":"https:\/\/kapitalis.com\/tunisie\/2019\/01\/01\/les-hausses-des-salaires-dans-le-secteur-public-versees-en-janvier-2019\/","og_site_name":"Kapitalis","article_publisher":"https:\/\/www.facebook.com\/KapitalisInfo\/","article_published_time":"2019-01-01T14:17:40+00:00","og_image":[{"width":1200,"height":630,"url":"https:\/\/kapitalis.com\/tunisie\/wp-content\/uploads\/2022\/05\/kapitalis-logo-fb.png","type":"image\/png"}],"author":"Yusra NY","twitter_card":"summary_large_image","twitter_creator":"@KapitalisInfo","twitter_site":"@KapitalisInfo","twitter_misc":{"\u00c9crit par":"Yusra NY","Dur\u00e9e de lecture estim\u00e9e":"1 minute"},"schema":{"@context":"https:\/\/schema.org","@graph":[{"@type":"Article","@id":"https:\/\/kapitalis.com\/tunisie\/2019\/01\/01\/les-hausses-des-salaires-dans-le-secteur-public-versees-en-janvier-2019\/#article","isPartOf":{"@id":"https:\/\/kapitalis.com\/tunisie\/2019\/01\/01\/les-hausses-des-salaires-dans-le-secteur-public-versees-en-janvier-2019\/"},"author":{"name":"Yusra NY","@id":"https:\/\/kapitalis.com\/tunisie\/#\/schema\/person\/74bbde0154d49d790a92aaeac5bc01d5"},"headline":"Les hausses des salaires dans le secteur public vers\u00e9es en janvier 2019","datePublished":"2019-01-01T14:17:40+00:00","mainEntityOfPage":{"@id":"https:\/\/kapitalis.com\/tunisie\/2019\/01\/01\/les-hausses-des-salaires-dans-le-secteur-public-versees-en-janvier-2019\/"},"wordCount":284,"commentCount":1,"publisher":{"@id":"https:\/\/kapitalis.com\/tunisie\/#organization"},"image":{"@id":"https:\/\/kapitalis.com\/tunisie\/2019\/01\/01\/les-hausses-des-salaires-dans-le-secteur-public-versees-en-janvier-2019\/#primaryimage"},"thumbnailUrl":"","keywords":["augmentations","entreprises","\u00e9tablissements publics","secteur public","UGTT"],"articleSection":["SOCIETE","Tunisie"],"inLanguage":"fr-FR","potentialAction":[{"@type":"CommentAction","name":"Comment","target":["https:\/\/kapitalis.com\/tunisie\/2019\/01\/01\/les-hausses-des-salaires-dans-le-secteur-public-versees-en-janvier-2019\/#respond"]}]},{"@type":"WebPage","@id":"https:\/\/kapitalis.com\/tunisie\/2019\/01\/01\/les-hausses-des-salaires-dans-le-secteur-public-versees-en-janvier-2019\/","url":"https:\/\/kapitalis.com\/tunisie\/2019\/01\/01\/les-hausses-des-salaires-dans-le-secteur-public-versees-en-janvier-2019\/","name":"Les hausses des salaires dans le secteur public vers\u00e9es en janvier 2019 - Kapitalis","isPartOf":{"@id":"https:\/\/kapitalis.com\/tunisie\/#website"},"primaryImageOfPage":{"@id":"https:\/\/kapitalis.com\/tunisie\/2019\/01\/01\/les-hausses-des-salaires-dans-le-secteur-public-versees-en-janvier-2019\/#primaryimage"},"image":{"@id":"https:\/\/kapitalis.com\/tunisie\/2019\/01\/01\/les-hausses-des-salaires-dans-le-secteur-public-versees-en-janvier-2019\/#primaryimage"},"thumbnailUrl":"","datePublished":"2019-01-01T14:17:40+00:00","breadcrumb":{"@id":"https:\/\/kapitalis.com\/tunisie\/2019\/01\/01\/les-hausses-des-salaires-dans-le-secteur-public-versees-en-janvier-2019\/#breadcrumb"},"inLanguage":"fr-FR","potentialAction":[{"@type":"ReadAction","target":["https:\/\/kapitalis.com\/tunisie\/2019\/01\/01\/les-hausses-des-salaires-dans-le-secteur-public-versees-en-janvier-2019\/"]}]},{"@type":"ImageObject","inLanguage":"fr-FR","@id":"https:\/\/kapitalis.com\/tunisie\/2019\/01\/01\/les-hausses-des-salaires-dans-le-secteur-public-versees-en-janvier-2019\/#primaryimage","url":"","contentUrl":""},{"@type":"BreadcrumbList","@id":"https:\/\/kapitalis.com\/tunisie\/2019\/01\/01\/les-hausses-des-salaires-dans-le-secteur-public-versees-en-janvier-2019\/#breadcrumb","itemListElement":[{"@type":"ListItem","position":1,"name":"Accueil","item":"https:\/\/kapitalis.com\/tunisie\/"},{"@type":"ListItem","position":2,"name":"Les hausses des salaires dans le secteur public vers\u00e9es en janvier 2019"}]},{"@type":"WebSite","@id":"https:\/\/kapitalis.com\/tunisie\/#website","url":"https:\/\/kapitalis.com\/tunisie\/","name":"Kapitalis","description":"L&#039;actualit\u00e9 en Tunisie et dans le monde","publisher":{"@id":"https:\/\/kapitalis.com\/tunisie\/#organization"},"potentialAction":[{"@type":"SearchAction","target":{"@type":"EntryPoint","urlTemplate":"https:\/\/kapitalis.com\/tunisie\/?s={search_term_string}"},"query-input":{"@type":"PropertyValueSpecification","valueRequired":true,"valueName":"search_term_string"}}],"inLanguage":"fr-FR"},{"@type":"Organization","@id":"https:\/\/kapitalis.com\/tunisie\/#organization","name":"Kapitalis","url":"https:\/\/kapitalis.com\/tunisie\/","logo":{"@type":"ImageObject","inLanguage":"fr-FR","@id":"https:\/\/kapitalis.com\/tunisie\/#\/schema\/logo\/image\/","url":"https:\/\/kapitalis.com\/tunisie\/wp-content\/uploads\/2022\/05\/Kapitalis-big-size.png","contentUrl":"https:\/\/kapitalis.com\/tunisie\/wp-content\/uploads\/2022\/05\/Kapitalis-big-size.png","width":5000,"height":1500,"caption":"Kapitalis"},"image":{"@id":"https:\/\/kapitalis.com\/tunisie\/#\/schema\/logo\/image\/"},"sameAs":["https:\/\/www.facebook.com\/KapitalisInfo\/","https:\/\/x.com\/KapitalisInfo","https:\/\/www.youtube.com\/channel\/UC-yDYrHyfFBWWZaOw3FPg9Q"]},{"@type":"Person","@id":"https:\/\/kapitalis.com\/tunisie\/#\/schema\/person\/74bbde0154d49d790a92aaeac5bc01d5","name":"Yusra NY","url":"https:\/\/kapitalis.com\/tunisie\/author\/yuza_adam\/"}]}},"_links":{"self":[{"href":"https:\/\/kapitalis.com\/tunisie\/wp-json\/wp\/v2\/posts\/191421","targetHints":{"allow":["GET"]}}],"collection":[{"href":"https:\/\/kapitalis.com\/tunisie\/wp-json\/wp\/v2\/posts"}],"about":[{"href":"https:\/\/kapitalis.com\/tunisie\/wp-json\/wp\/v2\/types\/post"}],"author":[{"embeddable":true,"href":"https:\/\/kapitalis.com\/tunisie\/wp-json\/wp\/v2\/users\/6"}],"replies":[{"embeddable":true,"href":"https:\/\/kapitalis.com\/tunisie\/wp-json\/wp\/v2\/comments?post=191421"}],"version-history":[{"count":0,"href":"https:\/\/kapitalis.com\/tunisie\/wp-json\/wp\/v2\/posts\/191421\/revisions"}],"wp:featuredmedia":[{"embeddable":true,"href":"https:\/\/kapitalis.com\/tunisie\/wp-json\/wp\/v2\/media\/191425"}],"wp:attachment":[{"href":"https:\/\/kapitalis.com\/tunisie\/wp-json\/wp\/v2\/media?parent=191421"}],"wp:term":[{"taxonomy":"category","embeddable":true,"href":"https:\/\/kapitalis.com\/tunisie\/wp-json\/wp\/v2\/categories?post=191421"},{"taxonomy":"post_tag","embeddable":true,"href":"https:\/\/kapitalis.com\/tunisie\/wp-json\/wp\/v2\/tags?post=191421"}],"curies":[{"name":"wp","href":"https:\/\/api.w.org\/{rel}","templated":true}]}}