{"id":191563,"date":"2019-01-02T18:45:21","date_gmt":"2019-01-02T17:45:21","guid":{"rendered":"http:\/\/kapitalis.com\/tunisie\/?p=191563"},"modified":"2019-01-02T18:45:21","modified_gmt":"2019-01-02T17:45:21","slug":"de-bonnes-raisons-pour-craindre-le-terrorisme-detat-iranien","status":"publish","type":"post","link":"https:\/\/kapitalis.com\/tunisie\/2019\/01\/02\/de-bonnes-raisons-pour-craindre-le-terrorisme-detat-iranien\/","title":{"rendered":"De bonnes raisons pour craindre le terrorisme d\u2019Etat iranien"},"content":{"rendered":"<p style=\"text-align: center;\"><img loading=\"lazy\" decoding=\"async\" class=\"alignnone size-full wp-image-191564\" src=\"http:\/\/kapitalis.com\/tunisie\/wp-content\/uploads\/2019\/01\/Opposition-iranienne.jpg\" alt=\"\" width=\"626\" height=\"380\" \/><\/p>\n<p><em><strong>Depuis qu\u2019ils ont \u00e9t\u00e9 vis\u00e9s par plusieurs attentats dirig\u00e9s par T\u00e9h\u00e9ran sur le sol europ\u00e9en, les membres de la diaspora iranienne s\u2019inqui\u00e8tent de la nouvelle insolence du r\u00e9gime islamiste qui n\u2019h\u00e9site dor\u00e9navant plus \u00e0 recourir \u00e0 des actes terroristes en plein c\u0153ur de l\u2019Europe.<\/strong> <\/em><\/p>\n<p>Par <strong>Simin Nouri<\/strong> *<\/p>\n<p><!--more--><\/p>\n<p><img loading=\"lazy\" decoding=\"async\" class=\"alignnone size-full wp-image-191565 alignleft\" src=\"http:\/\/kapitalis.com\/tunisie\/wp-content\/uploads\/2019\/01\/Simin-Nouri.jpg\" alt=\"\" width=\"200\" height=\"200\" \/>Cela inqui\u00e8te bien \u00e9videmment les autorit\u00e9s dans les pays europ\u00e9ens, dont la France. \u00abC\u2019est un acte d\u2019une extr\u00eame gravit\u00e9 envisag\u00e9 sur notre territoire\u00bb, ont d\u00e9clar\u00e9 les ministres fran\u00e7ais G\u00e9rard Collomb, Jean-Yves Le Drian et Bruno Le Maire dans un communiqu\u00e9 commun in\u00e9dit, le 2 octobre 2018, au sujet du projet d\u2019attentat \u00e0 la bombe \u00e0 Villepinte contre le rassemblement de dizaines de milliers d\u2019exil\u00e9s iraniens, sympathisants du Conseil national de la r\u00e9sistance iranienne (CNRI), la coalition de l\u2019opposition d\u00e9mocratique.<\/p>\n<h3>Plusieurs plans d\u2019assassinats d\u2019exil\u00e9s iraniens d\u00e9jou\u00e9s<\/h3>\n<p>Plusieurs diplomates iraniens ont \u00e9t\u00e9 expuls\u00e9s de France et d\u2019autres pays europ\u00e9ens pour leur r\u00f4le direct dans des complots terroristes dans ces pays. Rien qu\u2019en 2018, au moins quatre tentatives d\u2019attentats foment\u00e9s par les agents du minist\u00e8re iranien du Renseignement et de la S\u00e9curit\u00e9 (Vevak) en Europe et aux Etats-Unis ont \u00e9t\u00e9 d\u00e9jou\u00e9s.<\/p>\n<p>L\u2019Albanie vient d\u2019expulser l\u2019ambassadeur de T\u00e9h\u00e9ran de son territoire pour implication dans le terrorisme. En mars dernier les autorit\u00e9s albanaises avaient d\u00e9jou\u00e9 un attentat visant la c\u00e9r\u00e9monie des opposants iraniens, c\u00e9l\u00e9brant le Nouvel An perse.<\/p>\n<p>Pr\u00e8s de 3000 membres des Moudjahidine du peuple sont install\u00e9s en Albanie apr\u00e8s avoir quitt\u00e9 l\u2019Irak o\u00f9 ils \u00e9taient pers\u00e9cut\u00e9s.<\/p>\n<p>Un autre diplomate iranien bas\u00e9 \u00e0 Vienne, chef du bureau des renseignements et des op\u00e9rations du r\u00e9gime iranien pour l\u2019Europe a \u00e9t\u00e9 arr\u00eat\u00e9 le 1er juillet en Allemagne et extrad\u00e9 en Belgique pour \u00eatre jug\u00e9 pour<em> \u00abcrime terroriste\u00bb<\/em>. Assadollah Assadi et trois autres individus sont incarc\u00e9r\u00e9s en Belgique pour avoir pr\u00e9par\u00e9 l\u2019attentat de Villepinte qui devait provoquer, s\u2019il avait r\u00e9ussi, la mort de centaines de personnes, dont plusieurs personnalit\u00e9s internationales r\u00e9unies autour de l\u2019opposante Maryam Radjavi.<\/p>\n<p>Un agent du minist\u00e8re iranien du Renseignement a \u00e9t\u00e9 arr\u00eat\u00e9 en novembre au Danemark pour une tentative terroriste, et deux autres agents des services de Renseignement ont \u00e9t\u00e9 arr\u00eat\u00e9s et mis en examen aux Etats-Unis.<\/p>\n<p>La diaspora iranienne d\u2019Europe et d\u2019Am\u00e9rique du Nord a organis\u00e9 le 15 d\u00e9cembre un \u00e9v\u00e9nement international pour attirer l\u2019attention sur cette menace et exiger une politique de grande fermet\u00e9 \u00e0 l\u2019\u00e9gard de T\u00e9h\u00e9ran. Ces attentats qui ont \u00e9t\u00e9 pour la plupart d\u00e9jou\u00e9s par les services de Renseignement occidentaux, sont une violation de l\u2019engagement pris par T\u00e9h\u00e9ran il y a quelques ann\u00e9es, de ne plus recourir au terrorisme sur le sol europ\u00e9en. Une pratique funeste qui avait conduit durant les ann\u00e9es 1980 et 1990 \u00e0 plusieurs assassinats et attentats meurtriers, notamment en France, Suisse, Italie et Turquie contre des opposants iraniens et des populations civiles.<\/p>\n<h3>Pourquoi ce changement d\u2019attitude?<\/h3>\n<p>Tandis que tous les signaux sont au rouge avec la mont\u00e9e du terrorisme d\u2019Etat des mollahs, l\u2019Union europ\u00e9enne, n\u2019a pas vraiment pris de mesures s\u00e9rieuses pour contrer ces menaces terroristes croissantes. C\u2019est sous-estimer les capacit\u00e9s de nuisance d\u2019un r\u00e9gime en fin de course qui n\u2019h\u00e9sitera devant aucun acte de violence pour se maintenir au pouvoir.<\/p>\n<p>La nouvelle furie terroriste des mollahs s\u2019explique notamment par la situation critique du r\u00e9gime du Guide supr\u00eame Ali Khamenei \u00e0 la veille de son quaranti\u00e8me anniversaire. Une vague de protestations sans pr\u00e9c\u00e9dent depuis la r\u00e9volution de f\u00e9vrier 1979 a gagn\u00e9 les villes iraniennes depuis le d\u00e9but de l\u2019ann\u00e9e.<\/p>\n<p>Les r\u00e9voltes et manifestations populaires qui ont embras\u00e9 quelques 140 villes du pays, avec des revendications contre la vie ch\u00e8re et le joug de la dictature oppressive, ont continu\u00e9 sans rel\u00e2che \u00e0 ce jour. Les gr\u00e8ves et mouvements sociaux des divers secteurs de la soci\u00e9t\u00e9 ont mis en \u00e9vidence une r\u00e9silience et une mobilisation in\u00e9dite, amplifiant les risques d\u2019une insurrection g\u00e9n\u00e9rale, alors que les sanctions am\u00e9ricaines commencent \u00e0 peser douloureusement sur le r\u00e9gime.<\/p>\n<p>Par ailleurs, la principale force d\u2019opposition, la coalition du CNRI s\u2019est r\u00e9v\u00e9l\u00e9e sur la sc\u00e8ne internationale comme une alternative viable au r\u00e9gime des mollahs. Malgr\u00e9 la f\u00e9rocit\u00e9 de la r\u00e9pression, la capacit\u00e9 du mouvement \u00e0 \u00e9tendre ses r\u00e9seaux de r\u00e9sistance \u00e0 l\u2019int\u00e9rieur du pays inqui\u00e8te le r\u00e9gime. Le mouvement s\u2019est montr\u00e9 particuli\u00e8rement efficaces ces derniers mois en influant sur le mouvement social et les protestations populaires. Sa pr\u00e9sidente, Maryam Radjavi a rappel\u00e9 lors d\u2019une conf\u00e9rence, la semaine derni\u00e8re, en Albanie :<em> \u00abLe terrorisme est la strat\u00e9gie adopt\u00e9e par le r\u00e9gime, impliquant tous ses dirigeants, pour contrecarrer sa chute\u00bb.<\/em><\/p>\n<p>Le Guide supr\u00eame cherchera \u00e0 prolonger la vie de son r\u00e9gime par une r\u00e9pression f\u00e9roce \u00e0 l\u2019int\u00e9rieur et le recours au terrorisme \u00e0 l\u2019\u00e9tranger. Dans sa fuite en avant, la r\u00e9action d\u2019Ali Khamenei risque d\u2019entra\u00eener dans sa chute le monde dans la violence. Une politique d\u2019extr\u00eame fermet\u00e9 pour stopper ces actions terroristes en Europe est plus que n\u00e9cessaire.<\/p>\n<p>Les repr\u00e9sentants et associations de la diaspora qui ont tenu samedi une conf\u00e9rence en multiplexe dans une quarantaine de villes du monde, dont celle tenue pr\u00e8s de Tirana, ont tir\u00e9 la sonnette d\u2019alarme et appel\u00e9 l\u2019Union europ\u00e9enne et les pays membres \u00e0 des mesures concret face au terrorisme d\u2019Etat iranien : en pla\u00e7ant le Vevak sur la liste des organisations terroristes et en expulsant les agents qui complotent dans les ambassades iraniennes.<\/p>\n<p>Patrick Kennedy, figure d\u00e9mocrate am\u00e9ricain, qui \u00e9tait l\u2019h\u00f4te de la conf\u00e9rence a soulign\u00e9 : <em>\u00abContrairement \u00e0 la propagande du r\u00e9gime iranien, les d\u00e9mocrates et les r\u00e9publicains des \u00c9tats-Unis sont unis pour soutenir une politique ferme sur l&rsquo;Iran et pour soutenir le peuple iranien dans son d\u00e9sir de changement et d&rsquo;une r\u00e9publique fond\u00e9e sur des \u00e9lections libres, la s\u00e9paration de l\u2019Etat et la religion et l\u2019\u00e9galit\u00e9 des sexes\u00bb<\/em>. Rappelant le r\u00f4le de l\u2019ambassade d\u2019Iran en Albanie pour propager le terrorisme il a d\u00e9clar\u00e9 : <em>\u00abLe gouvernement Albanais devrait expulser tous les diplomates iraniens de son territoire pour leur implication dans le terrorisme.\u00bb<\/em><\/p>\n<p>Cet \u00e9v\u00e9nement qui co\u00efncide avec l\u2019anniversaire du d\u00e9clenchement des manifestations populaires en Iran, est \u00e9galement l\u2019occasion de rappeler la n\u00e9cessit\u00e9 pour la communaut\u00e9 internationale de se tenir aux c\u00f4t\u00e9s du peuple iranien dans ses aspirations d\u00e9mocratiques pour un changement de r\u00e9gime et l\u2019instauration d\u2019une r\u00e9publique pluraliste, la\u00efque et sans armes nucl\u00e9aires.<\/p>\n<p><em>* Pr\u00e9sidente de l\u2019association des femmes iraniennes en France. Co-auteur de l\u2019ouvrage \u2018\u2018O\u00f9 va l&rsquo;Iran ? Regards crois\u00e9s sur le r\u00e9gime et ses enjeux d&rsquo;influence\u2019\u2019, \u00e9ditions Autrement.<\/em><\/p>\n<blockquote class=\"wp-embedded-content\" data-secret=\"MpdCbt0XMi\"><p><a href=\"https:\/\/kapitalis.com\/tunisie\/2018\/06\/07\/les-mollahs-et-apres-quelle-alternative-pour-liran\/\">Les mollahs et apr\u00e8s : Quelle alternative pour l\u2019Iran ?<\/a><\/p><\/blockquote>\n<p><iframe loading=\"lazy\" class=\"wp-embedded-content\" sandbox=\"allow-scripts\" security=\"restricted\" style=\"position: absolute; clip: rect(1px, 1px, 1px, 1px);\" title=\"\u00ab\u00a0Les mollahs et apr\u00e8s : Quelle alternative pour l\u2019Iran ?\u00a0\u00bb &#8212; Kapitalis\" src=\"https:\/\/kapitalis.com\/tunisie\/2018\/06\/07\/les-mollahs-et-apres-quelle-alternative-pour-liran\/embed\/#?secret=vaNgANZ9LO#?secret=MpdCbt0XMi\" data-secret=\"MpdCbt0XMi\" width=\"600\" height=\"338\" frameborder=\"0\" marginwidth=\"0\" marginheight=\"0\" scrolling=\"no\"><\/iframe><\/p>\n<blockquote class=\"wp-embedded-content\" data-secret=\"ds26Tz1R8W\"><p><a href=\"https:\/\/kapitalis.com\/tunisie\/2018\/02\/13\/mobilisation-internationale-manifestants-emprisonnes-iran\/\">Mobilisation internationale pour les manifestants emprisonn\u00e9s en Iran<\/a><\/p><\/blockquote>\n<p><iframe loading=\"lazy\" class=\"wp-embedded-content\" sandbox=\"allow-scripts\" security=\"restricted\" style=\"position: absolute; clip: rect(1px, 1px, 1px, 1px);\" title=\"\u00ab\u00a0Mobilisation internationale pour les manifestants emprisonn\u00e9s en Iran\u00a0\u00bb &#8212; Kapitalis\" src=\"https:\/\/kapitalis.com\/tunisie\/2018\/02\/13\/mobilisation-internationale-manifestants-emprisonnes-iran\/embed\/#?secret=SyreE2liRW#?secret=ds26Tz1R8W\" data-secret=\"ds26Tz1R8W\" width=\"600\" height=\"338\" frameborder=\"0\" marginwidth=\"0\" marginheight=\"0\" scrolling=\"no\"><\/iframe><\/p>\n<blockquote class=\"wp-embedded-content\" data-secret=\"u4tXMtKgU9\"><p><a href=\"https:\/\/kapitalis.com\/tunisie\/2017\/12\/01\/liran-seme-le-trouble-au-moyen-orient\/\">L\u2019Iran s\u00e8me le trouble au Moyen-Orient<\/a><\/p><\/blockquote>\n<p><iframe loading=\"lazy\" class=\"wp-embedded-content\" sandbox=\"allow-scripts\" security=\"restricted\" style=\"position: absolute; clip: rect(1px, 1px, 1px, 1px);\" title=\"\u00ab\u00a0L\u2019Iran s\u00e8me le trouble au Moyen-Orient\u00a0\u00bb &#8212; Kapitalis\" src=\"https:\/\/kapitalis.com\/tunisie\/2017\/12\/01\/liran-seme-le-trouble-au-moyen-orient\/embed\/#?secret=loOhGEqgUj#?secret=u4tXMtKgU9\" data-secret=\"u4tXMtKgU9\" width=\"600\" height=\"338\" frameborder=\"0\" marginwidth=\"0\" marginheight=\"0\" scrolling=\"no\"><\/iframe><\/p>\n","protected":false},"excerpt":{"rendered":"<p>Depuis qu\u2019ils ont \u00e9t\u00e9 vis\u00e9s par plusieurs attentats dirig\u00e9s par T\u00e9h\u00e9ran sur le sol europ\u00e9en, les membres de la diaspora iranienne s\u2019inqui\u00e8tent de la nouvelle insolence du r\u00e9gime islamiste qui n\u2019h\u00e9site dor\u00e9navant plus \u00e0 recourir \u00e0 des actes terroristes en plein c\u0153ur de l\u2019Europe. Par Simin Nouri *<\/p>\n","protected":false},"author":8,"featured_media":191564,"comment_status":"open","ping_status":"open","sticky":false,"template":"","format":"standard","meta":{"footnotes":""},"categories":[992,1000,2433],"tags":[23431,497],"class_list":["post-191563","post","type-post","status-publish","format-standard","has-post-thumbnail","hentry","category-a-la-une","category-tribune","category-tunisie","tag-ali-khamenei","tag-iran"],"yoast_head":"<!-- This site is optimized with the Yoast SEO plugin v26.6 - https:\/\/yoast.com\/wordpress\/plugins\/seo\/ -->\n<title>De bonnes raisons pour craindre le terrorisme d\u2019Etat iranien - Kapitalis<\/title>\n<meta name=\"robots\" content=\"index, follow, max-snippet:-1, max-image-preview:large, max-video-preview:-1\" \/>\n<link rel=\"canonical\" href=\"https:\/\/kapitalis.com\/tunisie\/2019\/01\/02\/de-bonnes-raisons-pour-craindre-le-terrorisme-detat-iranien\/\" \/>\n<meta property=\"og:locale\" content=\"fr_FR\" \/>\n<meta property=\"og:type\" content=\"article\" \/>\n<meta property=\"og:title\" content=\"De bonnes raisons pour craindre le terrorisme d\u2019Etat iranien - Kapitalis\" \/>\n<meta property=\"og:description\" content=\"Depuis qu\u2019ils ont \u00e9t\u00e9 vis\u00e9s par plusieurs attentats dirig\u00e9s par T\u00e9h\u00e9ran sur le sol europ\u00e9en, les membres de la diaspora iranienne s\u2019inqui\u00e8tent de la nouvelle insolence du r\u00e9gime islamiste qui n\u2019h\u00e9site dor\u00e9navant plus \u00e0 recourir \u00e0 des actes terroristes en plein c\u0153ur de l\u2019Europe. Par Simin Nouri *\" \/>\n<meta property=\"og:url\" content=\"https:\/\/kapitalis.com\/tunisie\/2019\/01\/02\/de-bonnes-raisons-pour-craindre-le-terrorisme-detat-iranien\/\" \/>\n<meta property=\"og:site_name\" content=\"Kapitalis\" \/>\n<meta property=\"article:publisher\" content=\"https:\/\/www.facebook.com\/KapitalisInfo\/\" \/>\n<meta property=\"article:published_time\" content=\"2019-01-02T17:45:21+00:00\" \/>\n<meta property=\"og:image\" content=\"https:\/\/kapitalis.com\/tunisie\/wp-content\/uploads\/2022\/05\/kapitalis-logo-fb.png\" \/>\n\t<meta property=\"og:image:width\" content=\"1200\" \/>\n\t<meta property=\"og:image:height\" content=\"630\" \/>\n\t<meta property=\"og:image:type\" content=\"image\/png\" \/>\n<meta name=\"author\" content=\"webmaster kapitalis\" \/>\n<meta name=\"twitter:card\" content=\"summary_large_image\" \/>\n<meta name=\"twitter:creator\" content=\"@KapitalisInfo\" \/>\n<meta name=\"twitter:site\" content=\"@KapitalisInfo\" \/>\n<meta name=\"twitter:label1\" content=\"\u00c9crit par\" \/>\n\t<meta name=\"twitter:data1\" content=\"webmaster kapitalis\" \/>\n\t<meta name=\"twitter:label2\" content=\"Dur\u00e9e de lecture estim\u00e9e\" \/>\n\t<meta name=\"twitter:data2\" content=\"6 minutes\" \/>\n<script type=\"application\/ld+json\" class=\"yoast-schema-graph\">{\"@context\":\"https:\/\/schema.org\",\"@graph\":[{\"@type\":\"Article\",\"@id\":\"https:\/\/kapitalis.com\/tunisie\/2019\/01\/02\/de-bonnes-raisons-pour-craindre-le-terrorisme-detat-iranien\/#article\",\"isPartOf\":{\"@id\":\"https:\/\/kapitalis.com\/tunisie\/2019\/01\/02\/de-bonnes-raisons-pour-craindre-le-terrorisme-detat-iranien\/\"},\"author\":{\"name\":\"webmaster kapitalis\",\"@id\":\"https:\/\/kapitalis.com\/tunisie\/#\/schema\/person\/d71f33a9ca44f7bad4698210b480c8e9\"},\"headline\":\"De bonnes raisons pour craindre le terrorisme d\u2019Etat iranien\",\"datePublished\":\"2019-01-02T17:45:21+00:00\",\"mainEntityOfPage\":{\"@id\":\"https:\/\/kapitalis.com\/tunisie\/2019\/01\/02\/de-bonnes-raisons-pour-craindre-le-terrorisme-detat-iranien\/\"},\"wordCount\":1252,\"commentCount\":7,\"publisher\":{\"@id\":\"https:\/\/kapitalis.com\/tunisie\/#organization\"},\"image\":{\"@id\":\"https:\/\/kapitalis.com\/tunisie\/2019\/01\/02\/de-bonnes-raisons-pour-craindre-le-terrorisme-detat-iranien\/#primaryimage\"},\"thumbnailUrl\":\"\",\"keywords\":[\"Ali Khamenei\",\"Iran\"],\"articleSection\":[\"A LA UNE\",\"TRIBUNE\",\"Tunisie\"],\"inLanguage\":\"fr-FR\",\"potentialAction\":[{\"@type\":\"CommentAction\",\"name\":\"Comment\",\"target\":[\"https:\/\/kapitalis.com\/tunisie\/2019\/01\/02\/de-bonnes-raisons-pour-craindre-le-terrorisme-detat-iranien\/#respond\"]}]},{\"@type\":\"WebPage\",\"@id\":\"https:\/\/kapitalis.com\/tunisie\/2019\/01\/02\/de-bonnes-raisons-pour-craindre-le-terrorisme-detat-iranien\/\",\"url\":\"https:\/\/kapitalis.com\/tunisie\/2019\/01\/02\/de-bonnes-raisons-pour-craindre-le-terrorisme-detat-iranien\/\",\"name\":\"De bonnes raisons pour craindre le terrorisme d\u2019Etat iranien - Kapitalis\",\"isPartOf\":{\"@id\":\"https:\/\/kapitalis.com\/tunisie\/#website\"},\"primaryImageOfPage\":{\"@id\":\"https:\/\/kapitalis.com\/tunisie\/2019\/01\/02\/de-bonnes-raisons-pour-craindre-le-terrorisme-detat-iranien\/#primaryimage\"},\"image\":{\"@id\":\"https:\/\/kapitalis.com\/tunisie\/2019\/01\/02\/de-bonnes-raisons-pour-craindre-le-terrorisme-detat-iranien\/#primaryimage\"},\"thumbnailUrl\":\"\",\"datePublished\":\"2019-01-02T17:45:21+00:00\",\"breadcrumb\":{\"@id\":\"https:\/\/kapitalis.com\/tunisie\/2019\/01\/02\/de-bonnes-raisons-pour-craindre-le-terrorisme-detat-iranien\/#breadcrumb\"},\"inLanguage\":\"fr-FR\",\"potentialAction\":[{\"@type\":\"ReadAction\",\"target\":[\"https:\/\/kapitalis.com\/tunisie\/2019\/01\/02\/de-bonnes-raisons-pour-craindre-le-terrorisme-detat-iranien\/\"]}]},{\"@type\":\"ImageObject\",\"inLanguage\":\"fr-FR\",\"@id\":\"https:\/\/kapitalis.com\/tunisie\/2019\/01\/02\/de-bonnes-raisons-pour-craindre-le-terrorisme-detat-iranien\/#primaryimage\",\"url\":\"\",\"contentUrl\":\"\"},{\"@type\":\"BreadcrumbList\",\"@id\":\"https:\/\/kapitalis.com\/tunisie\/2019\/01\/02\/de-bonnes-raisons-pour-craindre-le-terrorisme-detat-iranien\/#breadcrumb\",\"itemListElement\":[{\"@type\":\"ListItem\",\"position\":1,\"name\":\"Accueil\",\"item\":\"https:\/\/kapitalis.com\/tunisie\/\"},{\"@type\":\"ListItem\",\"position\":2,\"name\":\"De bonnes raisons pour craindre le terrorisme d\u2019Etat iranien\"}]},{\"@type\":\"WebSite\",\"@id\":\"https:\/\/kapitalis.com\/tunisie\/#website\",\"url\":\"https:\/\/kapitalis.com\/tunisie\/\",\"name\":\"Kapitalis\",\"description\":\"L&#039;actualit\u00e9 en Tunisie et dans le monde\",\"publisher\":{\"@id\":\"https:\/\/kapitalis.com\/tunisie\/#organization\"},\"potentialAction\":[{\"@type\":\"SearchAction\",\"target\":{\"@type\":\"EntryPoint\",\"urlTemplate\":\"https:\/\/kapitalis.com\/tunisie\/?s={search_term_string}\"},\"query-input\":{\"@type\":\"PropertyValueSpecification\",\"valueRequired\":true,\"valueName\":\"search_term_string\"}}],\"inLanguage\":\"fr-FR\"},{\"@type\":\"Organization\",\"@id\":\"https:\/\/kapitalis.com\/tunisie\/#organization\",\"name\":\"Kapitalis\",\"url\":\"https:\/\/kapitalis.com\/tunisie\/\",\"logo\":{\"@type\":\"ImageObject\",\"inLanguage\":\"fr-FR\",\"@id\":\"https:\/\/kapitalis.com\/tunisie\/#\/schema\/logo\/image\/\",\"url\":\"https:\/\/kapitalis.com\/tunisie\/wp-content\/uploads\/2022\/05\/Kapitalis-big-size.png\",\"contentUrl\":\"https:\/\/kapitalis.com\/tunisie\/wp-content\/uploads\/2022\/05\/Kapitalis-big-size.png\",\"width\":5000,\"height\":1500,\"caption\":\"Kapitalis\"},\"image\":{\"@id\":\"https:\/\/kapitalis.com\/tunisie\/#\/schema\/logo\/image\/\"},\"sameAs\":[\"https:\/\/www.facebook.com\/KapitalisInfo\/\",\"https:\/\/x.com\/KapitalisInfo\",\"https:\/\/www.youtube.com\/channel\/UC-yDYrHyfFBWWZaOw3FPg9Q\"]},{\"@type\":\"Person\",\"@id\":\"https:\/\/kapitalis.com\/tunisie\/#\/schema\/person\/d71f33a9ca44f7bad4698210b480c8e9\",\"name\":\"webmaster kapitalis\",\"url\":\"https:\/\/kapitalis.com\/tunisie\/author\/webmaster-kapitalis\/\"}]}<\/script>\n<!-- \/ Yoast SEO plugin. -->","yoast_head_json":{"title":"De bonnes raisons pour craindre le terrorisme d\u2019Etat iranien - Kapitalis","robots":{"index":"index","follow":"follow","max-snippet":"max-snippet:-1","max-image-preview":"max-image-preview:large","max-video-preview":"max-video-preview:-1"},"canonical":"https:\/\/kapitalis.com\/tunisie\/2019\/01\/02\/de-bonnes-raisons-pour-craindre-le-terrorisme-detat-iranien\/","og_locale":"fr_FR","og_type":"article","og_title":"De bonnes raisons pour craindre le terrorisme d\u2019Etat iranien - Kapitalis","og_description":"Depuis qu\u2019ils ont \u00e9t\u00e9 vis\u00e9s par plusieurs attentats dirig\u00e9s par T\u00e9h\u00e9ran sur le sol europ\u00e9en, les membres de la diaspora iranienne s\u2019inqui\u00e8tent de la nouvelle insolence du r\u00e9gime islamiste qui n\u2019h\u00e9site dor\u00e9navant plus \u00e0 recourir \u00e0 des actes terroristes en plein c\u0153ur de l\u2019Europe. Par Simin Nouri *","og_url":"https:\/\/kapitalis.com\/tunisie\/2019\/01\/02\/de-bonnes-raisons-pour-craindre-le-terrorisme-detat-iranien\/","og_site_name":"Kapitalis","article_publisher":"https:\/\/www.facebook.com\/KapitalisInfo\/","article_published_time":"2019-01-02T17:45:21+00:00","og_image":[{"width":1200,"height":630,"url":"https:\/\/kapitalis.com\/tunisie\/wp-content\/uploads\/2022\/05\/kapitalis-logo-fb.png","type":"image\/png"}],"author":"webmaster kapitalis","twitter_card":"summary_large_image","twitter_creator":"@KapitalisInfo","twitter_site":"@KapitalisInfo","twitter_misc":{"\u00c9crit par":"webmaster kapitalis","Dur\u00e9e de lecture estim\u00e9e":"6 minutes"},"schema":{"@context":"https:\/\/schema.org","@graph":[{"@type":"Article","@id":"https:\/\/kapitalis.com\/tunisie\/2019\/01\/02\/de-bonnes-raisons-pour-craindre-le-terrorisme-detat-iranien\/#article","isPartOf":{"@id":"https:\/\/kapitalis.com\/tunisie\/2019\/01\/02\/de-bonnes-raisons-pour-craindre-le-terrorisme-detat-iranien\/"},"author":{"name":"webmaster kapitalis","@id":"https:\/\/kapitalis.com\/tunisie\/#\/schema\/person\/d71f33a9ca44f7bad4698210b480c8e9"},"headline":"De bonnes raisons pour craindre le terrorisme d\u2019Etat iranien","datePublished":"2019-01-02T17:45:21+00:00","mainEntityOfPage":{"@id":"https:\/\/kapitalis.com\/tunisie\/2019\/01\/02\/de-bonnes-raisons-pour-craindre-le-terrorisme-detat-iranien\/"},"wordCount":1252,"commentCount":7,"publisher":{"@id":"https:\/\/kapitalis.com\/tunisie\/#organization"},"image":{"@id":"https:\/\/kapitalis.com\/tunisie\/2019\/01\/02\/de-bonnes-raisons-pour-craindre-le-terrorisme-detat-iranien\/#primaryimage"},"thumbnailUrl":"","keywords":["Ali Khamenei","Iran"],"articleSection":["A LA UNE","TRIBUNE","Tunisie"],"inLanguage":"fr-FR","potentialAction":[{"@type":"CommentAction","name":"Comment","target":["https:\/\/kapitalis.com\/tunisie\/2019\/01\/02\/de-bonnes-raisons-pour-craindre-le-terrorisme-detat-iranien\/#respond"]}]},{"@type":"WebPage","@id":"https:\/\/kapitalis.com\/tunisie\/2019\/01\/02\/de-bonnes-raisons-pour-craindre-le-terrorisme-detat-iranien\/","url":"https:\/\/kapitalis.com\/tunisie\/2019\/01\/02\/de-bonnes-raisons-pour-craindre-le-terrorisme-detat-iranien\/","name":"De bonnes raisons pour craindre le terrorisme d\u2019Etat iranien - Kapitalis","isPartOf":{"@id":"https:\/\/kapitalis.com\/tunisie\/#website"},"primaryImageOfPage":{"@id":"https:\/\/kapitalis.com\/tunisie\/2019\/01\/02\/de-bonnes-raisons-pour-craindre-le-terrorisme-detat-iranien\/#primaryimage"},"image":{"@id":"https:\/\/kapitalis.com\/tunisie\/2019\/01\/02\/de-bonnes-raisons-pour-craindre-le-terrorisme-detat-iranien\/#primaryimage"},"thumbnailUrl":"","datePublished":"2019-01-02T17:45:21+00:00","breadcrumb":{"@id":"https:\/\/kapitalis.com\/tunisie\/2019\/01\/02\/de-bonnes-raisons-pour-craindre-le-terrorisme-detat-iranien\/#breadcrumb"},"inLanguage":"fr-FR","potentialAction":[{"@type":"ReadAction","target":["https:\/\/kapitalis.com\/tunisie\/2019\/01\/02\/de-bonnes-raisons-pour-craindre-le-terrorisme-detat-iranien\/"]}]},{"@type":"ImageObject","inLanguage":"fr-FR","@id":"https:\/\/kapitalis.com\/tunisie\/2019\/01\/02\/de-bonnes-raisons-pour-craindre-le-terrorisme-detat-iranien\/#primaryimage","url":"","contentUrl":""},{"@type":"BreadcrumbList","@id":"https:\/\/kapitalis.com\/tunisie\/2019\/01\/02\/de-bonnes-raisons-pour-craindre-le-terrorisme-detat-iranien\/#breadcrumb","itemListElement":[{"@type":"ListItem","position":1,"name":"Accueil","item":"https:\/\/kapitalis.com\/tunisie\/"},{"@type":"ListItem","position":2,"name":"De bonnes raisons pour craindre le terrorisme d\u2019Etat iranien"}]},{"@type":"WebSite","@id":"https:\/\/kapitalis.com\/tunisie\/#website","url":"https:\/\/kapitalis.com\/tunisie\/","name":"Kapitalis","description":"L&#039;actualit\u00e9 en Tunisie et dans le monde","publisher":{"@id":"https:\/\/kapitalis.com\/tunisie\/#organization"},"potentialAction":[{"@type":"SearchAction","target":{"@type":"EntryPoint","urlTemplate":"https:\/\/kapitalis.com\/tunisie\/?s={search_term_string}"},"query-input":{"@type":"PropertyValueSpecification","valueRequired":true,"valueName":"search_term_string"}}],"inLanguage":"fr-FR"},{"@type":"Organization","@id":"https:\/\/kapitalis.com\/tunisie\/#organization","name":"Kapitalis","url":"https:\/\/kapitalis.com\/tunisie\/","logo":{"@type":"ImageObject","inLanguage":"fr-FR","@id":"https:\/\/kapitalis.com\/tunisie\/#\/schema\/logo\/image\/","url":"https:\/\/kapitalis.com\/tunisie\/wp-content\/uploads\/2022\/05\/Kapitalis-big-size.png","contentUrl":"https:\/\/kapitalis.com\/tunisie\/wp-content\/uploads\/2022\/05\/Kapitalis-big-size.png","width":5000,"height":1500,"caption":"Kapitalis"},"image":{"@id":"https:\/\/kapitalis.com\/tunisie\/#\/schema\/logo\/image\/"},"sameAs":["https:\/\/www.facebook.com\/KapitalisInfo\/","https:\/\/x.com\/KapitalisInfo","https:\/\/www.youtube.com\/channel\/UC-yDYrHyfFBWWZaOw3FPg9Q"]},{"@type":"Person","@id":"https:\/\/kapitalis.com\/tunisie\/#\/schema\/person\/d71f33a9ca44f7bad4698210b480c8e9","name":"webmaster kapitalis","url":"https:\/\/kapitalis.com\/tunisie\/author\/webmaster-kapitalis\/"}]}},"_links":{"self":[{"href":"https:\/\/kapitalis.com\/tunisie\/wp-json\/wp\/v2\/posts\/191563","targetHints":{"allow":["GET"]}}],"collection":[{"href":"https:\/\/kapitalis.com\/tunisie\/wp-json\/wp\/v2\/posts"}],"about":[{"href":"https:\/\/kapitalis.com\/tunisie\/wp-json\/wp\/v2\/types\/post"}],"author":[{"embeddable":true,"href":"https:\/\/kapitalis.com\/tunisie\/wp-json\/wp\/v2\/users\/8"}],"replies":[{"embeddable":true,"href":"https:\/\/kapitalis.com\/tunisie\/wp-json\/wp\/v2\/comments?post=191563"}],"version-history":[{"count":0,"href":"https:\/\/kapitalis.com\/tunisie\/wp-json\/wp\/v2\/posts\/191563\/revisions"}],"wp:featuredmedia":[{"embeddable":true,"href":"https:\/\/kapitalis.com\/tunisie\/wp-json\/wp\/v2\/media\/191564"}],"wp:attachment":[{"href":"https:\/\/kapitalis.com\/tunisie\/wp-json\/wp\/v2\/media?parent=191563"}],"wp:term":[{"taxonomy":"category","embeddable":true,"href":"https:\/\/kapitalis.com\/tunisie\/wp-json\/wp\/v2\/categories?post=191563"},{"taxonomy":"post_tag","embeddable":true,"href":"https:\/\/kapitalis.com\/tunisie\/wp-json\/wp\/v2\/tags?post=191563"}],"curies":[{"name":"wp","href":"https:\/\/api.w.org\/{rel}","templated":true}]}}