{"id":191731,"date":"2019-01-04T10:31:09","date_gmt":"2019-01-04T09:31:09","guid":{"rendered":"http:\/\/kapitalis.com\/tunisie\/?p=191731"},"modified":"2019-01-04T10:32:13","modified_gmt":"2019-01-04T09:32:13","slug":"chedly-mamoghli-une-vague-degagiste-balayera-la-classe-politique-en-2019","status":"publish","type":"post","link":"https:\/\/kapitalis.com\/tunisie\/2019\/01\/04\/chedly-mamoghli-une-vague-degagiste-balayera-la-classe-politique-en-2019\/","title":{"rendered":"Chedly Mamoghli: \u00abUne vague d\u00e9gagiste balayera la classe politique en 2019\u00bb"},"content":{"rendered":"<p style=\"text-align: center;\"><img loading=\"lazy\" decoding=\"async\" class=\"alignnone size-full wp-image-191741\" src=\"http:\/\/kapitalis.com\/tunisie\/wp-content\/uploads\/2019\/01\/Classe-politique-Degage.jpg\" alt=\"\" width=\"626\" height=\"380\" \/><\/p>\n<p><em><strong>Le juriste, auteur de nombreuses tribunes dans Kapitalis, estime que les \u00e9lections l\u00e9gislatives et pr\u00e9sidentielles de 2019 en Tunisie seront marqu\u00e9es par un fort mouvement de rejet de la classe politique actuelle.<\/strong> <\/em><\/p>\n<p><!--more--><\/p>\n<p>Dans un post Facebook publi\u00e9 hier, jeudi 3 janvier 2019, il pr\u00e9dit ce qu\u2019il appelle une \u00ab<em>vague d\u00e9gagiste\u00bb<\/em> qui balayera, par les urnes, beaucoup de politicards, de syndicalistes et d\u2019affairistes, <em>\u00abqui font les beaux depuis 2011\u00bb<\/em>.<\/p>\n<p style=\"text-align: center;\">* * *<\/p>\n<p><em>\u00abCelles et ceux qui croient que l\u2019on peut aborder l\u2019avenir \u2013 en l\u2019occurrence les prochaines \u00e9ch\u00e9ances \u00e9lectorales \u2013 avec ceux-l\u00e0 m\u00eames qui ont \u00abmassacr\u00e9\u00bb la Tunisie depuis 2015 se trompent.<\/em><\/p>\n<p><em>Cette classe politique a perdu toute sa cr\u00e9dibilit\u00e9. Elle est rejet\u00e9e par le peuple, compl\u00e8tement rejet\u00e9e. Il y a un profond rejet des politiques, des syndicalistes et des affairistes. Comme eux, ils n\u2019\u00e9coutent pas le peuple et l\u2019infantilisent et bien le peuple ne les \u00e9coute plus. Ils l\u2019ont m\u00e9pris\u00e9 en le desservant et bien, aujourd\u2019hui, il les m\u00e9prise.<\/em><\/p>\n<p><em>Les gens ou bien n\u2019iront pas voter ou bien iront pour les sanctionner en les d\u00e9gageant. \u00c7a sera une vengeance \u00e9lectorale. Un vote sanction\u2026 <\/em><\/p>\n<p><em>Celles et ceux qui n\u2019ont pas encore compris cela vivent dans une bulle; ils sont loin, tr\u00e8s loin de la r\u00e9alit\u00e9 et croient que la Tunisie des politicards, des syndicalistes et des affairistes, qui font les beaux depuis 2011, va continuer. Ceux-l\u00e0 seront d\u00e9cim\u00e9s. Une lame de fond d\u00e9gagiste lors des prochaines \u00e9lections s\u2019en chargera.\u00bb<\/em><\/p>\n<p>Ce statut fait \u00e9cho \u00e0 un autre \u00e9crit au mois de d\u00e9cembre dernier, et o\u00f9 l\u2019auteur \u00e9crit: <em>\u00abB\u00e9ji Ca\u00efd Essebsi, Rached Ghannouchi, Hamma Hammami, Moncef Marzouki, Noureddine Taboubi, Slim Riahi, Nebil Karoui, Hafedh Ca\u00efd Essebsi, Raouf Khammassi, Lassaad Yaacoubi doivent dispara\u00eetre de la vie publique et ne plus avoir AUCUNE influence, aussi infime soit-elle. Il doit y avoir une vague d\u00e9gagiste pour les faire dispara\u00eetre \u00e0 jamais.<\/em><\/p>\n<p><em>Aussit\u00f4t ils dispara\u00eetront, aussit\u00f4t leurs larbins et sbires dispara\u00eetront.<\/em><\/p>\n<p><em>Ils n\u2019ont apport\u00e9 que le malheur \u00e0 ce pays. Ils sont m\u00e9diocres. Ils sont d\u00e9pass\u00e9s. Ils sont p\u00e9rim\u00e9s. Ils font partie du pass\u00e9. Ils doivent dispara\u00eetre.\u00bb<\/em><\/p>\n","protected":false},"excerpt":{"rendered":"<p>Le juriste, auteur de nombreuses tribunes dans Kapitalis, estime que les \u00e9lections l\u00e9gislatives et pr\u00e9sidentielles de 2019 en Tunisie seront marqu\u00e9es par un fort mouvement de rejet de la classe politique actuelle.<\/p>\n","protected":false},"author":8,"featured_media":191741,"comment_status":"open","ping_status":"open","sticky":false,"template":"","format":"standard","meta":{"footnotes":""},"categories":[992,997,1000,2433],"tags":[1108,437,12265,634,21897,1642],"class_list":["post-191731","post","type-post","status-publish","format-standard","has-post-thumbnail","hentry","category-a-la-une","category-politique","category-tribune","category-tunisie","tag-beji-caid-essebsi","tag-hamma-hammami","tag-lassaad-yaacoubi","tag-moncef-marzouki","tag-noureddine-taboubi","tag-slim-riahi"],"yoast_head":"<!-- This site is optimized with the Yoast SEO plugin v26.6 - https:\/\/yoast.com\/wordpress\/plugins\/seo\/ -->\n<title>Chedly Mamoghli: \u00abUne vague d\u00e9gagiste balayera la classe politique en 2019\u00bb - Kapitalis<\/title>\n<meta name=\"robots\" content=\"index, follow, max-snippet:-1, max-image-preview:large, max-video-preview:-1\" \/>\n<link rel=\"canonical\" href=\"https:\/\/kapitalis.com\/tunisie\/2019\/01\/04\/chedly-mamoghli-une-vague-degagiste-balayera-la-classe-politique-en-2019\/\" \/>\n<meta property=\"og:locale\" content=\"fr_FR\" \/>\n<meta property=\"og:type\" content=\"article\" \/>\n<meta property=\"og:title\" content=\"Chedly Mamoghli: \u00abUne vague d\u00e9gagiste balayera la classe politique en 2019\u00bb - Kapitalis\" \/>\n<meta property=\"og:description\" content=\"Le juriste, auteur de nombreuses tribunes dans Kapitalis, estime que les \u00e9lections l\u00e9gislatives et pr\u00e9sidentielles de 2019 en Tunisie seront marqu\u00e9es par un fort mouvement de rejet de la classe politique actuelle.\" \/>\n<meta property=\"og:url\" content=\"https:\/\/kapitalis.com\/tunisie\/2019\/01\/04\/chedly-mamoghli-une-vague-degagiste-balayera-la-classe-politique-en-2019\/\" \/>\n<meta property=\"og:site_name\" content=\"Kapitalis\" \/>\n<meta property=\"article:publisher\" content=\"https:\/\/www.facebook.com\/KapitalisInfo\/\" \/>\n<meta property=\"article:published_time\" content=\"2019-01-04T09:31:09+00:00\" \/>\n<meta property=\"article:modified_time\" content=\"2019-01-04T09:32:13+00:00\" \/>\n<meta property=\"og:image\" content=\"https:\/\/kapitalis.com\/tunisie\/wp-content\/uploads\/2022\/05\/kapitalis-logo-fb.png\" \/>\n\t<meta property=\"og:image:width\" content=\"1200\" \/>\n\t<meta property=\"og:image:height\" content=\"630\" \/>\n\t<meta property=\"og:image:type\" content=\"image\/png\" \/>\n<meta name=\"author\" content=\"webmaster kapitalis\" \/>\n<meta name=\"twitter:card\" content=\"summary_large_image\" \/>\n<meta name=\"twitter:creator\" content=\"@KapitalisInfo\" \/>\n<meta name=\"twitter:site\" content=\"@KapitalisInfo\" \/>\n<meta name=\"twitter:label1\" content=\"\u00c9crit par\" \/>\n\t<meta name=\"twitter:data1\" content=\"webmaster kapitalis\" \/>\n\t<meta name=\"twitter:label2\" content=\"Dur\u00e9e de lecture estim\u00e9e\" \/>\n\t<meta name=\"twitter:data2\" content=\"2 minutes\" \/>\n<script type=\"application\/ld+json\" class=\"yoast-schema-graph\">{\"@context\":\"https:\/\/schema.org\",\"@graph\":[{\"@type\":\"Article\",\"@id\":\"https:\/\/kapitalis.com\/tunisie\/2019\/01\/04\/chedly-mamoghli-une-vague-degagiste-balayera-la-classe-politique-en-2019\/#article\",\"isPartOf\":{\"@id\":\"https:\/\/kapitalis.com\/tunisie\/2019\/01\/04\/chedly-mamoghli-une-vague-degagiste-balayera-la-classe-politique-en-2019\/\"},\"author\":{\"name\":\"webmaster kapitalis\",\"@id\":\"https:\/\/kapitalis.com\/tunisie\/#\/schema\/person\/d71f33a9ca44f7bad4698210b480c8e9\"},\"headline\":\"Chedly Mamoghli: \u00abUne vague d\u00e9gagiste balayera la classe politique en 2019\u00bb\",\"datePublished\":\"2019-01-04T09:31:09+00:00\",\"dateModified\":\"2019-01-04T09:32:13+00:00\",\"mainEntityOfPage\":{\"@id\":\"https:\/\/kapitalis.com\/tunisie\/2019\/01\/04\/chedly-mamoghli-une-vague-degagiste-balayera-la-classe-politique-en-2019\/\"},\"wordCount\":387,\"commentCount\":17,\"publisher\":{\"@id\":\"https:\/\/kapitalis.com\/tunisie\/#organization\"},\"image\":{\"@id\":\"https:\/\/kapitalis.com\/tunisie\/2019\/01\/04\/chedly-mamoghli-une-vague-degagiste-balayera-la-classe-politique-en-2019\/#primaryimage\"},\"thumbnailUrl\":\"\",\"keywords\":[\"B\u00e9ji Ca\u00efd Essebsi\",\"Hamma Hammami\",\"Lassa\u00e2d Ya\u00e2coubi\",\"Moncef Marzouki\",\"Noureddine Taboubi\",\"Slim Riahi\"],\"articleSection\":[\"A LA UNE\",\"POLITIQUE\",\"TRIBUNE\",\"Tunisie\"],\"inLanguage\":\"fr-FR\",\"potentialAction\":[{\"@type\":\"CommentAction\",\"name\":\"Comment\",\"target\":[\"https:\/\/kapitalis.com\/tunisie\/2019\/01\/04\/chedly-mamoghli-une-vague-degagiste-balayera-la-classe-politique-en-2019\/#respond\"]}]},{\"@type\":\"WebPage\",\"@id\":\"https:\/\/kapitalis.com\/tunisie\/2019\/01\/04\/chedly-mamoghli-une-vague-degagiste-balayera-la-classe-politique-en-2019\/\",\"url\":\"https:\/\/kapitalis.com\/tunisie\/2019\/01\/04\/chedly-mamoghli-une-vague-degagiste-balayera-la-classe-politique-en-2019\/\",\"name\":\"Chedly Mamoghli: \u00abUne vague d\u00e9gagiste balayera la classe politique en 2019\u00bb - Kapitalis\",\"isPartOf\":{\"@id\":\"https:\/\/kapitalis.com\/tunisie\/#website\"},\"primaryImageOfPage\":{\"@id\":\"https:\/\/kapitalis.com\/tunisie\/2019\/01\/04\/chedly-mamoghli-une-vague-degagiste-balayera-la-classe-politique-en-2019\/#primaryimage\"},\"image\":{\"@id\":\"https:\/\/kapitalis.com\/tunisie\/2019\/01\/04\/chedly-mamoghli-une-vague-degagiste-balayera-la-classe-politique-en-2019\/#primaryimage\"},\"thumbnailUrl\":\"\",\"datePublished\":\"2019-01-04T09:31:09+00:00\",\"dateModified\":\"2019-01-04T09:32:13+00:00\",\"breadcrumb\":{\"@id\":\"https:\/\/kapitalis.com\/tunisie\/2019\/01\/04\/chedly-mamoghli-une-vague-degagiste-balayera-la-classe-politique-en-2019\/#breadcrumb\"},\"inLanguage\":\"fr-FR\",\"potentialAction\":[{\"@type\":\"ReadAction\",\"target\":[\"https:\/\/kapitalis.com\/tunisie\/2019\/01\/04\/chedly-mamoghli-une-vague-degagiste-balayera-la-classe-politique-en-2019\/\"]}]},{\"@type\":\"ImageObject\",\"inLanguage\":\"fr-FR\",\"@id\":\"https:\/\/kapitalis.com\/tunisie\/2019\/01\/04\/chedly-mamoghli-une-vague-degagiste-balayera-la-classe-politique-en-2019\/#primaryimage\",\"url\":\"\",\"contentUrl\":\"\"},{\"@type\":\"BreadcrumbList\",\"@id\":\"https:\/\/kapitalis.com\/tunisie\/2019\/01\/04\/chedly-mamoghli-une-vague-degagiste-balayera-la-classe-politique-en-2019\/#breadcrumb\",\"itemListElement\":[{\"@type\":\"ListItem\",\"position\":1,\"name\":\"Accueil\",\"item\":\"https:\/\/kapitalis.com\/tunisie\/\"},{\"@type\":\"ListItem\",\"position\":2,\"name\":\"Chedly Mamoghli: \u00abUne vague d\u00e9gagiste balayera la classe politique en 2019\u00bb\"}]},{\"@type\":\"WebSite\",\"@id\":\"https:\/\/kapitalis.com\/tunisie\/#website\",\"url\":\"https:\/\/kapitalis.com\/tunisie\/\",\"name\":\"Kapitalis\",\"description\":\"L&#039;actualit\u00e9 en Tunisie et dans le monde\",\"publisher\":{\"@id\":\"https:\/\/kapitalis.com\/tunisie\/#organization\"},\"potentialAction\":[{\"@type\":\"SearchAction\",\"target\":{\"@type\":\"EntryPoint\",\"urlTemplate\":\"https:\/\/kapitalis.com\/tunisie\/?s={search_term_string}\"},\"query-input\":{\"@type\":\"PropertyValueSpecification\",\"valueRequired\":true,\"valueName\":\"search_term_string\"}}],\"inLanguage\":\"fr-FR\"},{\"@type\":\"Organization\",\"@id\":\"https:\/\/kapitalis.com\/tunisie\/#organization\",\"name\":\"Kapitalis\",\"url\":\"https:\/\/kapitalis.com\/tunisie\/\",\"logo\":{\"@type\":\"ImageObject\",\"inLanguage\":\"fr-FR\",\"@id\":\"https:\/\/kapitalis.com\/tunisie\/#\/schema\/logo\/image\/\",\"url\":\"https:\/\/kapitalis.com\/tunisie\/wp-content\/uploads\/2022\/05\/Kapitalis-big-size.png\",\"contentUrl\":\"https:\/\/kapitalis.com\/tunisie\/wp-content\/uploads\/2022\/05\/Kapitalis-big-size.png\",\"width\":5000,\"height\":1500,\"caption\":\"Kapitalis\"},\"image\":{\"@id\":\"https:\/\/kapitalis.com\/tunisie\/#\/schema\/logo\/image\/\"},\"sameAs\":[\"https:\/\/www.facebook.com\/KapitalisInfo\/\",\"https:\/\/x.com\/KapitalisInfo\",\"https:\/\/www.youtube.com\/channel\/UC-yDYrHyfFBWWZaOw3FPg9Q\"]},{\"@type\":\"Person\",\"@id\":\"https:\/\/kapitalis.com\/tunisie\/#\/schema\/person\/d71f33a9ca44f7bad4698210b480c8e9\",\"name\":\"webmaster kapitalis\",\"url\":\"https:\/\/kapitalis.com\/tunisie\/author\/webmaster-kapitalis\/\"}]}<\/script>\n<!-- \/ Yoast SEO plugin. -->","yoast_head_json":{"title":"Chedly Mamoghli: \u00abUne vague d\u00e9gagiste balayera la classe politique en 2019\u00bb - Kapitalis","robots":{"index":"index","follow":"follow","max-snippet":"max-snippet:-1","max-image-preview":"max-image-preview:large","max-video-preview":"max-video-preview:-1"},"canonical":"https:\/\/kapitalis.com\/tunisie\/2019\/01\/04\/chedly-mamoghli-une-vague-degagiste-balayera-la-classe-politique-en-2019\/","og_locale":"fr_FR","og_type":"article","og_title":"Chedly Mamoghli: \u00abUne vague d\u00e9gagiste balayera la classe politique en 2019\u00bb - Kapitalis","og_description":"Le juriste, auteur de nombreuses tribunes dans Kapitalis, estime que les \u00e9lections l\u00e9gislatives et pr\u00e9sidentielles de 2019 en Tunisie seront marqu\u00e9es par un fort mouvement de rejet de la classe politique actuelle.","og_url":"https:\/\/kapitalis.com\/tunisie\/2019\/01\/04\/chedly-mamoghli-une-vague-degagiste-balayera-la-classe-politique-en-2019\/","og_site_name":"Kapitalis","article_publisher":"https:\/\/www.facebook.com\/KapitalisInfo\/","article_published_time":"2019-01-04T09:31:09+00:00","article_modified_time":"2019-01-04T09:32:13+00:00","og_image":[{"width":1200,"height":630,"url":"https:\/\/kapitalis.com\/tunisie\/wp-content\/uploads\/2022\/05\/kapitalis-logo-fb.png","type":"image\/png"}],"author":"webmaster kapitalis","twitter_card":"summary_large_image","twitter_creator":"@KapitalisInfo","twitter_site":"@KapitalisInfo","twitter_misc":{"\u00c9crit par":"webmaster kapitalis","Dur\u00e9e de lecture estim\u00e9e":"2 minutes"},"schema":{"@context":"https:\/\/schema.org","@graph":[{"@type":"Article","@id":"https:\/\/kapitalis.com\/tunisie\/2019\/01\/04\/chedly-mamoghli-une-vague-degagiste-balayera-la-classe-politique-en-2019\/#article","isPartOf":{"@id":"https:\/\/kapitalis.com\/tunisie\/2019\/01\/04\/chedly-mamoghli-une-vague-degagiste-balayera-la-classe-politique-en-2019\/"},"author":{"name":"webmaster kapitalis","@id":"https:\/\/kapitalis.com\/tunisie\/#\/schema\/person\/d71f33a9ca44f7bad4698210b480c8e9"},"headline":"Chedly Mamoghli: \u00abUne vague d\u00e9gagiste balayera la classe politique en 2019\u00bb","datePublished":"2019-01-04T09:31:09+00:00","dateModified":"2019-01-04T09:32:13+00:00","mainEntityOfPage":{"@id":"https:\/\/kapitalis.com\/tunisie\/2019\/01\/04\/chedly-mamoghli-une-vague-degagiste-balayera-la-classe-politique-en-2019\/"},"wordCount":387,"commentCount":17,"publisher":{"@id":"https:\/\/kapitalis.com\/tunisie\/#organization"},"image":{"@id":"https:\/\/kapitalis.com\/tunisie\/2019\/01\/04\/chedly-mamoghli-une-vague-degagiste-balayera-la-classe-politique-en-2019\/#primaryimage"},"thumbnailUrl":"","keywords":["B\u00e9ji Ca\u00efd Essebsi","Hamma Hammami","Lassa\u00e2d Ya\u00e2coubi","Moncef Marzouki","Noureddine Taboubi","Slim Riahi"],"articleSection":["A LA UNE","POLITIQUE","TRIBUNE","Tunisie"],"inLanguage":"fr-FR","potentialAction":[{"@type":"CommentAction","name":"Comment","target":["https:\/\/kapitalis.com\/tunisie\/2019\/01\/04\/chedly-mamoghli-une-vague-degagiste-balayera-la-classe-politique-en-2019\/#respond"]}]},{"@type":"WebPage","@id":"https:\/\/kapitalis.com\/tunisie\/2019\/01\/04\/chedly-mamoghli-une-vague-degagiste-balayera-la-classe-politique-en-2019\/","url":"https:\/\/kapitalis.com\/tunisie\/2019\/01\/04\/chedly-mamoghli-une-vague-degagiste-balayera-la-classe-politique-en-2019\/","name":"Chedly Mamoghli: \u00abUne vague d\u00e9gagiste balayera la classe politique en 2019\u00bb - Kapitalis","isPartOf":{"@id":"https:\/\/kapitalis.com\/tunisie\/#website"},"primaryImageOfPage":{"@id":"https:\/\/kapitalis.com\/tunisie\/2019\/01\/04\/chedly-mamoghli-une-vague-degagiste-balayera-la-classe-politique-en-2019\/#primaryimage"},"image":{"@id":"https:\/\/kapitalis.com\/tunisie\/2019\/01\/04\/chedly-mamoghli-une-vague-degagiste-balayera-la-classe-politique-en-2019\/#primaryimage"},"thumbnailUrl":"","datePublished":"2019-01-04T09:31:09+00:00","dateModified":"2019-01-04T09:32:13+00:00","breadcrumb":{"@id":"https:\/\/kapitalis.com\/tunisie\/2019\/01\/04\/chedly-mamoghli-une-vague-degagiste-balayera-la-classe-politique-en-2019\/#breadcrumb"},"inLanguage":"fr-FR","potentialAction":[{"@type":"ReadAction","target":["https:\/\/kapitalis.com\/tunisie\/2019\/01\/04\/chedly-mamoghli-une-vague-degagiste-balayera-la-classe-politique-en-2019\/"]}]},{"@type":"ImageObject","inLanguage":"fr-FR","@id":"https:\/\/kapitalis.com\/tunisie\/2019\/01\/04\/chedly-mamoghli-une-vague-degagiste-balayera-la-classe-politique-en-2019\/#primaryimage","url":"","contentUrl":""},{"@type":"BreadcrumbList","@id":"https:\/\/kapitalis.com\/tunisie\/2019\/01\/04\/chedly-mamoghli-une-vague-degagiste-balayera-la-classe-politique-en-2019\/#breadcrumb","itemListElement":[{"@type":"ListItem","position":1,"name":"Accueil","item":"https:\/\/kapitalis.com\/tunisie\/"},{"@type":"ListItem","position":2,"name":"Chedly Mamoghli: \u00abUne vague d\u00e9gagiste balayera la classe politique en 2019\u00bb"}]},{"@type":"WebSite","@id":"https:\/\/kapitalis.com\/tunisie\/#website","url":"https:\/\/kapitalis.com\/tunisie\/","name":"Kapitalis","description":"L&#039;actualit\u00e9 en Tunisie et dans le monde","publisher":{"@id":"https:\/\/kapitalis.com\/tunisie\/#organization"},"potentialAction":[{"@type":"SearchAction","target":{"@type":"EntryPoint","urlTemplate":"https:\/\/kapitalis.com\/tunisie\/?s={search_term_string}"},"query-input":{"@type":"PropertyValueSpecification","valueRequired":true,"valueName":"search_term_string"}}],"inLanguage":"fr-FR"},{"@type":"Organization","@id":"https:\/\/kapitalis.com\/tunisie\/#organization","name":"Kapitalis","url":"https:\/\/kapitalis.com\/tunisie\/","logo":{"@type":"ImageObject","inLanguage":"fr-FR","@id":"https:\/\/kapitalis.com\/tunisie\/#\/schema\/logo\/image\/","url":"https:\/\/kapitalis.com\/tunisie\/wp-content\/uploads\/2022\/05\/Kapitalis-big-size.png","contentUrl":"https:\/\/kapitalis.com\/tunisie\/wp-content\/uploads\/2022\/05\/Kapitalis-big-size.png","width":5000,"height":1500,"caption":"Kapitalis"},"image":{"@id":"https:\/\/kapitalis.com\/tunisie\/#\/schema\/logo\/image\/"},"sameAs":["https:\/\/www.facebook.com\/KapitalisInfo\/","https:\/\/x.com\/KapitalisInfo","https:\/\/www.youtube.com\/channel\/UC-yDYrHyfFBWWZaOw3FPg9Q"]},{"@type":"Person","@id":"https:\/\/kapitalis.com\/tunisie\/#\/schema\/person\/d71f33a9ca44f7bad4698210b480c8e9","name":"webmaster kapitalis","url":"https:\/\/kapitalis.com\/tunisie\/author\/webmaster-kapitalis\/"}]}},"_links":{"self":[{"href":"https:\/\/kapitalis.com\/tunisie\/wp-json\/wp\/v2\/posts\/191731","targetHints":{"allow":["GET"]}}],"collection":[{"href":"https:\/\/kapitalis.com\/tunisie\/wp-json\/wp\/v2\/posts"}],"about":[{"href":"https:\/\/kapitalis.com\/tunisie\/wp-json\/wp\/v2\/types\/post"}],"author":[{"embeddable":true,"href":"https:\/\/kapitalis.com\/tunisie\/wp-json\/wp\/v2\/users\/8"}],"replies":[{"embeddable":true,"href":"https:\/\/kapitalis.com\/tunisie\/wp-json\/wp\/v2\/comments?post=191731"}],"version-history":[{"count":0,"href":"https:\/\/kapitalis.com\/tunisie\/wp-json\/wp\/v2\/posts\/191731\/revisions"}],"wp:featuredmedia":[{"embeddable":true,"href":"https:\/\/kapitalis.com\/tunisie\/wp-json\/wp\/v2\/media\/191741"}],"wp:attachment":[{"href":"https:\/\/kapitalis.com\/tunisie\/wp-json\/wp\/v2\/media?parent=191731"}],"wp:term":[{"taxonomy":"category","embeddable":true,"href":"https:\/\/kapitalis.com\/tunisie\/wp-json\/wp\/v2\/categories?post=191731"},{"taxonomy":"post_tag","embeddable":true,"href":"https:\/\/kapitalis.com\/tunisie\/wp-json\/wp\/v2\/tags?post=191731"}],"curies":[{"name":"wp","href":"https:\/\/api.w.org\/{rel}","templated":true}]}}