{"id":191857,"date":"2019-01-05T07:47:01","date_gmt":"2019-01-05T06:47:01","guid":{"rendered":"http:\/\/kapitalis.com\/tunisie\/?p=191857"},"modified":"2019-01-05T07:47:01","modified_gmt":"2019-01-05T06:47:01","slug":"monastir-est-prete-pour-accueillir-le-derby-esperance-club-africain","status":"publish","type":"post","link":"https:\/\/kapitalis.com\/tunisie\/2019\/01\/05\/monastir-est-prete-pour-accueillir-le-derby-esperance-club-africain\/","title":{"rendered":"Monastir est pr\u00eate pour accueillir le derby Esp\u00e9rance-Club africain"},"content":{"rendered":"<p style=\"text-align: center;\"><img loading=\"lazy\" decoding=\"async\" class=\"alignnone size-full wp-image-191858\" src=\"http:\/\/kapitalis.com\/tunisie\/wp-content\/uploads\/2019\/01\/Akram-Sebri.jpg\" alt=\"\" width=\"626\" height=\"380\" \/><\/p>\n<p style=\"text-align: center;\"><em>Le gouverneur Akram Sebri tranche : le match EST-CA aura bien lieu \u00e0 Monastir.\u00a0<\/em><\/p>\n<p><em><strong>Le gouverneur de Monastir, Akram Sebri, a confirm\u00e9 la tenue du derby de Tunis entre l\u2019Esp\u00e9rance sportive de Tunis (EST) et le Club africain (CA) au stade Mustapha Ben Jannet de Monastir.<\/strong> <\/em><\/p>\n<p><!--more--><\/p>\n<p>Il r\u00e9pond au <a href=\"http:\/\/kapitalis.com\/tunisie\/2019\/01\/04\/doutes-sur-la-tenue-du-derby-esperance-club-africain-a-monastir\/\" target=\"_blank\" rel=\"noopener\">Syndicat de la s\u00e9curit\u00e9 int\u00e9rieure de Monastir<\/a> qui a demand\u00e9, via un communiqu\u00e9, \u00e0 transf\u00e9rer le match en question, pr\u00e9vu demain dimanche 6 janvier 2019, dans un autre stade, par peur des incidents. Le syndicat a jug\u00e9 tr\u00e8s difficile la s\u00e9curisation de ce match.<\/p>\n<p><em>\u00abLe derby aura bien lieu \u00e0 Monastir et on va ensemble le r\u00e9ussir\u00bb<\/em>, a affirm\u00e9 le gouverneur de Monastir. <em>\u00abLe syndicat ne peut pas d\u00e9cider d\u2019assurer ou non la s\u00e9curit\u00e9 du match. Cette d\u00e9cision est du ressort du minist\u00e8re de l&rsquo;Int\u00e9rieur, qui a convenu de s\u00e9curiser le derby apr\u00e8s des s\u00e9ances de coordination avec la F\u00e9d\u00e9ration tunisienne de football\u00bb<\/em>, a d\u00e9clar\u00e9 le gouverneur.<\/p>\n<p><em>\u00abCe qui est indiqu\u00e9 dans la d\u00e9claration du syndicat est un avis non contraignant pour les forces de s\u00e9curit\u00e9, qui respectent les d\u00e9cisions souveraines du minist\u00e8re de l&rsquo;Int\u00e9rieur. Et Contrairement \u00e0 ce qui est indiqu\u00e9 dans la d\u00e9claration du syndicat, les supporteurs locaux ne se mobilisent pas pour emp\u00eacher le derby\u00bb<\/em>, ajoute le premier responsable de la r\u00e9gion.<\/p>\n<p>Les dirigeants de l&rsquo;Union sportive monastirienne (USMo) ont salu\u00e9, dans une d\u00e9claration publi\u00e9e hier, vendredi 4 janvier, la tenue du derby pour la premi\u00e8re fois de l\u2019histoire \u00e0 Monastir. Le club monastirien a \u00e9crit \u00e0 l\u2019EST et au CA pour confirmer qu\u2019il mettait tous ses moyens \u00e0 leur disposition, afin de r\u00e9ussir <em>\u00abun \u00e9v\u00e9nement sportif de premier plan\u00bb<\/em> pour la ville de Monastir.<\/p>\n<p style=\"text-align: right;\"><strong>H. M.<\/strong><\/p>\n<blockquote class=\"wp-embedded-content\" data-secret=\"3oHpDU5n6g\"><p><a href=\"https:\/\/kapitalis.com\/tunisie\/2019\/01\/04\/esperance-rehabilite-ghailen-chaalali-reprend-avec-le-groupe-a\/\">Esp\u00e9rance : R\u00e9habilit\u00e9, Ghailen Chaalali reprend avec le groupe A<\/a><\/p><\/blockquote>\n<p><iframe loading=\"lazy\" class=\"wp-embedded-content\" sandbox=\"allow-scripts\" security=\"restricted\" style=\"position: absolute; clip: rect(1px, 1px, 1px, 1px);\" title=\"\u00ab\u00a0Esp\u00e9rance : R\u00e9habilit\u00e9, Ghailen Chaalali reprend avec le groupe A\u00a0\u00bb &#8212; Kapitalis\" src=\"https:\/\/kapitalis.com\/tunisie\/2019\/01\/04\/esperance-rehabilite-ghailen-chaalali-reprend-avec-le-groupe-a\/embed\/#?secret=voYplFc3ln#?secret=3oHpDU5n6g\" data-secret=\"3oHpDU5n6g\" width=\"600\" height=\"338\" frameborder=\"0\" marginwidth=\"0\" marginheight=\"0\" scrolling=\"no\"><\/iframe><\/p>\n<blockquote class=\"wp-embedded-content\" data-secret=\"fLOecIaliL\"><p><a href=\"https:\/\/kapitalis.com\/tunisie\/2019\/01\/04\/le-casse-tete-du-derby-esperance-club-africain-se-poursuit\/\">Le casse-t\u00eate du derby Esp\u00e9rance-Club africain se poursuit<\/a><\/p><\/blockquote>\n<p><iframe loading=\"lazy\" class=\"wp-embedded-content\" sandbox=\"allow-scripts\" security=\"restricted\" style=\"position: absolute; clip: rect(1px, 1px, 1px, 1px);\" title=\"\u00ab\u00a0Le casse-t\u00eate du derby Esp\u00e9rance-Club africain se poursuit\u00a0\u00bb &#8212; Kapitalis\" src=\"https:\/\/kapitalis.com\/tunisie\/2019\/01\/04\/le-casse-tete-du-derby-esperance-club-africain-se-poursuit\/embed\/#?secret=z1tg8hNLlS#?secret=fLOecIaliL\" data-secret=\"fLOecIaliL\" width=\"600\" height=\"338\" frameborder=\"0\" marginwidth=\"0\" marginheight=\"0\" scrolling=\"no\"><\/iframe><\/p>\n","protected":false},"excerpt":{"rendered":"<p>Le gouverneur Akram Sebri tranche : le match EST-CA aura bien lieu \u00e0 Monastir.\u00a0 Le gouverneur de Monastir, Akram Sebri, a confirm\u00e9 la tenue du derby de Tunis entre l\u2019Esp\u00e9rance sportive de Tunis (EST) et le Club africain (CA) au stade Mustapha Ben Jannet de Monastir.<\/p>\n","protected":false},"author":8,"featured_media":0,"comment_status":"open","ping_status":"open","sticky":false,"template":"","format":"standard","meta":{"footnotes":""},"categories":[999,2433],"tags":[35165,211,3261,633,54355,31615],"class_list":["post-191857","post","type-post","status-publish","format-standard","hentry","category-sport","category-tunisie","tag-akram-sebri","tag-club-africain","tag-esperance-sportive-de-tunis","tag-monastir","tag-stade-mustapha-ben-jannet","tag-union-sportive-monastirienne"],"yoast_head":"<!-- This site is optimized with the Yoast SEO plugin v26.6 - https:\/\/yoast.com\/wordpress\/plugins\/seo\/ -->\n<title>Monastir est pr\u00eate pour accueillir le derby Esp\u00e9rance-Club africain - Kapitalis<\/title>\n<meta name=\"robots\" content=\"index, follow, max-snippet:-1, max-image-preview:large, max-video-preview:-1\" \/>\n<link rel=\"canonical\" href=\"https:\/\/kapitalis.com\/tunisie\/2019\/01\/05\/monastir-est-prete-pour-accueillir-le-derby-esperance-club-africain\/\" \/>\n<meta property=\"og:locale\" content=\"fr_FR\" \/>\n<meta property=\"og:type\" content=\"article\" \/>\n<meta property=\"og:title\" content=\"Monastir est pr\u00eate pour accueillir le derby Esp\u00e9rance-Club africain - Kapitalis\" \/>\n<meta property=\"og:description\" content=\"Le gouverneur Akram Sebri tranche : le match EST-CA aura bien lieu \u00e0 Monastir.\u00a0 Le gouverneur de Monastir, Akram Sebri, a confirm\u00e9 la tenue du derby de Tunis entre l\u2019Esp\u00e9rance sportive de Tunis (EST) et le Club africain (CA) au stade Mustapha Ben Jannet de Monastir.\" \/>\n<meta property=\"og:url\" content=\"https:\/\/kapitalis.com\/tunisie\/2019\/01\/05\/monastir-est-prete-pour-accueillir-le-derby-esperance-club-africain\/\" \/>\n<meta property=\"og:site_name\" content=\"Kapitalis\" \/>\n<meta property=\"article:publisher\" content=\"https:\/\/www.facebook.com\/KapitalisInfo\/\" \/>\n<meta property=\"article:published_time\" content=\"2019-01-05T06:47:01+00:00\" \/>\n<meta property=\"og:image\" content=\"http:\/\/kapitalis.com\/tunisie\/wp-content\/uploads\/2019\/01\/Akram-Sebri.jpg\" \/>\n<meta name=\"author\" content=\"webmaster kapitalis\" \/>\n<meta name=\"twitter:card\" content=\"summary_large_image\" \/>\n<meta name=\"twitter:creator\" content=\"@KapitalisInfo\" \/>\n<meta name=\"twitter:site\" content=\"@KapitalisInfo\" \/>\n<meta name=\"twitter:label1\" content=\"\u00c9crit par\" \/>\n\t<meta name=\"twitter:data1\" content=\"webmaster kapitalis\" \/>\n\t<meta name=\"twitter:label2\" content=\"Dur\u00e9e de lecture estim\u00e9e\" \/>\n\t<meta name=\"twitter:data2\" content=\"2 minutes\" \/>\n<script type=\"application\/ld+json\" class=\"yoast-schema-graph\">{\"@context\":\"https:\/\/schema.org\",\"@graph\":[{\"@type\":\"Article\",\"@id\":\"https:\/\/kapitalis.com\/tunisie\/2019\/01\/05\/monastir-est-prete-pour-accueillir-le-derby-esperance-club-africain\/#article\",\"isPartOf\":{\"@id\":\"https:\/\/kapitalis.com\/tunisie\/2019\/01\/05\/monastir-est-prete-pour-accueillir-le-derby-esperance-club-africain\/\"},\"author\":{\"name\":\"webmaster kapitalis\",\"@id\":\"https:\/\/kapitalis.com\/tunisie\/#\/schema\/person\/d71f33a9ca44f7bad4698210b480c8e9\"},\"headline\":\"Monastir est pr\u00eate pour accueillir le derby Esp\u00e9rance-Club africain\",\"datePublished\":\"2019-01-05T06:47:01+00:00\",\"mainEntityOfPage\":{\"@id\":\"https:\/\/kapitalis.com\/tunisie\/2019\/01\/05\/monastir-est-prete-pour-accueillir-le-derby-esperance-club-africain\/\"},\"wordCount\":327,\"commentCount\":0,\"publisher\":{\"@id\":\"https:\/\/kapitalis.com\/tunisie\/#organization\"},\"image\":{\"@id\":\"https:\/\/kapitalis.com\/tunisie\/2019\/01\/05\/monastir-est-prete-pour-accueillir-le-derby-esperance-club-africain\/#primaryimage\"},\"thumbnailUrl\":\"http:\/\/kapitalis.com\/tunisie\/wp-content\/uploads\/2019\/01\/Akram-Sebri.jpg\",\"keywords\":[\"Akram Sebri\",\"Club Africain\",\"Esp\u00e9rance sportive de Tunis\",\"Monastir\",\"stade Mustapha Ben Jannet\",\"Union sportive monastirienne\"],\"articleSection\":[\"SPORT\",\"Tunisie\"],\"inLanguage\":\"fr-FR\",\"potentialAction\":[{\"@type\":\"CommentAction\",\"name\":\"Comment\",\"target\":[\"https:\/\/kapitalis.com\/tunisie\/2019\/01\/05\/monastir-est-prete-pour-accueillir-le-derby-esperance-club-africain\/#respond\"]}]},{\"@type\":\"WebPage\",\"@id\":\"https:\/\/kapitalis.com\/tunisie\/2019\/01\/05\/monastir-est-prete-pour-accueillir-le-derby-esperance-club-africain\/\",\"url\":\"https:\/\/kapitalis.com\/tunisie\/2019\/01\/05\/monastir-est-prete-pour-accueillir-le-derby-esperance-club-africain\/\",\"name\":\"Monastir est pr\u00eate pour accueillir le derby Esp\u00e9rance-Club africain - Kapitalis\",\"isPartOf\":{\"@id\":\"https:\/\/kapitalis.com\/tunisie\/#website\"},\"primaryImageOfPage\":{\"@id\":\"https:\/\/kapitalis.com\/tunisie\/2019\/01\/05\/monastir-est-prete-pour-accueillir-le-derby-esperance-club-africain\/#primaryimage\"},\"image\":{\"@id\":\"https:\/\/kapitalis.com\/tunisie\/2019\/01\/05\/monastir-est-prete-pour-accueillir-le-derby-esperance-club-africain\/#primaryimage\"},\"thumbnailUrl\":\"http:\/\/kapitalis.com\/tunisie\/wp-content\/uploads\/2019\/01\/Akram-Sebri.jpg\",\"datePublished\":\"2019-01-05T06:47:01+00:00\",\"breadcrumb\":{\"@id\":\"https:\/\/kapitalis.com\/tunisie\/2019\/01\/05\/monastir-est-prete-pour-accueillir-le-derby-esperance-club-africain\/#breadcrumb\"},\"inLanguage\":\"fr-FR\",\"potentialAction\":[{\"@type\":\"ReadAction\",\"target\":[\"https:\/\/kapitalis.com\/tunisie\/2019\/01\/05\/monastir-est-prete-pour-accueillir-le-derby-esperance-club-africain\/\"]}]},{\"@type\":\"ImageObject\",\"inLanguage\":\"fr-FR\",\"@id\":\"https:\/\/kapitalis.com\/tunisie\/2019\/01\/05\/monastir-est-prete-pour-accueillir-le-derby-esperance-club-africain\/#primaryimage\",\"url\":\"http:\/\/kapitalis.com\/tunisie\/wp-content\/uploads\/2019\/01\/Akram-Sebri.jpg\",\"contentUrl\":\"http:\/\/kapitalis.com\/tunisie\/wp-content\/uploads\/2019\/01\/Akram-Sebri.jpg\"},{\"@type\":\"BreadcrumbList\",\"@id\":\"https:\/\/kapitalis.com\/tunisie\/2019\/01\/05\/monastir-est-prete-pour-accueillir-le-derby-esperance-club-africain\/#breadcrumb\",\"itemListElement\":[{\"@type\":\"ListItem\",\"position\":1,\"name\":\"Accueil\",\"item\":\"https:\/\/kapitalis.com\/tunisie\/\"},{\"@type\":\"ListItem\",\"position\":2,\"name\":\"Monastir est pr\u00eate pour accueillir le derby Esp\u00e9rance-Club africain\"}]},{\"@type\":\"WebSite\",\"@id\":\"https:\/\/kapitalis.com\/tunisie\/#website\",\"url\":\"https:\/\/kapitalis.com\/tunisie\/\",\"name\":\"Kapitalis\",\"description\":\"L&#039;actualit\u00e9 en Tunisie et dans le monde\",\"publisher\":{\"@id\":\"https:\/\/kapitalis.com\/tunisie\/#organization\"},\"potentialAction\":[{\"@type\":\"SearchAction\",\"target\":{\"@type\":\"EntryPoint\",\"urlTemplate\":\"https:\/\/kapitalis.com\/tunisie\/?s={search_term_string}\"},\"query-input\":{\"@type\":\"PropertyValueSpecification\",\"valueRequired\":true,\"valueName\":\"search_term_string\"}}],\"inLanguage\":\"fr-FR\"},{\"@type\":\"Organization\",\"@id\":\"https:\/\/kapitalis.com\/tunisie\/#organization\",\"name\":\"Kapitalis\",\"url\":\"https:\/\/kapitalis.com\/tunisie\/\",\"logo\":{\"@type\":\"ImageObject\",\"inLanguage\":\"fr-FR\",\"@id\":\"https:\/\/kapitalis.com\/tunisie\/#\/schema\/logo\/image\/\",\"url\":\"https:\/\/kapitalis.com\/tunisie\/wp-content\/uploads\/2022\/05\/Kapitalis-big-size.png\",\"contentUrl\":\"https:\/\/kapitalis.com\/tunisie\/wp-content\/uploads\/2022\/05\/Kapitalis-big-size.png\",\"width\":5000,\"height\":1500,\"caption\":\"Kapitalis\"},\"image\":{\"@id\":\"https:\/\/kapitalis.com\/tunisie\/#\/schema\/logo\/image\/\"},\"sameAs\":[\"https:\/\/www.facebook.com\/KapitalisInfo\/\",\"https:\/\/x.com\/KapitalisInfo\",\"https:\/\/www.youtube.com\/channel\/UC-yDYrHyfFBWWZaOw3FPg9Q\"]},{\"@type\":\"Person\",\"@id\":\"https:\/\/kapitalis.com\/tunisie\/#\/schema\/person\/d71f33a9ca44f7bad4698210b480c8e9\",\"name\":\"webmaster kapitalis\",\"url\":\"https:\/\/kapitalis.com\/tunisie\/author\/webmaster-kapitalis\/\"}]}<\/script>\n<!-- \/ Yoast SEO plugin. -->","yoast_head_json":{"title":"Monastir est pr\u00eate pour accueillir le derby Esp\u00e9rance-Club africain - Kapitalis","robots":{"index":"index","follow":"follow","max-snippet":"max-snippet:-1","max-image-preview":"max-image-preview:large","max-video-preview":"max-video-preview:-1"},"canonical":"https:\/\/kapitalis.com\/tunisie\/2019\/01\/05\/monastir-est-prete-pour-accueillir-le-derby-esperance-club-africain\/","og_locale":"fr_FR","og_type":"article","og_title":"Monastir est pr\u00eate pour accueillir le derby Esp\u00e9rance-Club africain - Kapitalis","og_description":"Le gouverneur Akram Sebri tranche : le match EST-CA aura bien lieu \u00e0 Monastir.\u00a0 Le gouverneur de Monastir, Akram Sebri, a confirm\u00e9 la tenue du derby de Tunis entre l\u2019Esp\u00e9rance sportive de Tunis (EST) et le Club africain (CA) au stade Mustapha Ben Jannet de Monastir.","og_url":"https:\/\/kapitalis.com\/tunisie\/2019\/01\/05\/monastir-est-prete-pour-accueillir-le-derby-esperance-club-africain\/","og_site_name":"Kapitalis","article_publisher":"https:\/\/www.facebook.com\/KapitalisInfo\/","article_published_time":"2019-01-05T06:47:01+00:00","og_image":[{"url":"http:\/\/kapitalis.com\/tunisie\/wp-content\/uploads\/2019\/01\/Akram-Sebri.jpg","type":"","width":"","height":""}],"author":"webmaster kapitalis","twitter_card":"summary_large_image","twitter_creator":"@KapitalisInfo","twitter_site":"@KapitalisInfo","twitter_misc":{"\u00c9crit par":"webmaster kapitalis","Dur\u00e9e de lecture estim\u00e9e":"2 minutes"},"schema":{"@context":"https:\/\/schema.org","@graph":[{"@type":"Article","@id":"https:\/\/kapitalis.com\/tunisie\/2019\/01\/05\/monastir-est-prete-pour-accueillir-le-derby-esperance-club-africain\/#article","isPartOf":{"@id":"https:\/\/kapitalis.com\/tunisie\/2019\/01\/05\/monastir-est-prete-pour-accueillir-le-derby-esperance-club-africain\/"},"author":{"name":"webmaster kapitalis","@id":"https:\/\/kapitalis.com\/tunisie\/#\/schema\/person\/d71f33a9ca44f7bad4698210b480c8e9"},"headline":"Monastir est pr\u00eate pour accueillir le derby Esp\u00e9rance-Club africain","datePublished":"2019-01-05T06:47:01+00:00","mainEntityOfPage":{"@id":"https:\/\/kapitalis.com\/tunisie\/2019\/01\/05\/monastir-est-prete-pour-accueillir-le-derby-esperance-club-africain\/"},"wordCount":327,"commentCount":0,"publisher":{"@id":"https:\/\/kapitalis.com\/tunisie\/#organization"},"image":{"@id":"https:\/\/kapitalis.com\/tunisie\/2019\/01\/05\/monastir-est-prete-pour-accueillir-le-derby-esperance-club-africain\/#primaryimage"},"thumbnailUrl":"http:\/\/kapitalis.com\/tunisie\/wp-content\/uploads\/2019\/01\/Akram-Sebri.jpg","keywords":["Akram Sebri","Club Africain","Esp\u00e9rance sportive de Tunis","Monastir","stade Mustapha Ben Jannet","Union sportive monastirienne"],"articleSection":["SPORT","Tunisie"],"inLanguage":"fr-FR","potentialAction":[{"@type":"CommentAction","name":"Comment","target":["https:\/\/kapitalis.com\/tunisie\/2019\/01\/05\/monastir-est-prete-pour-accueillir-le-derby-esperance-club-africain\/#respond"]}]},{"@type":"WebPage","@id":"https:\/\/kapitalis.com\/tunisie\/2019\/01\/05\/monastir-est-prete-pour-accueillir-le-derby-esperance-club-africain\/","url":"https:\/\/kapitalis.com\/tunisie\/2019\/01\/05\/monastir-est-prete-pour-accueillir-le-derby-esperance-club-africain\/","name":"Monastir est pr\u00eate pour accueillir le derby Esp\u00e9rance-Club africain - Kapitalis","isPartOf":{"@id":"https:\/\/kapitalis.com\/tunisie\/#website"},"primaryImageOfPage":{"@id":"https:\/\/kapitalis.com\/tunisie\/2019\/01\/05\/monastir-est-prete-pour-accueillir-le-derby-esperance-club-africain\/#primaryimage"},"image":{"@id":"https:\/\/kapitalis.com\/tunisie\/2019\/01\/05\/monastir-est-prete-pour-accueillir-le-derby-esperance-club-africain\/#primaryimage"},"thumbnailUrl":"http:\/\/kapitalis.com\/tunisie\/wp-content\/uploads\/2019\/01\/Akram-Sebri.jpg","datePublished":"2019-01-05T06:47:01+00:00","breadcrumb":{"@id":"https:\/\/kapitalis.com\/tunisie\/2019\/01\/05\/monastir-est-prete-pour-accueillir-le-derby-esperance-club-africain\/#breadcrumb"},"inLanguage":"fr-FR","potentialAction":[{"@type":"ReadAction","target":["https:\/\/kapitalis.com\/tunisie\/2019\/01\/05\/monastir-est-prete-pour-accueillir-le-derby-esperance-club-africain\/"]}]},{"@type":"ImageObject","inLanguage":"fr-FR","@id":"https:\/\/kapitalis.com\/tunisie\/2019\/01\/05\/monastir-est-prete-pour-accueillir-le-derby-esperance-club-africain\/#primaryimage","url":"http:\/\/kapitalis.com\/tunisie\/wp-content\/uploads\/2019\/01\/Akram-Sebri.jpg","contentUrl":"http:\/\/kapitalis.com\/tunisie\/wp-content\/uploads\/2019\/01\/Akram-Sebri.jpg"},{"@type":"BreadcrumbList","@id":"https:\/\/kapitalis.com\/tunisie\/2019\/01\/05\/monastir-est-prete-pour-accueillir-le-derby-esperance-club-africain\/#breadcrumb","itemListElement":[{"@type":"ListItem","position":1,"name":"Accueil","item":"https:\/\/kapitalis.com\/tunisie\/"},{"@type":"ListItem","position":2,"name":"Monastir est pr\u00eate pour accueillir le derby Esp\u00e9rance-Club africain"}]},{"@type":"WebSite","@id":"https:\/\/kapitalis.com\/tunisie\/#website","url":"https:\/\/kapitalis.com\/tunisie\/","name":"Kapitalis","description":"L&#039;actualit\u00e9 en Tunisie et dans le monde","publisher":{"@id":"https:\/\/kapitalis.com\/tunisie\/#organization"},"potentialAction":[{"@type":"SearchAction","target":{"@type":"EntryPoint","urlTemplate":"https:\/\/kapitalis.com\/tunisie\/?s={search_term_string}"},"query-input":{"@type":"PropertyValueSpecification","valueRequired":true,"valueName":"search_term_string"}}],"inLanguage":"fr-FR"},{"@type":"Organization","@id":"https:\/\/kapitalis.com\/tunisie\/#organization","name":"Kapitalis","url":"https:\/\/kapitalis.com\/tunisie\/","logo":{"@type":"ImageObject","inLanguage":"fr-FR","@id":"https:\/\/kapitalis.com\/tunisie\/#\/schema\/logo\/image\/","url":"https:\/\/kapitalis.com\/tunisie\/wp-content\/uploads\/2022\/05\/Kapitalis-big-size.png","contentUrl":"https:\/\/kapitalis.com\/tunisie\/wp-content\/uploads\/2022\/05\/Kapitalis-big-size.png","width":5000,"height":1500,"caption":"Kapitalis"},"image":{"@id":"https:\/\/kapitalis.com\/tunisie\/#\/schema\/logo\/image\/"},"sameAs":["https:\/\/www.facebook.com\/KapitalisInfo\/","https:\/\/x.com\/KapitalisInfo","https:\/\/www.youtube.com\/channel\/UC-yDYrHyfFBWWZaOw3FPg9Q"]},{"@type":"Person","@id":"https:\/\/kapitalis.com\/tunisie\/#\/schema\/person\/d71f33a9ca44f7bad4698210b480c8e9","name":"webmaster kapitalis","url":"https:\/\/kapitalis.com\/tunisie\/author\/webmaster-kapitalis\/"}]}},"_links":{"self":[{"href":"https:\/\/kapitalis.com\/tunisie\/wp-json\/wp\/v2\/posts\/191857","targetHints":{"allow":["GET"]}}],"collection":[{"href":"https:\/\/kapitalis.com\/tunisie\/wp-json\/wp\/v2\/posts"}],"about":[{"href":"https:\/\/kapitalis.com\/tunisie\/wp-json\/wp\/v2\/types\/post"}],"author":[{"embeddable":true,"href":"https:\/\/kapitalis.com\/tunisie\/wp-json\/wp\/v2\/users\/8"}],"replies":[{"embeddable":true,"href":"https:\/\/kapitalis.com\/tunisie\/wp-json\/wp\/v2\/comments?post=191857"}],"version-history":[{"count":0,"href":"https:\/\/kapitalis.com\/tunisie\/wp-json\/wp\/v2\/posts\/191857\/revisions"}],"wp:attachment":[{"href":"https:\/\/kapitalis.com\/tunisie\/wp-json\/wp\/v2\/media?parent=191857"}],"wp:term":[{"taxonomy":"category","embeddable":true,"href":"https:\/\/kapitalis.com\/tunisie\/wp-json\/wp\/v2\/categories?post=191857"},{"taxonomy":"post_tag","embeddable":true,"href":"https:\/\/kapitalis.com\/tunisie\/wp-json\/wp\/v2\/tags?post=191857"}],"curies":[{"name":"wp","href":"https:\/\/api.w.org\/{rel}","templated":true}]}}