{"id":192565,"date":"2019-01-10T13:47:08","date_gmt":"2019-01-10T12:47:08","guid":{"rendered":"http:\/\/kapitalis.com\/tunisie\/?p=192565"},"modified":"2019-01-10T13:47:08","modified_gmt":"2019-01-10T12:47:08","slug":"ligue-des-champions-le-club-africain-affaibli-en-attaque","status":"publish","type":"post","link":"https:\/\/kapitalis.com\/tunisie\/2019\/01\/10\/ligue-des-champions-le-club-africain-affaibli-en-attaque\/","title":{"rendered":"Ligue des champions : Le Club africain affaibli en attaque"},"content":{"rendered":"<p style=\"text-align: center;\"><img loading=\"lazy\" decoding=\"async\" class=\"alignnone size-full wp-image-188255\" src=\"http:\/\/kapitalis.com\/tunisie\/wp-content\/uploads\/2018\/12\/Club-africain-1.jpg\" alt=\"\" width=\"626\" height=\"380\" \/><\/p>\n<p><em><strong>Le Club africain (CA) sera priv\u00e9 des services de deux acteurs cl\u00e9s face au Club sportif constantinois (CSC), ce vendredi 11 janvier 2019, au stade de Sousse, pour le premier tour du groupe C de la Ligue africaine des champions.<\/strong><\/em><\/p>\n<p><!--more--><\/p>\n<p>Le CA affrontera le club alg\u00e9rien, sans le demi Ghazi Ayadi et l\u2019ailier Manoubi Haddad, suspendus pour avoir ramass\u00e9 leur second avertissement suspensif contre Al Hilal au tour pr\u00e9c\u00e9dent.<\/p>\n<p>Un casse-t\u00eate pour l\u2019entra\u00eeneur Chiheb Ellili, notamment en l\u2019absence de Manoubi Haddad, un \u00e9l\u00e9ment stabilisateur et un animateur de choix en attaque.<\/p>\n<p>Le forfait de ce dernier va encore affaiblir le secteur offensif en l\u2019absence des attaquants Bilel Khefifi et Bassirou Compaor\u00e9, tous les deux bless\u00e9s.<\/p>\n<p style=\"text-align: right;\"><strong>H. M.<\/strong><\/p>\n<blockquote class=\"wp-embedded-content\" data-secret=\"tC2wkkY5qz\"><p><a href=\"https:\/\/kapitalis.com\/tunisie\/2019\/01\/09\/club-africain-pas-de-solution-a-lhorizon-pour-les-sanctions-de-la-fifa\/\">Club africain : Pas de solution \u00e0 l\u2019horizon pour les sanctions de la Fifa<\/a><\/p><\/blockquote>\n<p><iframe loading=\"lazy\" class=\"wp-embedded-content\" sandbox=\"allow-scripts\" security=\"restricted\" style=\"position: absolute; clip: rect(1px, 1px, 1px, 1px);\" title=\"\u00ab\u00a0Club africain : Pas de solution \u00e0 l\u2019horizon pour les sanctions de la Fifa\u00a0\u00bb &#8212; Kapitalis\" src=\"https:\/\/kapitalis.com\/tunisie\/2019\/01\/09\/club-africain-pas-de-solution-a-lhorizon-pour-les-sanctions-de-la-fifa\/embed\/#?secret=XRIonKW2zQ#?secret=tC2wkkY5qz\" data-secret=\"tC2wkkY5qz\" width=\"600\" height=\"338\" frameborder=\"0\" marginwidth=\"0\" marginheight=\"0\" scrolling=\"no\"><\/iframe><\/p>\n<blockquote class=\"wp-embedded-content\" data-secret=\"PrMMMtqljd\"><p><a href=\"https:\/\/kapitalis.com\/tunisie\/2019\/01\/07\/ligue-des-champions-club-africain-cs-constantine-sera-joue-a-sousse\/\">Ligue des champions : Club africain-CS Constantine sera jou\u00e9 \u00e0 Sousse<\/a><\/p><\/blockquote>\n<p><iframe loading=\"lazy\" class=\"wp-embedded-content\" sandbox=\"allow-scripts\" security=\"restricted\" style=\"position: absolute; clip: rect(1px, 1px, 1px, 1px);\" title=\"\u00ab\u00a0Ligue des champions : Club africain-CS Constantine sera jou\u00e9 \u00e0 Sousse\u00a0\u00bb &#8212; Kapitalis\" src=\"https:\/\/kapitalis.com\/tunisie\/2019\/01\/07\/ligue-des-champions-club-africain-cs-constantine-sera-joue-a-sousse\/embed\/#?secret=ebBJTm6CMM#?secret=PrMMMtqljd\" data-secret=\"PrMMMtqljd\" width=\"600\" height=\"338\" frameborder=\"0\" marginwidth=\"0\" marginheight=\"0\" scrolling=\"no\"><\/iframe><\/p>\n","protected":false},"excerpt":{"rendered":"<p>Le Club africain (CA) sera priv\u00e9 des services de deux acteurs cl\u00e9s face au Club sportif constantinois (CSC), ce vendredi 11 janvier 2019, au stade de Sousse, pour le premier tour du groupe C de la Ligue africaine des champions.<\/p>\n","protected":false},"author":8,"featured_media":0,"comment_status":"open","ping_status":"open","sticky":false,"template":"","format":"standard","meta":{"footnotes":""},"categories":[999,2433],"tags":[40269,23182,211,39907,36843],"class_list":["post-192565","post","type-post","status-publish","format-standard","hentry","category-sport","category-tunisie","tag-bilel-khefifi","tag-chiheb-ellili","tag-club-africain","tag-ghazi-ayadi","tag-manoubi-haddad"],"yoast_head":"<!-- This site is optimized with the Yoast SEO plugin v26.6 - https:\/\/yoast.com\/wordpress\/plugins\/seo\/ -->\n<title>Ligue des champions : Le Club africain affaibli en attaque - Kapitalis<\/title>\n<meta name=\"robots\" content=\"index, follow, max-snippet:-1, max-image-preview:large, max-video-preview:-1\" \/>\n<link rel=\"canonical\" href=\"https:\/\/kapitalis.com\/tunisie\/2019\/01\/10\/ligue-des-champions-le-club-africain-affaibli-en-attaque\/\" \/>\n<meta property=\"og:locale\" content=\"fr_FR\" \/>\n<meta property=\"og:type\" content=\"article\" \/>\n<meta property=\"og:title\" content=\"Ligue des champions : Le Club africain affaibli en attaque - Kapitalis\" \/>\n<meta property=\"og:description\" content=\"Le Club africain (CA) sera priv\u00e9 des services de deux acteurs cl\u00e9s face au Club sportif constantinois (CSC), ce vendredi 11 janvier 2019, au stade de Sousse, pour le premier tour du groupe C de la Ligue africaine des champions.\" \/>\n<meta property=\"og:url\" content=\"https:\/\/kapitalis.com\/tunisie\/2019\/01\/10\/ligue-des-champions-le-club-africain-affaibli-en-attaque\/\" \/>\n<meta property=\"og:site_name\" content=\"Kapitalis\" \/>\n<meta property=\"article:publisher\" content=\"https:\/\/www.facebook.com\/KapitalisInfo\/\" \/>\n<meta property=\"article:published_time\" content=\"2019-01-10T12:47:08+00:00\" \/>\n<meta property=\"og:image\" content=\"http:\/\/kapitalis.com\/tunisie\/wp-content\/uploads\/2018\/12\/Club-africain-1.jpg\" \/>\n<meta name=\"author\" content=\"webmaster kapitalis\" \/>\n<meta name=\"twitter:card\" content=\"summary_large_image\" \/>\n<meta name=\"twitter:creator\" content=\"@KapitalisInfo\" \/>\n<meta name=\"twitter:site\" content=\"@KapitalisInfo\" \/>\n<meta name=\"twitter:label1\" content=\"\u00c9crit par\" \/>\n\t<meta name=\"twitter:data1\" content=\"webmaster kapitalis\" \/>\n\t<meta name=\"twitter:label2\" content=\"Dur\u00e9e de lecture estim\u00e9e\" \/>\n\t<meta name=\"twitter:data2\" content=\"1 minute\" \/>\n<script type=\"application\/ld+json\" class=\"yoast-schema-graph\">{\"@context\":\"https:\/\/schema.org\",\"@graph\":[{\"@type\":\"Article\",\"@id\":\"https:\/\/kapitalis.com\/tunisie\/2019\/01\/10\/ligue-des-champions-le-club-africain-affaibli-en-attaque\/#article\",\"isPartOf\":{\"@id\":\"https:\/\/kapitalis.com\/tunisie\/2019\/01\/10\/ligue-des-champions-le-club-africain-affaibli-en-attaque\/\"},\"author\":{\"name\":\"webmaster kapitalis\",\"@id\":\"https:\/\/kapitalis.com\/tunisie\/#\/schema\/person\/d71f33a9ca44f7bad4698210b480c8e9\"},\"headline\":\"Ligue des champions : Le Club africain affaibli en attaque\",\"datePublished\":\"2019-01-10T12:47:08+00:00\",\"mainEntityOfPage\":{\"@id\":\"https:\/\/kapitalis.com\/tunisie\/2019\/01\/10\/ligue-des-champions-le-club-africain-affaibli-en-attaque\/\"},\"wordCount\":146,\"commentCount\":0,\"publisher\":{\"@id\":\"https:\/\/kapitalis.com\/tunisie\/#organization\"},\"image\":{\"@id\":\"https:\/\/kapitalis.com\/tunisie\/2019\/01\/10\/ligue-des-champions-le-club-africain-affaibli-en-attaque\/#primaryimage\"},\"thumbnailUrl\":\"http:\/\/kapitalis.com\/tunisie\/wp-content\/uploads\/2018\/12\/Club-africain-1.jpg\",\"keywords\":[\"Bilel Khefifi\",\"Chiheb Ellili\",\"Club Africain\",\"Ghazi Ayadi\",\"Manoubi Haddad\"],\"articleSection\":[\"SPORT\",\"Tunisie\"],\"inLanguage\":\"fr-FR\",\"potentialAction\":[{\"@type\":\"CommentAction\",\"name\":\"Comment\",\"target\":[\"https:\/\/kapitalis.com\/tunisie\/2019\/01\/10\/ligue-des-champions-le-club-africain-affaibli-en-attaque\/#respond\"]}]},{\"@type\":\"WebPage\",\"@id\":\"https:\/\/kapitalis.com\/tunisie\/2019\/01\/10\/ligue-des-champions-le-club-africain-affaibli-en-attaque\/\",\"url\":\"https:\/\/kapitalis.com\/tunisie\/2019\/01\/10\/ligue-des-champions-le-club-africain-affaibli-en-attaque\/\",\"name\":\"Ligue des champions : Le Club africain affaibli en attaque - Kapitalis\",\"isPartOf\":{\"@id\":\"https:\/\/kapitalis.com\/tunisie\/#website\"},\"primaryImageOfPage\":{\"@id\":\"https:\/\/kapitalis.com\/tunisie\/2019\/01\/10\/ligue-des-champions-le-club-africain-affaibli-en-attaque\/#primaryimage\"},\"image\":{\"@id\":\"https:\/\/kapitalis.com\/tunisie\/2019\/01\/10\/ligue-des-champions-le-club-africain-affaibli-en-attaque\/#primaryimage\"},\"thumbnailUrl\":\"http:\/\/kapitalis.com\/tunisie\/wp-content\/uploads\/2018\/12\/Club-africain-1.jpg\",\"datePublished\":\"2019-01-10T12:47:08+00:00\",\"breadcrumb\":{\"@id\":\"https:\/\/kapitalis.com\/tunisie\/2019\/01\/10\/ligue-des-champions-le-club-africain-affaibli-en-attaque\/#breadcrumb\"},\"inLanguage\":\"fr-FR\",\"potentialAction\":[{\"@type\":\"ReadAction\",\"target\":[\"https:\/\/kapitalis.com\/tunisie\/2019\/01\/10\/ligue-des-champions-le-club-africain-affaibli-en-attaque\/\"]}]},{\"@type\":\"ImageObject\",\"inLanguage\":\"fr-FR\",\"@id\":\"https:\/\/kapitalis.com\/tunisie\/2019\/01\/10\/ligue-des-champions-le-club-africain-affaibli-en-attaque\/#primaryimage\",\"url\":\"http:\/\/kapitalis.com\/tunisie\/wp-content\/uploads\/2018\/12\/Club-africain-1.jpg\",\"contentUrl\":\"http:\/\/kapitalis.com\/tunisie\/wp-content\/uploads\/2018\/12\/Club-africain-1.jpg\"},{\"@type\":\"BreadcrumbList\",\"@id\":\"https:\/\/kapitalis.com\/tunisie\/2019\/01\/10\/ligue-des-champions-le-club-africain-affaibli-en-attaque\/#breadcrumb\",\"itemListElement\":[{\"@type\":\"ListItem\",\"position\":1,\"name\":\"Accueil\",\"item\":\"https:\/\/kapitalis.com\/tunisie\/\"},{\"@type\":\"ListItem\",\"position\":2,\"name\":\"Ligue des champions : Le Club africain affaibli en attaque\"}]},{\"@type\":\"WebSite\",\"@id\":\"https:\/\/kapitalis.com\/tunisie\/#website\",\"url\":\"https:\/\/kapitalis.com\/tunisie\/\",\"name\":\"Kapitalis\",\"description\":\"L&#039;actualit\u00e9 en Tunisie et dans le monde\",\"publisher\":{\"@id\":\"https:\/\/kapitalis.com\/tunisie\/#organization\"},\"potentialAction\":[{\"@type\":\"SearchAction\",\"target\":{\"@type\":\"EntryPoint\",\"urlTemplate\":\"https:\/\/kapitalis.com\/tunisie\/?s={search_term_string}\"},\"query-input\":{\"@type\":\"PropertyValueSpecification\",\"valueRequired\":true,\"valueName\":\"search_term_string\"}}],\"inLanguage\":\"fr-FR\"},{\"@type\":\"Organization\",\"@id\":\"https:\/\/kapitalis.com\/tunisie\/#organization\",\"name\":\"Kapitalis\",\"url\":\"https:\/\/kapitalis.com\/tunisie\/\",\"logo\":{\"@type\":\"ImageObject\",\"inLanguage\":\"fr-FR\",\"@id\":\"https:\/\/kapitalis.com\/tunisie\/#\/schema\/logo\/image\/\",\"url\":\"https:\/\/kapitalis.com\/tunisie\/wp-content\/uploads\/2022\/05\/Kapitalis-big-size.png\",\"contentUrl\":\"https:\/\/kapitalis.com\/tunisie\/wp-content\/uploads\/2022\/05\/Kapitalis-big-size.png\",\"width\":5000,\"height\":1500,\"caption\":\"Kapitalis\"},\"image\":{\"@id\":\"https:\/\/kapitalis.com\/tunisie\/#\/schema\/logo\/image\/\"},\"sameAs\":[\"https:\/\/www.facebook.com\/KapitalisInfo\/\",\"https:\/\/x.com\/KapitalisInfo\",\"https:\/\/www.youtube.com\/channel\/UC-yDYrHyfFBWWZaOw3FPg9Q\"]},{\"@type\":\"Person\",\"@id\":\"https:\/\/kapitalis.com\/tunisie\/#\/schema\/person\/d71f33a9ca44f7bad4698210b480c8e9\",\"name\":\"webmaster kapitalis\",\"url\":\"https:\/\/kapitalis.com\/tunisie\/author\/webmaster-kapitalis\/\"}]}<\/script>\n<!-- \/ Yoast SEO plugin. -->","yoast_head_json":{"title":"Ligue des champions : Le Club africain affaibli en attaque - Kapitalis","robots":{"index":"index","follow":"follow","max-snippet":"max-snippet:-1","max-image-preview":"max-image-preview:large","max-video-preview":"max-video-preview:-1"},"canonical":"https:\/\/kapitalis.com\/tunisie\/2019\/01\/10\/ligue-des-champions-le-club-africain-affaibli-en-attaque\/","og_locale":"fr_FR","og_type":"article","og_title":"Ligue des champions : Le Club africain affaibli en attaque - Kapitalis","og_description":"Le Club africain (CA) sera priv\u00e9 des services de deux acteurs cl\u00e9s face au Club sportif constantinois (CSC), ce vendredi 11 janvier 2019, au stade de Sousse, pour le premier tour du groupe C de la Ligue africaine des champions.","og_url":"https:\/\/kapitalis.com\/tunisie\/2019\/01\/10\/ligue-des-champions-le-club-africain-affaibli-en-attaque\/","og_site_name":"Kapitalis","article_publisher":"https:\/\/www.facebook.com\/KapitalisInfo\/","article_published_time":"2019-01-10T12:47:08+00:00","og_image":[{"url":"http:\/\/kapitalis.com\/tunisie\/wp-content\/uploads\/2018\/12\/Club-africain-1.jpg","type":"","width":"","height":""}],"author":"webmaster kapitalis","twitter_card":"summary_large_image","twitter_creator":"@KapitalisInfo","twitter_site":"@KapitalisInfo","twitter_misc":{"\u00c9crit par":"webmaster kapitalis","Dur\u00e9e de lecture estim\u00e9e":"1 minute"},"schema":{"@context":"https:\/\/schema.org","@graph":[{"@type":"Article","@id":"https:\/\/kapitalis.com\/tunisie\/2019\/01\/10\/ligue-des-champions-le-club-africain-affaibli-en-attaque\/#article","isPartOf":{"@id":"https:\/\/kapitalis.com\/tunisie\/2019\/01\/10\/ligue-des-champions-le-club-africain-affaibli-en-attaque\/"},"author":{"name":"webmaster kapitalis","@id":"https:\/\/kapitalis.com\/tunisie\/#\/schema\/person\/d71f33a9ca44f7bad4698210b480c8e9"},"headline":"Ligue des champions : Le Club africain affaibli en attaque","datePublished":"2019-01-10T12:47:08+00:00","mainEntityOfPage":{"@id":"https:\/\/kapitalis.com\/tunisie\/2019\/01\/10\/ligue-des-champions-le-club-africain-affaibli-en-attaque\/"},"wordCount":146,"commentCount":0,"publisher":{"@id":"https:\/\/kapitalis.com\/tunisie\/#organization"},"image":{"@id":"https:\/\/kapitalis.com\/tunisie\/2019\/01\/10\/ligue-des-champions-le-club-africain-affaibli-en-attaque\/#primaryimage"},"thumbnailUrl":"http:\/\/kapitalis.com\/tunisie\/wp-content\/uploads\/2018\/12\/Club-africain-1.jpg","keywords":["Bilel Khefifi","Chiheb Ellili","Club Africain","Ghazi Ayadi","Manoubi Haddad"],"articleSection":["SPORT","Tunisie"],"inLanguage":"fr-FR","potentialAction":[{"@type":"CommentAction","name":"Comment","target":["https:\/\/kapitalis.com\/tunisie\/2019\/01\/10\/ligue-des-champions-le-club-africain-affaibli-en-attaque\/#respond"]}]},{"@type":"WebPage","@id":"https:\/\/kapitalis.com\/tunisie\/2019\/01\/10\/ligue-des-champions-le-club-africain-affaibli-en-attaque\/","url":"https:\/\/kapitalis.com\/tunisie\/2019\/01\/10\/ligue-des-champions-le-club-africain-affaibli-en-attaque\/","name":"Ligue des champions : Le Club africain affaibli en attaque - Kapitalis","isPartOf":{"@id":"https:\/\/kapitalis.com\/tunisie\/#website"},"primaryImageOfPage":{"@id":"https:\/\/kapitalis.com\/tunisie\/2019\/01\/10\/ligue-des-champions-le-club-africain-affaibli-en-attaque\/#primaryimage"},"image":{"@id":"https:\/\/kapitalis.com\/tunisie\/2019\/01\/10\/ligue-des-champions-le-club-africain-affaibli-en-attaque\/#primaryimage"},"thumbnailUrl":"http:\/\/kapitalis.com\/tunisie\/wp-content\/uploads\/2018\/12\/Club-africain-1.jpg","datePublished":"2019-01-10T12:47:08+00:00","breadcrumb":{"@id":"https:\/\/kapitalis.com\/tunisie\/2019\/01\/10\/ligue-des-champions-le-club-africain-affaibli-en-attaque\/#breadcrumb"},"inLanguage":"fr-FR","potentialAction":[{"@type":"ReadAction","target":["https:\/\/kapitalis.com\/tunisie\/2019\/01\/10\/ligue-des-champions-le-club-africain-affaibli-en-attaque\/"]}]},{"@type":"ImageObject","inLanguage":"fr-FR","@id":"https:\/\/kapitalis.com\/tunisie\/2019\/01\/10\/ligue-des-champions-le-club-africain-affaibli-en-attaque\/#primaryimage","url":"http:\/\/kapitalis.com\/tunisie\/wp-content\/uploads\/2018\/12\/Club-africain-1.jpg","contentUrl":"http:\/\/kapitalis.com\/tunisie\/wp-content\/uploads\/2018\/12\/Club-africain-1.jpg"},{"@type":"BreadcrumbList","@id":"https:\/\/kapitalis.com\/tunisie\/2019\/01\/10\/ligue-des-champions-le-club-africain-affaibli-en-attaque\/#breadcrumb","itemListElement":[{"@type":"ListItem","position":1,"name":"Accueil","item":"https:\/\/kapitalis.com\/tunisie\/"},{"@type":"ListItem","position":2,"name":"Ligue des champions : Le Club africain affaibli en attaque"}]},{"@type":"WebSite","@id":"https:\/\/kapitalis.com\/tunisie\/#website","url":"https:\/\/kapitalis.com\/tunisie\/","name":"Kapitalis","description":"L&#039;actualit\u00e9 en Tunisie et dans le monde","publisher":{"@id":"https:\/\/kapitalis.com\/tunisie\/#organization"},"potentialAction":[{"@type":"SearchAction","target":{"@type":"EntryPoint","urlTemplate":"https:\/\/kapitalis.com\/tunisie\/?s={search_term_string}"},"query-input":{"@type":"PropertyValueSpecification","valueRequired":true,"valueName":"search_term_string"}}],"inLanguage":"fr-FR"},{"@type":"Organization","@id":"https:\/\/kapitalis.com\/tunisie\/#organization","name":"Kapitalis","url":"https:\/\/kapitalis.com\/tunisie\/","logo":{"@type":"ImageObject","inLanguage":"fr-FR","@id":"https:\/\/kapitalis.com\/tunisie\/#\/schema\/logo\/image\/","url":"https:\/\/kapitalis.com\/tunisie\/wp-content\/uploads\/2022\/05\/Kapitalis-big-size.png","contentUrl":"https:\/\/kapitalis.com\/tunisie\/wp-content\/uploads\/2022\/05\/Kapitalis-big-size.png","width":5000,"height":1500,"caption":"Kapitalis"},"image":{"@id":"https:\/\/kapitalis.com\/tunisie\/#\/schema\/logo\/image\/"},"sameAs":["https:\/\/www.facebook.com\/KapitalisInfo\/","https:\/\/x.com\/KapitalisInfo","https:\/\/www.youtube.com\/channel\/UC-yDYrHyfFBWWZaOw3FPg9Q"]},{"@type":"Person","@id":"https:\/\/kapitalis.com\/tunisie\/#\/schema\/person\/d71f33a9ca44f7bad4698210b480c8e9","name":"webmaster kapitalis","url":"https:\/\/kapitalis.com\/tunisie\/author\/webmaster-kapitalis\/"}]}},"_links":{"self":[{"href":"https:\/\/kapitalis.com\/tunisie\/wp-json\/wp\/v2\/posts\/192565","targetHints":{"allow":["GET"]}}],"collection":[{"href":"https:\/\/kapitalis.com\/tunisie\/wp-json\/wp\/v2\/posts"}],"about":[{"href":"https:\/\/kapitalis.com\/tunisie\/wp-json\/wp\/v2\/types\/post"}],"author":[{"embeddable":true,"href":"https:\/\/kapitalis.com\/tunisie\/wp-json\/wp\/v2\/users\/8"}],"replies":[{"embeddable":true,"href":"https:\/\/kapitalis.com\/tunisie\/wp-json\/wp\/v2\/comments?post=192565"}],"version-history":[{"count":0,"href":"https:\/\/kapitalis.com\/tunisie\/wp-json\/wp\/v2\/posts\/192565\/revisions"}],"wp:attachment":[{"href":"https:\/\/kapitalis.com\/tunisie\/wp-json\/wp\/v2\/media?parent=192565"}],"wp:term":[{"taxonomy":"category","embeddable":true,"href":"https:\/\/kapitalis.com\/tunisie\/wp-json\/wp\/v2\/categories?post=192565"},{"taxonomy":"post_tag","embeddable":true,"href":"https:\/\/kapitalis.com\/tunisie\/wp-json\/wp\/v2\/tags?post=192565"}],"curies":[{"name":"wp","href":"https:\/\/api.w.org\/{rel}","templated":true}]}}