{"id":192634,"date":"2019-01-10T18:39:17","date_gmt":"2019-01-10T17:39:17","guid":{"rendered":"http:\/\/kapitalis.com\/tunisie\/?p=192634"},"modified":"2019-01-10T18:39:17","modified_gmt":"2019-01-10T17:39:17","slug":"la-fifa-confirme-la-sanction-infligee-au-club-africain","status":"publish","type":"post","link":"https:\/\/kapitalis.com\/tunisie\/2019\/01\/10\/la-fifa-confirme-la-sanction-infligee-au-club-africain\/","title":{"rendered":"La Fifa confirme la sanction inflig\u00e9e au Club africain"},"content":{"rendered":"<p style=\"text-align: center;\"><img loading=\"lazy\" decoding=\"async\" class=\"alignnone size-full wp-image-174201\" src=\"http:\/\/kapitalis.com\/tunisie\/wp-content\/uploads\/2018\/09\/Fifa-Club-africain.jpg\" alt=\"\" width=\"626\" height=\"380\" \/><\/p>\n<p><em><strong>La F\u00e9d\u00e9ration international de football association (Fifa) a rejet\u00e9 aujourd\u2019hui, jeudi 10 janvier 2019, l\u2019appel du Club africain (CA) pour suspendre l\u2019interdiction de transferts durant ce mercato hivernal.<\/strong><\/em><\/p>\n<p><!--more--><\/p>\n<p>Autrement dit, l\u2019instance dirigeante du football mondial maintient sa sanction primaire interdisant au CA les recrutements pour les deux mercatos hivernal et d\u2019\u00e9t\u00e9.<\/p>\n<p>Cette sanction fait suite, rappelons-le, \u00e0 la multiplication des plaintes d\u2019anciens joueurs et techniciens pour d\u00e9faut de paiement de salaires et autres primes.<\/p>\n<p>Les dirigeants actuels ont certes r\u00e9ussi \u00e0 r\u00e9gler certains de ces litiges, mais pas tous, et la Fifa a estim\u00e9 que la sanction devait \u00eatre maintenue.<\/p>\n<p>D\u2019ailleurs, un nouveau dossier financier est venu alourdir ces derniers jours le contentieux avec la Fifa, lourd h\u00e9ritage en fait de la pr\u00e9sidence catastrophique de Slim Riahi, actuellement en fuite \u00e0 l\u2019\u00e9tranger et poursuivi dans une affaire de d\u00e9tournement de fonds intent\u00e9e contre lui par le club de Bab Jedid.<\/p>\n<p>Le CA se trouve en effet oblig\u00e9 de r\u00e9gler pr\u00e8s d\u2019un million de dinars \u00e0 son ancien joueur malien Souleymane Coulibaly. Ce d\u00e9fenseur y avait de 2015 \u00e0 2017.<\/p>\n<p>Un d\u00e9lai de 24 heures est accord\u00e9 au club pour r\u00e9gler cette somme au risque de subir d&rsquo;\u00e9ventuelles sanctions de la Fifa.<\/p>\n<p>Le CA terminera la saison avec l\u2019effectif actuel en attendant une d\u00e9cision du Tribunal arbitral du sport (TAS) dans les mois \u00e0 venir et qui pourra lui \u00e9viter d\u2019\u00eatre interdit de recrutement l&rsquo;\u00e9t\u00e9 prochain.<\/p>\n<p style=\"text-align: right;\"><strong>H. M.<\/strong><\/p>\n<blockquote class=\"wp-embedded-content\" data-secret=\"rUjcubbdAO\"><p><a href=\"https:\/\/kapitalis.com\/tunisie\/2019\/01\/09\/club-africain-pas-de-solution-a-lhorizon-pour-les-sanctions-de-la-fifa\/\">Club africain : Pas de solution \u00e0 l\u2019horizon pour les sanctions de la Fifa<\/a><\/p><\/blockquote>\n<p><iframe loading=\"lazy\" class=\"wp-embedded-content\" sandbox=\"allow-scripts\" security=\"restricted\" style=\"position: absolute; clip: rect(1px, 1px, 1px, 1px);\" title=\"\u00ab\u00a0Club africain : Pas de solution \u00e0 l\u2019horizon pour les sanctions de la Fifa\u00a0\u00bb &#8212; Kapitalis\" src=\"https:\/\/kapitalis.com\/tunisie\/2019\/01\/09\/club-africain-pas-de-solution-a-lhorizon-pour-les-sanctions-de-la-fifa\/embed\/#?secret=q1Z96wBNgD#?secret=rUjcubbdAO\" data-secret=\"rUjcubbdAO\" width=\"600\" height=\"338\" frameborder=\"0\" marginwidth=\"0\" marginheight=\"0\" scrolling=\"no\"><\/iframe><\/p>\n<blockquote class=\"wp-embedded-content\" data-secret=\"w0vpp0cWdS\"><p><a href=\"https:\/\/kapitalis.com\/tunisie\/2019\/01\/10\/ligue-des-champions-le-club-africain-affaibli-en-attaque\/\">Ligue des champions : Le Club africain affaibli en attaque<\/a><\/p><\/blockquote>\n<p><iframe loading=\"lazy\" class=\"wp-embedded-content\" sandbox=\"allow-scripts\" security=\"restricted\" style=\"position: absolute; clip: rect(1px, 1px, 1px, 1px);\" title=\"\u00ab\u00a0Ligue des champions : Le Club africain affaibli en attaque\u00a0\u00bb &#8212; Kapitalis\" src=\"https:\/\/kapitalis.com\/tunisie\/2019\/01\/10\/ligue-des-champions-le-club-africain-affaibli-en-attaque\/embed\/#?secret=YcPYjUf3Ek#?secret=w0vpp0cWdS\" data-secret=\"w0vpp0cWdS\" width=\"600\" height=\"338\" frameborder=\"0\" marginwidth=\"0\" marginheight=\"0\" scrolling=\"no\"><\/iframe><\/p>\n<p>&nbsp;<\/p>\n","protected":false},"excerpt":{"rendered":"<p>La F\u00e9d\u00e9ration international de football association (Fifa) a rejet\u00e9 aujourd\u2019hui, jeudi 10 janvier 2019, l\u2019appel du Club africain (CA) pour suspendre l\u2019interdiction de transferts durant ce mercato hivernal.<\/p>\n","protected":false},"author":8,"featured_media":0,"comment_status":"open","ping_status":"open","sticky":false,"template":"","format":"standard","meta":{"footnotes":""},"categories":[999,2433],"tags":[211,382,8005,7543,1642],"class_list":["post-192634","post","type-post","status-publish","format-standard","hentry","category-sport","category-tunisie","tag-club-africain","tag-fifa","tag-recrutements","tag-sanctions","tag-slim-riahi"],"yoast_head":"<!-- This site is optimized with the Yoast SEO plugin v26.6 - https:\/\/yoast.com\/wordpress\/plugins\/seo\/ -->\n<title>La Fifa confirme la sanction inflig\u00e9e au Club africain - Kapitalis<\/title>\n<meta name=\"robots\" content=\"index, follow, max-snippet:-1, max-image-preview:large, max-video-preview:-1\" \/>\n<link rel=\"canonical\" href=\"https:\/\/kapitalis.com\/tunisie\/2019\/01\/10\/la-fifa-confirme-la-sanction-infligee-au-club-africain\/\" \/>\n<meta property=\"og:locale\" content=\"fr_FR\" \/>\n<meta property=\"og:type\" content=\"article\" \/>\n<meta property=\"og:title\" content=\"La Fifa confirme la sanction inflig\u00e9e au Club africain - Kapitalis\" \/>\n<meta property=\"og:description\" content=\"La F\u00e9d\u00e9ration international de football association (Fifa) a rejet\u00e9 aujourd\u2019hui, jeudi 10 janvier 2019, l\u2019appel du Club africain (CA) pour suspendre l\u2019interdiction de transferts durant ce mercato hivernal.\" \/>\n<meta property=\"og:url\" content=\"https:\/\/kapitalis.com\/tunisie\/2019\/01\/10\/la-fifa-confirme-la-sanction-infligee-au-club-africain\/\" \/>\n<meta property=\"og:site_name\" content=\"Kapitalis\" \/>\n<meta property=\"article:publisher\" content=\"https:\/\/www.facebook.com\/KapitalisInfo\/\" \/>\n<meta property=\"article:published_time\" content=\"2019-01-10T17:39:17+00:00\" \/>\n<meta property=\"og:image\" content=\"http:\/\/kapitalis.com\/tunisie\/wp-content\/uploads\/2018\/09\/Fifa-Club-africain.jpg\" \/>\n<meta name=\"author\" content=\"webmaster kapitalis\" \/>\n<meta name=\"twitter:card\" content=\"summary_large_image\" \/>\n<meta name=\"twitter:creator\" content=\"@KapitalisInfo\" \/>\n<meta name=\"twitter:site\" content=\"@KapitalisInfo\" \/>\n<meta name=\"twitter:label1\" content=\"\u00c9crit par\" \/>\n\t<meta name=\"twitter:data1\" content=\"webmaster kapitalis\" \/>\n\t<meta name=\"twitter:label2\" content=\"Dur\u00e9e de lecture estim\u00e9e\" \/>\n\t<meta name=\"twitter:data2\" content=\"1 minute\" \/>\n<script type=\"application\/ld+json\" class=\"yoast-schema-graph\">{\"@context\":\"https:\/\/schema.org\",\"@graph\":[{\"@type\":\"Article\",\"@id\":\"https:\/\/kapitalis.com\/tunisie\/2019\/01\/10\/la-fifa-confirme-la-sanction-infligee-au-club-africain\/#article\",\"isPartOf\":{\"@id\":\"https:\/\/kapitalis.com\/tunisie\/2019\/01\/10\/la-fifa-confirme-la-sanction-infligee-au-club-africain\/\"},\"author\":{\"name\":\"webmaster kapitalis\",\"@id\":\"https:\/\/kapitalis.com\/tunisie\/#\/schema\/person\/d71f33a9ca44f7bad4698210b480c8e9\"},\"headline\":\"La Fifa confirme la sanction inflig\u00e9e au Club africain\",\"datePublished\":\"2019-01-10T17:39:17+00:00\",\"mainEntityOfPage\":{\"@id\":\"https:\/\/kapitalis.com\/tunisie\/2019\/01\/10\/la-fifa-confirme-la-sanction-infligee-au-club-africain\/\"},\"wordCount\":275,\"commentCount\":1,\"publisher\":{\"@id\":\"https:\/\/kapitalis.com\/tunisie\/#organization\"},\"image\":{\"@id\":\"https:\/\/kapitalis.com\/tunisie\/2019\/01\/10\/la-fifa-confirme-la-sanction-infligee-au-club-africain\/#primaryimage\"},\"thumbnailUrl\":\"http:\/\/kapitalis.com\/tunisie\/wp-content\/uploads\/2018\/09\/Fifa-Club-africain.jpg\",\"keywords\":[\"Club Africain\",\"Fifa\",\"recrutements\",\"sanctions\",\"Slim Riahi\"],\"articleSection\":[\"SPORT\",\"Tunisie\"],\"inLanguage\":\"fr-FR\",\"potentialAction\":[{\"@type\":\"CommentAction\",\"name\":\"Comment\",\"target\":[\"https:\/\/kapitalis.com\/tunisie\/2019\/01\/10\/la-fifa-confirme-la-sanction-infligee-au-club-africain\/#respond\"]}]},{\"@type\":\"WebPage\",\"@id\":\"https:\/\/kapitalis.com\/tunisie\/2019\/01\/10\/la-fifa-confirme-la-sanction-infligee-au-club-africain\/\",\"url\":\"https:\/\/kapitalis.com\/tunisie\/2019\/01\/10\/la-fifa-confirme-la-sanction-infligee-au-club-africain\/\",\"name\":\"La Fifa confirme la sanction inflig\u00e9e au Club africain - Kapitalis\",\"isPartOf\":{\"@id\":\"https:\/\/kapitalis.com\/tunisie\/#website\"},\"primaryImageOfPage\":{\"@id\":\"https:\/\/kapitalis.com\/tunisie\/2019\/01\/10\/la-fifa-confirme-la-sanction-infligee-au-club-africain\/#primaryimage\"},\"image\":{\"@id\":\"https:\/\/kapitalis.com\/tunisie\/2019\/01\/10\/la-fifa-confirme-la-sanction-infligee-au-club-africain\/#primaryimage\"},\"thumbnailUrl\":\"http:\/\/kapitalis.com\/tunisie\/wp-content\/uploads\/2018\/09\/Fifa-Club-africain.jpg\",\"datePublished\":\"2019-01-10T17:39:17+00:00\",\"breadcrumb\":{\"@id\":\"https:\/\/kapitalis.com\/tunisie\/2019\/01\/10\/la-fifa-confirme-la-sanction-infligee-au-club-africain\/#breadcrumb\"},\"inLanguage\":\"fr-FR\",\"potentialAction\":[{\"@type\":\"ReadAction\",\"target\":[\"https:\/\/kapitalis.com\/tunisie\/2019\/01\/10\/la-fifa-confirme-la-sanction-infligee-au-club-africain\/\"]}]},{\"@type\":\"ImageObject\",\"inLanguage\":\"fr-FR\",\"@id\":\"https:\/\/kapitalis.com\/tunisie\/2019\/01\/10\/la-fifa-confirme-la-sanction-infligee-au-club-africain\/#primaryimage\",\"url\":\"http:\/\/kapitalis.com\/tunisie\/wp-content\/uploads\/2018\/09\/Fifa-Club-africain.jpg\",\"contentUrl\":\"http:\/\/kapitalis.com\/tunisie\/wp-content\/uploads\/2018\/09\/Fifa-Club-africain.jpg\"},{\"@type\":\"BreadcrumbList\",\"@id\":\"https:\/\/kapitalis.com\/tunisie\/2019\/01\/10\/la-fifa-confirme-la-sanction-infligee-au-club-africain\/#breadcrumb\",\"itemListElement\":[{\"@type\":\"ListItem\",\"position\":1,\"name\":\"Accueil\",\"item\":\"https:\/\/kapitalis.com\/tunisie\/\"},{\"@type\":\"ListItem\",\"position\":2,\"name\":\"La Fifa confirme la sanction inflig\u00e9e au Club africain\"}]},{\"@type\":\"WebSite\",\"@id\":\"https:\/\/kapitalis.com\/tunisie\/#website\",\"url\":\"https:\/\/kapitalis.com\/tunisie\/\",\"name\":\"Kapitalis\",\"description\":\"L&#039;actualit\u00e9 en Tunisie et dans le monde\",\"publisher\":{\"@id\":\"https:\/\/kapitalis.com\/tunisie\/#organization\"},\"potentialAction\":[{\"@type\":\"SearchAction\",\"target\":{\"@type\":\"EntryPoint\",\"urlTemplate\":\"https:\/\/kapitalis.com\/tunisie\/?s={search_term_string}\"},\"query-input\":{\"@type\":\"PropertyValueSpecification\",\"valueRequired\":true,\"valueName\":\"search_term_string\"}}],\"inLanguage\":\"fr-FR\"},{\"@type\":\"Organization\",\"@id\":\"https:\/\/kapitalis.com\/tunisie\/#organization\",\"name\":\"Kapitalis\",\"url\":\"https:\/\/kapitalis.com\/tunisie\/\",\"logo\":{\"@type\":\"ImageObject\",\"inLanguage\":\"fr-FR\",\"@id\":\"https:\/\/kapitalis.com\/tunisie\/#\/schema\/logo\/image\/\",\"url\":\"https:\/\/kapitalis.com\/tunisie\/wp-content\/uploads\/2022\/05\/Kapitalis-big-size.png\",\"contentUrl\":\"https:\/\/kapitalis.com\/tunisie\/wp-content\/uploads\/2022\/05\/Kapitalis-big-size.png\",\"width\":5000,\"height\":1500,\"caption\":\"Kapitalis\"},\"image\":{\"@id\":\"https:\/\/kapitalis.com\/tunisie\/#\/schema\/logo\/image\/\"},\"sameAs\":[\"https:\/\/www.facebook.com\/KapitalisInfo\/\",\"https:\/\/x.com\/KapitalisInfo\",\"https:\/\/www.youtube.com\/channel\/UC-yDYrHyfFBWWZaOw3FPg9Q\"]},{\"@type\":\"Person\",\"@id\":\"https:\/\/kapitalis.com\/tunisie\/#\/schema\/person\/d71f33a9ca44f7bad4698210b480c8e9\",\"name\":\"webmaster kapitalis\",\"url\":\"https:\/\/kapitalis.com\/tunisie\/author\/webmaster-kapitalis\/\"}]}<\/script>\n<!-- \/ Yoast SEO plugin. -->","yoast_head_json":{"title":"La Fifa confirme la sanction inflig\u00e9e au Club africain - Kapitalis","robots":{"index":"index","follow":"follow","max-snippet":"max-snippet:-1","max-image-preview":"max-image-preview:large","max-video-preview":"max-video-preview:-1"},"canonical":"https:\/\/kapitalis.com\/tunisie\/2019\/01\/10\/la-fifa-confirme-la-sanction-infligee-au-club-africain\/","og_locale":"fr_FR","og_type":"article","og_title":"La Fifa confirme la sanction inflig\u00e9e au Club africain - Kapitalis","og_description":"La F\u00e9d\u00e9ration international de football association (Fifa) a rejet\u00e9 aujourd\u2019hui, jeudi 10 janvier 2019, l\u2019appel du Club africain (CA) pour suspendre l\u2019interdiction de transferts durant ce mercato hivernal.","og_url":"https:\/\/kapitalis.com\/tunisie\/2019\/01\/10\/la-fifa-confirme-la-sanction-infligee-au-club-africain\/","og_site_name":"Kapitalis","article_publisher":"https:\/\/www.facebook.com\/KapitalisInfo\/","article_published_time":"2019-01-10T17:39:17+00:00","og_image":[{"url":"http:\/\/kapitalis.com\/tunisie\/wp-content\/uploads\/2018\/09\/Fifa-Club-africain.jpg","type":"","width":"","height":""}],"author":"webmaster kapitalis","twitter_card":"summary_large_image","twitter_creator":"@KapitalisInfo","twitter_site":"@KapitalisInfo","twitter_misc":{"\u00c9crit par":"webmaster kapitalis","Dur\u00e9e de lecture estim\u00e9e":"1 minute"},"schema":{"@context":"https:\/\/schema.org","@graph":[{"@type":"Article","@id":"https:\/\/kapitalis.com\/tunisie\/2019\/01\/10\/la-fifa-confirme-la-sanction-infligee-au-club-africain\/#article","isPartOf":{"@id":"https:\/\/kapitalis.com\/tunisie\/2019\/01\/10\/la-fifa-confirme-la-sanction-infligee-au-club-africain\/"},"author":{"name":"webmaster kapitalis","@id":"https:\/\/kapitalis.com\/tunisie\/#\/schema\/person\/d71f33a9ca44f7bad4698210b480c8e9"},"headline":"La Fifa confirme la sanction inflig\u00e9e au Club africain","datePublished":"2019-01-10T17:39:17+00:00","mainEntityOfPage":{"@id":"https:\/\/kapitalis.com\/tunisie\/2019\/01\/10\/la-fifa-confirme-la-sanction-infligee-au-club-africain\/"},"wordCount":275,"commentCount":1,"publisher":{"@id":"https:\/\/kapitalis.com\/tunisie\/#organization"},"image":{"@id":"https:\/\/kapitalis.com\/tunisie\/2019\/01\/10\/la-fifa-confirme-la-sanction-infligee-au-club-africain\/#primaryimage"},"thumbnailUrl":"http:\/\/kapitalis.com\/tunisie\/wp-content\/uploads\/2018\/09\/Fifa-Club-africain.jpg","keywords":["Club Africain","Fifa","recrutements","sanctions","Slim Riahi"],"articleSection":["SPORT","Tunisie"],"inLanguage":"fr-FR","potentialAction":[{"@type":"CommentAction","name":"Comment","target":["https:\/\/kapitalis.com\/tunisie\/2019\/01\/10\/la-fifa-confirme-la-sanction-infligee-au-club-africain\/#respond"]}]},{"@type":"WebPage","@id":"https:\/\/kapitalis.com\/tunisie\/2019\/01\/10\/la-fifa-confirme-la-sanction-infligee-au-club-africain\/","url":"https:\/\/kapitalis.com\/tunisie\/2019\/01\/10\/la-fifa-confirme-la-sanction-infligee-au-club-africain\/","name":"La Fifa confirme la sanction inflig\u00e9e au Club africain - Kapitalis","isPartOf":{"@id":"https:\/\/kapitalis.com\/tunisie\/#website"},"primaryImageOfPage":{"@id":"https:\/\/kapitalis.com\/tunisie\/2019\/01\/10\/la-fifa-confirme-la-sanction-infligee-au-club-africain\/#primaryimage"},"image":{"@id":"https:\/\/kapitalis.com\/tunisie\/2019\/01\/10\/la-fifa-confirme-la-sanction-infligee-au-club-africain\/#primaryimage"},"thumbnailUrl":"http:\/\/kapitalis.com\/tunisie\/wp-content\/uploads\/2018\/09\/Fifa-Club-africain.jpg","datePublished":"2019-01-10T17:39:17+00:00","breadcrumb":{"@id":"https:\/\/kapitalis.com\/tunisie\/2019\/01\/10\/la-fifa-confirme-la-sanction-infligee-au-club-africain\/#breadcrumb"},"inLanguage":"fr-FR","potentialAction":[{"@type":"ReadAction","target":["https:\/\/kapitalis.com\/tunisie\/2019\/01\/10\/la-fifa-confirme-la-sanction-infligee-au-club-africain\/"]}]},{"@type":"ImageObject","inLanguage":"fr-FR","@id":"https:\/\/kapitalis.com\/tunisie\/2019\/01\/10\/la-fifa-confirme-la-sanction-infligee-au-club-africain\/#primaryimage","url":"http:\/\/kapitalis.com\/tunisie\/wp-content\/uploads\/2018\/09\/Fifa-Club-africain.jpg","contentUrl":"http:\/\/kapitalis.com\/tunisie\/wp-content\/uploads\/2018\/09\/Fifa-Club-africain.jpg"},{"@type":"BreadcrumbList","@id":"https:\/\/kapitalis.com\/tunisie\/2019\/01\/10\/la-fifa-confirme-la-sanction-infligee-au-club-africain\/#breadcrumb","itemListElement":[{"@type":"ListItem","position":1,"name":"Accueil","item":"https:\/\/kapitalis.com\/tunisie\/"},{"@type":"ListItem","position":2,"name":"La Fifa confirme la sanction inflig\u00e9e au Club africain"}]},{"@type":"WebSite","@id":"https:\/\/kapitalis.com\/tunisie\/#website","url":"https:\/\/kapitalis.com\/tunisie\/","name":"Kapitalis","description":"L&#039;actualit\u00e9 en Tunisie et dans le monde","publisher":{"@id":"https:\/\/kapitalis.com\/tunisie\/#organization"},"potentialAction":[{"@type":"SearchAction","target":{"@type":"EntryPoint","urlTemplate":"https:\/\/kapitalis.com\/tunisie\/?s={search_term_string}"},"query-input":{"@type":"PropertyValueSpecification","valueRequired":true,"valueName":"search_term_string"}}],"inLanguage":"fr-FR"},{"@type":"Organization","@id":"https:\/\/kapitalis.com\/tunisie\/#organization","name":"Kapitalis","url":"https:\/\/kapitalis.com\/tunisie\/","logo":{"@type":"ImageObject","inLanguage":"fr-FR","@id":"https:\/\/kapitalis.com\/tunisie\/#\/schema\/logo\/image\/","url":"https:\/\/kapitalis.com\/tunisie\/wp-content\/uploads\/2022\/05\/Kapitalis-big-size.png","contentUrl":"https:\/\/kapitalis.com\/tunisie\/wp-content\/uploads\/2022\/05\/Kapitalis-big-size.png","width":5000,"height":1500,"caption":"Kapitalis"},"image":{"@id":"https:\/\/kapitalis.com\/tunisie\/#\/schema\/logo\/image\/"},"sameAs":["https:\/\/www.facebook.com\/KapitalisInfo\/","https:\/\/x.com\/KapitalisInfo","https:\/\/www.youtube.com\/channel\/UC-yDYrHyfFBWWZaOw3FPg9Q"]},{"@type":"Person","@id":"https:\/\/kapitalis.com\/tunisie\/#\/schema\/person\/d71f33a9ca44f7bad4698210b480c8e9","name":"webmaster kapitalis","url":"https:\/\/kapitalis.com\/tunisie\/author\/webmaster-kapitalis\/"}]}},"_links":{"self":[{"href":"https:\/\/kapitalis.com\/tunisie\/wp-json\/wp\/v2\/posts\/192634","targetHints":{"allow":["GET"]}}],"collection":[{"href":"https:\/\/kapitalis.com\/tunisie\/wp-json\/wp\/v2\/posts"}],"about":[{"href":"https:\/\/kapitalis.com\/tunisie\/wp-json\/wp\/v2\/types\/post"}],"author":[{"embeddable":true,"href":"https:\/\/kapitalis.com\/tunisie\/wp-json\/wp\/v2\/users\/8"}],"replies":[{"embeddable":true,"href":"https:\/\/kapitalis.com\/tunisie\/wp-json\/wp\/v2\/comments?post=192634"}],"version-history":[{"count":0,"href":"https:\/\/kapitalis.com\/tunisie\/wp-json\/wp\/v2\/posts\/192634\/revisions"}],"wp:attachment":[{"href":"https:\/\/kapitalis.com\/tunisie\/wp-json\/wp\/v2\/media?parent=192634"}],"wp:term":[{"taxonomy":"category","embeddable":true,"href":"https:\/\/kapitalis.com\/tunisie\/wp-json\/wp\/v2\/categories?post=192634"},{"taxonomy":"post_tag","embeddable":true,"href":"https:\/\/kapitalis.com\/tunisie\/wp-json\/wp\/v2\/tags?post=192634"}],"curies":[{"name":"wp","href":"https:\/\/api.w.org\/{rel}","templated":true}]}}