{"id":192756,"date":"2019-01-11T14:23:33","date_gmt":"2019-01-11T13:23:33","guid":{"rendered":"http:\/\/kapitalis.com\/tunisie\/?p=192756"},"modified":"2019-01-11T14:23:33","modified_gmt":"2019-01-11T13:23:33","slug":"le-grand-projet-de-hamdi-meddeb-pour-lesperance-de-tunis","status":"publish","type":"post","link":"https:\/\/kapitalis.com\/tunisie\/2019\/01\/11\/le-grand-projet-de-hamdi-meddeb-pour-lesperance-de-tunis\/","title":{"rendered":"Le grand projet de Hamdi Meddeb pour l\u2019Esp\u00e9rance de Tunis"},"content":{"rendered":"<p style=\"text-align: center;\"><img loading=\"lazy\" decoding=\"async\" class=\"alignnone size-full wp-image-166142\" src=\"http:\/\/kapitalis.com\/tunisie\/wp-content\/uploads\/2018\/07\/Hamdi-Meddeb-Esperance-1.jpg\" alt=\"\" width=\"626\" height=\"380\" \/><\/p>\n<p><em><strong>Hamdi Meddeb, pr\u00e9sident de l\u2019Esp\u00e9rance sportive de Tunis (EST), envisagerait de lancer un grand projet pour son club. Il en fera l\u2019annonce \u00e0 l\u2019occasion de l\u2019ouverture des festivit\u00e9s du centenaire du club, mardi prochain 15 janvier 2019.<\/strong> <\/em><\/p>\n<p><!--more--><\/p>\n<p>Le projet dont s\u2019occupe personnellement le pr\u00e9sident des <em>\u00abSang et or\u00bb<\/em> est un centre d\u2019entra\u00eenement r\u00e9serv\u00e9 \u00e0 l\u2019\u00e9quipe premi\u00e8re du club.<\/p>\n<p>Ce futur centre sera un complexe sportif avec un stade principal et des terrains annexes. Le lieu et l\u2019\u00e9ch\u00e9ance de ce centre ne sont pas encore connus.<\/p>\n<p>Des indiscr\u00e9tions indiquent que le pr\u00e9sident de l\u2019EST a propos\u00e9 le projet au chef du gouvernement Youssef Chahed, lors de leur rencontre, la veille du derby.<\/p>\n<p>La rumeur d\u2019une acquisition par l\u2019EST du stade Chedly Zouiten du nom de son ancien pr\u00e9sident a circul\u00e9 r\u00e9cemment mais il semble que ce stade, longtemps ferm\u00e9, sera repris pour des travaux de r\u00e9fection, notamment les murs de sout\u00e8nement c\u00f4t\u00e9 virages, les barres de s\u00e9paration des spectateurs, les vestiaires, les blocs sanitaires\u2026 en partenariat entre la municipalit\u00e9 de Tunis, la F\u00e9d\u00e9ration tunisienne de football (FTF) et le minist\u00e8re de la Jeunesse et du Sport.<\/p>\n<p style=\"text-align: right;\"><strong>H. M.<\/strong><\/p>\n","protected":false},"excerpt":{"rendered":"<p>Hamdi Meddeb, pr\u00e9sident de l\u2019Esp\u00e9rance sportive de Tunis (EST), envisagerait de lancer un grand projet pour son club. Il en fera l\u2019annonce \u00e0 l\u2019occasion de l\u2019ouverture des festivit\u00e9s du centenaire du club, mardi prochain 15 janvier 2019.<\/p>\n","protected":false},"author":8,"featured_media":0,"comment_status":"open","ping_status":"open","sticky":false,"template":"","format":"standard","meta":{"footnotes":""},"categories":[999,2433],"tags":[3261,2472],"class_list":["post-192756","post","type-post","status-publish","format-standard","hentry","category-sport","category-tunisie","tag-esperance-sportive-de-tunis","tag-hamdi-meddeb"],"yoast_head":"<!-- This site is optimized with the Yoast SEO plugin v26.6 - https:\/\/yoast.com\/wordpress\/plugins\/seo\/ -->\n<title>Le grand projet de Hamdi Meddeb pour l\u2019Esp\u00e9rance de Tunis - Kapitalis<\/title>\n<meta name=\"robots\" content=\"index, follow, max-snippet:-1, max-image-preview:large, max-video-preview:-1\" \/>\n<link rel=\"canonical\" href=\"https:\/\/kapitalis.com\/tunisie\/2019\/01\/11\/le-grand-projet-de-hamdi-meddeb-pour-lesperance-de-tunis\/\" \/>\n<meta property=\"og:locale\" content=\"fr_FR\" \/>\n<meta property=\"og:type\" content=\"article\" \/>\n<meta property=\"og:title\" content=\"Le grand projet de Hamdi Meddeb pour l\u2019Esp\u00e9rance de Tunis - Kapitalis\" \/>\n<meta property=\"og:description\" content=\"Hamdi Meddeb, pr\u00e9sident de l\u2019Esp\u00e9rance sportive de Tunis (EST), envisagerait de lancer un grand projet pour son club. Il en fera l\u2019annonce \u00e0 l\u2019occasion de l\u2019ouverture des festivit\u00e9s du centenaire du club, mardi prochain 15 janvier 2019.\" \/>\n<meta property=\"og:url\" content=\"https:\/\/kapitalis.com\/tunisie\/2019\/01\/11\/le-grand-projet-de-hamdi-meddeb-pour-lesperance-de-tunis\/\" \/>\n<meta property=\"og:site_name\" content=\"Kapitalis\" \/>\n<meta property=\"article:publisher\" content=\"https:\/\/www.facebook.com\/KapitalisInfo\/\" \/>\n<meta property=\"article:published_time\" content=\"2019-01-11T13:23:33+00:00\" \/>\n<meta property=\"og:image\" content=\"http:\/\/kapitalis.com\/tunisie\/wp-content\/uploads\/2018\/07\/Hamdi-Meddeb-Esperance-1.jpg\" \/>\n<meta name=\"author\" content=\"webmaster kapitalis\" \/>\n<meta name=\"twitter:card\" content=\"summary_large_image\" \/>\n<meta name=\"twitter:creator\" content=\"@KapitalisInfo\" \/>\n<meta name=\"twitter:site\" content=\"@KapitalisInfo\" \/>\n<meta name=\"twitter:label1\" content=\"\u00c9crit par\" \/>\n\t<meta name=\"twitter:data1\" content=\"webmaster kapitalis\" \/>\n\t<meta name=\"twitter:label2\" content=\"Dur\u00e9e de lecture estim\u00e9e\" \/>\n\t<meta name=\"twitter:data2\" content=\"1 minute\" \/>\n<script type=\"application\/ld+json\" class=\"yoast-schema-graph\">{\"@context\":\"https:\/\/schema.org\",\"@graph\":[{\"@type\":\"Article\",\"@id\":\"https:\/\/kapitalis.com\/tunisie\/2019\/01\/11\/le-grand-projet-de-hamdi-meddeb-pour-lesperance-de-tunis\/#article\",\"isPartOf\":{\"@id\":\"https:\/\/kapitalis.com\/tunisie\/2019\/01\/11\/le-grand-projet-de-hamdi-meddeb-pour-lesperance-de-tunis\/\"},\"author\":{\"name\":\"webmaster kapitalis\",\"@id\":\"https:\/\/kapitalis.com\/tunisie\/#\/schema\/person\/d71f33a9ca44f7bad4698210b480c8e9\"},\"headline\":\"Le grand projet de Hamdi Meddeb pour l\u2019Esp\u00e9rance de Tunis\",\"datePublished\":\"2019-01-11T13:23:33+00:00\",\"mainEntityOfPage\":{\"@id\":\"https:\/\/kapitalis.com\/tunisie\/2019\/01\/11\/le-grand-projet-de-hamdi-meddeb-pour-lesperance-de-tunis\/\"},\"wordCount\":225,\"commentCount\":0,\"publisher\":{\"@id\":\"https:\/\/kapitalis.com\/tunisie\/#organization\"},\"image\":{\"@id\":\"https:\/\/kapitalis.com\/tunisie\/2019\/01\/11\/le-grand-projet-de-hamdi-meddeb-pour-lesperance-de-tunis\/#primaryimage\"},\"thumbnailUrl\":\"http:\/\/kapitalis.com\/tunisie\/wp-content\/uploads\/2018\/07\/Hamdi-Meddeb-Esperance-1.jpg\",\"keywords\":[\"Esp\u00e9rance sportive de Tunis\",\"Hamdi Meddeb\"],\"articleSection\":[\"SPORT\",\"Tunisie\"],\"inLanguage\":\"fr-FR\",\"potentialAction\":[{\"@type\":\"CommentAction\",\"name\":\"Comment\",\"target\":[\"https:\/\/kapitalis.com\/tunisie\/2019\/01\/11\/le-grand-projet-de-hamdi-meddeb-pour-lesperance-de-tunis\/#respond\"]}]},{\"@type\":\"WebPage\",\"@id\":\"https:\/\/kapitalis.com\/tunisie\/2019\/01\/11\/le-grand-projet-de-hamdi-meddeb-pour-lesperance-de-tunis\/\",\"url\":\"https:\/\/kapitalis.com\/tunisie\/2019\/01\/11\/le-grand-projet-de-hamdi-meddeb-pour-lesperance-de-tunis\/\",\"name\":\"Le grand projet de Hamdi Meddeb pour l\u2019Esp\u00e9rance de Tunis - Kapitalis\",\"isPartOf\":{\"@id\":\"https:\/\/kapitalis.com\/tunisie\/#website\"},\"primaryImageOfPage\":{\"@id\":\"https:\/\/kapitalis.com\/tunisie\/2019\/01\/11\/le-grand-projet-de-hamdi-meddeb-pour-lesperance-de-tunis\/#primaryimage\"},\"image\":{\"@id\":\"https:\/\/kapitalis.com\/tunisie\/2019\/01\/11\/le-grand-projet-de-hamdi-meddeb-pour-lesperance-de-tunis\/#primaryimage\"},\"thumbnailUrl\":\"http:\/\/kapitalis.com\/tunisie\/wp-content\/uploads\/2018\/07\/Hamdi-Meddeb-Esperance-1.jpg\",\"datePublished\":\"2019-01-11T13:23:33+00:00\",\"breadcrumb\":{\"@id\":\"https:\/\/kapitalis.com\/tunisie\/2019\/01\/11\/le-grand-projet-de-hamdi-meddeb-pour-lesperance-de-tunis\/#breadcrumb\"},\"inLanguage\":\"fr-FR\",\"potentialAction\":[{\"@type\":\"ReadAction\",\"target\":[\"https:\/\/kapitalis.com\/tunisie\/2019\/01\/11\/le-grand-projet-de-hamdi-meddeb-pour-lesperance-de-tunis\/\"]}]},{\"@type\":\"ImageObject\",\"inLanguage\":\"fr-FR\",\"@id\":\"https:\/\/kapitalis.com\/tunisie\/2019\/01\/11\/le-grand-projet-de-hamdi-meddeb-pour-lesperance-de-tunis\/#primaryimage\",\"url\":\"http:\/\/kapitalis.com\/tunisie\/wp-content\/uploads\/2018\/07\/Hamdi-Meddeb-Esperance-1.jpg\",\"contentUrl\":\"http:\/\/kapitalis.com\/tunisie\/wp-content\/uploads\/2018\/07\/Hamdi-Meddeb-Esperance-1.jpg\"},{\"@type\":\"BreadcrumbList\",\"@id\":\"https:\/\/kapitalis.com\/tunisie\/2019\/01\/11\/le-grand-projet-de-hamdi-meddeb-pour-lesperance-de-tunis\/#breadcrumb\",\"itemListElement\":[{\"@type\":\"ListItem\",\"position\":1,\"name\":\"Accueil\",\"item\":\"https:\/\/kapitalis.com\/tunisie\/\"},{\"@type\":\"ListItem\",\"position\":2,\"name\":\"Le grand projet de Hamdi Meddeb pour l\u2019Esp\u00e9rance de Tunis\"}]},{\"@type\":\"WebSite\",\"@id\":\"https:\/\/kapitalis.com\/tunisie\/#website\",\"url\":\"https:\/\/kapitalis.com\/tunisie\/\",\"name\":\"Kapitalis\",\"description\":\"L&#039;actualit\u00e9 en Tunisie et dans le monde\",\"publisher\":{\"@id\":\"https:\/\/kapitalis.com\/tunisie\/#organization\"},\"potentialAction\":[{\"@type\":\"SearchAction\",\"target\":{\"@type\":\"EntryPoint\",\"urlTemplate\":\"https:\/\/kapitalis.com\/tunisie\/?s={search_term_string}\"},\"query-input\":{\"@type\":\"PropertyValueSpecification\",\"valueRequired\":true,\"valueName\":\"search_term_string\"}}],\"inLanguage\":\"fr-FR\"},{\"@type\":\"Organization\",\"@id\":\"https:\/\/kapitalis.com\/tunisie\/#organization\",\"name\":\"Kapitalis\",\"url\":\"https:\/\/kapitalis.com\/tunisie\/\",\"logo\":{\"@type\":\"ImageObject\",\"inLanguage\":\"fr-FR\",\"@id\":\"https:\/\/kapitalis.com\/tunisie\/#\/schema\/logo\/image\/\",\"url\":\"https:\/\/kapitalis.com\/tunisie\/wp-content\/uploads\/2022\/05\/Kapitalis-big-size.png\",\"contentUrl\":\"https:\/\/kapitalis.com\/tunisie\/wp-content\/uploads\/2022\/05\/Kapitalis-big-size.png\",\"width\":5000,\"height\":1500,\"caption\":\"Kapitalis\"},\"image\":{\"@id\":\"https:\/\/kapitalis.com\/tunisie\/#\/schema\/logo\/image\/\"},\"sameAs\":[\"https:\/\/www.facebook.com\/KapitalisInfo\/\",\"https:\/\/x.com\/KapitalisInfo\",\"https:\/\/www.youtube.com\/channel\/UC-yDYrHyfFBWWZaOw3FPg9Q\"]},{\"@type\":\"Person\",\"@id\":\"https:\/\/kapitalis.com\/tunisie\/#\/schema\/person\/d71f33a9ca44f7bad4698210b480c8e9\",\"name\":\"webmaster kapitalis\",\"url\":\"https:\/\/kapitalis.com\/tunisie\/author\/webmaster-kapitalis\/\"}]}<\/script>\n<!-- \/ Yoast SEO plugin. -->","yoast_head_json":{"title":"Le grand projet de Hamdi Meddeb pour l\u2019Esp\u00e9rance de Tunis - Kapitalis","robots":{"index":"index","follow":"follow","max-snippet":"max-snippet:-1","max-image-preview":"max-image-preview:large","max-video-preview":"max-video-preview:-1"},"canonical":"https:\/\/kapitalis.com\/tunisie\/2019\/01\/11\/le-grand-projet-de-hamdi-meddeb-pour-lesperance-de-tunis\/","og_locale":"fr_FR","og_type":"article","og_title":"Le grand projet de Hamdi Meddeb pour l\u2019Esp\u00e9rance de Tunis - Kapitalis","og_description":"Hamdi Meddeb, pr\u00e9sident de l\u2019Esp\u00e9rance sportive de Tunis (EST), envisagerait de lancer un grand projet pour son club. Il en fera l\u2019annonce \u00e0 l\u2019occasion de l\u2019ouverture des festivit\u00e9s du centenaire du club, mardi prochain 15 janvier 2019.","og_url":"https:\/\/kapitalis.com\/tunisie\/2019\/01\/11\/le-grand-projet-de-hamdi-meddeb-pour-lesperance-de-tunis\/","og_site_name":"Kapitalis","article_publisher":"https:\/\/www.facebook.com\/KapitalisInfo\/","article_published_time":"2019-01-11T13:23:33+00:00","og_image":[{"url":"http:\/\/kapitalis.com\/tunisie\/wp-content\/uploads\/2018\/07\/Hamdi-Meddeb-Esperance-1.jpg","type":"","width":"","height":""}],"author":"webmaster kapitalis","twitter_card":"summary_large_image","twitter_creator":"@KapitalisInfo","twitter_site":"@KapitalisInfo","twitter_misc":{"\u00c9crit par":"webmaster kapitalis","Dur\u00e9e de lecture estim\u00e9e":"1 minute"},"schema":{"@context":"https:\/\/schema.org","@graph":[{"@type":"Article","@id":"https:\/\/kapitalis.com\/tunisie\/2019\/01\/11\/le-grand-projet-de-hamdi-meddeb-pour-lesperance-de-tunis\/#article","isPartOf":{"@id":"https:\/\/kapitalis.com\/tunisie\/2019\/01\/11\/le-grand-projet-de-hamdi-meddeb-pour-lesperance-de-tunis\/"},"author":{"name":"webmaster kapitalis","@id":"https:\/\/kapitalis.com\/tunisie\/#\/schema\/person\/d71f33a9ca44f7bad4698210b480c8e9"},"headline":"Le grand projet de Hamdi Meddeb pour l\u2019Esp\u00e9rance de Tunis","datePublished":"2019-01-11T13:23:33+00:00","mainEntityOfPage":{"@id":"https:\/\/kapitalis.com\/tunisie\/2019\/01\/11\/le-grand-projet-de-hamdi-meddeb-pour-lesperance-de-tunis\/"},"wordCount":225,"commentCount":0,"publisher":{"@id":"https:\/\/kapitalis.com\/tunisie\/#organization"},"image":{"@id":"https:\/\/kapitalis.com\/tunisie\/2019\/01\/11\/le-grand-projet-de-hamdi-meddeb-pour-lesperance-de-tunis\/#primaryimage"},"thumbnailUrl":"http:\/\/kapitalis.com\/tunisie\/wp-content\/uploads\/2018\/07\/Hamdi-Meddeb-Esperance-1.jpg","keywords":["Esp\u00e9rance sportive de Tunis","Hamdi Meddeb"],"articleSection":["SPORT","Tunisie"],"inLanguage":"fr-FR","potentialAction":[{"@type":"CommentAction","name":"Comment","target":["https:\/\/kapitalis.com\/tunisie\/2019\/01\/11\/le-grand-projet-de-hamdi-meddeb-pour-lesperance-de-tunis\/#respond"]}]},{"@type":"WebPage","@id":"https:\/\/kapitalis.com\/tunisie\/2019\/01\/11\/le-grand-projet-de-hamdi-meddeb-pour-lesperance-de-tunis\/","url":"https:\/\/kapitalis.com\/tunisie\/2019\/01\/11\/le-grand-projet-de-hamdi-meddeb-pour-lesperance-de-tunis\/","name":"Le grand projet de Hamdi Meddeb pour l\u2019Esp\u00e9rance de Tunis - Kapitalis","isPartOf":{"@id":"https:\/\/kapitalis.com\/tunisie\/#website"},"primaryImageOfPage":{"@id":"https:\/\/kapitalis.com\/tunisie\/2019\/01\/11\/le-grand-projet-de-hamdi-meddeb-pour-lesperance-de-tunis\/#primaryimage"},"image":{"@id":"https:\/\/kapitalis.com\/tunisie\/2019\/01\/11\/le-grand-projet-de-hamdi-meddeb-pour-lesperance-de-tunis\/#primaryimage"},"thumbnailUrl":"http:\/\/kapitalis.com\/tunisie\/wp-content\/uploads\/2018\/07\/Hamdi-Meddeb-Esperance-1.jpg","datePublished":"2019-01-11T13:23:33+00:00","breadcrumb":{"@id":"https:\/\/kapitalis.com\/tunisie\/2019\/01\/11\/le-grand-projet-de-hamdi-meddeb-pour-lesperance-de-tunis\/#breadcrumb"},"inLanguage":"fr-FR","potentialAction":[{"@type":"ReadAction","target":["https:\/\/kapitalis.com\/tunisie\/2019\/01\/11\/le-grand-projet-de-hamdi-meddeb-pour-lesperance-de-tunis\/"]}]},{"@type":"ImageObject","inLanguage":"fr-FR","@id":"https:\/\/kapitalis.com\/tunisie\/2019\/01\/11\/le-grand-projet-de-hamdi-meddeb-pour-lesperance-de-tunis\/#primaryimage","url":"http:\/\/kapitalis.com\/tunisie\/wp-content\/uploads\/2018\/07\/Hamdi-Meddeb-Esperance-1.jpg","contentUrl":"http:\/\/kapitalis.com\/tunisie\/wp-content\/uploads\/2018\/07\/Hamdi-Meddeb-Esperance-1.jpg"},{"@type":"BreadcrumbList","@id":"https:\/\/kapitalis.com\/tunisie\/2019\/01\/11\/le-grand-projet-de-hamdi-meddeb-pour-lesperance-de-tunis\/#breadcrumb","itemListElement":[{"@type":"ListItem","position":1,"name":"Accueil","item":"https:\/\/kapitalis.com\/tunisie\/"},{"@type":"ListItem","position":2,"name":"Le grand projet de Hamdi Meddeb pour l\u2019Esp\u00e9rance de Tunis"}]},{"@type":"WebSite","@id":"https:\/\/kapitalis.com\/tunisie\/#website","url":"https:\/\/kapitalis.com\/tunisie\/","name":"Kapitalis","description":"L&#039;actualit\u00e9 en Tunisie et dans le monde","publisher":{"@id":"https:\/\/kapitalis.com\/tunisie\/#organization"},"potentialAction":[{"@type":"SearchAction","target":{"@type":"EntryPoint","urlTemplate":"https:\/\/kapitalis.com\/tunisie\/?s={search_term_string}"},"query-input":{"@type":"PropertyValueSpecification","valueRequired":true,"valueName":"search_term_string"}}],"inLanguage":"fr-FR"},{"@type":"Organization","@id":"https:\/\/kapitalis.com\/tunisie\/#organization","name":"Kapitalis","url":"https:\/\/kapitalis.com\/tunisie\/","logo":{"@type":"ImageObject","inLanguage":"fr-FR","@id":"https:\/\/kapitalis.com\/tunisie\/#\/schema\/logo\/image\/","url":"https:\/\/kapitalis.com\/tunisie\/wp-content\/uploads\/2022\/05\/Kapitalis-big-size.png","contentUrl":"https:\/\/kapitalis.com\/tunisie\/wp-content\/uploads\/2022\/05\/Kapitalis-big-size.png","width":5000,"height":1500,"caption":"Kapitalis"},"image":{"@id":"https:\/\/kapitalis.com\/tunisie\/#\/schema\/logo\/image\/"},"sameAs":["https:\/\/www.facebook.com\/KapitalisInfo\/","https:\/\/x.com\/KapitalisInfo","https:\/\/www.youtube.com\/channel\/UC-yDYrHyfFBWWZaOw3FPg9Q"]},{"@type":"Person","@id":"https:\/\/kapitalis.com\/tunisie\/#\/schema\/person\/d71f33a9ca44f7bad4698210b480c8e9","name":"webmaster kapitalis","url":"https:\/\/kapitalis.com\/tunisie\/author\/webmaster-kapitalis\/"}]}},"_links":{"self":[{"href":"https:\/\/kapitalis.com\/tunisie\/wp-json\/wp\/v2\/posts\/192756","targetHints":{"allow":["GET"]}}],"collection":[{"href":"https:\/\/kapitalis.com\/tunisie\/wp-json\/wp\/v2\/posts"}],"about":[{"href":"https:\/\/kapitalis.com\/tunisie\/wp-json\/wp\/v2\/types\/post"}],"author":[{"embeddable":true,"href":"https:\/\/kapitalis.com\/tunisie\/wp-json\/wp\/v2\/users\/8"}],"replies":[{"embeddable":true,"href":"https:\/\/kapitalis.com\/tunisie\/wp-json\/wp\/v2\/comments?post=192756"}],"version-history":[{"count":0,"href":"https:\/\/kapitalis.com\/tunisie\/wp-json\/wp\/v2\/posts\/192756\/revisions"}],"wp:attachment":[{"href":"https:\/\/kapitalis.com\/tunisie\/wp-json\/wp\/v2\/media?parent=192756"}],"wp:term":[{"taxonomy":"category","embeddable":true,"href":"https:\/\/kapitalis.com\/tunisie\/wp-json\/wp\/v2\/categories?post=192756"},{"taxonomy":"post_tag","embeddable":true,"href":"https:\/\/kapitalis.com\/tunisie\/wp-json\/wp\/v2\/tags?post=192756"}],"curies":[{"name":"wp","href":"https:\/\/api.w.org\/{rel}","templated":true}]}}