{"id":193037,"date":"2019-01-14T11:18:48","date_gmt":"2019-01-14T10:18:48","guid":{"rendered":"http:\/\/kapitalis.com\/tunisie\/?p=193037"},"modified":"2019-01-14T11:20:55","modified_gmt":"2019-01-14T10:20:55","slug":"lemission-la-classe-de-tounesna-porte-atteinte-a-lenfance-video","status":"publish","type":"post","link":"https:\/\/kapitalis.com\/tunisie\/2019\/01\/14\/lemission-la-classe-de-tounesna-porte-atteinte-a-lenfance-video\/","title":{"rendered":"L\u2019\u00e9mission \u00ab\u00a0La classe\u00a0\u00bb de Tounesna porte atteinte \u00e0 l&rsquo;enfance (vid\u00e9o)"},"content":{"rendered":"<p style=\"text-align: center;\"><img loading=\"lazy\" decoding=\"async\" class=\"alignnone size-full wp-image-193040\" src=\"http:\/\/kapitalis.com\/tunisie\/wp-content\/uploads\/2019\/01\/Tounesna-La-Classe-Akremi.jpg\" alt=\"\" width=\"626\" height=\"380\" \/><\/p>\n<p><em><strong>La nouvelle \u00e9mission \u00ab\u00a0La classe\u00a0\u00bb, diffus\u00e9e sur la cha\u00eene priv\u00e9e Tounesna, n\u2019a pas \u00e9t\u00e9 du go\u00fbt du minist\u00e8re de la Femme, de la Famille et de l\u2019Enfance, ni de celui de la Haute autorit\u00e9 ind\u00e9pendante de la communication audiovisuelle (Haica), qui y ont vu une atteinte \u00e0 l\u2019enfance.<\/strong><\/em><!--more--><\/p>\n<p>L&rsquo;\u00e9mission invite un homme politique qui se fait interroger par des \u00e9l\u00e8ves sur la vie politique et sur son appr\u00e9ciation d\u2019autres politiciens. Lazhar Akremi, l\u2019invit\u00e9e de la 1<sup>\u00e8re<\/sup> \u00e9mission,\u00a0diffus\u00e9e samedi dernier, le 12 janvier 2019,\u00a0a, selon le minist\u00e8re de l&rsquo;Enfance et la Haica, profit\u00e9 de cette apparition t\u00e9l\u00e9vis\u00e9e pour r\u00e9gler ses comptes politiques.<\/p>\n<p>Dans un communiqu\u00e9 rendu public hier, dimanche 13 janvier 2019, le minist\u00e8re a estim\u00e9 que le contenu de l\u2019\u00e9mission n\u2019a aucun lien avec la participation de l\u2019enfant \u00e0 la vie politique ni avec son droit \u00e0 la libert\u00e9 d\u2019expression, mais elle utilise des mineurs pour faire passer les positions personnelles de l\u2019invit\u00e9, parfois \u00e0 la limite de l\u2019incitation \u00e0 la haine.<\/p>\n<p>\u00ab<em>Le contenu diffus\u00e9 ne respecte pas les dispositions de l\u2019article 19 du Code de la Protection de l\u2019enfant qui exige de le tenir \u00e0 l\u2019\u00e9cart des querelles politiques, d\u2019autant que les participants sont \u00e2g\u00e9s entre 8 et 9 ans et que leur \u00e2ge et leur degr\u00e9 de maturit\u00e9 n\u2019ont pas \u00e9t\u00e9 pris en consid\u00e9ration<\/em>\u00bb, lit-on dans le m\u00eame communiqu\u00e9.<\/p>\n<p>De son c\u00f4t\u00e9 la Haica n\u2019a affirm\u00e9, dans un communiqu\u00e9, que cette \u00e9mission constitue une violation flagrante des droits de l\u2019enfant, qui n&rsquo;est cens\u00e9 \u00eatre m\u00eal\u00e9 \u00e0 son insu \u00e0 des querelles d&rsquo;adultes.<\/p>\n<p>L\u2019instance a ajout\u00e9 qu\u2019un avis d&rsquo; infraction a \u00e9t\u00e9 adress\u00e9 au repr\u00e9sentant l\u00e9gal de Tounesna TV, en pr\u00e9cisant que ce dernier a \u00e9t\u00e9 convoqu\u00e9 pour \u00eatre entendu, aujourd\u2019hui, \u00e0 ce sujet.<\/p>\n<div class=\"embed\">\n<div class=\"video\">\n<iframe loading=\"lazy\" width=\"560\" height=\"315\" src=\"https:\/\/www.youtube.com\/embed\/kTvWZ6dZCKU\" frameborder=\"0\" allow=\"accelerometer; autoplay; encrypted-media; gyroscope; picture-in-picture\" allowfullscreen><\/iframe>\n<\/div>\n<\/div>\n<p>&nbsp;<\/p>\n<p style=\"text-align: right;\"><strong>Y. N.<\/strong><\/p>\n","protected":false},"excerpt":{"rendered":"<p>La nouvelle \u00e9mission \u00ab\u00a0La classe\u00a0\u00bb, diffus\u00e9e sur la cha\u00eene priv\u00e9e Tounesna, n\u2019a pas \u00e9t\u00e9 du go\u00fbt du minist\u00e8re de la Femme, de la Famille et de l\u2019Enfance, ni de celui de la Haute autorit\u00e9 ind\u00e9pendante de la communication audiovisuelle (Haica), qui y ont vu une atteinte \u00e0 l\u2019enfance.<\/p>\n","protected":false},"author":6,"featured_media":193040,"comment_status":"open","ping_status":"open","sticky":false,"template":"","format":"standard","meta":{"footnotes":""},"categories":[996,997,2433,4806],"tags":[2884,321,1843,612,731],"class_list":["post-193037","post","type-post","status-publish","format-standard","has-post-thumbnail","hentry","category-media","category-politique","category-tunisie","category-videos","tag-emission","tag-enfants","tag-haica","tag-ministere","tag-politique"],"yoast_head":"<!-- This site is optimized with the Yoast SEO plugin v26.6 - https:\/\/yoast.com\/wordpress\/plugins\/seo\/ -->\n<title>L\u2019\u00e9mission &quot;La classe&quot; de Tounesna porte atteinte \u00e0 l&#039;enfance (vid\u00e9o) - Kapitalis<\/title>\n<meta name=\"robots\" content=\"index, follow, max-snippet:-1, max-image-preview:large, max-video-preview:-1\" \/>\n<link rel=\"canonical\" href=\"https:\/\/kapitalis.com\/tunisie\/2019\/01\/14\/lemission-la-classe-de-tounesna-porte-atteinte-a-lenfance-video\/\" \/>\n<meta property=\"og:locale\" content=\"fr_FR\" \/>\n<meta property=\"og:type\" content=\"article\" \/>\n<meta property=\"og:title\" content=\"L\u2019\u00e9mission &quot;La classe&quot; de Tounesna porte atteinte \u00e0 l&#039;enfance (vid\u00e9o) - Kapitalis\" \/>\n<meta property=\"og:description\" content=\"La nouvelle \u00e9mission \u00ab\u00a0La classe\u00a0\u00bb, diffus\u00e9e sur la cha\u00eene priv\u00e9e Tounesna, n\u2019a pas \u00e9t\u00e9 du go\u00fbt du minist\u00e8re de la Femme, de la Famille et de l\u2019Enfance, ni de celui de la Haute autorit\u00e9 ind\u00e9pendante de la communication audiovisuelle (Haica), qui y ont vu une atteinte \u00e0 l\u2019enfance.\" \/>\n<meta property=\"og:url\" content=\"https:\/\/kapitalis.com\/tunisie\/2019\/01\/14\/lemission-la-classe-de-tounesna-porte-atteinte-a-lenfance-video\/\" \/>\n<meta property=\"og:site_name\" content=\"Kapitalis\" \/>\n<meta property=\"article:publisher\" content=\"https:\/\/www.facebook.com\/KapitalisInfo\/\" \/>\n<meta property=\"article:published_time\" content=\"2019-01-14T10:18:48+00:00\" \/>\n<meta property=\"article:modified_time\" content=\"2019-01-14T10:20:55+00:00\" \/>\n<meta property=\"og:image\" content=\"https:\/\/kapitalis.com\/tunisie\/wp-content\/uploads\/2022\/05\/kapitalis-logo-fb.png\" \/>\n\t<meta property=\"og:image:width\" content=\"1200\" \/>\n\t<meta property=\"og:image:height\" content=\"630\" \/>\n\t<meta property=\"og:image:type\" content=\"image\/png\" \/>\n<meta name=\"author\" content=\"Yusra NY\" \/>\n<meta name=\"twitter:card\" content=\"summary_large_image\" \/>\n<meta name=\"twitter:creator\" content=\"@KapitalisInfo\" \/>\n<meta name=\"twitter:site\" content=\"@KapitalisInfo\" \/>\n<meta name=\"twitter:label1\" content=\"\u00c9crit par\" \/>\n\t<meta name=\"twitter:data1\" content=\"Yusra NY\" \/>\n\t<meta name=\"twitter:label2\" content=\"Dur\u00e9e de lecture estim\u00e9e\" \/>\n\t<meta name=\"twitter:data2\" content=\"2 minutes\" \/>\n<script type=\"application\/ld+json\" class=\"yoast-schema-graph\">{\"@context\":\"https:\/\/schema.org\",\"@graph\":[{\"@type\":\"Article\",\"@id\":\"https:\/\/kapitalis.com\/tunisie\/2019\/01\/14\/lemission-la-classe-de-tounesna-porte-atteinte-a-lenfance-video\/#article\",\"isPartOf\":{\"@id\":\"https:\/\/kapitalis.com\/tunisie\/2019\/01\/14\/lemission-la-classe-de-tounesna-porte-atteinte-a-lenfance-video\/\"},\"author\":{\"name\":\"Yusra NY\",\"@id\":\"https:\/\/kapitalis.com\/tunisie\/#\/schema\/person\/74bbde0154d49d790a92aaeac5bc01d5\"},\"headline\":\"L\u2019\u00e9mission \u00ab\u00a0La classe\u00a0\u00bb de Tounesna porte atteinte \u00e0 l&rsquo;enfance (vid\u00e9o)\",\"datePublished\":\"2019-01-14T10:18:48+00:00\",\"dateModified\":\"2019-01-14T10:20:55+00:00\",\"mainEntityOfPage\":{\"@id\":\"https:\/\/kapitalis.com\/tunisie\/2019\/01\/14\/lemission-la-classe-de-tounesna-porte-atteinte-a-lenfance-video\/\"},\"wordCount\":331,\"commentCount\":0,\"publisher\":{\"@id\":\"https:\/\/kapitalis.com\/tunisie\/#organization\"},\"image\":{\"@id\":\"https:\/\/kapitalis.com\/tunisie\/2019\/01\/14\/lemission-la-classe-de-tounesna-porte-atteinte-a-lenfance-video\/#primaryimage\"},\"thumbnailUrl\":\"\",\"keywords\":[\"\u00e9mission\",\"enfants\",\"Haica\",\"minist\u00e8re\",\"politique\"],\"articleSection\":[\"MEDIA\",\"POLITIQUE\",\"Tunisie\",\"VIDEOS\"],\"inLanguage\":\"fr-FR\",\"potentialAction\":[{\"@type\":\"CommentAction\",\"name\":\"Comment\",\"target\":[\"https:\/\/kapitalis.com\/tunisie\/2019\/01\/14\/lemission-la-classe-de-tounesna-porte-atteinte-a-lenfance-video\/#respond\"]}]},{\"@type\":\"WebPage\",\"@id\":\"https:\/\/kapitalis.com\/tunisie\/2019\/01\/14\/lemission-la-classe-de-tounesna-porte-atteinte-a-lenfance-video\/\",\"url\":\"https:\/\/kapitalis.com\/tunisie\/2019\/01\/14\/lemission-la-classe-de-tounesna-porte-atteinte-a-lenfance-video\/\",\"name\":\"L\u2019\u00e9mission \\\"La classe\\\" de Tounesna porte atteinte \u00e0 l'enfance (vid\u00e9o) - Kapitalis\",\"isPartOf\":{\"@id\":\"https:\/\/kapitalis.com\/tunisie\/#website\"},\"primaryImageOfPage\":{\"@id\":\"https:\/\/kapitalis.com\/tunisie\/2019\/01\/14\/lemission-la-classe-de-tounesna-porte-atteinte-a-lenfance-video\/#primaryimage\"},\"image\":{\"@id\":\"https:\/\/kapitalis.com\/tunisie\/2019\/01\/14\/lemission-la-classe-de-tounesna-porte-atteinte-a-lenfance-video\/#primaryimage\"},\"thumbnailUrl\":\"\",\"datePublished\":\"2019-01-14T10:18:48+00:00\",\"dateModified\":\"2019-01-14T10:20:55+00:00\",\"breadcrumb\":{\"@id\":\"https:\/\/kapitalis.com\/tunisie\/2019\/01\/14\/lemission-la-classe-de-tounesna-porte-atteinte-a-lenfance-video\/#breadcrumb\"},\"inLanguage\":\"fr-FR\",\"potentialAction\":[{\"@type\":\"ReadAction\",\"target\":[\"https:\/\/kapitalis.com\/tunisie\/2019\/01\/14\/lemission-la-classe-de-tounesna-porte-atteinte-a-lenfance-video\/\"]}]},{\"@type\":\"ImageObject\",\"inLanguage\":\"fr-FR\",\"@id\":\"https:\/\/kapitalis.com\/tunisie\/2019\/01\/14\/lemission-la-classe-de-tounesna-porte-atteinte-a-lenfance-video\/#primaryimage\",\"url\":\"\",\"contentUrl\":\"\"},{\"@type\":\"BreadcrumbList\",\"@id\":\"https:\/\/kapitalis.com\/tunisie\/2019\/01\/14\/lemission-la-classe-de-tounesna-porte-atteinte-a-lenfance-video\/#breadcrumb\",\"itemListElement\":[{\"@type\":\"ListItem\",\"position\":1,\"name\":\"Accueil\",\"item\":\"https:\/\/kapitalis.com\/tunisie\/\"},{\"@type\":\"ListItem\",\"position\":2,\"name\":\"L\u2019\u00e9mission \u00ab\u00a0La classe\u00a0\u00bb de Tounesna porte atteinte \u00e0 l&rsquo;enfance (vid\u00e9o)\"}]},{\"@type\":\"WebSite\",\"@id\":\"https:\/\/kapitalis.com\/tunisie\/#website\",\"url\":\"https:\/\/kapitalis.com\/tunisie\/\",\"name\":\"Kapitalis\",\"description\":\"L&#039;actualit\u00e9 en Tunisie et dans le monde\",\"publisher\":{\"@id\":\"https:\/\/kapitalis.com\/tunisie\/#organization\"},\"potentialAction\":[{\"@type\":\"SearchAction\",\"target\":{\"@type\":\"EntryPoint\",\"urlTemplate\":\"https:\/\/kapitalis.com\/tunisie\/?s={search_term_string}\"},\"query-input\":{\"@type\":\"PropertyValueSpecification\",\"valueRequired\":true,\"valueName\":\"search_term_string\"}}],\"inLanguage\":\"fr-FR\"},{\"@type\":\"Organization\",\"@id\":\"https:\/\/kapitalis.com\/tunisie\/#organization\",\"name\":\"Kapitalis\",\"url\":\"https:\/\/kapitalis.com\/tunisie\/\",\"logo\":{\"@type\":\"ImageObject\",\"inLanguage\":\"fr-FR\",\"@id\":\"https:\/\/kapitalis.com\/tunisie\/#\/schema\/logo\/image\/\",\"url\":\"https:\/\/kapitalis.com\/tunisie\/wp-content\/uploads\/2022\/05\/Kapitalis-big-size.png\",\"contentUrl\":\"https:\/\/kapitalis.com\/tunisie\/wp-content\/uploads\/2022\/05\/Kapitalis-big-size.png\",\"width\":5000,\"height\":1500,\"caption\":\"Kapitalis\"},\"image\":{\"@id\":\"https:\/\/kapitalis.com\/tunisie\/#\/schema\/logo\/image\/\"},\"sameAs\":[\"https:\/\/www.facebook.com\/KapitalisInfo\/\",\"https:\/\/x.com\/KapitalisInfo\",\"https:\/\/www.youtube.com\/channel\/UC-yDYrHyfFBWWZaOw3FPg9Q\"]},{\"@type\":\"Person\",\"@id\":\"https:\/\/kapitalis.com\/tunisie\/#\/schema\/person\/74bbde0154d49d790a92aaeac5bc01d5\",\"name\":\"Yusra NY\",\"url\":\"https:\/\/kapitalis.com\/tunisie\/author\/yuza_adam\/\"}]}<\/script>\n<!-- \/ Yoast SEO plugin. -->","yoast_head_json":{"title":"L\u2019\u00e9mission \"La classe\" de Tounesna porte atteinte \u00e0 l'enfance (vid\u00e9o) - Kapitalis","robots":{"index":"index","follow":"follow","max-snippet":"max-snippet:-1","max-image-preview":"max-image-preview:large","max-video-preview":"max-video-preview:-1"},"canonical":"https:\/\/kapitalis.com\/tunisie\/2019\/01\/14\/lemission-la-classe-de-tounesna-porte-atteinte-a-lenfance-video\/","og_locale":"fr_FR","og_type":"article","og_title":"L\u2019\u00e9mission \"La classe\" de Tounesna porte atteinte \u00e0 l'enfance (vid\u00e9o) - Kapitalis","og_description":"La nouvelle \u00e9mission \u00ab\u00a0La classe\u00a0\u00bb, diffus\u00e9e sur la cha\u00eene priv\u00e9e Tounesna, n\u2019a pas \u00e9t\u00e9 du go\u00fbt du minist\u00e8re de la Femme, de la Famille et de l\u2019Enfance, ni de celui de la Haute autorit\u00e9 ind\u00e9pendante de la communication audiovisuelle (Haica), qui y ont vu une atteinte \u00e0 l\u2019enfance.","og_url":"https:\/\/kapitalis.com\/tunisie\/2019\/01\/14\/lemission-la-classe-de-tounesna-porte-atteinte-a-lenfance-video\/","og_site_name":"Kapitalis","article_publisher":"https:\/\/www.facebook.com\/KapitalisInfo\/","article_published_time":"2019-01-14T10:18:48+00:00","article_modified_time":"2019-01-14T10:20:55+00:00","og_image":[{"width":1200,"height":630,"url":"https:\/\/kapitalis.com\/tunisie\/wp-content\/uploads\/2022\/05\/kapitalis-logo-fb.png","type":"image\/png"}],"author":"Yusra NY","twitter_card":"summary_large_image","twitter_creator":"@KapitalisInfo","twitter_site":"@KapitalisInfo","twitter_misc":{"\u00c9crit par":"Yusra NY","Dur\u00e9e de lecture estim\u00e9e":"2 minutes"},"schema":{"@context":"https:\/\/schema.org","@graph":[{"@type":"Article","@id":"https:\/\/kapitalis.com\/tunisie\/2019\/01\/14\/lemission-la-classe-de-tounesna-porte-atteinte-a-lenfance-video\/#article","isPartOf":{"@id":"https:\/\/kapitalis.com\/tunisie\/2019\/01\/14\/lemission-la-classe-de-tounesna-porte-atteinte-a-lenfance-video\/"},"author":{"name":"Yusra NY","@id":"https:\/\/kapitalis.com\/tunisie\/#\/schema\/person\/74bbde0154d49d790a92aaeac5bc01d5"},"headline":"L\u2019\u00e9mission \u00ab\u00a0La classe\u00a0\u00bb de Tounesna porte atteinte \u00e0 l&rsquo;enfance (vid\u00e9o)","datePublished":"2019-01-14T10:18:48+00:00","dateModified":"2019-01-14T10:20:55+00:00","mainEntityOfPage":{"@id":"https:\/\/kapitalis.com\/tunisie\/2019\/01\/14\/lemission-la-classe-de-tounesna-porte-atteinte-a-lenfance-video\/"},"wordCount":331,"commentCount":0,"publisher":{"@id":"https:\/\/kapitalis.com\/tunisie\/#organization"},"image":{"@id":"https:\/\/kapitalis.com\/tunisie\/2019\/01\/14\/lemission-la-classe-de-tounesna-porte-atteinte-a-lenfance-video\/#primaryimage"},"thumbnailUrl":"","keywords":["\u00e9mission","enfants","Haica","minist\u00e8re","politique"],"articleSection":["MEDIA","POLITIQUE","Tunisie","VIDEOS"],"inLanguage":"fr-FR","potentialAction":[{"@type":"CommentAction","name":"Comment","target":["https:\/\/kapitalis.com\/tunisie\/2019\/01\/14\/lemission-la-classe-de-tounesna-porte-atteinte-a-lenfance-video\/#respond"]}]},{"@type":"WebPage","@id":"https:\/\/kapitalis.com\/tunisie\/2019\/01\/14\/lemission-la-classe-de-tounesna-porte-atteinte-a-lenfance-video\/","url":"https:\/\/kapitalis.com\/tunisie\/2019\/01\/14\/lemission-la-classe-de-tounesna-porte-atteinte-a-lenfance-video\/","name":"L\u2019\u00e9mission \"La classe\" de Tounesna porte atteinte \u00e0 l'enfance (vid\u00e9o) - Kapitalis","isPartOf":{"@id":"https:\/\/kapitalis.com\/tunisie\/#website"},"primaryImageOfPage":{"@id":"https:\/\/kapitalis.com\/tunisie\/2019\/01\/14\/lemission-la-classe-de-tounesna-porte-atteinte-a-lenfance-video\/#primaryimage"},"image":{"@id":"https:\/\/kapitalis.com\/tunisie\/2019\/01\/14\/lemission-la-classe-de-tounesna-porte-atteinte-a-lenfance-video\/#primaryimage"},"thumbnailUrl":"","datePublished":"2019-01-14T10:18:48+00:00","dateModified":"2019-01-14T10:20:55+00:00","breadcrumb":{"@id":"https:\/\/kapitalis.com\/tunisie\/2019\/01\/14\/lemission-la-classe-de-tounesna-porte-atteinte-a-lenfance-video\/#breadcrumb"},"inLanguage":"fr-FR","potentialAction":[{"@type":"ReadAction","target":["https:\/\/kapitalis.com\/tunisie\/2019\/01\/14\/lemission-la-classe-de-tounesna-porte-atteinte-a-lenfance-video\/"]}]},{"@type":"ImageObject","inLanguage":"fr-FR","@id":"https:\/\/kapitalis.com\/tunisie\/2019\/01\/14\/lemission-la-classe-de-tounesna-porte-atteinte-a-lenfance-video\/#primaryimage","url":"","contentUrl":""},{"@type":"BreadcrumbList","@id":"https:\/\/kapitalis.com\/tunisie\/2019\/01\/14\/lemission-la-classe-de-tounesna-porte-atteinte-a-lenfance-video\/#breadcrumb","itemListElement":[{"@type":"ListItem","position":1,"name":"Accueil","item":"https:\/\/kapitalis.com\/tunisie\/"},{"@type":"ListItem","position":2,"name":"L\u2019\u00e9mission \u00ab\u00a0La classe\u00a0\u00bb de Tounesna porte atteinte \u00e0 l&rsquo;enfance (vid\u00e9o)"}]},{"@type":"WebSite","@id":"https:\/\/kapitalis.com\/tunisie\/#website","url":"https:\/\/kapitalis.com\/tunisie\/","name":"Kapitalis","description":"L&#039;actualit\u00e9 en Tunisie et dans le monde","publisher":{"@id":"https:\/\/kapitalis.com\/tunisie\/#organization"},"potentialAction":[{"@type":"SearchAction","target":{"@type":"EntryPoint","urlTemplate":"https:\/\/kapitalis.com\/tunisie\/?s={search_term_string}"},"query-input":{"@type":"PropertyValueSpecification","valueRequired":true,"valueName":"search_term_string"}}],"inLanguage":"fr-FR"},{"@type":"Organization","@id":"https:\/\/kapitalis.com\/tunisie\/#organization","name":"Kapitalis","url":"https:\/\/kapitalis.com\/tunisie\/","logo":{"@type":"ImageObject","inLanguage":"fr-FR","@id":"https:\/\/kapitalis.com\/tunisie\/#\/schema\/logo\/image\/","url":"https:\/\/kapitalis.com\/tunisie\/wp-content\/uploads\/2022\/05\/Kapitalis-big-size.png","contentUrl":"https:\/\/kapitalis.com\/tunisie\/wp-content\/uploads\/2022\/05\/Kapitalis-big-size.png","width":5000,"height":1500,"caption":"Kapitalis"},"image":{"@id":"https:\/\/kapitalis.com\/tunisie\/#\/schema\/logo\/image\/"},"sameAs":["https:\/\/www.facebook.com\/KapitalisInfo\/","https:\/\/x.com\/KapitalisInfo","https:\/\/www.youtube.com\/channel\/UC-yDYrHyfFBWWZaOw3FPg9Q"]},{"@type":"Person","@id":"https:\/\/kapitalis.com\/tunisie\/#\/schema\/person\/74bbde0154d49d790a92aaeac5bc01d5","name":"Yusra NY","url":"https:\/\/kapitalis.com\/tunisie\/author\/yuza_adam\/"}]}},"_links":{"self":[{"href":"https:\/\/kapitalis.com\/tunisie\/wp-json\/wp\/v2\/posts\/193037","targetHints":{"allow":["GET"]}}],"collection":[{"href":"https:\/\/kapitalis.com\/tunisie\/wp-json\/wp\/v2\/posts"}],"about":[{"href":"https:\/\/kapitalis.com\/tunisie\/wp-json\/wp\/v2\/types\/post"}],"author":[{"embeddable":true,"href":"https:\/\/kapitalis.com\/tunisie\/wp-json\/wp\/v2\/users\/6"}],"replies":[{"embeddable":true,"href":"https:\/\/kapitalis.com\/tunisie\/wp-json\/wp\/v2\/comments?post=193037"}],"version-history":[{"count":0,"href":"https:\/\/kapitalis.com\/tunisie\/wp-json\/wp\/v2\/posts\/193037\/revisions"}],"wp:featuredmedia":[{"embeddable":true,"href":"https:\/\/kapitalis.com\/tunisie\/wp-json\/wp\/v2\/media\/193040"}],"wp:attachment":[{"href":"https:\/\/kapitalis.com\/tunisie\/wp-json\/wp\/v2\/media?parent=193037"}],"wp:term":[{"taxonomy":"category","embeddable":true,"href":"https:\/\/kapitalis.com\/tunisie\/wp-json\/wp\/v2\/categories?post=193037"},{"taxonomy":"post_tag","embeddable":true,"href":"https:\/\/kapitalis.com\/tunisie\/wp-json\/wp\/v2\/tags?post=193037"}],"curies":[{"name":"wp","href":"https:\/\/api.w.org\/{rel}","templated":true}]}}