{"id":193132,"date":"2019-01-14T17:29:02","date_gmt":"2019-01-14T16:29:02","guid":{"rendered":"http:\/\/kapitalis.com\/tunisie\/?p=193132"},"modified":"2019-01-14T17:29:02","modified_gmt":"2019-01-14T16:29:02","slug":"presidentielle-2019-mohamed-abbou-le-candidat-naturel-dattayar","status":"publish","type":"post","link":"https:\/\/kapitalis.com\/tunisie\/2019\/01\/14\/presidentielle-2019-mohamed-abbou-le-candidat-naturel-dattayar\/","title":{"rendered":"Pr\u00e9sidentielle 2019 : Mohamed Abbou, le candidat naturel d&rsquo;Attayar"},"content":{"rendered":"<p style=\"text-align: center;\"><img loading=\"lazy\" decoding=\"async\" class=\"alignnone size-full wp-image-193134\" src=\"http:\/\/kapitalis.com\/tunisie\/wp-content\/uploads\/2019\/01\/Mohamed-Abbou.jpg\" alt=\"\" width=\"626\" height=\"380\" \/><\/p>\n<p><em><strong>Mohamed Abbou, pr\u00e9sident honoraire d&rsquo;Attayar (Courant d\u00e9mocratique), pourrait \u00eatre le candidat du parti aux \u00e9lections pr\u00e9sidentielles pr\u00e9vues \u00e0 la fin de 2019.<\/strong><\/em><!--more--><\/p>\n<p>C&rsquo;est ce qu&rsquo;a indiqu\u00e9 Ghazi Chaouachi, d\u00e9put\u00e9 et secr\u00e9taire g\u00e9n\u00e9ral d&rsquo;Attayar, aujourd&rsquo;hui, lundi 14 janvier 2019, dans une d\u00e9claration \u00e0 l&rsquo;agence Tap, en pr\u00e9cisant qu&rsquo;\u00e0 l&rsquo;heure actuelle, M. Abbou h\u00e9site encore \u00e0 pr\u00e9senter sa candidature \u00e0 ces \u00e9lections. Mais, Attayar voit en lui le candidat ad\u00e9quat pour le repr\u00e9senter \u00e0 cette \u00e9ch\u00e9ance \u00e9lectorale, a-t-il indiqu\u00e9, ajoutant que la d\u00e9cision finale \u00e0 ce sujet sera prise suite \u00e0 la tenue du congr\u00e8s national du parti.<\/p>\n<p>Sauf donc surprise ou emp\u00eachement majeur, M. Abbou sera le candidat naturel d&rsquo;Attayar pour le Palais de Carthage, m\u00eame si, pour le moment, il n&rsquo;arrive pas \u00e0 vraiment d\u00e9coller dans les sondages de popularit\u00e9, o\u00f9 sa femme, la d\u00e9put\u00e9e Samia Abbou, grande gueule devant l&rsquo;Eternel, le devance souvent d&rsquo;une petite t\u00eate. Mais, entre \u00e9poux, on se compl\u00e8te souvent pour ne pas avoir \u00e0 se d\u00e9partager. Et les Abbou sont fusionnels, en politique comme dans a vie.<\/p>\n<p>Sur un autre plan, le parlementaire a, par ailleurs, indiqu\u00e9 qu&rsquo;Attayar pourrait se pr\u00e9senter aux \u00e9lections l\u00e9gislatives avec des listes communes avec d&rsquo;autres partis politiques, sans pr\u00e9ciser lesquels.<\/p>\n<p style=\"text-align: right;\"><strong>E. B. A.<\/strong><\/p>\n","protected":false},"excerpt":{"rendered":"<p>Mohamed Abbou, pr\u00e9sident honoraire d&rsquo;Attayar (Courant d\u00e9mocratique), pourrait \u00eatre le candidat du parti aux \u00e9lections pr\u00e9sidentielles pr\u00e9vues \u00e0 la fin de 2019.<\/p>\n","protected":false},"author":16,"featured_media":193134,"comment_status":"open","ping_status":"open","sticky":false,"template":"","format":"standard","meta":{"footnotes":""},"categories":[997,2433],"tags":[15519,9314,15936,4416],"class_list":["post-193132","post","type-post","status-publish","format-standard","has-post-thumbnail","hentry","category-politique","category-tunisie","tag-attayar","tag-elections-presidentielles","tag-ghazi-chaouachi","tag-mohamed-abbou"],"yoast_head":"<!-- This site is optimized with the Yoast SEO plugin v26.6 - https:\/\/yoast.com\/wordpress\/plugins\/seo\/ -->\n<title>Pr\u00e9sidentielle 2019 : Mohamed Abbou, le candidat naturel d&#039;Attayar - Kapitalis<\/title>\n<meta name=\"robots\" content=\"index, follow, max-snippet:-1, max-image-preview:large, max-video-preview:-1\" \/>\n<link rel=\"canonical\" href=\"https:\/\/kapitalis.com\/tunisie\/2019\/01\/14\/presidentielle-2019-mohamed-abbou-le-candidat-naturel-dattayar\/\" \/>\n<meta property=\"og:locale\" content=\"fr_FR\" \/>\n<meta property=\"og:type\" content=\"article\" \/>\n<meta property=\"og:title\" content=\"Pr\u00e9sidentielle 2019 : Mohamed Abbou, le candidat naturel d&#039;Attayar - Kapitalis\" \/>\n<meta property=\"og:description\" content=\"Mohamed Abbou, pr\u00e9sident honoraire d&rsquo;Attayar (Courant d\u00e9mocratique), pourrait \u00eatre le candidat du parti aux \u00e9lections pr\u00e9sidentielles pr\u00e9vues \u00e0 la fin de 2019.\" \/>\n<meta property=\"og:url\" content=\"https:\/\/kapitalis.com\/tunisie\/2019\/01\/14\/presidentielle-2019-mohamed-abbou-le-candidat-naturel-dattayar\/\" \/>\n<meta property=\"og:site_name\" content=\"Kapitalis\" \/>\n<meta property=\"article:publisher\" content=\"https:\/\/www.facebook.com\/KapitalisInfo\/\" \/>\n<meta property=\"article:published_time\" content=\"2019-01-14T16:29:02+00:00\" \/>\n<meta property=\"og:image\" content=\"https:\/\/kapitalis.com\/tunisie\/wp-content\/uploads\/2022\/05\/kapitalis-logo-fb.png\" \/>\n\t<meta property=\"og:image:width\" content=\"1200\" \/>\n\t<meta property=\"og:image:height\" content=\"630\" \/>\n\t<meta property=\"og:image:type\" content=\"image\/png\" \/>\n<meta name=\"author\" content=\"emna benabdallah\" \/>\n<meta name=\"twitter:card\" content=\"summary_large_image\" \/>\n<meta name=\"twitter:creator\" content=\"@KapitalisInfo\" \/>\n<meta name=\"twitter:site\" content=\"@KapitalisInfo\" \/>\n<meta name=\"twitter:label1\" content=\"\u00c9crit par\" \/>\n\t<meta name=\"twitter:data1\" content=\"emna benabdallah\" \/>\n\t<meta name=\"twitter:label2\" content=\"Dur\u00e9e de lecture estim\u00e9e\" \/>\n\t<meta name=\"twitter:data2\" content=\"1 minute\" \/>\n<script type=\"application\/ld+json\" class=\"yoast-schema-graph\">{\"@context\":\"https:\/\/schema.org\",\"@graph\":[{\"@type\":\"Article\",\"@id\":\"https:\/\/kapitalis.com\/tunisie\/2019\/01\/14\/presidentielle-2019-mohamed-abbou-le-candidat-naturel-dattayar\/#article\",\"isPartOf\":{\"@id\":\"https:\/\/kapitalis.com\/tunisie\/2019\/01\/14\/presidentielle-2019-mohamed-abbou-le-candidat-naturel-dattayar\/\"},\"author\":{\"name\":\"emna benabdallah\",\"@id\":\"https:\/\/kapitalis.com\/tunisie\/#\/schema\/person\/2c6e134b2f3369dffcd1daf5f087d28b\"},\"headline\":\"Pr\u00e9sidentielle 2019 : Mohamed Abbou, le candidat naturel d&rsquo;Attayar\",\"datePublished\":\"2019-01-14T16:29:02+00:00\",\"mainEntityOfPage\":{\"@id\":\"https:\/\/kapitalis.com\/tunisie\/2019\/01\/14\/presidentielle-2019-mohamed-abbou-le-candidat-naturel-dattayar\/\"},\"wordCount\":227,\"commentCount\":5,\"publisher\":{\"@id\":\"https:\/\/kapitalis.com\/tunisie\/#organization\"},\"image\":{\"@id\":\"https:\/\/kapitalis.com\/tunisie\/2019\/01\/14\/presidentielle-2019-mohamed-abbou-le-candidat-naturel-dattayar\/#primaryimage\"},\"thumbnailUrl\":\"\",\"keywords\":[\"Attayar\",\"\u00e9lections pr\u00e9sidentielles\",\"Ghazi Chaouachi\",\"Mohamed Abbou\"],\"articleSection\":[\"POLITIQUE\",\"Tunisie\"],\"inLanguage\":\"fr-FR\",\"potentialAction\":[{\"@type\":\"CommentAction\",\"name\":\"Comment\",\"target\":[\"https:\/\/kapitalis.com\/tunisie\/2019\/01\/14\/presidentielle-2019-mohamed-abbou-le-candidat-naturel-dattayar\/#respond\"]}]},{\"@type\":\"WebPage\",\"@id\":\"https:\/\/kapitalis.com\/tunisie\/2019\/01\/14\/presidentielle-2019-mohamed-abbou-le-candidat-naturel-dattayar\/\",\"url\":\"https:\/\/kapitalis.com\/tunisie\/2019\/01\/14\/presidentielle-2019-mohamed-abbou-le-candidat-naturel-dattayar\/\",\"name\":\"Pr\u00e9sidentielle 2019 : Mohamed Abbou, le candidat naturel d'Attayar - Kapitalis\",\"isPartOf\":{\"@id\":\"https:\/\/kapitalis.com\/tunisie\/#website\"},\"primaryImageOfPage\":{\"@id\":\"https:\/\/kapitalis.com\/tunisie\/2019\/01\/14\/presidentielle-2019-mohamed-abbou-le-candidat-naturel-dattayar\/#primaryimage\"},\"image\":{\"@id\":\"https:\/\/kapitalis.com\/tunisie\/2019\/01\/14\/presidentielle-2019-mohamed-abbou-le-candidat-naturel-dattayar\/#primaryimage\"},\"thumbnailUrl\":\"\",\"datePublished\":\"2019-01-14T16:29:02+00:00\",\"breadcrumb\":{\"@id\":\"https:\/\/kapitalis.com\/tunisie\/2019\/01\/14\/presidentielle-2019-mohamed-abbou-le-candidat-naturel-dattayar\/#breadcrumb\"},\"inLanguage\":\"fr-FR\",\"potentialAction\":[{\"@type\":\"ReadAction\",\"target\":[\"https:\/\/kapitalis.com\/tunisie\/2019\/01\/14\/presidentielle-2019-mohamed-abbou-le-candidat-naturel-dattayar\/\"]}]},{\"@type\":\"ImageObject\",\"inLanguage\":\"fr-FR\",\"@id\":\"https:\/\/kapitalis.com\/tunisie\/2019\/01\/14\/presidentielle-2019-mohamed-abbou-le-candidat-naturel-dattayar\/#primaryimage\",\"url\":\"\",\"contentUrl\":\"\"},{\"@type\":\"BreadcrumbList\",\"@id\":\"https:\/\/kapitalis.com\/tunisie\/2019\/01\/14\/presidentielle-2019-mohamed-abbou-le-candidat-naturel-dattayar\/#breadcrumb\",\"itemListElement\":[{\"@type\":\"ListItem\",\"position\":1,\"name\":\"Accueil\",\"item\":\"https:\/\/kapitalis.com\/tunisie\/\"},{\"@type\":\"ListItem\",\"position\":2,\"name\":\"Pr\u00e9sidentielle 2019 : Mohamed Abbou, le candidat naturel d&rsquo;Attayar\"}]},{\"@type\":\"WebSite\",\"@id\":\"https:\/\/kapitalis.com\/tunisie\/#website\",\"url\":\"https:\/\/kapitalis.com\/tunisie\/\",\"name\":\"Kapitalis\",\"description\":\"L&#039;actualit\u00e9 en Tunisie et dans le monde\",\"publisher\":{\"@id\":\"https:\/\/kapitalis.com\/tunisie\/#organization\"},\"potentialAction\":[{\"@type\":\"SearchAction\",\"target\":{\"@type\":\"EntryPoint\",\"urlTemplate\":\"https:\/\/kapitalis.com\/tunisie\/?s={search_term_string}\"},\"query-input\":{\"@type\":\"PropertyValueSpecification\",\"valueRequired\":true,\"valueName\":\"search_term_string\"}}],\"inLanguage\":\"fr-FR\"},{\"@type\":\"Organization\",\"@id\":\"https:\/\/kapitalis.com\/tunisie\/#organization\",\"name\":\"Kapitalis\",\"url\":\"https:\/\/kapitalis.com\/tunisie\/\",\"logo\":{\"@type\":\"ImageObject\",\"inLanguage\":\"fr-FR\",\"@id\":\"https:\/\/kapitalis.com\/tunisie\/#\/schema\/logo\/image\/\",\"url\":\"https:\/\/kapitalis.com\/tunisie\/wp-content\/uploads\/2022\/05\/Kapitalis-big-size.png\",\"contentUrl\":\"https:\/\/kapitalis.com\/tunisie\/wp-content\/uploads\/2022\/05\/Kapitalis-big-size.png\",\"width\":5000,\"height\":1500,\"caption\":\"Kapitalis\"},\"image\":{\"@id\":\"https:\/\/kapitalis.com\/tunisie\/#\/schema\/logo\/image\/\"},\"sameAs\":[\"https:\/\/www.facebook.com\/KapitalisInfo\/\",\"https:\/\/x.com\/KapitalisInfo\",\"https:\/\/www.youtube.com\/channel\/UC-yDYrHyfFBWWZaOw3FPg9Q\"]},{\"@type\":\"Person\",\"@id\":\"https:\/\/kapitalis.com\/tunisie\/#\/schema\/person\/2c6e134b2f3369dffcd1daf5f087d28b\",\"name\":\"emna benabdallah\",\"url\":\"https:\/\/kapitalis.com\/tunisie\/author\/emna\/\"}]}<\/script>\n<!-- \/ Yoast SEO plugin. -->","yoast_head_json":{"title":"Pr\u00e9sidentielle 2019 : Mohamed Abbou, le candidat naturel d'Attayar - Kapitalis","robots":{"index":"index","follow":"follow","max-snippet":"max-snippet:-1","max-image-preview":"max-image-preview:large","max-video-preview":"max-video-preview:-1"},"canonical":"https:\/\/kapitalis.com\/tunisie\/2019\/01\/14\/presidentielle-2019-mohamed-abbou-le-candidat-naturel-dattayar\/","og_locale":"fr_FR","og_type":"article","og_title":"Pr\u00e9sidentielle 2019 : Mohamed Abbou, le candidat naturel d'Attayar - Kapitalis","og_description":"Mohamed Abbou, pr\u00e9sident honoraire d&rsquo;Attayar (Courant d\u00e9mocratique), pourrait \u00eatre le candidat du parti aux \u00e9lections pr\u00e9sidentielles pr\u00e9vues \u00e0 la fin de 2019.","og_url":"https:\/\/kapitalis.com\/tunisie\/2019\/01\/14\/presidentielle-2019-mohamed-abbou-le-candidat-naturel-dattayar\/","og_site_name":"Kapitalis","article_publisher":"https:\/\/www.facebook.com\/KapitalisInfo\/","article_published_time":"2019-01-14T16:29:02+00:00","og_image":[{"width":1200,"height":630,"url":"https:\/\/kapitalis.com\/tunisie\/wp-content\/uploads\/2022\/05\/kapitalis-logo-fb.png","type":"image\/png"}],"author":"emna benabdallah","twitter_card":"summary_large_image","twitter_creator":"@KapitalisInfo","twitter_site":"@KapitalisInfo","twitter_misc":{"\u00c9crit par":"emna benabdallah","Dur\u00e9e de lecture estim\u00e9e":"1 minute"},"schema":{"@context":"https:\/\/schema.org","@graph":[{"@type":"Article","@id":"https:\/\/kapitalis.com\/tunisie\/2019\/01\/14\/presidentielle-2019-mohamed-abbou-le-candidat-naturel-dattayar\/#article","isPartOf":{"@id":"https:\/\/kapitalis.com\/tunisie\/2019\/01\/14\/presidentielle-2019-mohamed-abbou-le-candidat-naturel-dattayar\/"},"author":{"name":"emna benabdallah","@id":"https:\/\/kapitalis.com\/tunisie\/#\/schema\/person\/2c6e134b2f3369dffcd1daf5f087d28b"},"headline":"Pr\u00e9sidentielle 2019 : Mohamed Abbou, le candidat naturel d&rsquo;Attayar","datePublished":"2019-01-14T16:29:02+00:00","mainEntityOfPage":{"@id":"https:\/\/kapitalis.com\/tunisie\/2019\/01\/14\/presidentielle-2019-mohamed-abbou-le-candidat-naturel-dattayar\/"},"wordCount":227,"commentCount":5,"publisher":{"@id":"https:\/\/kapitalis.com\/tunisie\/#organization"},"image":{"@id":"https:\/\/kapitalis.com\/tunisie\/2019\/01\/14\/presidentielle-2019-mohamed-abbou-le-candidat-naturel-dattayar\/#primaryimage"},"thumbnailUrl":"","keywords":["Attayar","\u00e9lections pr\u00e9sidentielles","Ghazi Chaouachi","Mohamed Abbou"],"articleSection":["POLITIQUE","Tunisie"],"inLanguage":"fr-FR","potentialAction":[{"@type":"CommentAction","name":"Comment","target":["https:\/\/kapitalis.com\/tunisie\/2019\/01\/14\/presidentielle-2019-mohamed-abbou-le-candidat-naturel-dattayar\/#respond"]}]},{"@type":"WebPage","@id":"https:\/\/kapitalis.com\/tunisie\/2019\/01\/14\/presidentielle-2019-mohamed-abbou-le-candidat-naturel-dattayar\/","url":"https:\/\/kapitalis.com\/tunisie\/2019\/01\/14\/presidentielle-2019-mohamed-abbou-le-candidat-naturel-dattayar\/","name":"Pr\u00e9sidentielle 2019 : Mohamed Abbou, le candidat naturel d'Attayar - Kapitalis","isPartOf":{"@id":"https:\/\/kapitalis.com\/tunisie\/#website"},"primaryImageOfPage":{"@id":"https:\/\/kapitalis.com\/tunisie\/2019\/01\/14\/presidentielle-2019-mohamed-abbou-le-candidat-naturel-dattayar\/#primaryimage"},"image":{"@id":"https:\/\/kapitalis.com\/tunisie\/2019\/01\/14\/presidentielle-2019-mohamed-abbou-le-candidat-naturel-dattayar\/#primaryimage"},"thumbnailUrl":"","datePublished":"2019-01-14T16:29:02+00:00","breadcrumb":{"@id":"https:\/\/kapitalis.com\/tunisie\/2019\/01\/14\/presidentielle-2019-mohamed-abbou-le-candidat-naturel-dattayar\/#breadcrumb"},"inLanguage":"fr-FR","potentialAction":[{"@type":"ReadAction","target":["https:\/\/kapitalis.com\/tunisie\/2019\/01\/14\/presidentielle-2019-mohamed-abbou-le-candidat-naturel-dattayar\/"]}]},{"@type":"ImageObject","inLanguage":"fr-FR","@id":"https:\/\/kapitalis.com\/tunisie\/2019\/01\/14\/presidentielle-2019-mohamed-abbou-le-candidat-naturel-dattayar\/#primaryimage","url":"","contentUrl":""},{"@type":"BreadcrumbList","@id":"https:\/\/kapitalis.com\/tunisie\/2019\/01\/14\/presidentielle-2019-mohamed-abbou-le-candidat-naturel-dattayar\/#breadcrumb","itemListElement":[{"@type":"ListItem","position":1,"name":"Accueil","item":"https:\/\/kapitalis.com\/tunisie\/"},{"@type":"ListItem","position":2,"name":"Pr\u00e9sidentielle 2019 : Mohamed Abbou, le candidat naturel d&rsquo;Attayar"}]},{"@type":"WebSite","@id":"https:\/\/kapitalis.com\/tunisie\/#website","url":"https:\/\/kapitalis.com\/tunisie\/","name":"Kapitalis","description":"L&#039;actualit\u00e9 en Tunisie et dans le monde","publisher":{"@id":"https:\/\/kapitalis.com\/tunisie\/#organization"},"potentialAction":[{"@type":"SearchAction","target":{"@type":"EntryPoint","urlTemplate":"https:\/\/kapitalis.com\/tunisie\/?s={search_term_string}"},"query-input":{"@type":"PropertyValueSpecification","valueRequired":true,"valueName":"search_term_string"}}],"inLanguage":"fr-FR"},{"@type":"Organization","@id":"https:\/\/kapitalis.com\/tunisie\/#organization","name":"Kapitalis","url":"https:\/\/kapitalis.com\/tunisie\/","logo":{"@type":"ImageObject","inLanguage":"fr-FR","@id":"https:\/\/kapitalis.com\/tunisie\/#\/schema\/logo\/image\/","url":"https:\/\/kapitalis.com\/tunisie\/wp-content\/uploads\/2022\/05\/Kapitalis-big-size.png","contentUrl":"https:\/\/kapitalis.com\/tunisie\/wp-content\/uploads\/2022\/05\/Kapitalis-big-size.png","width":5000,"height":1500,"caption":"Kapitalis"},"image":{"@id":"https:\/\/kapitalis.com\/tunisie\/#\/schema\/logo\/image\/"},"sameAs":["https:\/\/www.facebook.com\/KapitalisInfo\/","https:\/\/x.com\/KapitalisInfo","https:\/\/www.youtube.com\/channel\/UC-yDYrHyfFBWWZaOw3FPg9Q"]},{"@type":"Person","@id":"https:\/\/kapitalis.com\/tunisie\/#\/schema\/person\/2c6e134b2f3369dffcd1daf5f087d28b","name":"emna benabdallah","url":"https:\/\/kapitalis.com\/tunisie\/author\/emna\/"}]}},"_links":{"self":[{"href":"https:\/\/kapitalis.com\/tunisie\/wp-json\/wp\/v2\/posts\/193132","targetHints":{"allow":["GET"]}}],"collection":[{"href":"https:\/\/kapitalis.com\/tunisie\/wp-json\/wp\/v2\/posts"}],"about":[{"href":"https:\/\/kapitalis.com\/tunisie\/wp-json\/wp\/v2\/types\/post"}],"author":[{"embeddable":true,"href":"https:\/\/kapitalis.com\/tunisie\/wp-json\/wp\/v2\/users\/16"}],"replies":[{"embeddable":true,"href":"https:\/\/kapitalis.com\/tunisie\/wp-json\/wp\/v2\/comments?post=193132"}],"version-history":[{"count":0,"href":"https:\/\/kapitalis.com\/tunisie\/wp-json\/wp\/v2\/posts\/193132\/revisions"}],"wp:featuredmedia":[{"embeddable":true,"href":"https:\/\/kapitalis.com\/tunisie\/wp-json\/wp\/v2\/media\/193134"}],"wp:attachment":[{"href":"https:\/\/kapitalis.com\/tunisie\/wp-json\/wp\/v2\/media?parent=193132"}],"wp:term":[{"taxonomy":"category","embeddable":true,"href":"https:\/\/kapitalis.com\/tunisie\/wp-json\/wp\/v2\/categories?post=193132"},{"taxonomy":"post_tag","embeddable":true,"href":"https:\/\/kapitalis.com\/tunisie\/wp-json\/wp\/v2\/tags?post=193132"}],"curies":[{"name":"wp","href":"https:\/\/api.w.org\/{rel}","templated":true}]}}