{"id":193921,"date":"2019-01-19T13:21:33","date_gmt":"2019-01-19T12:21:33","guid":{"rendered":"http:\/\/kapitalis.com\/tunisie\/?p=193921"},"modified":"2019-01-19T13:23:54","modified_gmt":"2019-01-19T12:23:54","slug":"france-24-des-medecins-tunisiens-deplorent-la-situation-des-hopitaux","status":"publish","type":"post","link":"https:\/\/kapitalis.com\/tunisie\/2019\/01\/19\/france-24-des-medecins-tunisiens-deplorent-la-situation-des-hopitaux\/","title":{"rendered":"France 24 : Des m\u00e9decins tunisiens d\u00e9plorent la situation des h\u00f4pitaux"},"content":{"rendered":"<p style=\"text-align: center;\"><img loading=\"lazy\" decoding=\"async\" class=\"alignnone size-full wp-image-193923\" src=\"http:\/\/kapitalis.com\/tunisie\/wp-content\/uploads\/2019\/01\/M\u00e9decins_France-24.jpg\" alt=\"\" width=\"626\" height=\"380\" \/><\/p>\n<p><em><strong>Dr. Mondher Kooli, chef du service d&rsquo;orthop\u00e9die \u00e0 l&rsquo;h\u00f4pital Charles Nicolle de Tunis, estime que les autorit\u00e9s et le Conseil national de l&rsquo;ordre des m\u00e9decins devraient s&rsquo;inqui\u00e9ter du d\u00e9part massif des jeunes m\u00e9decins tunisiens vers la France.\u00a0<\/strong><\/em><!--more--><\/p>\n<p>Craignant de voir les salles de classe dans les h\u00f4pitaux se vider bient\u00f4t compl\u00e8tement, Dr. Kooli a, dans un reportage diffus\u00e9 sur France 24 hier, vendredi 18 janvier 2019, exhort\u00e9 le minist\u00e8re de la Sant\u00e9, le Conseil de l&rsquo;ordre des m\u00e9decins \u00e0 les syndicats des m\u00e9decins \u00e0\u00a0\u00ab<em>s&rsquo;inqui\u00e9ter de la tendance des m\u00e9decins, jeunes et moins jeunes, \u00e0 partir \u00e0 l&rsquo;\u00e9tranger\u00bb<\/em>. \u00ab<em>Un haut responsable avait dit, il n&rsquo;y a pas longtemps, que si un m\u00e9decin d\u00e9cidait de partir, ce ne serait pas si grave. Or, il ne sera pas facile de le remplacer\u00bb<\/em>, a-t-il expliqu\u00e9.<\/p>\n<p>Le chef du service d&rsquo;orthop\u00e9die, qui \u00e9tait accompagn\u00e9 par Dr. Mohamed Zarrami, interne dans cette sp\u00e9cialit\u00e9, n&rsquo;a pas h\u00e9sit\u00e9 \u00e0 montrer \u00e0 la cam\u00e9ra les conditions difficiles auxquelles font face les m\u00e9decins dans les \u00e9tablissements sanitaires, notamment les pannes des machines et le probl\u00e8me d&rsquo;humidit\u00e9 dans les salles de garde.<\/p>\n<div class=\"embed\">\n<div class=\"video\"><iframe loading=\"lazy\" src=\"https:\/\/www.youtube.com\/embed\/Xbxue96mQ4k\" width=\"560\" height=\"315\" frameborder=\"0\" allowfullscreen=\"allowfullscreen\"><\/iframe><\/div>\n<\/div>\n<p>De son c\u00f4t\u00e9, Dr. Lassaad Mkaouar, assistant en gyn\u00e9cologie \u00e0 l&rsquo;h\u00f4pital universitaire de Bizerte, a indiqu\u00e9 qu&rsquo;il compte partir \u00e0 nouveau \u00e0 l&rsquo;\u00e9tranger, et ce en raison des difficult\u00e9s auxquelles il fait constamment face dans l&rsquo;exercice de son m\u00e9tier en Tunisie.<\/p>\n<p>\u00ab<em>En France, les m\u00e9decins ont 4 \u00e0 5 patientes la journ\u00e9e. Or, ici, on peut avoir 18 patientes en seulement quelques heures. Je voulais servir mon pays en travaillant dans les h\u00f4pitaux pour am\u00e9liorer les choses sauf que rien ne bouge! C&rsquo;est vraiment difficile\u00bb<\/em>, a-t-il d\u00e9clar\u00e9.<\/p>\n<p>Notons que <a href=\"http:\/\/kapitalis.com\/tunisie\/2018\/12\/20\/abderraouf-cherif-320-medecins-ont-quitte-la-tunisie-depuis-janvier-2018\/\" target=\"_blank\" rel=\"noopener\">Abderraouf Cherif,<\/a> ministre de la Sant\u00e9, m\u00e9decin de la fonction publique de son \u00e9tat, s&rsquo;est f\u00e9licit\u00e9, en d\u00e9cembre dernier, d&rsquo;avoir r\u00e9ussi \u00e0 convaincre 202 m\u00e9decins, travaillant dans les h\u00f4pitaux universitaires, \u00e0 ne pas quitter la Tunisie, comme beaucoup de leurs confr\u00e8res partis \u00e0 l&rsquo;\u00e9tranger.<\/p>\n<p>Parions qu&rsquo;il aura encore beaucoup \u00e0 faire pour arr\u00eater l&rsquo;h\u00e9morragie.<\/p>\n<p style=\"text-align: right;\"><strong>E. B. A.<\/strong><\/p>\n<blockquote class=\"wp-embedded-content\" data-secret=\"WeNKoz87Zn\"><p><a href=\"https:\/\/kapitalis.com\/tunisie\/2018\/10\/12\/emigration-plus-de-900-medecins-quitteront-la-tunisie-en-2019\/\">\u00c9migration : Plus de 900 m\u00e9decins quitteront la Tunisie en 2019<\/a><\/p><\/blockquote>\n<p><iframe loading=\"lazy\" class=\"wp-embedded-content\" sandbox=\"allow-scripts\" security=\"restricted\" style=\"position: absolute; clip: rect(1px, 1px, 1px, 1px);\" title=\"\u00ab\u00a0\u00c9migration : Plus de 900 m\u00e9decins quitteront la Tunisie en 2019\u00a0\u00bb &#8212; Kapitalis\" src=\"https:\/\/kapitalis.com\/tunisie\/2018\/10\/12\/emigration-plus-de-900-medecins-quitteront-la-tunisie-en-2019\/embed\/#?secret=lf8TlgcZPd#?secret=WeNKoz87Zn\" data-secret=\"WeNKoz87Zn\" width=\"600\" height=\"338\" frameborder=\"0\" marginwidth=\"0\" marginheight=\"0\" scrolling=\"no\"><\/iframe><\/p>\n<blockquote class=\"wp-embedded-content\" data-secret=\"Zi9dPYxEsA\"><p><a href=\"https:\/\/kapitalis.com\/tunisie\/2018\/12\/19\/france-3-lemigration-des-medecins-tunisiens-profite-a-la-france\/\">France 3 : L&rsquo;\u00e9migration des m\u00e9decins tunisiens profite \u00e0 la France<\/a><\/p><\/blockquote>\n<p><iframe loading=\"lazy\" class=\"wp-embedded-content\" sandbox=\"allow-scripts\" security=\"restricted\" style=\"position: absolute; clip: rect(1px, 1px, 1px, 1px);\" title=\"\u00ab\u00a0France 3 : L&rsquo;\u00e9migration des m\u00e9decins tunisiens profite \u00e0 la France\u00a0\u00bb &#8212; Kapitalis\" src=\"https:\/\/kapitalis.com\/tunisie\/2018\/12\/19\/france-3-lemigration-des-medecins-tunisiens-profite-a-la-france\/embed\/#?secret=BnBpQefhGL#?secret=Zi9dPYxEsA\" data-secret=\"Zi9dPYxEsA\" width=\"600\" height=\"338\" frameborder=\"0\" marginwidth=\"0\" marginheight=\"0\" scrolling=\"no\"><\/iframe><\/p>\n","protected":false},"excerpt":{"rendered":"<p>Dr. Mondher Kooli, chef du service d&rsquo;orthop\u00e9die \u00e0 l&rsquo;h\u00f4pital Charles Nicolle de Tunis, estime que les autorit\u00e9s et le Conseil national de l&rsquo;ordre des m\u00e9decins devraient s&rsquo;inqui\u00e9ter du d\u00e9part massif des jeunes m\u00e9decins tunisiens vers la France.\u00a0<\/p>\n","protected":false},"author":16,"featured_media":193923,"comment_status":"open","ping_status":"open","sticky":false,"template":"","format":"standard","meta":{"footnotes":""},"categories":[998,2433,4806],"tags":[12204,4263,1337],"class_list":["post-193921","post","type-post","status-publish","format-standard","has-post-thumbnail","hentry","category-societe","category-tunisie","category-videos","tag-abderraouf-cherif","tag-hopital-charles-nicolle","tag-medecins"],"yoast_head":"<!-- This site is optimized with the Yoast SEO plugin v26.6 - https:\/\/yoast.com\/wordpress\/plugins\/seo\/ -->\n<title>France 24 : Des m\u00e9decins tunisiens d\u00e9plorent la situation des h\u00f4pitaux - Kapitalis<\/title>\n<meta name=\"robots\" content=\"index, follow, max-snippet:-1, max-image-preview:large, max-video-preview:-1\" \/>\n<link rel=\"canonical\" href=\"https:\/\/kapitalis.com\/tunisie\/2019\/01\/19\/france-24-des-medecins-tunisiens-deplorent-la-situation-des-hopitaux\/\" \/>\n<meta property=\"og:locale\" content=\"fr_FR\" \/>\n<meta property=\"og:type\" content=\"article\" \/>\n<meta property=\"og:title\" content=\"France 24 : Des m\u00e9decins tunisiens d\u00e9plorent la situation des h\u00f4pitaux - Kapitalis\" \/>\n<meta property=\"og:description\" content=\"Dr. Mondher Kooli, chef du service d&rsquo;orthop\u00e9die \u00e0 l&rsquo;h\u00f4pital Charles Nicolle de Tunis, estime que les autorit\u00e9s et le Conseil national de l&rsquo;ordre des m\u00e9decins devraient s&rsquo;inqui\u00e9ter du d\u00e9part massif des jeunes m\u00e9decins tunisiens vers la France.\u00a0\" \/>\n<meta property=\"og:url\" content=\"https:\/\/kapitalis.com\/tunisie\/2019\/01\/19\/france-24-des-medecins-tunisiens-deplorent-la-situation-des-hopitaux\/\" \/>\n<meta property=\"og:site_name\" content=\"Kapitalis\" \/>\n<meta property=\"article:publisher\" content=\"https:\/\/www.facebook.com\/KapitalisInfo\/\" \/>\n<meta property=\"article:published_time\" content=\"2019-01-19T12:21:33+00:00\" \/>\n<meta property=\"article:modified_time\" content=\"2019-01-19T12:23:54+00:00\" \/>\n<meta property=\"og:image\" content=\"https:\/\/kapitalis.com\/tunisie\/wp-content\/uploads\/2022\/05\/kapitalis-logo-fb.png\" \/>\n\t<meta property=\"og:image:width\" content=\"1200\" \/>\n\t<meta property=\"og:image:height\" content=\"630\" \/>\n\t<meta property=\"og:image:type\" content=\"image\/png\" \/>\n<meta name=\"author\" content=\"emna benabdallah\" \/>\n<meta name=\"twitter:card\" content=\"summary_large_image\" \/>\n<meta name=\"twitter:creator\" content=\"@KapitalisInfo\" \/>\n<meta name=\"twitter:site\" content=\"@KapitalisInfo\" \/>\n<meta name=\"twitter:label1\" content=\"\u00c9crit par\" \/>\n\t<meta name=\"twitter:data1\" content=\"emna benabdallah\" \/>\n\t<meta name=\"twitter:label2\" content=\"Dur\u00e9e de lecture estim\u00e9e\" \/>\n\t<meta name=\"twitter:data2\" content=\"2 minutes\" \/>\n<script type=\"application\/ld+json\" class=\"yoast-schema-graph\">{\"@context\":\"https:\/\/schema.org\",\"@graph\":[{\"@type\":\"Article\",\"@id\":\"https:\/\/kapitalis.com\/tunisie\/2019\/01\/19\/france-24-des-medecins-tunisiens-deplorent-la-situation-des-hopitaux\/#article\",\"isPartOf\":{\"@id\":\"https:\/\/kapitalis.com\/tunisie\/2019\/01\/19\/france-24-des-medecins-tunisiens-deplorent-la-situation-des-hopitaux\/\"},\"author\":{\"name\":\"emna benabdallah\",\"@id\":\"https:\/\/kapitalis.com\/tunisie\/#\/schema\/person\/2c6e134b2f3369dffcd1daf5f087d28b\"},\"headline\":\"France 24 : Des m\u00e9decins tunisiens d\u00e9plorent la situation des h\u00f4pitaux\",\"datePublished\":\"2019-01-19T12:21:33+00:00\",\"dateModified\":\"2019-01-19T12:23:54+00:00\",\"mainEntityOfPage\":{\"@id\":\"https:\/\/kapitalis.com\/tunisie\/2019\/01\/19\/france-24-des-medecins-tunisiens-deplorent-la-situation-des-hopitaux\/\"},\"wordCount\":375,\"commentCount\":3,\"publisher\":{\"@id\":\"https:\/\/kapitalis.com\/tunisie\/#organization\"},\"image\":{\"@id\":\"https:\/\/kapitalis.com\/tunisie\/2019\/01\/19\/france-24-des-medecins-tunisiens-deplorent-la-situation-des-hopitaux\/#primaryimage\"},\"thumbnailUrl\":\"\",\"keywords\":[\"Abderraouf Cherif\",\"h\u00f4pital Charles-Nicolle\",\"m\u00e9decins\"],\"articleSection\":[\"SOCIETE\",\"Tunisie\",\"VIDEOS\"],\"inLanguage\":\"fr-FR\",\"potentialAction\":[{\"@type\":\"CommentAction\",\"name\":\"Comment\",\"target\":[\"https:\/\/kapitalis.com\/tunisie\/2019\/01\/19\/france-24-des-medecins-tunisiens-deplorent-la-situation-des-hopitaux\/#respond\"]}]},{\"@type\":\"WebPage\",\"@id\":\"https:\/\/kapitalis.com\/tunisie\/2019\/01\/19\/france-24-des-medecins-tunisiens-deplorent-la-situation-des-hopitaux\/\",\"url\":\"https:\/\/kapitalis.com\/tunisie\/2019\/01\/19\/france-24-des-medecins-tunisiens-deplorent-la-situation-des-hopitaux\/\",\"name\":\"France 24 : Des m\u00e9decins tunisiens d\u00e9plorent la situation des h\u00f4pitaux - Kapitalis\",\"isPartOf\":{\"@id\":\"https:\/\/kapitalis.com\/tunisie\/#website\"},\"primaryImageOfPage\":{\"@id\":\"https:\/\/kapitalis.com\/tunisie\/2019\/01\/19\/france-24-des-medecins-tunisiens-deplorent-la-situation-des-hopitaux\/#primaryimage\"},\"image\":{\"@id\":\"https:\/\/kapitalis.com\/tunisie\/2019\/01\/19\/france-24-des-medecins-tunisiens-deplorent-la-situation-des-hopitaux\/#primaryimage\"},\"thumbnailUrl\":\"\",\"datePublished\":\"2019-01-19T12:21:33+00:00\",\"dateModified\":\"2019-01-19T12:23:54+00:00\",\"breadcrumb\":{\"@id\":\"https:\/\/kapitalis.com\/tunisie\/2019\/01\/19\/france-24-des-medecins-tunisiens-deplorent-la-situation-des-hopitaux\/#breadcrumb\"},\"inLanguage\":\"fr-FR\",\"potentialAction\":[{\"@type\":\"ReadAction\",\"target\":[\"https:\/\/kapitalis.com\/tunisie\/2019\/01\/19\/france-24-des-medecins-tunisiens-deplorent-la-situation-des-hopitaux\/\"]}]},{\"@type\":\"ImageObject\",\"inLanguage\":\"fr-FR\",\"@id\":\"https:\/\/kapitalis.com\/tunisie\/2019\/01\/19\/france-24-des-medecins-tunisiens-deplorent-la-situation-des-hopitaux\/#primaryimage\",\"url\":\"\",\"contentUrl\":\"\"},{\"@type\":\"BreadcrumbList\",\"@id\":\"https:\/\/kapitalis.com\/tunisie\/2019\/01\/19\/france-24-des-medecins-tunisiens-deplorent-la-situation-des-hopitaux\/#breadcrumb\",\"itemListElement\":[{\"@type\":\"ListItem\",\"position\":1,\"name\":\"Accueil\",\"item\":\"https:\/\/kapitalis.com\/tunisie\/\"},{\"@type\":\"ListItem\",\"position\":2,\"name\":\"France 24 : Des m\u00e9decins tunisiens d\u00e9plorent la situation des h\u00f4pitaux\"}]},{\"@type\":\"WebSite\",\"@id\":\"https:\/\/kapitalis.com\/tunisie\/#website\",\"url\":\"https:\/\/kapitalis.com\/tunisie\/\",\"name\":\"Kapitalis\",\"description\":\"L&#039;actualit\u00e9 en Tunisie et dans le monde\",\"publisher\":{\"@id\":\"https:\/\/kapitalis.com\/tunisie\/#organization\"},\"potentialAction\":[{\"@type\":\"SearchAction\",\"target\":{\"@type\":\"EntryPoint\",\"urlTemplate\":\"https:\/\/kapitalis.com\/tunisie\/?s={search_term_string}\"},\"query-input\":{\"@type\":\"PropertyValueSpecification\",\"valueRequired\":true,\"valueName\":\"search_term_string\"}}],\"inLanguage\":\"fr-FR\"},{\"@type\":\"Organization\",\"@id\":\"https:\/\/kapitalis.com\/tunisie\/#organization\",\"name\":\"Kapitalis\",\"url\":\"https:\/\/kapitalis.com\/tunisie\/\",\"logo\":{\"@type\":\"ImageObject\",\"inLanguage\":\"fr-FR\",\"@id\":\"https:\/\/kapitalis.com\/tunisie\/#\/schema\/logo\/image\/\",\"url\":\"https:\/\/kapitalis.com\/tunisie\/wp-content\/uploads\/2022\/05\/Kapitalis-big-size.png\",\"contentUrl\":\"https:\/\/kapitalis.com\/tunisie\/wp-content\/uploads\/2022\/05\/Kapitalis-big-size.png\",\"width\":5000,\"height\":1500,\"caption\":\"Kapitalis\"},\"image\":{\"@id\":\"https:\/\/kapitalis.com\/tunisie\/#\/schema\/logo\/image\/\"},\"sameAs\":[\"https:\/\/www.facebook.com\/KapitalisInfo\/\",\"https:\/\/x.com\/KapitalisInfo\",\"https:\/\/www.youtube.com\/channel\/UC-yDYrHyfFBWWZaOw3FPg9Q\"]},{\"@type\":\"Person\",\"@id\":\"https:\/\/kapitalis.com\/tunisie\/#\/schema\/person\/2c6e134b2f3369dffcd1daf5f087d28b\",\"name\":\"emna benabdallah\",\"url\":\"https:\/\/kapitalis.com\/tunisie\/author\/emna\/\"}]}<\/script>\n<!-- \/ Yoast SEO plugin. -->","yoast_head_json":{"title":"France 24 : Des m\u00e9decins tunisiens d\u00e9plorent la situation des h\u00f4pitaux - Kapitalis","robots":{"index":"index","follow":"follow","max-snippet":"max-snippet:-1","max-image-preview":"max-image-preview:large","max-video-preview":"max-video-preview:-1"},"canonical":"https:\/\/kapitalis.com\/tunisie\/2019\/01\/19\/france-24-des-medecins-tunisiens-deplorent-la-situation-des-hopitaux\/","og_locale":"fr_FR","og_type":"article","og_title":"France 24 : Des m\u00e9decins tunisiens d\u00e9plorent la situation des h\u00f4pitaux - Kapitalis","og_description":"Dr. Mondher Kooli, chef du service d&rsquo;orthop\u00e9die \u00e0 l&rsquo;h\u00f4pital Charles Nicolle de Tunis, estime que les autorit\u00e9s et le Conseil national de l&rsquo;ordre des m\u00e9decins devraient s&rsquo;inqui\u00e9ter du d\u00e9part massif des jeunes m\u00e9decins tunisiens vers la France.\u00a0","og_url":"https:\/\/kapitalis.com\/tunisie\/2019\/01\/19\/france-24-des-medecins-tunisiens-deplorent-la-situation-des-hopitaux\/","og_site_name":"Kapitalis","article_publisher":"https:\/\/www.facebook.com\/KapitalisInfo\/","article_published_time":"2019-01-19T12:21:33+00:00","article_modified_time":"2019-01-19T12:23:54+00:00","og_image":[{"width":1200,"height":630,"url":"https:\/\/kapitalis.com\/tunisie\/wp-content\/uploads\/2022\/05\/kapitalis-logo-fb.png","type":"image\/png"}],"author":"emna benabdallah","twitter_card":"summary_large_image","twitter_creator":"@KapitalisInfo","twitter_site":"@KapitalisInfo","twitter_misc":{"\u00c9crit par":"emna benabdallah","Dur\u00e9e de lecture estim\u00e9e":"2 minutes"},"schema":{"@context":"https:\/\/schema.org","@graph":[{"@type":"Article","@id":"https:\/\/kapitalis.com\/tunisie\/2019\/01\/19\/france-24-des-medecins-tunisiens-deplorent-la-situation-des-hopitaux\/#article","isPartOf":{"@id":"https:\/\/kapitalis.com\/tunisie\/2019\/01\/19\/france-24-des-medecins-tunisiens-deplorent-la-situation-des-hopitaux\/"},"author":{"name":"emna benabdallah","@id":"https:\/\/kapitalis.com\/tunisie\/#\/schema\/person\/2c6e134b2f3369dffcd1daf5f087d28b"},"headline":"France 24 : Des m\u00e9decins tunisiens d\u00e9plorent la situation des h\u00f4pitaux","datePublished":"2019-01-19T12:21:33+00:00","dateModified":"2019-01-19T12:23:54+00:00","mainEntityOfPage":{"@id":"https:\/\/kapitalis.com\/tunisie\/2019\/01\/19\/france-24-des-medecins-tunisiens-deplorent-la-situation-des-hopitaux\/"},"wordCount":375,"commentCount":3,"publisher":{"@id":"https:\/\/kapitalis.com\/tunisie\/#organization"},"image":{"@id":"https:\/\/kapitalis.com\/tunisie\/2019\/01\/19\/france-24-des-medecins-tunisiens-deplorent-la-situation-des-hopitaux\/#primaryimage"},"thumbnailUrl":"","keywords":["Abderraouf Cherif","h\u00f4pital Charles-Nicolle","m\u00e9decins"],"articleSection":["SOCIETE","Tunisie","VIDEOS"],"inLanguage":"fr-FR","potentialAction":[{"@type":"CommentAction","name":"Comment","target":["https:\/\/kapitalis.com\/tunisie\/2019\/01\/19\/france-24-des-medecins-tunisiens-deplorent-la-situation-des-hopitaux\/#respond"]}]},{"@type":"WebPage","@id":"https:\/\/kapitalis.com\/tunisie\/2019\/01\/19\/france-24-des-medecins-tunisiens-deplorent-la-situation-des-hopitaux\/","url":"https:\/\/kapitalis.com\/tunisie\/2019\/01\/19\/france-24-des-medecins-tunisiens-deplorent-la-situation-des-hopitaux\/","name":"France 24 : Des m\u00e9decins tunisiens d\u00e9plorent la situation des h\u00f4pitaux - Kapitalis","isPartOf":{"@id":"https:\/\/kapitalis.com\/tunisie\/#website"},"primaryImageOfPage":{"@id":"https:\/\/kapitalis.com\/tunisie\/2019\/01\/19\/france-24-des-medecins-tunisiens-deplorent-la-situation-des-hopitaux\/#primaryimage"},"image":{"@id":"https:\/\/kapitalis.com\/tunisie\/2019\/01\/19\/france-24-des-medecins-tunisiens-deplorent-la-situation-des-hopitaux\/#primaryimage"},"thumbnailUrl":"","datePublished":"2019-01-19T12:21:33+00:00","dateModified":"2019-01-19T12:23:54+00:00","breadcrumb":{"@id":"https:\/\/kapitalis.com\/tunisie\/2019\/01\/19\/france-24-des-medecins-tunisiens-deplorent-la-situation-des-hopitaux\/#breadcrumb"},"inLanguage":"fr-FR","potentialAction":[{"@type":"ReadAction","target":["https:\/\/kapitalis.com\/tunisie\/2019\/01\/19\/france-24-des-medecins-tunisiens-deplorent-la-situation-des-hopitaux\/"]}]},{"@type":"ImageObject","inLanguage":"fr-FR","@id":"https:\/\/kapitalis.com\/tunisie\/2019\/01\/19\/france-24-des-medecins-tunisiens-deplorent-la-situation-des-hopitaux\/#primaryimage","url":"","contentUrl":""},{"@type":"BreadcrumbList","@id":"https:\/\/kapitalis.com\/tunisie\/2019\/01\/19\/france-24-des-medecins-tunisiens-deplorent-la-situation-des-hopitaux\/#breadcrumb","itemListElement":[{"@type":"ListItem","position":1,"name":"Accueil","item":"https:\/\/kapitalis.com\/tunisie\/"},{"@type":"ListItem","position":2,"name":"France 24 : Des m\u00e9decins tunisiens d\u00e9plorent la situation des h\u00f4pitaux"}]},{"@type":"WebSite","@id":"https:\/\/kapitalis.com\/tunisie\/#website","url":"https:\/\/kapitalis.com\/tunisie\/","name":"Kapitalis","description":"L&#039;actualit\u00e9 en Tunisie et dans le monde","publisher":{"@id":"https:\/\/kapitalis.com\/tunisie\/#organization"},"potentialAction":[{"@type":"SearchAction","target":{"@type":"EntryPoint","urlTemplate":"https:\/\/kapitalis.com\/tunisie\/?s={search_term_string}"},"query-input":{"@type":"PropertyValueSpecification","valueRequired":true,"valueName":"search_term_string"}}],"inLanguage":"fr-FR"},{"@type":"Organization","@id":"https:\/\/kapitalis.com\/tunisie\/#organization","name":"Kapitalis","url":"https:\/\/kapitalis.com\/tunisie\/","logo":{"@type":"ImageObject","inLanguage":"fr-FR","@id":"https:\/\/kapitalis.com\/tunisie\/#\/schema\/logo\/image\/","url":"https:\/\/kapitalis.com\/tunisie\/wp-content\/uploads\/2022\/05\/Kapitalis-big-size.png","contentUrl":"https:\/\/kapitalis.com\/tunisie\/wp-content\/uploads\/2022\/05\/Kapitalis-big-size.png","width":5000,"height":1500,"caption":"Kapitalis"},"image":{"@id":"https:\/\/kapitalis.com\/tunisie\/#\/schema\/logo\/image\/"},"sameAs":["https:\/\/www.facebook.com\/KapitalisInfo\/","https:\/\/x.com\/KapitalisInfo","https:\/\/www.youtube.com\/channel\/UC-yDYrHyfFBWWZaOw3FPg9Q"]},{"@type":"Person","@id":"https:\/\/kapitalis.com\/tunisie\/#\/schema\/person\/2c6e134b2f3369dffcd1daf5f087d28b","name":"emna benabdallah","url":"https:\/\/kapitalis.com\/tunisie\/author\/emna\/"}]}},"_links":{"self":[{"href":"https:\/\/kapitalis.com\/tunisie\/wp-json\/wp\/v2\/posts\/193921","targetHints":{"allow":["GET"]}}],"collection":[{"href":"https:\/\/kapitalis.com\/tunisie\/wp-json\/wp\/v2\/posts"}],"about":[{"href":"https:\/\/kapitalis.com\/tunisie\/wp-json\/wp\/v2\/types\/post"}],"author":[{"embeddable":true,"href":"https:\/\/kapitalis.com\/tunisie\/wp-json\/wp\/v2\/users\/16"}],"replies":[{"embeddable":true,"href":"https:\/\/kapitalis.com\/tunisie\/wp-json\/wp\/v2\/comments?post=193921"}],"version-history":[{"count":0,"href":"https:\/\/kapitalis.com\/tunisie\/wp-json\/wp\/v2\/posts\/193921\/revisions"}],"wp:featuredmedia":[{"embeddable":true,"href":"https:\/\/kapitalis.com\/tunisie\/wp-json\/wp\/v2\/media\/193923"}],"wp:attachment":[{"href":"https:\/\/kapitalis.com\/tunisie\/wp-json\/wp\/v2\/media?parent=193921"}],"wp:term":[{"taxonomy":"category","embeddable":true,"href":"https:\/\/kapitalis.com\/tunisie\/wp-json\/wp\/v2\/categories?post=193921"},{"taxonomy":"post_tag","embeddable":true,"href":"https:\/\/kapitalis.com\/tunisie\/wp-json\/wp\/v2\/tags?post=193921"}],"curies":[{"name":"wp","href":"https:\/\/api.w.org\/{rel}","templated":true}]}}