{"id":194001,"date":"2019-01-20T08:48:12","date_gmt":"2019-01-20T07:48:12","guid":{"rendered":"http:\/\/kapitalis.com\/tunisie\/?p=194001"},"modified":"2019-01-20T08:53:48","modified_gmt":"2019-01-20T07:53:48","slug":"le-poeme-du-dimanche-trois-poemes-de-georges-schehade","status":"publish","type":"post","link":"https:\/\/kapitalis.com\/tunisie\/2019\/01\/20\/le-poeme-du-dimanche-trois-poemes-de-georges-schehade\/","title":{"rendered":"Le po\u00e8me du dimanche : Trois po\u00e8mes de Georges Schehad\u00e9"},"content":{"rendered":"<p style=\"text-align: center;\"><img loading=\"lazy\" decoding=\"async\" class=\"alignnone size-full wp-image-194002\" src=\"http:\/\/kapitalis.com\/tunisie\/wp-content\/uploads\/2019\/01\/Georges-Shehade.jpg\" alt=\"\" width=\"626\" height=\"380\" \/><\/p>\n<p><em><strong>Po\u00e8te et auteur dramatique libanais de langue fran\u00e7aise, Georges Schehad\u00e9, a laiss\u00e9 une immense oeuvre th\u00e9\u00e2trale et po\u00e9tique.\u00a0<\/strong><\/em><\/p>\n<p><!--more--><\/p>\n<p>N\u00e9 le 2 novembre 1905 \u00e0 Alexandrie et mort le 17 janvier 1989 \u00e0 Paris, Georges Schehad\u00e9\u00a0est l&rsquo;auteur d\u2019une importante \u0153uvre th\u00e9\u00e2trale proche des conceptions du nouveau th\u00e9\u00e2tre, dont il est l\u2019un des chefs de file avec, entre autres, Beckett, Ionesco ou Arthur Adamov.<\/p>\n<p>Schehad\u00e9 est \u00e9galement l\u2019auteur de plusieurs recueils po\u00e9tiues. T\u00f4t reconnue, son \u0153uvre a \u00e9t\u00e9 salu\u00e9e et d\u00e9fendue par les plus grands (Paul Eluard, Andr\u00e9 Breton, Saint-John Perse, Ren\u00e9 Char, Jean-Louis Barrault, Octavio Paz, Philippe Jaccottet, Salah St\u00e9ti\u00e9&#8230;). En 1986 il se voit d\u00e9cerner par l\u2019Acad\u00e9mie fran\u00e7aise le Grand prix de la Francophonie, cr\u00e9\u00e9 l\u2019ann\u00e9e m\u00eame.<\/p>\n<p style=\"text-align: center;\">* * *<\/p>\n<p>Ce n\u2019est pas des mots pour rien ce po\u00e8me<\/p>\n<p>Ce n\u2019est pas un chant pour personne cette m\u00e9lancolie<\/p>\n<p>Voici l\u2019automne et ses froides \u00e9toiles<\/p>\n<p>Il reste assez de vent pour s\u2019enfuir<\/p>\n<p>L\u2019oiseau d\u2019Afrique demande l\u2019heure<\/p>\n<p>Mais la mer est loin comme un voyage<\/p>\n<p>Et les pays se perdent dans les pays<\/p>\n<p>\u2013 Ecoute \u00e0 travers les ramures<\/p>\n<p>Le bruit dor\u00e9 d\u2019un arbre qui meurt<\/p>\n<p style=\"text-align: center;\">* * *<\/p>\n<p>Elle marchait dans un verger<\/p>\n<p>De douces syllabes tombaient des arbres<\/p>\n<p>L\u2019air n\u2019avait plus de couleur<\/p>\n<p>C\u2019est la naissance du soir<\/p>\n<p>La premi\u00e8re fra\u00eecheur des nids<\/p>\n<p>R\u00eavait un peu la jeune fille<\/p>\n<p>En regardant autour d\u2019elle<\/p>\n<p>Maintenant la nuit se r\u00e9p\u00e8te \u00e0 l\u2019infini<\/p>\n<p>Les arbres se cachent dans leurs feuilles<\/p>\n<p>Et le silence arrive de loin<\/p>\n<p style=\"text-align: center;\">* * *<\/p>\n<p>C\u2019est encore une fois l\u2019automne<\/p>\n<p>Le jardin court derri\u00e8re ses feuilles<\/p>\n<p>Personne n\u2019est plus l\u00e0 :<\/p>\n<p>Les fen\u00eatres les gens<\/p>\n<p>Mais le vent<\/p>\n<p>Il y a une lune oubli\u00e9e<\/p>\n<p>Dans le ciel comme une figure<\/p>\n<p>En souvenir du bel \u00e9t\u00e9<\/p>\n<p>A boire disait une fontaine<\/p>\n<p><em>Extraits du recueil \u2018\u2018Le nageur d\u2019un seul amour\u2019\u2019, 1985.\u00a0<\/em><\/p>\n<blockquote class=\"wp-embedded-content\" data-secret=\"TJUxuasXCu\"><p><a href=\"https:\/\/kapitalis.com\/tunisie\/2019\/01\/13\/le-poeme-du-dimanche-index-des-travaux-du-vent-dadonis\/\">Le po\u00e8me du dimanche : \u2018\u2018Index des travaux du vent\u2019\u2019 d\u2019Adonis<\/a><\/p><\/blockquote>\n<p><iframe loading=\"lazy\" class=\"wp-embedded-content\" sandbox=\"allow-scripts\" security=\"restricted\" style=\"position: absolute; clip: rect(1px, 1px, 1px, 1px);\" title=\"\u00ab\u00a0Le po\u00e8me du dimanche : \u2018\u2018Index des travaux du vent\u2019\u2019 d\u2019Adonis\u00a0\u00bb &#8212; Kapitalis\" src=\"https:\/\/kapitalis.com\/tunisie\/2019\/01\/13\/le-poeme-du-dimanche-index-des-travaux-du-vent-dadonis\/embed\/#?secret=70C3BLAOl7#?secret=TJUxuasXCu\" data-secret=\"TJUxuasXCu\" width=\"600\" height=\"338\" frameborder=\"0\" marginwidth=\"0\" marginheight=\"0\" scrolling=\"no\"><\/iframe><\/p>\n<blockquote class=\"wp-embedded-content\" data-secret=\"us7YN8abzu\"><p><a href=\"https:\/\/kapitalis.com\/tunisie\/2019\/01\/06\/le-poeme-du-dimanche-o-tyran-oppresseur-de-abou-el-kacem-chebbi\/\">Le po\u00e8me du dimanche: \u2018\u2018\u00d4 tyran oppresseur\u2019\u2019 de Abou El Kacem Chebbi<\/a><\/p><\/blockquote>\n<p><iframe loading=\"lazy\" class=\"wp-embedded-content\" sandbox=\"allow-scripts\" security=\"restricted\" style=\"position: absolute; clip: rect(1px, 1px, 1px, 1px);\" title=\"\u00ab\u00a0Le po\u00e8me du dimanche: \u2018\u2018\u00d4 tyran oppresseur\u2019\u2019 de Abou El Kacem Chebbi\u00a0\u00bb &#8212; Kapitalis\" src=\"https:\/\/kapitalis.com\/tunisie\/2019\/01\/06\/le-poeme-du-dimanche-o-tyran-oppresseur-de-abou-el-kacem-chebbi\/embed\/#?secret=r0h8ZXhQVA#?secret=us7YN8abzu\" data-secret=\"us7YN8abzu\" width=\"600\" height=\"338\" frameborder=\"0\" marginwidth=\"0\" marginheight=\"0\" scrolling=\"no\"><\/iframe><\/p>\n<blockquote class=\"wp-embedded-content\" data-secret=\"FtFYNwN5cF\"><p><a href=\"https:\/\/kapitalis.com\/tunisie\/2018\/12\/23\/poeme-du-dimanche-autobiographie-de-nazim-hikmet\/\">Po\u00e8me du dimanche: Autobiographie de N\u00e2z\u0131m Hikmet<\/a><\/p><\/blockquote>\n<p><iframe loading=\"lazy\" class=\"wp-embedded-content\" sandbox=\"allow-scripts\" security=\"restricted\" style=\"position: absolute; clip: rect(1px, 1px, 1px, 1px);\" title=\"\u00ab\u00a0Po\u00e8me du dimanche: Autobiographie de N\u00e2z\u0131m Hikmet\u00a0\u00bb &#8212; Kapitalis\" src=\"https:\/\/kapitalis.com\/tunisie\/2018\/12\/23\/poeme-du-dimanche-autobiographie-de-nazim-hikmet\/embed\/#?secret=FE5Zh8vqxs#?secret=FtFYNwN5cF\" data-secret=\"FtFYNwN5cF\" width=\"600\" height=\"338\" frameborder=\"0\" marginwidth=\"0\" marginheight=\"0\" scrolling=\"no\"><\/iframe><\/p>\n","protected":false},"excerpt":{"rendered":"<p>Po\u00e8te et auteur dramatique libanais de langue fran\u00e7aise, Georges Schehad\u00e9, a laiss\u00e9 une immense oeuvre th\u00e9\u00e2trale et po\u00e9tique.\u00a0<\/p>\n","protected":false},"author":8,"featured_media":194002,"comment_status":"open","ping_status":"open","sticky":false,"template":"","format":"standard","meta":{"footnotes":""},"categories":[992,994,2433],"tags":[],"class_list":["post-194001","post","type-post","status-publish","format-standard","has-post-thumbnail","hentry","category-a-la-une","category-culture","category-tunisie"],"yoast_head":"<!-- This site is optimized with the Yoast SEO plugin v26.6 - https:\/\/yoast.com\/wordpress\/plugins\/seo\/ -->\n<title>Le po\u00e8me du dimanche : Trois po\u00e8mes de Georges Schehad\u00e9 - Kapitalis<\/title>\n<meta name=\"robots\" content=\"index, follow, max-snippet:-1, max-image-preview:large, max-video-preview:-1\" \/>\n<link rel=\"canonical\" href=\"https:\/\/kapitalis.com\/tunisie\/2019\/01\/20\/le-poeme-du-dimanche-trois-poemes-de-georges-schehade\/\" \/>\n<meta property=\"og:locale\" content=\"fr_FR\" \/>\n<meta property=\"og:type\" content=\"article\" \/>\n<meta property=\"og:title\" content=\"Le po\u00e8me du dimanche : Trois po\u00e8mes de Georges Schehad\u00e9 - Kapitalis\" \/>\n<meta property=\"og:description\" content=\"Po\u00e8te et auteur dramatique libanais de langue fran\u00e7aise, Georges Schehad\u00e9, a laiss\u00e9 une immense oeuvre th\u00e9\u00e2trale et po\u00e9tique.\u00a0\" \/>\n<meta property=\"og:url\" content=\"https:\/\/kapitalis.com\/tunisie\/2019\/01\/20\/le-poeme-du-dimanche-trois-poemes-de-georges-schehade\/\" \/>\n<meta property=\"og:site_name\" content=\"Kapitalis\" \/>\n<meta property=\"article:publisher\" content=\"https:\/\/www.facebook.com\/KapitalisInfo\/\" \/>\n<meta property=\"article:published_time\" content=\"2019-01-20T07:48:12+00:00\" \/>\n<meta property=\"article:modified_time\" content=\"2019-01-20T07:53:48+00:00\" \/>\n<meta property=\"og:image\" content=\"https:\/\/kapitalis.com\/tunisie\/wp-content\/uploads\/2022\/05\/kapitalis-logo-fb.png\" \/>\n\t<meta property=\"og:image:width\" content=\"1200\" \/>\n\t<meta property=\"og:image:height\" content=\"630\" \/>\n\t<meta property=\"og:image:type\" content=\"image\/png\" \/>\n<meta name=\"author\" content=\"webmaster kapitalis\" \/>\n<meta name=\"twitter:card\" content=\"summary_large_image\" \/>\n<meta name=\"twitter:creator\" content=\"@KapitalisInfo\" \/>\n<meta name=\"twitter:site\" content=\"@KapitalisInfo\" \/>\n<meta name=\"twitter:label1\" content=\"\u00c9crit par\" \/>\n\t<meta name=\"twitter:data1\" content=\"webmaster kapitalis\" \/>\n\t<meta name=\"twitter:label2\" content=\"Dur\u00e9e de lecture estim\u00e9e\" \/>\n\t<meta name=\"twitter:data2\" content=\"2 minutes\" \/>\n<script type=\"application\/ld+json\" class=\"yoast-schema-graph\">{\"@context\":\"https:\/\/schema.org\",\"@graph\":[{\"@type\":\"Article\",\"@id\":\"https:\/\/kapitalis.com\/tunisie\/2019\/01\/20\/le-poeme-du-dimanche-trois-poemes-de-georges-schehade\/#article\",\"isPartOf\":{\"@id\":\"https:\/\/kapitalis.com\/tunisie\/2019\/01\/20\/le-poeme-du-dimanche-trois-poemes-de-georges-schehade\/\"},\"author\":{\"name\":\"webmaster kapitalis\",\"@id\":\"https:\/\/kapitalis.com\/tunisie\/#\/schema\/person\/d71f33a9ca44f7bad4698210b480c8e9\"},\"headline\":\"Le po\u00e8me du dimanche : Trois po\u00e8mes de Georges Schehad\u00e9\",\"datePublished\":\"2019-01-20T07:48:12+00:00\",\"dateModified\":\"2019-01-20T07:53:48+00:00\",\"mainEntityOfPage\":{\"@id\":\"https:\/\/kapitalis.com\/tunisie\/2019\/01\/20\/le-poeme-du-dimanche-trois-poemes-de-georges-schehade\/\"},\"wordCount\":354,\"commentCount\":0,\"publisher\":{\"@id\":\"https:\/\/kapitalis.com\/tunisie\/#organization\"},\"image\":{\"@id\":\"https:\/\/kapitalis.com\/tunisie\/2019\/01\/20\/le-poeme-du-dimanche-trois-poemes-de-georges-schehade\/#primaryimage\"},\"thumbnailUrl\":\"\",\"articleSection\":[\"A LA UNE\",\"CULTURE\",\"Tunisie\"],\"inLanguage\":\"fr-FR\",\"potentialAction\":[{\"@type\":\"CommentAction\",\"name\":\"Comment\",\"target\":[\"https:\/\/kapitalis.com\/tunisie\/2019\/01\/20\/le-poeme-du-dimanche-trois-poemes-de-georges-schehade\/#respond\"]}]},{\"@type\":\"WebPage\",\"@id\":\"https:\/\/kapitalis.com\/tunisie\/2019\/01\/20\/le-poeme-du-dimanche-trois-poemes-de-georges-schehade\/\",\"url\":\"https:\/\/kapitalis.com\/tunisie\/2019\/01\/20\/le-poeme-du-dimanche-trois-poemes-de-georges-schehade\/\",\"name\":\"Le po\u00e8me du dimanche : Trois po\u00e8mes de Georges Schehad\u00e9 - Kapitalis\",\"isPartOf\":{\"@id\":\"https:\/\/kapitalis.com\/tunisie\/#website\"},\"primaryImageOfPage\":{\"@id\":\"https:\/\/kapitalis.com\/tunisie\/2019\/01\/20\/le-poeme-du-dimanche-trois-poemes-de-georges-schehade\/#primaryimage\"},\"image\":{\"@id\":\"https:\/\/kapitalis.com\/tunisie\/2019\/01\/20\/le-poeme-du-dimanche-trois-poemes-de-georges-schehade\/#primaryimage\"},\"thumbnailUrl\":\"\",\"datePublished\":\"2019-01-20T07:48:12+00:00\",\"dateModified\":\"2019-01-20T07:53:48+00:00\",\"breadcrumb\":{\"@id\":\"https:\/\/kapitalis.com\/tunisie\/2019\/01\/20\/le-poeme-du-dimanche-trois-poemes-de-georges-schehade\/#breadcrumb\"},\"inLanguage\":\"fr-FR\",\"potentialAction\":[{\"@type\":\"ReadAction\",\"target\":[\"https:\/\/kapitalis.com\/tunisie\/2019\/01\/20\/le-poeme-du-dimanche-trois-poemes-de-georges-schehade\/\"]}]},{\"@type\":\"ImageObject\",\"inLanguage\":\"fr-FR\",\"@id\":\"https:\/\/kapitalis.com\/tunisie\/2019\/01\/20\/le-poeme-du-dimanche-trois-poemes-de-georges-schehade\/#primaryimage\",\"url\":\"\",\"contentUrl\":\"\"},{\"@type\":\"BreadcrumbList\",\"@id\":\"https:\/\/kapitalis.com\/tunisie\/2019\/01\/20\/le-poeme-du-dimanche-trois-poemes-de-georges-schehade\/#breadcrumb\",\"itemListElement\":[{\"@type\":\"ListItem\",\"position\":1,\"name\":\"Accueil\",\"item\":\"https:\/\/kapitalis.com\/tunisie\/\"},{\"@type\":\"ListItem\",\"position\":2,\"name\":\"Le po\u00e8me du dimanche : Trois po\u00e8mes de Georges Schehad\u00e9\"}]},{\"@type\":\"WebSite\",\"@id\":\"https:\/\/kapitalis.com\/tunisie\/#website\",\"url\":\"https:\/\/kapitalis.com\/tunisie\/\",\"name\":\"Kapitalis\",\"description\":\"L&#039;actualit\u00e9 en Tunisie et dans le monde\",\"publisher\":{\"@id\":\"https:\/\/kapitalis.com\/tunisie\/#organization\"},\"potentialAction\":[{\"@type\":\"SearchAction\",\"target\":{\"@type\":\"EntryPoint\",\"urlTemplate\":\"https:\/\/kapitalis.com\/tunisie\/?s={search_term_string}\"},\"query-input\":{\"@type\":\"PropertyValueSpecification\",\"valueRequired\":true,\"valueName\":\"search_term_string\"}}],\"inLanguage\":\"fr-FR\"},{\"@type\":\"Organization\",\"@id\":\"https:\/\/kapitalis.com\/tunisie\/#organization\",\"name\":\"Kapitalis\",\"url\":\"https:\/\/kapitalis.com\/tunisie\/\",\"logo\":{\"@type\":\"ImageObject\",\"inLanguage\":\"fr-FR\",\"@id\":\"https:\/\/kapitalis.com\/tunisie\/#\/schema\/logo\/image\/\",\"url\":\"https:\/\/kapitalis.com\/tunisie\/wp-content\/uploads\/2022\/05\/Kapitalis-big-size.png\",\"contentUrl\":\"https:\/\/kapitalis.com\/tunisie\/wp-content\/uploads\/2022\/05\/Kapitalis-big-size.png\",\"width\":5000,\"height\":1500,\"caption\":\"Kapitalis\"},\"image\":{\"@id\":\"https:\/\/kapitalis.com\/tunisie\/#\/schema\/logo\/image\/\"},\"sameAs\":[\"https:\/\/www.facebook.com\/KapitalisInfo\/\",\"https:\/\/x.com\/KapitalisInfo\",\"https:\/\/www.youtube.com\/channel\/UC-yDYrHyfFBWWZaOw3FPg9Q\"]},{\"@type\":\"Person\",\"@id\":\"https:\/\/kapitalis.com\/tunisie\/#\/schema\/person\/d71f33a9ca44f7bad4698210b480c8e9\",\"name\":\"webmaster kapitalis\",\"url\":\"https:\/\/kapitalis.com\/tunisie\/author\/webmaster-kapitalis\/\"}]}<\/script>\n<!-- \/ Yoast SEO plugin. -->","yoast_head_json":{"title":"Le po\u00e8me du dimanche : Trois po\u00e8mes de Georges Schehad\u00e9 - Kapitalis","robots":{"index":"index","follow":"follow","max-snippet":"max-snippet:-1","max-image-preview":"max-image-preview:large","max-video-preview":"max-video-preview:-1"},"canonical":"https:\/\/kapitalis.com\/tunisie\/2019\/01\/20\/le-poeme-du-dimanche-trois-poemes-de-georges-schehade\/","og_locale":"fr_FR","og_type":"article","og_title":"Le po\u00e8me du dimanche : Trois po\u00e8mes de Georges Schehad\u00e9 - Kapitalis","og_description":"Po\u00e8te et auteur dramatique libanais de langue fran\u00e7aise, Georges Schehad\u00e9, a laiss\u00e9 une immense oeuvre th\u00e9\u00e2trale et po\u00e9tique.\u00a0","og_url":"https:\/\/kapitalis.com\/tunisie\/2019\/01\/20\/le-poeme-du-dimanche-trois-poemes-de-georges-schehade\/","og_site_name":"Kapitalis","article_publisher":"https:\/\/www.facebook.com\/KapitalisInfo\/","article_published_time":"2019-01-20T07:48:12+00:00","article_modified_time":"2019-01-20T07:53:48+00:00","og_image":[{"width":1200,"height":630,"url":"https:\/\/kapitalis.com\/tunisie\/wp-content\/uploads\/2022\/05\/kapitalis-logo-fb.png","type":"image\/png"}],"author":"webmaster kapitalis","twitter_card":"summary_large_image","twitter_creator":"@KapitalisInfo","twitter_site":"@KapitalisInfo","twitter_misc":{"\u00c9crit par":"webmaster kapitalis","Dur\u00e9e de lecture estim\u00e9e":"2 minutes"},"schema":{"@context":"https:\/\/schema.org","@graph":[{"@type":"Article","@id":"https:\/\/kapitalis.com\/tunisie\/2019\/01\/20\/le-poeme-du-dimanche-trois-poemes-de-georges-schehade\/#article","isPartOf":{"@id":"https:\/\/kapitalis.com\/tunisie\/2019\/01\/20\/le-poeme-du-dimanche-trois-poemes-de-georges-schehade\/"},"author":{"name":"webmaster kapitalis","@id":"https:\/\/kapitalis.com\/tunisie\/#\/schema\/person\/d71f33a9ca44f7bad4698210b480c8e9"},"headline":"Le po\u00e8me du dimanche : Trois po\u00e8mes de Georges Schehad\u00e9","datePublished":"2019-01-20T07:48:12+00:00","dateModified":"2019-01-20T07:53:48+00:00","mainEntityOfPage":{"@id":"https:\/\/kapitalis.com\/tunisie\/2019\/01\/20\/le-poeme-du-dimanche-trois-poemes-de-georges-schehade\/"},"wordCount":354,"commentCount":0,"publisher":{"@id":"https:\/\/kapitalis.com\/tunisie\/#organization"},"image":{"@id":"https:\/\/kapitalis.com\/tunisie\/2019\/01\/20\/le-poeme-du-dimanche-trois-poemes-de-georges-schehade\/#primaryimage"},"thumbnailUrl":"","articleSection":["A LA UNE","CULTURE","Tunisie"],"inLanguage":"fr-FR","potentialAction":[{"@type":"CommentAction","name":"Comment","target":["https:\/\/kapitalis.com\/tunisie\/2019\/01\/20\/le-poeme-du-dimanche-trois-poemes-de-georges-schehade\/#respond"]}]},{"@type":"WebPage","@id":"https:\/\/kapitalis.com\/tunisie\/2019\/01\/20\/le-poeme-du-dimanche-trois-poemes-de-georges-schehade\/","url":"https:\/\/kapitalis.com\/tunisie\/2019\/01\/20\/le-poeme-du-dimanche-trois-poemes-de-georges-schehade\/","name":"Le po\u00e8me du dimanche : Trois po\u00e8mes de Georges Schehad\u00e9 - Kapitalis","isPartOf":{"@id":"https:\/\/kapitalis.com\/tunisie\/#website"},"primaryImageOfPage":{"@id":"https:\/\/kapitalis.com\/tunisie\/2019\/01\/20\/le-poeme-du-dimanche-trois-poemes-de-georges-schehade\/#primaryimage"},"image":{"@id":"https:\/\/kapitalis.com\/tunisie\/2019\/01\/20\/le-poeme-du-dimanche-trois-poemes-de-georges-schehade\/#primaryimage"},"thumbnailUrl":"","datePublished":"2019-01-20T07:48:12+00:00","dateModified":"2019-01-20T07:53:48+00:00","breadcrumb":{"@id":"https:\/\/kapitalis.com\/tunisie\/2019\/01\/20\/le-poeme-du-dimanche-trois-poemes-de-georges-schehade\/#breadcrumb"},"inLanguage":"fr-FR","potentialAction":[{"@type":"ReadAction","target":["https:\/\/kapitalis.com\/tunisie\/2019\/01\/20\/le-poeme-du-dimanche-trois-poemes-de-georges-schehade\/"]}]},{"@type":"ImageObject","inLanguage":"fr-FR","@id":"https:\/\/kapitalis.com\/tunisie\/2019\/01\/20\/le-poeme-du-dimanche-trois-poemes-de-georges-schehade\/#primaryimage","url":"","contentUrl":""},{"@type":"BreadcrumbList","@id":"https:\/\/kapitalis.com\/tunisie\/2019\/01\/20\/le-poeme-du-dimanche-trois-poemes-de-georges-schehade\/#breadcrumb","itemListElement":[{"@type":"ListItem","position":1,"name":"Accueil","item":"https:\/\/kapitalis.com\/tunisie\/"},{"@type":"ListItem","position":2,"name":"Le po\u00e8me du dimanche : Trois po\u00e8mes de Georges Schehad\u00e9"}]},{"@type":"WebSite","@id":"https:\/\/kapitalis.com\/tunisie\/#website","url":"https:\/\/kapitalis.com\/tunisie\/","name":"Kapitalis","description":"L&#039;actualit\u00e9 en Tunisie et dans le monde","publisher":{"@id":"https:\/\/kapitalis.com\/tunisie\/#organization"},"potentialAction":[{"@type":"SearchAction","target":{"@type":"EntryPoint","urlTemplate":"https:\/\/kapitalis.com\/tunisie\/?s={search_term_string}"},"query-input":{"@type":"PropertyValueSpecification","valueRequired":true,"valueName":"search_term_string"}}],"inLanguage":"fr-FR"},{"@type":"Organization","@id":"https:\/\/kapitalis.com\/tunisie\/#organization","name":"Kapitalis","url":"https:\/\/kapitalis.com\/tunisie\/","logo":{"@type":"ImageObject","inLanguage":"fr-FR","@id":"https:\/\/kapitalis.com\/tunisie\/#\/schema\/logo\/image\/","url":"https:\/\/kapitalis.com\/tunisie\/wp-content\/uploads\/2022\/05\/Kapitalis-big-size.png","contentUrl":"https:\/\/kapitalis.com\/tunisie\/wp-content\/uploads\/2022\/05\/Kapitalis-big-size.png","width":5000,"height":1500,"caption":"Kapitalis"},"image":{"@id":"https:\/\/kapitalis.com\/tunisie\/#\/schema\/logo\/image\/"},"sameAs":["https:\/\/www.facebook.com\/KapitalisInfo\/","https:\/\/x.com\/KapitalisInfo","https:\/\/www.youtube.com\/channel\/UC-yDYrHyfFBWWZaOw3FPg9Q"]},{"@type":"Person","@id":"https:\/\/kapitalis.com\/tunisie\/#\/schema\/person\/d71f33a9ca44f7bad4698210b480c8e9","name":"webmaster kapitalis","url":"https:\/\/kapitalis.com\/tunisie\/author\/webmaster-kapitalis\/"}]}},"_links":{"self":[{"href":"https:\/\/kapitalis.com\/tunisie\/wp-json\/wp\/v2\/posts\/194001","targetHints":{"allow":["GET"]}}],"collection":[{"href":"https:\/\/kapitalis.com\/tunisie\/wp-json\/wp\/v2\/posts"}],"about":[{"href":"https:\/\/kapitalis.com\/tunisie\/wp-json\/wp\/v2\/types\/post"}],"author":[{"embeddable":true,"href":"https:\/\/kapitalis.com\/tunisie\/wp-json\/wp\/v2\/users\/8"}],"replies":[{"embeddable":true,"href":"https:\/\/kapitalis.com\/tunisie\/wp-json\/wp\/v2\/comments?post=194001"}],"version-history":[{"count":0,"href":"https:\/\/kapitalis.com\/tunisie\/wp-json\/wp\/v2\/posts\/194001\/revisions"}],"wp:featuredmedia":[{"embeddable":true,"href":"https:\/\/kapitalis.com\/tunisie\/wp-json\/wp\/v2\/media\/194002"}],"wp:attachment":[{"href":"https:\/\/kapitalis.com\/tunisie\/wp-json\/wp\/v2\/media?parent=194001"}],"wp:term":[{"taxonomy":"category","embeddable":true,"href":"https:\/\/kapitalis.com\/tunisie\/wp-json\/wp\/v2\/categories?post=194001"},{"taxonomy":"post_tag","embeddable":true,"href":"https:\/\/kapitalis.com\/tunisie\/wp-json\/wp\/v2\/tags?post=194001"}],"curies":[{"name":"wp","href":"https:\/\/api.w.org\/{rel}","templated":true}]}}