{"id":194011,"date":"2019-01-20T09:56:26","date_gmt":"2019-01-20T08:56:26","guid":{"rendered":"http:\/\/kapitalis.com\/tunisie\/?p=194011"},"modified":"2019-01-20T09:56:26","modified_gmt":"2019-01-20T08:56:26","slug":"ligue-des-champions-face-a-face-decisif-tp-mazembe-club-africain","status":"publish","type":"post","link":"https:\/\/kapitalis.com\/tunisie\/2019\/01\/20\/ligue-des-champions-face-a-face-decisif-tp-mazembe-club-africain\/","title":{"rendered":"Ligue des champions : Face \u00e0 face d\u00e9cisif TP Mazembe-Club africain"},"content":{"rendered":"<p style=\"text-align: center;\"><img loading=\"lazy\" decoding=\"async\" class=\"alignnone size-full wp-image-194012\" src=\"http:\/\/kapitalis.com\/tunisie\/wp-content\/uploads\/2019\/01\/TP-Mazembe-Club-africain.jpg\" alt=\"\" width=\"626\" height=\"380\" \/><\/p>\n<p><em><strong>La rencontre entre l\u2019\u00e9quipe congolaise du TP Mazembe et le Club africain (CA), comptant pour la 3e journ\u00e9e de la phase de groupe de la Ligue africaine des champions, se d\u00e9roulera \u00e0 Kinshasa, le samedi 2 f\u00e9vrier 2019 \u00e0 partir de 14h (HT).<\/strong> <\/em><\/p>\n<p><!--more--><\/p>\n<p>Le club de Bab Jedid compte 3 points apr\u00e8s une d\u00e9faite lors de la premi\u00e8re journ\u00e9e contre le club alg\u00e9rien du CS Constantine au stade olympique de Sousse et une victoire ce vendredi 18 janvier devant Al Ismaily (2-1) \u00e0 Al Ismailia.<\/p>\n<p>Seuls les Alg\u00e9riens ont r\u00e9alis\u00e9 un carton plein avec deux victoires en deux sorties. Apr\u00e8s leur succ\u00e8s en d\u00e9placement devant le CA, ils ont douch\u00e9 le TP Mazembe hier samedi 19 janvier au stade Hamlaoui \u00e0 Constantine, avec le score sans appel de 3-0. Benyada (51e), Zaalani (65e) et Lamri (80e) ont enfonc\u00e9 le clou pour permettre \u00e0 Constantine de s\u2019\u00e9chapper en t\u00eate du groupe C avec 6 points devant le CA et Mazembe (3 points).<\/p>\n<p>Les co\u00e9quipiers d\u2019Oussama Darragi devancent \u00e0 la seconde place leur prochain adversaire \u00e0 la diff\u00e9rence de buts. Ce qui rend encore d\u00e9cisif leur face \u00e0 face le 2 f\u00e9vrier avec les Congolais \u00e0 Kinshasa.<\/p>\n<p>Si les Alg\u00e9riens sont d\u00e9sormais bien plac\u00e9s pour la qualification aux quarts de finale, le second billet du grand huit sera l\u2019enjeu entre le club tunisien et son concurrent congolais. Premier bras-de-fer le 2 f\u00e9vrier prochain que les Clubistes ont int\u00e9r\u00eat \u00e0 bien g\u00e9rer, avant d\u2019accueillir les Congolais \u00e0 Tunis le 12 f\u00e9vrier en position favorable.<\/p>\n<p style=\"text-align: right;\"><strong>H. M.<\/strong><\/p>\n","protected":false},"excerpt":{"rendered":"<p>La rencontre entre l\u2019\u00e9quipe congolaise du TP Mazembe et le Club africain (CA), comptant pour la 3e journ\u00e9e de la phase de groupe de la Ligue africaine des champions, se d\u00e9roulera \u00e0 Kinshasa, le samedi 2 f\u00e9vrier 2019 \u00e0 partir de 14h (HT).<\/p>\n","protected":false},"author":8,"featured_media":194012,"comment_status":"open","ping_status":"open","sticky":false,"template":"","format":"standard","meta":{"footnotes":""},"categories":[999,2433],"tags":[43697,211,54201,33241,20465,14585],"class_list":["post-194011","post","type-post","status-publish","format-standard","has-post-thumbnail","hentry","category-sport","category-tunisie","tag-al-ismaily","tag-club-africain","tag-cs-constantine","tag-kinshasa","tag-oussama-darragi","tag-tp-mazembe"],"yoast_head":"<!-- This site is optimized with the Yoast SEO plugin v26.6 - https:\/\/yoast.com\/wordpress\/plugins\/seo\/ -->\n<title>Ligue des champions : Face \u00e0 face d\u00e9cisif TP Mazembe-Club africain - Kapitalis<\/title>\n<meta name=\"robots\" content=\"index, follow, max-snippet:-1, max-image-preview:large, max-video-preview:-1\" \/>\n<link rel=\"canonical\" href=\"https:\/\/kapitalis.com\/tunisie\/2019\/01\/20\/ligue-des-champions-face-a-face-decisif-tp-mazembe-club-africain\/\" \/>\n<meta property=\"og:locale\" content=\"fr_FR\" \/>\n<meta property=\"og:type\" content=\"article\" \/>\n<meta property=\"og:title\" content=\"Ligue des champions : Face \u00e0 face d\u00e9cisif TP Mazembe-Club africain - Kapitalis\" \/>\n<meta property=\"og:description\" content=\"La rencontre entre l\u2019\u00e9quipe congolaise du TP Mazembe et le Club africain (CA), comptant pour la 3e journ\u00e9e de la phase de groupe de la Ligue africaine des champions, se d\u00e9roulera \u00e0 Kinshasa, le samedi 2 f\u00e9vrier 2019 \u00e0 partir de 14h (HT).\" \/>\n<meta property=\"og:url\" content=\"https:\/\/kapitalis.com\/tunisie\/2019\/01\/20\/ligue-des-champions-face-a-face-decisif-tp-mazembe-club-africain\/\" \/>\n<meta property=\"og:site_name\" content=\"Kapitalis\" \/>\n<meta property=\"article:publisher\" content=\"https:\/\/www.facebook.com\/KapitalisInfo\/\" \/>\n<meta property=\"article:published_time\" content=\"2019-01-20T08:56:26+00:00\" \/>\n<meta property=\"og:image\" content=\"https:\/\/kapitalis.com\/tunisie\/wp-content\/uploads\/2022\/05\/kapitalis-logo-fb.png\" \/>\n\t<meta property=\"og:image:width\" content=\"1200\" \/>\n\t<meta property=\"og:image:height\" content=\"630\" \/>\n\t<meta property=\"og:image:type\" content=\"image\/png\" \/>\n<meta name=\"author\" content=\"webmaster kapitalis\" \/>\n<meta name=\"twitter:card\" content=\"summary_large_image\" \/>\n<meta name=\"twitter:creator\" content=\"@KapitalisInfo\" \/>\n<meta name=\"twitter:site\" content=\"@KapitalisInfo\" \/>\n<meta name=\"twitter:label1\" content=\"\u00c9crit par\" \/>\n\t<meta name=\"twitter:data1\" content=\"webmaster kapitalis\" \/>\n\t<meta name=\"twitter:label2\" content=\"Dur\u00e9e de lecture estim\u00e9e\" \/>\n\t<meta name=\"twitter:data2\" content=\"1 minute\" \/>\n<script type=\"application\/ld+json\" class=\"yoast-schema-graph\">{\"@context\":\"https:\/\/schema.org\",\"@graph\":[{\"@type\":\"Article\",\"@id\":\"https:\/\/kapitalis.com\/tunisie\/2019\/01\/20\/ligue-des-champions-face-a-face-decisif-tp-mazembe-club-africain\/#article\",\"isPartOf\":{\"@id\":\"https:\/\/kapitalis.com\/tunisie\/2019\/01\/20\/ligue-des-champions-face-a-face-decisif-tp-mazembe-club-africain\/\"},\"author\":{\"name\":\"webmaster kapitalis\",\"@id\":\"https:\/\/kapitalis.com\/tunisie\/#\/schema\/person\/d71f33a9ca44f7bad4698210b480c8e9\"},\"headline\":\"Ligue des champions : Face \u00e0 face d\u00e9cisif TP Mazembe-Club africain\",\"datePublished\":\"2019-01-20T08:56:26+00:00\",\"mainEntityOfPage\":{\"@id\":\"https:\/\/kapitalis.com\/tunisie\/2019\/01\/20\/ligue-des-champions-face-a-face-decisif-tp-mazembe-club-africain\/\"},\"wordCount\":273,\"commentCount\":0,\"publisher\":{\"@id\":\"https:\/\/kapitalis.com\/tunisie\/#organization\"},\"image\":{\"@id\":\"https:\/\/kapitalis.com\/tunisie\/2019\/01\/20\/ligue-des-champions-face-a-face-decisif-tp-mazembe-club-africain\/#primaryimage\"},\"thumbnailUrl\":\"\",\"keywords\":[\"Al Ismaily\",\"Club Africain\",\"CS Constantine\",\"Kinshasa\",\"Oussama Darragi\",\"TP Mazembe\"],\"articleSection\":[\"SPORT\",\"Tunisie\"],\"inLanguage\":\"fr-FR\",\"potentialAction\":[{\"@type\":\"CommentAction\",\"name\":\"Comment\",\"target\":[\"https:\/\/kapitalis.com\/tunisie\/2019\/01\/20\/ligue-des-champions-face-a-face-decisif-tp-mazembe-club-africain\/#respond\"]}]},{\"@type\":\"WebPage\",\"@id\":\"https:\/\/kapitalis.com\/tunisie\/2019\/01\/20\/ligue-des-champions-face-a-face-decisif-tp-mazembe-club-africain\/\",\"url\":\"https:\/\/kapitalis.com\/tunisie\/2019\/01\/20\/ligue-des-champions-face-a-face-decisif-tp-mazembe-club-africain\/\",\"name\":\"Ligue des champions : Face \u00e0 face d\u00e9cisif TP Mazembe-Club africain - Kapitalis\",\"isPartOf\":{\"@id\":\"https:\/\/kapitalis.com\/tunisie\/#website\"},\"primaryImageOfPage\":{\"@id\":\"https:\/\/kapitalis.com\/tunisie\/2019\/01\/20\/ligue-des-champions-face-a-face-decisif-tp-mazembe-club-africain\/#primaryimage\"},\"image\":{\"@id\":\"https:\/\/kapitalis.com\/tunisie\/2019\/01\/20\/ligue-des-champions-face-a-face-decisif-tp-mazembe-club-africain\/#primaryimage\"},\"thumbnailUrl\":\"\",\"datePublished\":\"2019-01-20T08:56:26+00:00\",\"breadcrumb\":{\"@id\":\"https:\/\/kapitalis.com\/tunisie\/2019\/01\/20\/ligue-des-champions-face-a-face-decisif-tp-mazembe-club-africain\/#breadcrumb\"},\"inLanguage\":\"fr-FR\",\"potentialAction\":[{\"@type\":\"ReadAction\",\"target\":[\"https:\/\/kapitalis.com\/tunisie\/2019\/01\/20\/ligue-des-champions-face-a-face-decisif-tp-mazembe-club-africain\/\"]}]},{\"@type\":\"ImageObject\",\"inLanguage\":\"fr-FR\",\"@id\":\"https:\/\/kapitalis.com\/tunisie\/2019\/01\/20\/ligue-des-champions-face-a-face-decisif-tp-mazembe-club-africain\/#primaryimage\",\"url\":\"\",\"contentUrl\":\"\"},{\"@type\":\"BreadcrumbList\",\"@id\":\"https:\/\/kapitalis.com\/tunisie\/2019\/01\/20\/ligue-des-champions-face-a-face-decisif-tp-mazembe-club-africain\/#breadcrumb\",\"itemListElement\":[{\"@type\":\"ListItem\",\"position\":1,\"name\":\"Accueil\",\"item\":\"https:\/\/kapitalis.com\/tunisie\/\"},{\"@type\":\"ListItem\",\"position\":2,\"name\":\"Ligue des champions : Face \u00e0 face d\u00e9cisif TP Mazembe-Club africain\"}]},{\"@type\":\"WebSite\",\"@id\":\"https:\/\/kapitalis.com\/tunisie\/#website\",\"url\":\"https:\/\/kapitalis.com\/tunisie\/\",\"name\":\"Kapitalis\",\"description\":\"L&#039;actualit\u00e9 en Tunisie et dans le monde\",\"publisher\":{\"@id\":\"https:\/\/kapitalis.com\/tunisie\/#organization\"},\"potentialAction\":[{\"@type\":\"SearchAction\",\"target\":{\"@type\":\"EntryPoint\",\"urlTemplate\":\"https:\/\/kapitalis.com\/tunisie\/?s={search_term_string}\"},\"query-input\":{\"@type\":\"PropertyValueSpecification\",\"valueRequired\":true,\"valueName\":\"search_term_string\"}}],\"inLanguage\":\"fr-FR\"},{\"@type\":\"Organization\",\"@id\":\"https:\/\/kapitalis.com\/tunisie\/#organization\",\"name\":\"Kapitalis\",\"url\":\"https:\/\/kapitalis.com\/tunisie\/\",\"logo\":{\"@type\":\"ImageObject\",\"inLanguage\":\"fr-FR\",\"@id\":\"https:\/\/kapitalis.com\/tunisie\/#\/schema\/logo\/image\/\",\"url\":\"https:\/\/kapitalis.com\/tunisie\/wp-content\/uploads\/2022\/05\/Kapitalis-big-size.png\",\"contentUrl\":\"https:\/\/kapitalis.com\/tunisie\/wp-content\/uploads\/2022\/05\/Kapitalis-big-size.png\",\"width\":5000,\"height\":1500,\"caption\":\"Kapitalis\"},\"image\":{\"@id\":\"https:\/\/kapitalis.com\/tunisie\/#\/schema\/logo\/image\/\"},\"sameAs\":[\"https:\/\/www.facebook.com\/KapitalisInfo\/\",\"https:\/\/x.com\/KapitalisInfo\",\"https:\/\/www.youtube.com\/channel\/UC-yDYrHyfFBWWZaOw3FPg9Q\"]},{\"@type\":\"Person\",\"@id\":\"https:\/\/kapitalis.com\/tunisie\/#\/schema\/person\/d71f33a9ca44f7bad4698210b480c8e9\",\"name\":\"webmaster kapitalis\",\"url\":\"https:\/\/kapitalis.com\/tunisie\/author\/webmaster-kapitalis\/\"}]}<\/script>\n<!-- \/ Yoast SEO plugin. -->","yoast_head_json":{"title":"Ligue des champions : Face \u00e0 face d\u00e9cisif TP Mazembe-Club africain - Kapitalis","robots":{"index":"index","follow":"follow","max-snippet":"max-snippet:-1","max-image-preview":"max-image-preview:large","max-video-preview":"max-video-preview:-1"},"canonical":"https:\/\/kapitalis.com\/tunisie\/2019\/01\/20\/ligue-des-champions-face-a-face-decisif-tp-mazembe-club-africain\/","og_locale":"fr_FR","og_type":"article","og_title":"Ligue des champions : Face \u00e0 face d\u00e9cisif TP Mazembe-Club africain - Kapitalis","og_description":"La rencontre entre l\u2019\u00e9quipe congolaise du TP Mazembe et le Club africain (CA), comptant pour la 3e journ\u00e9e de la phase de groupe de la Ligue africaine des champions, se d\u00e9roulera \u00e0 Kinshasa, le samedi 2 f\u00e9vrier 2019 \u00e0 partir de 14h (HT).","og_url":"https:\/\/kapitalis.com\/tunisie\/2019\/01\/20\/ligue-des-champions-face-a-face-decisif-tp-mazembe-club-africain\/","og_site_name":"Kapitalis","article_publisher":"https:\/\/www.facebook.com\/KapitalisInfo\/","article_published_time":"2019-01-20T08:56:26+00:00","og_image":[{"width":1200,"height":630,"url":"https:\/\/kapitalis.com\/tunisie\/wp-content\/uploads\/2022\/05\/kapitalis-logo-fb.png","type":"image\/png"}],"author":"webmaster kapitalis","twitter_card":"summary_large_image","twitter_creator":"@KapitalisInfo","twitter_site":"@KapitalisInfo","twitter_misc":{"\u00c9crit par":"webmaster kapitalis","Dur\u00e9e de lecture estim\u00e9e":"1 minute"},"schema":{"@context":"https:\/\/schema.org","@graph":[{"@type":"Article","@id":"https:\/\/kapitalis.com\/tunisie\/2019\/01\/20\/ligue-des-champions-face-a-face-decisif-tp-mazembe-club-africain\/#article","isPartOf":{"@id":"https:\/\/kapitalis.com\/tunisie\/2019\/01\/20\/ligue-des-champions-face-a-face-decisif-tp-mazembe-club-africain\/"},"author":{"name":"webmaster kapitalis","@id":"https:\/\/kapitalis.com\/tunisie\/#\/schema\/person\/d71f33a9ca44f7bad4698210b480c8e9"},"headline":"Ligue des champions : Face \u00e0 face d\u00e9cisif TP Mazembe-Club africain","datePublished":"2019-01-20T08:56:26+00:00","mainEntityOfPage":{"@id":"https:\/\/kapitalis.com\/tunisie\/2019\/01\/20\/ligue-des-champions-face-a-face-decisif-tp-mazembe-club-africain\/"},"wordCount":273,"commentCount":0,"publisher":{"@id":"https:\/\/kapitalis.com\/tunisie\/#organization"},"image":{"@id":"https:\/\/kapitalis.com\/tunisie\/2019\/01\/20\/ligue-des-champions-face-a-face-decisif-tp-mazembe-club-africain\/#primaryimage"},"thumbnailUrl":"","keywords":["Al Ismaily","Club Africain","CS Constantine","Kinshasa","Oussama Darragi","TP Mazembe"],"articleSection":["SPORT","Tunisie"],"inLanguage":"fr-FR","potentialAction":[{"@type":"CommentAction","name":"Comment","target":["https:\/\/kapitalis.com\/tunisie\/2019\/01\/20\/ligue-des-champions-face-a-face-decisif-tp-mazembe-club-africain\/#respond"]}]},{"@type":"WebPage","@id":"https:\/\/kapitalis.com\/tunisie\/2019\/01\/20\/ligue-des-champions-face-a-face-decisif-tp-mazembe-club-africain\/","url":"https:\/\/kapitalis.com\/tunisie\/2019\/01\/20\/ligue-des-champions-face-a-face-decisif-tp-mazembe-club-africain\/","name":"Ligue des champions : Face \u00e0 face d\u00e9cisif TP Mazembe-Club africain - Kapitalis","isPartOf":{"@id":"https:\/\/kapitalis.com\/tunisie\/#website"},"primaryImageOfPage":{"@id":"https:\/\/kapitalis.com\/tunisie\/2019\/01\/20\/ligue-des-champions-face-a-face-decisif-tp-mazembe-club-africain\/#primaryimage"},"image":{"@id":"https:\/\/kapitalis.com\/tunisie\/2019\/01\/20\/ligue-des-champions-face-a-face-decisif-tp-mazembe-club-africain\/#primaryimage"},"thumbnailUrl":"","datePublished":"2019-01-20T08:56:26+00:00","breadcrumb":{"@id":"https:\/\/kapitalis.com\/tunisie\/2019\/01\/20\/ligue-des-champions-face-a-face-decisif-tp-mazembe-club-africain\/#breadcrumb"},"inLanguage":"fr-FR","potentialAction":[{"@type":"ReadAction","target":["https:\/\/kapitalis.com\/tunisie\/2019\/01\/20\/ligue-des-champions-face-a-face-decisif-tp-mazembe-club-africain\/"]}]},{"@type":"ImageObject","inLanguage":"fr-FR","@id":"https:\/\/kapitalis.com\/tunisie\/2019\/01\/20\/ligue-des-champions-face-a-face-decisif-tp-mazembe-club-africain\/#primaryimage","url":"","contentUrl":""},{"@type":"BreadcrumbList","@id":"https:\/\/kapitalis.com\/tunisie\/2019\/01\/20\/ligue-des-champions-face-a-face-decisif-tp-mazembe-club-africain\/#breadcrumb","itemListElement":[{"@type":"ListItem","position":1,"name":"Accueil","item":"https:\/\/kapitalis.com\/tunisie\/"},{"@type":"ListItem","position":2,"name":"Ligue des champions : Face \u00e0 face d\u00e9cisif TP Mazembe-Club africain"}]},{"@type":"WebSite","@id":"https:\/\/kapitalis.com\/tunisie\/#website","url":"https:\/\/kapitalis.com\/tunisie\/","name":"Kapitalis","description":"L&#039;actualit\u00e9 en Tunisie et dans le monde","publisher":{"@id":"https:\/\/kapitalis.com\/tunisie\/#organization"},"potentialAction":[{"@type":"SearchAction","target":{"@type":"EntryPoint","urlTemplate":"https:\/\/kapitalis.com\/tunisie\/?s={search_term_string}"},"query-input":{"@type":"PropertyValueSpecification","valueRequired":true,"valueName":"search_term_string"}}],"inLanguage":"fr-FR"},{"@type":"Organization","@id":"https:\/\/kapitalis.com\/tunisie\/#organization","name":"Kapitalis","url":"https:\/\/kapitalis.com\/tunisie\/","logo":{"@type":"ImageObject","inLanguage":"fr-FR","@id":"https:\/\/kapitalis.com\/tunisie\/#\/schema\/logo\/image\/","url":"https:\/\/kapitalis.com\/tunisie\/wp-content\/uploads\/2022\/05\/Kapitalis-big-size.png","contentUrl":"https:\/\/kapitalis.com\/tunisie\/wp-content\/uploads\/2022\/05\/Kapitalis-big-size.png","width":5000,"height":1500,"caption":"Kapitalis"},"image":{"@id":"https:\/\/kapitalis.com\/tunisie\/#\/schema\/logo\/image\/"},"sameAs":["https:\/\/www.facebook.com\/KapitalisInfo\/","https:\/\/x.com\/KapitalisInfo","https:\/\/www.youtube.com\/channel\/UC-yDYrHyfFBWWZaOw3FPg9Q"]},{"@type":"Person","@id":"https:\/\/kapitalis.com\/tunisie\/#\/schema\/person\/d71f33a9ca44f7bad4698210b480c8e9","name":"webmaster kapitalis","url":"https:\/\/kapitalis.com\/tunisie\/author\/webmaster-kapitalis\/"}]}},"_links":{"self":[{"href":"https:\/\/kapitalis.com\/tunisie\/wp-json\/wp\/v2\/posts\/194011","targetHints":{"allow":["GET"]}}],"collection":[{"href":"https:\/\/kapitalis.com\/tunisie\/wp-json\/wp\/v2\/posts"}],"about":[{"href":"https:\/\/kapitalis.com\/tunisie\/wp-json\/wp\/v2\/types\/post"}],"author":[{"embeddable":true,"href":"https:\/\/kapitalis.com\/tunisie\/wp-json\/wp\/v2\/users\/8"}],"replies":[{"embeddable":true,"href":"https:\/\/kapitalis.com\/tunisie\/wp-json\/wp\/v2\/comments?post=194011"}],"version-history":[{"count":0,"href":"https:\/\/kapitalis.com\/tunisie\/wp-json\/wp\/v2\/posts\/194011\/revisions"}],"wp:featuredmedia":[{"embeddable":true,"href":"https:\/\/kapitalis.com\/tunisie\/wp-json\/wp\/v2\/media\/194012"}],"wp:attachment":[{"href":"https:\/\/kapitalis.com\/tunisie\/wp-json\/wp\/v2\/media?parent=194011"}],"wp:term":[{"taxonomy":"category","embeddable":true,"href":"https:\/\/kapitalis.com\/tunisie\/wp-json\/wp\/v2\/categories?post=194011"},{"taxonomy":"post_tag","embeddable":true,"href":"https:\/\/kapitalis.com\/tunisie\/wp-json\/wp\/v2\/tags?post=194011"}],"curies":[{"name":"wp","href":"https:\/\/api.w.org\/{rel}","templated":true}]}}