{"id":194104,"date":"2019-01-21T11:08:22","date_gmt":"2019-01-21T10:08:22","guid":{"rendered":"http:\/\/kapitalis.com\/tunisie\/?p=194104"},"modified":"2019-01-21T11:12:10","modified_gmt":"2019-01-21T10:12:10","slug":"le-2e-tunisian-freelancers-day-le-23-janvier-2019-a-beja","status":"publish","type":"post","link":"https:\/\/kapitalis.com\/tunisie\/2019\/01\/21\/le-2e-tunisian-freelancers-day-le-23-janvier-2019-a-beja\/","title":{"rendered":"Le 2e Tunisian freelancers day le 23 janvier 2019, \u00e0 B\u00e9ja"},"content":{"rendered":"<p style=\"text-align: center;\"><img loading=\"lazy\" decoding=\"async\" class=\"alignnone size-full wp-image-194110\" src=\"http:\/\/kapitalis.com\/tunisie\/wp-content\/uploads\/2019\/01\/Tunisian-Freelancers-Day.jpg\" alt=\"\" width=\"626\" height=\"380\" \/><\/p>\n<p><em><strong>La deuxi\u00e8me \u00e9dition du Tunisian freelancers day se tiendra le 23 janvier 2019, \u00e0 B\u00e9ja, autour de la th\u00e9matique suivante: \u00abLe travail en freelance en Tunisie, un potentiel pour l\u2019\u00e9conomie cr\u00e9ative en Tunisie.\u00bb<\/strong><\/em><\/p>\n<p><!--more--><\/p>\n<p>Cet \u00e9v\u00e9nement est organis\u00e9 par le r\u00e9seau des freelances tunisiens Prod&rsquo;it et l\u2019Institut sup\u00e9rieur des langues appliqu\u00e9es et d\u2019informatique de B\u00e9ja (Islaib) en partenariat avec l\u2019Institut sup\u00e9rieur des arts multim\u00e9dia de La Manouba (Isamm), le Tunis International Center for Digital Cultural Economy (TICDCE-Cit\u00e9 de la Culture), le Groupement de D\u00e9veloppement GDA-Sidi Amor, L&rsquo;European Forum for Independent professionals (EFIP), Eurofreelancers et European Freelancers Week, sous la tutelle du minist\u00e8re de l\u2019Enseignement sup\u00e9rieur et de la recherche scientifique.<\/p>\n<p>\u00c0 l&rsquo;occasion de cet \u00e9v\u00e9nement, un d\u00e9bat national sera lanc\u00e9 afin de r\u00e9fl\u00e9chir \u00e0 ces nouvelles formes d\u2019emploi cr\u00e9atives qui pr\u00e9sentent plus de 20% de la force de travail tunisienne et qui demeure informelle et non r\u00e9glement\u00e9e.<\/p>\n<p>Le travail en freelance ou freelancing conna\u00eet un essor sans pareil, notamment gr\u00e2ce \u00e0 la d\u00e9mocratisation de l\u2019informatique et l\u2019informatisation des entreprises.<\/p>\n<p>Selon l\u2019\u00e9tude am\u00e9ricaine \u00ab<em>Freelancing in America 2017<\/em>\u00bb, men\u00e9e par l\u2019organisation Freelance Union et UpWork, le travail en freelance prendra le dessus sur le travail traditionnel d&rsquo;ici 2027.<\/p>\n<p>Le cabinet McKinsey estimait r\u00e9cemment que de 20 \u00e0 30% de la population en \u00e2ge de travailler aux Etats-Unis et dans quinze pays d\u2019Europe gagneraient tout ou partie de son revenu en ind\u00e9pendant, soit 162 million de personnes.<\/p>\n<p>En Tunisie, le travail en freelance est en voie d\u2019occuper une place pr\u00e9pond\u00e9rante sur le march\u00e9 de l\u2019emploi et il pr\u00e9sente probablement une alternative future au travail formel et une solution adapt\u00e9e au probl\u00e8me de la migration des comp\u00e9tences et au probl\u00e8me de ch\u00f4mage qui s\u2019ins\u00e8re au c\u0153ur du d\u00e9bat politique actuel.<\/p>\n<p>Les domaines cr\u00e9atifs du multim\u00e9dia, de l\u2019audiovisuel et les arts m\u00e9diatiques, de l\u2019informatique, du jeu vid\u00e9o, de l\u2019\u00e9dition et du marketing digital sont les domaines porteurs les plus affect\u00e9s par ce mode de travail ind\u00e9pendant, lequel demeure informel et manque encore de visibilit\u00e9 ceci en d\u00e9pit de son fort impact sur l\u2019\u00e9conomie.<\/p>\n<p>Il est donc primordial que les acteurs politiques et sociaux prennent en consid\u00e9ration la mutation du march\u00e9 de l\u2019emploi en vue de r\u00e9sorber le d\u00e9calage entre la rigidit\u00e9 du cadre juridique, structurel et institutionnel et les nouvelles formes \u00e9mergentes de l\u2019emploi.<\/p>\n<blockquote class=\"wp-embedded-content\" data-secret=\"8aNFEeGqEL\"><p><a href=\"https:\/\/kapitalis.com\/tunisie\/2018\/06\/03\/zouza-une-plate-forme-tunisienne-dediee-aux-freelancers\/\">Zouza: Une plate-forme tunisienne d\u00e9di\u00e9e aux freelancers<\/a><\/p><\/blockquote>\n<p><iframe loading=\"lazy\" class=\"wp-embedded-content\" sandbox=\"allow-scripts\" security=\"restricted\" style=\"position: absolute; clip: rect(1px, 1px, 1px, 1px);\" title=\"\u00ab\u00a0Zouza: Une plate-forme tunisienne d\u00e9di\u00e9e aux freelancers\u00a0\u00bb &#8212; Kapitalis\" src=\"https:\/\/kapitalis.com\/tunisie\/2018\/06\/03\/zouza-une-plate-forme-tunisienne-dediee-aux-freelancers\/embed\/#?secret=ZkHrV3VkXi#?secret=8aNFEeGqEL\" data-secret=\"8aNFEeGqEL\" width=\"600\" height=\"338\" frameborder=\"0\" marginwidth=\"0\" marginheight=\"0\" scrolling=\"no\"><\/iframe><\/p>\n<blockquote class=\"wp-embedded-content\" data-secret=\"YwEZUJfOdL\"><p><a href=\"https:\/\/kapitalis.com\/tunisie\/2016\/03\/13\/emploi-les-freelancers-tunisiens-sorganisent\/\">Emploi : Les \u00ab freelancers \u00bb tunisiens s\u2019organisent<\/a><\/p><\/blockquote>\n<p><iframe loading=\"lazy\" class=\"wp-embedded-content\" sandbox=\"allow-scripts\" security=\"restricted\" style=\"position: absolute; clip: rect(1px, 1px, 1px, 1px);\" title=\"\u00ab\u00a0Emploi : Les \u00ab freelancers \u00bb tunisiens s\u2019organisent\u00a0\u00bb &#8212; Kapitalis\" src=\"https:\/\/kapitalis.com\/tunisie\/2016\/03\/13\/emploi-les-freelancers-tunisiens-sorganisent\/embed\/#?secret=lHk9blGrd7#?secret=YwEZUJfOdL\" data-secret=\"YwEZUJfOdL\" width=\"600\" height=\"338\" frameborder=\"0\" marginwidth=\"0\" marginheight=\"0\" scrolling=\"no\"><\/iframe><\/p>\n<blockquote class=\"wp-embedded-content\" data-secret=\"yZflTvPwEU\"><p><a href=\"https:\/\/kapitalis.com\/tunisie\/2018\/04\/26\/younes-el-ghoul-economie-collaborative-et-emploi-partage-au-service-des-pme\/\">Younes El Ghoul : Economie collaborative et emploi partag\u00e9 au service des PME<\/a><\/p><\/blockquote>\n<p><iframe loading=\"lazy\" class=\"wp-embedded-content\" sandbox=\"allow-scripts\" security=\"restricted\" style=\"position: absolute; clip: rect(1px, 1px, 1px, 1px);\" title=\"\u00ab\u00a0Younes El Ghoul : Economie collaborative et emploi partag\u00e9 au service des PME\u00a0\u00bb &#8212; Kapitalis\" src=\"https:\/\/kapitalis.com\/tunisie\/2018\/04\/26\/younes-el-ghoul-economie-collaborative-et-emploi-partage-au-service-des-pme\/embed\/#?secret=AubWeHaVVi#?secret=yZflTvPwEU\" data-secret=\"yZflTvPwEU\" width=\"600\" height=\"338\" frameborder=\"0\" marginwidth=\"0\" marginheight=\"0\" scrolling=\"no\"><\/iframe><\/p>\n","protected":false},"excerpt":{"rendered":"<p>La deuxi\u00e8me \u00e9dition du Tunisian freelancers day se tiendra le 23 janvier 2019, \u00e0 B\u00e9ja, autour de la th\u00e9matique suivante: \u00abLe travail en freelance en Tunisie, un potentiel pour l\u2019\u00e9conomie cr\u00e9ative en Tunisie.\u00bb<\/p>\n","protected":false},"author":8,"featured_media":194110,"comment_status":"open","ping_status":"open","sticky":false,"template":"","format":"standard","meta":{"footnotes":""},"categories":[995,2433],"tags":[136,2048],"class_list":["post-194104","post","type-post","status-publish","format-standard","has-post-thumbnail","hentry","category-economie","category-tunisie","tag-beja","tag-emploi"],"yoast_head":"<!-- This site is optimized with the Yoast SEO plugin v26.6 - https:\/\/yoast.com\/wordpress\/plugins\/seo\/ -->\n<title>Le 2e Tunisian freelancers day le 23 janvier 2019, \u00e0 B\u00e9ja - Kapitalis<\/title>\n<meta name=\"robots\" content=\"index, follow, max-snippet:-1, max-image-preview:large, max-video-preview:-1\" \/>\n<link rel=\"canonical\" href=\"https:\/\/kapitalis.com\/tunisie\/2019\/01\/21\/le-2e-tunisian-freelancers-day-le-23-janvier-2019-a-beja\/\" \/>\n<meta property=\"og:locale\" content=\"fr_FR\" \/>\n<meta property=\"og:type\" content=\"article\" \/>\n<meta property=\"og:title\" content=\"Le 2e Tunisian freelancers day le 23 janvier 2019, \u00e0 B\u00e9ja - Kapitalis\" \/>\n<meta property=\"og:description\" content=\"La deuxi\u00e8me \u00e9dition du Tunisian freelancers day se tiendra le 23 janvier 2019, \u00e0 B\u00e9ja, autour de la th\u00e9matique suivante: \u00abLe travail en freelance en Tunisie, un potentiel pour l\u2019\u00e9conomie cr\u00e9ative en Tunisie.\u00bb\" \/>\n<meta property=\"og:url\" content=\"https:\/\/kapitalis.com\/tunisie\/2019\/01\/21\/le-2e-tunisian-freelancers-day-le-23-janvier-2019-a-beja\/\" \/>\n<meta property=\"og:site_name\" content=\"Kapitalis\" \/>\n<meta property=\"article:publisher\" content=\"https:\/\/www.facebook.com\/KapitalisInfo\/\" \/>\n<meta property=\"article:published_time\" content=\"2019-01-21T10:08:22+00:00\" \/>\n<meta property=\"article:modified_time\" content=\"2019-01-21T10:12:10+00:00\" \/>\n<meta property=\"og:image\" content=\"https:\/\/kapitalis.com\/tunisie\/wp-content\/uploads\/2022\/05\/kapitalis-logo-fb.png\" \/>\n\t<meta property=\"og:image:width\" content=\"1200\" \/>\n\t<meta property=\"og:image:height\" content=\"630\" \/>\n\t<meta property=\"og:image:type\" content=\"image\/png\" \/>\n<meta name=\"author\" content=\"webmaster kapitalis\" \/>\n<meta name=\"twitter:card\" content=\"summary_large_image\" \/>\n<meta name=\"twitter:creator\" content=\"@KapitalisInfo\" \/>\n<meta name=\"twitter:site\" content=\"@KapitalisInfo\" \/>\n<meta name=\"twitter:label1\" content=\"\u00c9crit par\" \/>\n\t<meta name=\"twitter:data1\" content=\"webmaster kapitalis\" \/>\n\t<meta name=\"twitter:label2\" content=\"Dur\u00e9e de lecture estim\u00e9e\" \/>\n\t<meta name=\"twitter:data2\" content=\"2 minutes\" \/>\n<script type=\"application\/ld+json\" class=\"yoast-schema-graph\">{\"@context\":\"https:\/\/schema.org\",\"@graph\":[{\"@type\":\"Article\",\"@id\":\"https:\/\/kapitalis.com\/tunisie\/2019\/01\/21\/le-2e-tunisian-freelancers-day-le-23-janvier-2019-a-beja\/#article\",\"isPartOf\":{\"@id\":\"https:\/\/kapitalis.com\/tunisie\/2019\/01\/21\/le-2e-tunisian-freelancers-day-le-23-janvier-2019-a-beja\/\"},\"author\":{\"name\":\"webmaster kapitalis\",\"@id\":\"https:\/\/kapitalis.com\/tunisie\/#\/schema\/person\/d71f33a9ca44f7bad4698210b480c8e9\"},\"headline\":\"Le 2e Tunisian freelancers day le 23 janvier 2019, \u00e0 B\u00e9ja\",\"datePublished\":\"2019-01-21T10:08:22+00:00\",\"dateModified\":\"2019-01-21T10:12:10+00:00\",\"mainEntityOfPage\":{\"@id\":\"https:\/\/kapitalis.com\/tunisie\/2019\/01\/21\/le-2e-tunisian-freelancers-day-le-23-janvier-2019-a-beja\/\"},\"wordCount\":459,\"commentCount\":0,\"publisher\":{\"@id\":\"https:\/\/kapitalis.com\/tunisie\/#organization\"},\"image\":{\"@id\":\"https:\/\/kapitalis.com\/tunisie\/2019\/01\/21\/le-2e-tunisian-freelancers-day-le-23-janvier-2019-a-beja\/#primaryimage\"},\"thumbnailUrl\":\"\",\"keywords\":[\"B\u00e9ja\",\"emploi\"],\"articleSection\":[\"ECONOMIE\",\"Tunisie\"],\"inLanguage\":\"fr-FR\",\"potentialAction\":[{\"@type\":\"CommentAction\",\"name\":\"Comment\",\"target\":[\"https:\/\/kapitalis.com\/tunisie\/2019\/01\/21\/le-2e-tunisian-freelancers-day-le-23-janvier-2019-a-beja\/#respond\"]}]},{\"@type\":\"WebPage\",\"@id\":\"https:\/\/kapitalis.com\/tunisie\/2019\/01\/21\/le-2e-tunisian-freelancers-day-le-23-janvier-2019-a-beja\/\",\"url\":\"https:\/\/kapitalis.com\/tunisie\/2019\/01\/21\/le-2e-tunisian-freelancers-day-le-23-janvier-2019-a-beja\/\",\"name\":\"Le 2e Tunisian freelancers day le 23 janvier 2019, \u00e0 B\u00e9ja - Kapitalis\",\"isPartOf\":{\"@id\":\"https:\/\/kapitalis.com\/tunisie\/#website\"},\"primaryImageOfPage\":{\"@id\":\"https:\/\/kapitalis.com\/tunisie\/2019\/01\/21\/le-2e-tunisian-freelancers-day-le-23-janvier-2019-a-beja\/#primaryimage\"},\"image\":{\"@id\":\"https:\/\/kapitalis.com\/tunisie\/2019\/01\/21\/le-2e-tunisian-freelancers-day-le-23-janvier-2019-a-beja\/#primaryimage\"},\"thumbnailUrl\":\"\",\"datePublished\":\"2019-01-21T10:08:22+00:00\",\"dateModified\":\"2019-01-21T10:12:10+00:00\",\"breadcrumb\":{\"@id\":\"https:\/\/kapitalis.com\/tunisie\/2019\/01\/21\/le-2e-tunisian-freelancers-day-le-23-janvier-2019-a-beja\/#breadcrumb\"},\"inLanguage\":\"fr-FR\",\"potentialAction\":[{\"@type\":\"ReadAction\",\"target\":[\"https:\/\/kapitalis.com\/tunisie\/2019\/01\/21\/le-2e-tunisian-freelancers-day-le-23-janvier-2019-a-beja\/\"]}]},{\"@type\":\"ImageObject\",\"inLanguage\":\"fr-FR\",\"@id\":\"https:\/\/kapitalis.com\/tunisie\/2019\/01\/21\/le-2e-tunisian-freelancers-day-le-23-janvier-2019-a-beja\/#primaryimage\",\"url\":\"\",\"contentUrl\":\"\"},{\"@type\":\"BreadcrumbList\",\"@id\":\"https:\/\/kapitalis.com\/tunisie\/2019\/01\/21\/le-2e-tunisian-freelancers-day-le-23-janvier-2019-a-beja\/#breadcrumb\",\"itemListElement\":[{\"@type\":\"ListItem\",\"position\":1,\"name\":\"Accueil\",\"item\":\"https:\/\/kapitalis.com\/tunisie\/\"},{\"@type\":\"ListItem\",\"position\":2,\"name\":\"Le 2e Tunisian freelancers day le 23 janvier 2019, \u00e0 B\u00e9ja\"}]},{\"@type\":\"WebSite\",\"@id\":\"https:\/\/kapitalis.com\/tunisie\/#website\",\"url\":\"https:\/\/kapitalis.com\/tunisie\/\",\"name\":\"Kapitalis\",\"description\":\"L&#039;actualit\u00e9 en Tunisie et dans le monde\",\"publisher\":{\"@id\":\"https:\/\/kapitalis.com\/tunisie\/#organization\"},\"potentialAction\":[{\"@type\":\"SearchAction\",\"target\":{\"@type\":\"EntryPoint\",\"urlTemplate\":\"https:\/\/kapitalis.com\/tunisie\/?s={search_term_string}\"},\"query-input\":{\"@type\":\"PropertyValueSpecification\",\"valueRequired\":true,\"valueName\":\"search_term_string\"}}],\"inLanguage\":\"fr-FR\"},{\"@type\":\"Organization\",\"@id\":\"https:\/\/kapitalis.com\/tunisie\/#organization\",\"name\":\"Kapitalis\",\"url\":\"https:\/\/kapitalis.com\/tunisie\/\",\"logo\":{\"@type\":\"ImageObject\",\"inLanguage\":\"fr-FR\",\"@id\":\"https:\/\/kapitalis.com\/tunisie\/#\/schema\/logo\/image\/\",\"url\":\"https:\/\/kapitalis.com\/tunisie\/wp-content\/uploads\/2022\/05\/Kapitalis-big-size.png\",\"contentUrl\":\"https:\/\/kapitalis.com\/tunisie\/wp-content\/uploads\/2022\/05\/Kapitalis-big-size.png\",\"width\":5000,\"height\":1500,\"caption\":\"Kapitalis\"},\"image\":{\"@id\":\"https:\/\/kapitalis.com\/tunisie\/#\/schema\/logo\/image\/\"},\"sameAs\":[\"https:\/\/www.facebook.com\/KapitalisInfo\/\",\"https:\/\/x.com\/KapitalisInfo\",\"https:\/\/www.youtube.com\/channel\/UC-yDYrHyfFBWWZaOw3FPg9Q\"]},{\"@type\":\"Person\",\"@id\":\"https:\/\/kapitalis.com\/tunisie\/#\/schema\/person\/d71f33a9ca44f7bad4698210b480c8e9\",\"name\":\"webmaster kapitalis\",\"url\":\"https:\/\/kapitalis.com\/tunisie\/author\/webmaster-kapitalis\/\"}]}<\/script>\n<!-- \/ Yoast SEO plugin. -->","yoast_head_json":{"title":"Le 2e Tunisian freelancers day le 23 janvier 2019, \u00e0 B\u00e9ja - Kapitalis","robots":{"index":"index","follow":"follow","max-snippet":"max-snippet:-1","max-image-preview":"max-image-preview:large","max-video-preview":"max-video-preview:-1"},"canonical":"https:\/\/kapitalis.com\/tunisie\/2019\/01\/21\/le-2e-tunisian-freelancers-day-le-23-janvier-2019-a-beja\/","og_locale":"fr_FR","og_type":"article","og_title":"Le 2e Tunisian freelancers day le 23 janvier 2019, \u00e0 B\u00e9ja - Kapitalis","og_description":"La deuxi\u00e8me \u00e9dition du Tunisian freelancers day se tiendra le 23 janvier 2019, \u00e0 B\u00e9ja, autour de la th\u00e9matique suivante: \u00abLe travail en freelance en Tunisie, un potentiel pour l\u2019\u00e9conomie cr\u00e9ative en Tunisie.\u00bb","og_url":"https:\/\/kapitalis.com\/tunisie\/2019\/01\/21\/le-2e-tunisian-freelancers-day-le-23-janvier-2019-a-beja\/","og_site_name":"Kapitalis","article_publisher":"https:\/\/www.facebook.com\/KapitalisInfo\/","article_published_time":"2019-01-21T10:08:22+00:00","article_modified_time":"2019-01-21T10:12:10+00:00","og_image":[{"width":1200,"height":630,"url":"https:\/\/kapitalis.com\/tunisie\/wp-content\/uploads\/2022\/05\/kapitalis-logo-fb.png","type":"image\/png"}],"author":"webmaster kapitalis","twitter_card":"summary_large_image","twitter_creator":"@KapitalisInfo","twitter_site":"@KapitalisInfo","twitter_misc":{"\u00c9crit par":"webmaster kapitalis","Dur\u00e9e de lecture estim\u00e9e":"2 minutes"},"schema":{"@context":"https:\/\/schema.org","@graph":[{"@type":"Article","@id":"https:\/\/kapitalis.com\/tunisie\/2019\/01\/21\/le-2e-tunisian-freelancers-day-le-23-janvier-2019-a-beja\/#article","isPartOf":{"@id":"https:\/\/kapitalis.com\/tunisie\/2019\/01\/21\/le-2e-tunisian-freelancers-day-le-23-janvier-2019-a-beja\/"},"author":{"name":"webmaster kapitalis","@id":"https:\/\/kapitalis.com\/tunisie\/#\/schema\/person\/d71f33a9ca44f7bad4698210b480c8e9"},"headline":"Le 2e Tunisian freelancers day le 23 janvier 2019, \u00e0 B\u00e9ja","datePublished":"2019-01-21T10:08:22+00:00","dateModified":"2019-01-21T10:12:10+00:00","mainEntityOfPage":{"@id":"https:\/\/kapitalis.com\/tunisie\/2019\/01\/21\/le-2e-tunisian-freelancers-day-le-23-janvier-2019-a-beja\/"},"wordCount":459,"commentCount":0,"publisher":{"@id":"https:\/\/kapitalis.com\/tunisie\/#organization"},"image":{"@id":"https:\/\/kapitalis.com\/tunisie\/2019\/01\/21\/le-2e-tunisian-freelancers-day-le-23-janvier-2019-a-beja\/#primaryimage"},"thumbnailUrl":"","keywords":["B\u00e9ja","emploi"],"articleSection":["ECONOMIE","Tunisie"],"inLanguage":"fr-FR","potentialAction":[{"@type":"CommentAction","name":"Comment","target":["https:\/\/kapitalis.com\/tunisie\/2019\/01\/21\/le-2e-tunisian-freelancers-day-le-23-janvier-2019-a-beja\/#respond"]}]},{"@type":"WebPage","@id":"https:\/\/kapitalis.com\/tunisie\/2019\/01\/21\/le-2e-tunisian-freelancers-day-le-23-janvier-2019-a-beja\/","url":"https:\/\/kapitalis.com\/tunisie\/2019\/01\/21\/le-2e-tunisian-freelancers-day-le-23-janvier-2019-a-beja\/","name":"Le 2e Tunisian freelancers day le 23 janvier 2019, \u00e0 B\u00e9ja - Kapitalis","isPartOf":{"@id":"https:\/\/kapitalis.com\/tunisie\/#website"},"primaryImageOfPage":{"@id":"https:\/\/kapitalis.com\/tunisie\/2019\/01\/21\/le-2e-tunisian-freelancers-day-le-23-janvier-2019-a-beja\/#primaryimage"},"image":{"@id":"https:\/\/kapitalis.com\/tunisie\/2019\/01\/21\/le-2e-tunisian-freelancers-day-le-23-janvier-2019-a-beja\/#primaryimage"},"thumbnailUrl":"","datePublished":"2019-01-21T10:08:22+00:00","dateModified":"2019-01-21T10:12:10+00:00","breadcrumb":{"@id":"https:\/\/kapitalis.com\/tunisie\/2019\/01\/21\/le-2e-tunisian-freelancers-day-le-23-janvier-2019-a-beja\/#breadcrumb"},"inLanguage":"fr-FR","potentialAction":[{"@type":"ReadAction","target":["https:\/\/kapitalis.com\/tunisie\/2019\/01\/21\/le-2e-tunisian-freelancers-day-le-23-janvier-2019-a-beja\/"]}]},{"@type":"ImageObject","inLanguage":"fr-FR","@id":"https:\/\/kapitalis.com\/tunisie\/2019\/01\/21\/le-2e-tunisian-freelancers-day-le-23-janvier-2019-a-beja\/#primaryimage","url":"","contentUrl":""},{"@type":"BreadcrumbList","@id":"https:\/\/kapitalis.com\/tunisie\/2019\/01\/21\/le-2e-tunisian-freelancers-day-le-23-janvier-2019-a-beja\/#breadcrumb","itemListElement":[{"@type":"ListItem","position":1,"name":"Accueil","item":"https:\/\/kapitalis.com\/tunisie\/"},{"@type":"ListItem","position":2,"name":"Le 2e Tunisian freelancers day le 23 janvier 2019, \u00e0 B\u00e9ja"}]},{"@type":"WebSite","@id":"https:\/\/kapitalis.com\/tunisie\/#website","url":"https:\/\/kapitalis.com\/tunisie\/","name":"Kapitalis","description":"L&#039;actualit\u00e9 en Tunisie et dans le monde","publisher":{"@id":"https:\/\/kapitalis.com\/tunisie\/#organization"},"potentialAction":[{"@type":"SearchAction","target":{"@type":"EntryPoint","urlTemplate":"https:\/\/kapitalis.com\/tunisie\/?s={search_term_string}"},"query-input":{"@type":"PropertyValueSpecification","valueRequired":true,"valueName":"search_term_string"}}],"inLanguage":"fr-FR"},{"@type":"Organization","@id":"https:\/\/kapitalis.com\/tunisie\/#organization","name":"Kapitalis","url":"https:\/\/kapitalis.com\/tunisie\/","logo":{"@type":"ImageObject","inLanguage":"fr-FR","@id":"https:\/\/kapitalis.com\/tunisie\/#\/schema\/logo\/image\/","url":"https:\/\/kapitalis.com\/tunisie\/wp-content\/uploads\/2022\/05\/Kapitalis-big-size.png","contentUrl":"https:\/\/kapitalis.com\/tunisie\/wp-content\/uploads\/2022\/05\/Kapitalis-big-size.png","width":5000,"height":1500,"caption":"Kapitalis"},"image":{"@id":"https:\/\/kapitalis.com\/tunisie\/#\/schema\/logo\/image\/"},"sameAs":["https:\/\/www.facebook.com\/KapitalisInfo\/","https:\/\/x.com\/KapitalisInfo","https:\/\/www.youtube.com\/channel\/UC-yDYrHyfFBWWZaOw3FPg9Q"]},{"@type":"Person","@id":"https:\/\/kapitalis.com\/tunisie\/#\/schema\/person\/d71f33a9ca44f7bad4698210b480c8e9","name":"webmaster kapitalis","url":"https:\/\/kapitalis.com\/tunisie\/author\/webmaster-kapitalis\/"}]}},"_links":{"self":[{"href":"https:\/\/kapitalis.com\/tunisie\/wp-json\/wp\/v2\/posts\/194104","targetHints":{"allow":["GET"]}}],"collection":[{"href":"https:\/\/kapitalis.com\/tunisie\/wp-json\/wp\/v2\/posts"}],"about":[{"href":"https:\/\/kapitalis.com\/tunisie\/wp-json\/wp\/v2\/types\/post"}],"author":[{"embeddable":true,"href":"https:\/\/kapitalis.com\/tunisie\/wp-json\/wp\/v2\/users\/8"}],"replies":[{"embeddable":true,"href":"https:\/\/kapitalis.com\/tunisie\/wp-json\/wp\/v2\/comments?post=194104"}],"version-history":[{"count":0,"href":"https:\/\/kapitalis.com\/tunisie\/wp-json\/wp\/v2\/posts\/194104\/revisions"}],"wp:featuredmedia":[{"embeddable":true,"href":"https:\/\/kapitalis.com\/tunisie\/wp-json\/wp\/v2\/media\/194110"}],"wp:attachment":[{"href":"https:\/\/kapitalis.com\/tunisie\/wp-json\/wp\/v2\/media?parent=194104"}],"wp:term":[{"taxonomy":"category","embeddable":true,"href":"https:\/\/kapitalis.com\/tunisie\/wp-json\/wp\/v2\/categories?post=194104"},{"taxonomy":"post_tag","embeddable":true,"href":"https:\/\/kapitalis.com\/tunisie\/wp-json\/wp\/v2\/tags?post=194104"}],"curies":[{"name":"wp","href":"https:\/\/api.w.org\/{rel}","templated":true}]}}