{"id":194158,"date":"2019-01-21T14:05:41","date_gmt":"2019-01-21T13:05:41","guid":{"rendered":"http:\/\/kapitalis.com\/tunisie\/?p=194158"},"modified":"2019-01-21T14:05:41","modified_gmt":"2019-01-21T13:05:41","slug":"delegation-dhommes-daffaires-de-sfax-en-prospection-en-turquie","status":"publish","type":"post","link":"https:\/\/kapitalis.com\/tunisie\/2019\/01\/21\/delegation-dhommes-daffaires-de-sfax-en-prospection-en-turquie\/","title":{"rendered":"D\u00e9l\u00e9gation d\u2019hommes d\u2019affaires de Sfax en prospection en Turquie"},"content":{"rendered":"<p style=\"text-align: center;\"><img loading=\"lazy\" decoding=\"async\" class=\"alignnone size-full wp-image-194159\" src=\"http:\/\/kapitalis.com\/tunisie\/wp-content\/uploads\/2019\/01\/Tarak-Cherif-Konya.jpg\" alt=\"\" width=\"626\" height=\"380\" \/><\/p>\n<p><em><strong>Une mission \u00e9conomique s\u2019est d\u00e9roul\u00e9e du 13 au 16 janvier 2019 \u00e0 Konya, en Turquie. Conduite par Tarak Cherif, pr\u00e9sident de la Conf\u00e9d\u00e9ration des entreprises citoyennes de Tunisie (Conect), elle a rassembl\u00e9 une vingtaine d\u2019hommes d\u2019affaires issus de divers secteurs.<\/strong> <\/em><\/p>\n<p><!--more--><\/p>\n<p>La mission, organis\u00e9e par Conect International en partenariat avec Conect Sfax, l\u2019ambassade de Turquie en Tunisie et la Chambre de commerce de Konya, a \u00e9t\u00e9 l\u2019occasion pour la d\u00e9l\u00e9gation tunisienne de pr\u00e9senter aux investisseurs potentiels turcs la nouvelle loi d\u2019investissement, les opportunit\u00e9s d\u2019affaires et l\u2019importance de cr\u00e9er des partenariats \u00abgagnant-gagnant\u00bb afin de pouvoir acc\u00e9der \u00e0 de nouveaux march\u00e9s en faisant profiter les exportateurs turcs du r\u00e9seaux de Conect International sur l\u2019Afrique et parall\u00e8lement les exportateurs tunisiens sur les march\u00e9 d\u2019Asie centrale o\u00f9 la Chambre de commerce de Konya d\u00e9tient un r\u00e9seau des plus solides.<\/p>\n<p>Plus que 150 hommes d\u2019affaires turcs de diff\u00e9rents secteurs d\u2019activit\u00e9s sont venus aux rencontres B2B organis\u00e9es dans le but de cr\u00e9er des projets de partenariats et de renforcer les relations entre les deux pays et notamment entre les r\u00e9gions de Sfax et de Konya.<\/p>\n<p>La d\u00e9l\u00e9gation tunisienne a eu aussi l\u2019occasion de faire des visites \u00e0 d\u2019importantes entreprises turques situ\u00e9es dans la r\u00e9gion de Konya et d\u2019avoir une id\u00e9e sur leurs les capacit\u00e9s de production et la grande vari\u00e9t\u00e9 de leurs produits. Elle a \u00e9galement \u00e9t\u00e9 re\u00e7ue par Omer Faruk Okka, pr\u00e9sident de Musiad Konya, l\u2019Association des industriels et hommes d\u2019affaires ind\u00e9pendants qui a exprim\u00e9 tout son soutien et son engagement pour apporter les facilit\u00e9s n\u00e9cessaires aux entreprises tunisiennes int\u00e9ress\u00e9es par des partenariats d\u2019affaires avec les entreprises turques.<\/p>\n<p style=\"text-align: center;\"><img loading=\"lazy\" decoding=\"async\" class=\"alignnone wp-image-194160\" src=\"http:\/\/kapitalis.com\/tunisie\/wp-content\/uploads\/2019\/01\/Tarak-Cherif-Konya-2.jpg\" alt=\"\" width=\"500\" height=\"304\" \/><\/p>\n<p>Dans ce cadre Foued Gueddich, pr\u00e9sident de Conect International, a invit\u00e9 le pr\u00e9sident du Musiad Konya et les repr\u00e9sentants de la Chambre de commerce de Konya \u00e0 renforcer la collaboration entre les hommes d\u2019affaires tunisiens et turcs par l\u2019organisation d\u2019\u00e9v\u00e9nements d\u2019envergure internationale dans le but de promouvoir les relation d&rsquo;affaires entre les deux pays et permettre aux industriels tunisiens et turcs d\u2019acc\u00e9der \u00e0 de nouveaux march\u00e9s porteurs.<\/p>\n<p>Il est \u00e0 noter qu\u2019en marge de cette visite, une convention de partenariat entre la Conect et la Chambre de commerce de Konya a \u00e9t\u00e9 sign\u00e9e par leurs pr\u00e9sidents respectifs, Tarak Cherif et Sel\u00e7uk \u00d6zt\u00fcrk.<\/p>\n<p><em><strong>Source<\/strong><\/em> : communiqu\u00e9.<\/p>\n","protected":false},"excerpt":{"rendered":"<p>Une mission \u00e9conomique s\u2019est d\u00e9roul\u00e9e du 13 au 16 janvier 2019 \u00e0 Konya, en Turquie. Conduite par Tarak Cherif, pr\u00e9sident de la Conf\u00e9d\u00e9ration des entreprises citoyennes de Tunisie (Conect), elle a rassembl\u00e9 une vingtaine d\u2019hommes d\u2019affaires issus de divers secteurs.<\/p>\n","protected":false},"author":8,"featured_media":194159,"comment_status":"open","ping_status":"open","sticky":false,"template":"","format":"standard","meta":{"footnotes":""},"categories":[995,2433],"tags":[2144,823,3558,1855],"class_list":["post-194158","post","type-post","status-publish","format-standard","has-post-thumbnail","hentry","category-economie","category-tunisie","tag-conect","tag-sfax","tag-tarak-cherif","tag-turquie"],"yoast_head":"<!-- This site is optimized with the Yoast SEO plugin v26.6 - https:\/\/yoast.com\/wordpress\/plugins\/seo\/ -->\n<title>D\u00e9l\u00e9gation d\u2019hommes d\u2019affaires de Sfax en prospection en Turquie - Kapitalis<\/title>\n<meta name=\"robots\" content=\"index, follow, max-snippet:-1, max-image-preview:large, max-video-preview:-1\" \/>\n<link rel=\"canonical\" href=\"https:\/\/kapitalis.com\/tunisie\/2019\/01\/21\/delegation-dhommes-daffaires-de-sfax-en-prospection-en-turquie\/\" \/>\n<meta property=\"og:locale\" content=\"fr_FR\" \/>\n<meta property=\"og:type\" content=\"article\" \/>\n<meta property=\"og:title\" content=\"D\u00e9l\u00e9gation d\u2019hommes d\u2019affaires de Sfax en prospection en Turquie - Kapitalis\" \/>\n<meta property=\"og:description\" content=\"Une mission \u00e9conomique s\u2019est d\u00e9roul\u00e9e du 13 au 16 janvier 2019 \u00e0 Konya, en Turquie. Conduite par Tarak Cherif, pr\u00e9sident de la Conf\u00e9d\u00e9ration des entreprises citoyennes de Tunisie (Conect), elle a rassembl\u00e9 une vingtaine d\u2019hommes d\u2019affaires issus de divers secteurs.\" \/>\n<meta property=\"og:url\" content=\"https:\/\/kapitalis.com\/tunisie\/2019\/01\/21\/delegation-dhommes-daffaires-de-sfax-en-prospection-en-turquie\/\" \/>\n<meta property=\"og:site_name\" content=\"Kapitalis\" \/>\n<meta property=\"article:publisher\" content=\"https:\/\/www.facebook.com\/KapitalisInfo\/\" \/>\n<meta property=\"article:published_time\" content=\"2019-01-21T13:05:41+00:00\" \/>\n<meta property=\"og:image\" content=\"https:\/\/kapitalis.com\/tunisie\/wp-content\/uploads\/2022\/05\/kapitalis-logo-fb.png\" \/>\n\t<meta property=\"og:image:width\" content=\"1200\" \/>\n\t<meta property=\"og:image:height\" content=\"630\" \/>\n\t<meta property=\"og:image:type\" content=\"image\/png\" \/>\n<meta name=\"author\" content=\"webmaster kapitalis\" \/>\n<meta name=\"twitter:card\" content=\"summary_large_image\" \/>\n<meta name=\"twitter:creator\" content=\"@KapitalisInfo\" \/>\n<meta name=\"twitter:site\" content=\"@KapitalisInfo\" \/>\n<meta name=\"twitter:label1\" content=\"\u00c9crit par\" \/>\n\t<meta name=\"twitter:data1\" content=\"webmaster kapitalis\" \/>\n\t<meta name=\"twitter:label2\" content=\"Dur\u00e9e de lecture estim\u00e9e\" \/>\n\t<meta name=\"twitter:data2\" content=\"2 minutes\" \/>\n<script type=\"application\/ld+json\" class=\"yoast-schema-graph\">{\"@context\":\"https:\/\/schema.org\",\"@graph\":[{\"@type\":\"Article\",\"@id\":\"https:\/\/kapitalis.com\/tunisie\/2019\/01\/21\/delegation-dhommes-daffaires-de-sfax-en-prospection-en-turquie\/#article\",\"isPartOf\":{\"@id\":\"https:\/\/kapitalis.com\/tunisie\/2019\/01\/21\/delegation-dhommes-daffaires-de-sfax-en-prospection-en-turquie\/\"},\"author\":{\"name\":\"webmaster kapitalis\",\"@id\":\"https:\/\/kapitalis.com\/tunisie\/#\/schema\/person\/d71f33a9ca44f7bad4698210b480c8e9\"},\"headline\":\"D\u00e9l\u00e9gation d\u2019hommes d\u2019affaires de Sfax en prospection en Turquie\",\"datePublished\":\"2019-01-21T13:05:41+00:00\",\"mainEntityOfPage\":{\"@id\":\"https:\/\/kapitalis.com\/tunisie\/2019\/01\/21\/delegation-dhommes-daffaires-de-sfax-en-prospection-en-turquie\/\"},\"wordCount\":440,\"commentCount\":1,\"publisher\":{\"@id\":\"https:\/\/kapitalis.com\/tunisie\/#organization\"},\"image\":{\"@id\":\"https:\/\/kapitalis.com\/tunisie\/2019\/01\/21\/delegation-dhommes-daffaires-de-sfax-en-prospection-en-turquie\/#primaryimage\"},\"thumbnailUrl\":\"\",\"keywords\":[\"Conect\",\"Sfax\",\"Tarak Cherif\",\"Turquie\"],\"articleSection\":[\"ECONOMIE\",\"Tunisie\"],\"inLanguage\":\"fr-FR\",\"potentialAction\":[{\"@type\":\"CommentAction\",\"name\":\"Comment\",\"target\":[\"https:\/\/kapitalis.com\/tunisie\/2019\/01\/21\/delegation-dhommes-daffaires-de-sfax-en-prospection-en-turquie\/#respond\"]}]},{\"@type\":\"WebPage\",\"@id\":\"https:\/\/kapitalis.com\/tunisie\/2019\/01\/21\/delegation-dhommes-daffaires-de-sfax-en-prospection-en-turquie\/\",\"url\":\"https:\/\/kapitalis.com\/tunisie\/2019\/01\/21\/delegation-dhommes-daffaires-de-sfax-en-prospection-en-turquie\/\",\"name\":\"D\u00e9l\u00e9gation d\u2019hommes d\u2019affaires de Sfax en prospection en Turquie - Kapitalis\",\"isPartOf\":{\"@id\":\"https:\/\/kapitalis.com\/tunisie\/#website\"},\"primaryImageOfPage\":{\"@id\":\"https:\/\/kapitalis.com\/tunisie\/2019\/01\/21\/delegation-dhommes-daffaires-de-sfax-en-prospection-en-turquie\/#primaryimage\"},\"image\":{\"@id\":\"https:\/\/kapitalis.com\/tunisie\/2019\/01\/21\/delegation-dhommes-daffaires-de-sfax-en-prospection-en-turquie\/#primaryimage\"},\"thumbnailUrl\":\"\",\"datePublished\":\"2019-01-21T13:05:41+00:00\",\"breadcrumb\":{\"@id\":\"https:\/\/kapitalis.com\/tunisie\/2019\/01\/21\/delegation-dhommes-daffaires-de-sfax-en-prospection-en-turquie\/#breadcrumb\"},\"inLanguage\":\"fr-FR\",\"potentialAction\":[{\"@type\":\"ReadAction\",\"target\":[\"https:\/\/kapitalis.com\/tunisie\/2019\/01\/21\/delegation-dhommes-daffaires-de-sfax-en-prospection-en-turquie\/\"]}]},{\"@type\":\"ImageObject\",\"inLanguage\":\"fr-FR\",\"@id\":\"https:\/\/kapitalis.com\/tunisie\/2019\/01\/21\/delegation-dhommes-daffaires-de-sfax-en-prospection-en-turquie\/#primaryimage\",\"url\":\"\",\"contentUrl\":\"\"},{\"@type\":\"BreadcrumbList\",\"@id\":\"https:\/\/kapitalis.com\/tunisie\/2019\/01\/21\/delegation-dhommes-daffaires-de-sfax-en-prospection-en-turquie\/#breadcrumb\",\"itemListElement\":[{\"@type\":\"ListItem\",\"position\":1,\"name\":\"Accueil\",\"item\":\"https:\/\/kapitalis.com\/tunisie\/\"},{\"@type\":\"ListItem\",\"position\":2,\"name\":\"D\u00e9l\u00e9gation d\u2019hommes d\u2019affaires de Sfax en prospection en Turquie\"}]},{\"@type\":\"WebSite\",\"@id\":\"https:\/\/kapitalis.com\/tunisie\/#website\",\"url\":\"https:\/\/kapitalis.com\/tunisie\/\",\"name\":\"Kapitalis\",\"description\":\"L&#039;actualit\u00e9 en Tunisie et dans le monde\",\"publisher\":{\"@id\":\"https:\/\/kapitalis.com\/tunisie\/#organization\"},\"potentialAction\":[{\"@type\":\"SearchAction\",\"target\":{\"@type\":\"EntryPoint\",\"urlTemplate\":\"https:\/\/kapitalis.com\/tunisie\/?s={search_term_string}\"},\"query-input\":{\"@type\":\"PropertyValueSpecification\",\"valueRequired\":true,\"valueName\":\"search_term_string\"}}],\"inLanguage\":\"fr-FR\"},{\"@type\":\"Organization\",\"@id\":\"https:\/\/kapitalis.com\/tunisie\/#organization\",\"name\":\"Kapitalis\",\"url\":\"https:\/\/kapitalis.com\/tunisie\/\",\"logo\":{\"@type\":\"ImageObject\",\"inLanguage\":\"fr-FR\",\"@id\":\"https:\/\/kapitalis.com\/tunisie\/#\/schema\/logo\/image\/\",\"url\":\"https:\/\/kapitalis.com\/tunisie\/wp-content\/uploads\/2022\/05\/Kapitalis-big-size.png\",\"contentUrl\":\"https:\/\/kapitalis.com\/tunisie\/wp-content\/uploads\/2022\/05\/Kapitalis-big-size.png\",\"width\":5000,\"height\":1500,\"caption\":\"Kapitalis\"},\"image\":{\"@id\":\"https:\/\/kapitalis.com\/tunisie\/#\/schema\/logo\/image\/\"},\"sameAs\":[\"https:\/\/www.facebook.com\/KapitalisInfo\/\",\"https:\/\/x.com\/KapitalisInfo\",\"https:\/\/www.youtube.com\/channel\/UC-yDYrHyfFBWWZaOw3FPg9Q\"]},{\"@type\":\"Person\",\"@id\":\"https:\/\/kapitalis.com\/tunisie\/#\/schema\/person\/d71f33a9ca44f7bad4698210b480c8e9\",\"name\":\"webmaster kapitalis\",\"url\":\"https:\/\/kapitalis.com\/tunisie\/author\/webmaster-kapitalis\/\"}]}<\/script>\n<!-- \/ Yoast SEO plugin. -->","yoast_head_json":{"title":"D\u00e9l\u00e9gation d\u2019hommes d\u2019affaires de Sfax en prospection en Turquie - Kapitalis","robots":{"index":"index","follow":"follow","max-snippet":"max-snippet:-1","max-image-preview":"max-image-preview:large","max-video-preview":"max-video-preview:-1"},"canonical":"https:\/\/kapitalis.com\/tunisie\/2019\/01\/21\/delegation-dhommes-daffaires-de-sfax-en-prospection-en-turquie\/","og_locale":"fr_FR","og_type":"article","og_title":"D\u00e9l\u00e9gation d\u2019hommes d\u2019affaires de Sfax en prospection en Turquie - Kapitalis","og_description":"Une mission \u00e9conomique s\u2019est d\u00e9roul\u00e9e du 13 au 16 janvier 2019 \u00e0 Konya, en Turquie. Conduite par Tarak Cherif, pr\u00e9sident de la Conf\u00e9d\u00e9ration des entreprises citoyennes de Tunisie (Conect), elle a rassembl\u00e9 une vingtaine d\u2019hommes d\u2019affaires issus de divers secteurs.","og_url":"https:\/\/kapitalis.com\/tunisie\/2019\/01\/21\/delegation-dhommes-daffaires-de-sfax-en-prospection-en-turquie\/","og_site_name":"Kapitalis","article_publisher":"https:\/\/www.facebook.com\/KapitalisInfo\/","article_published_time":"2019-01-21T13:05:41+00:00","og_image":[{"width":1200,"height":630,"url":"https:\/\/kapitalis.com\/tunisie\/wp-content\/uploads\/2022\/05\/kapitalis-logo-fb.png","type":"image\/png"}],"author":"webmaster kapitalis","twitter_card":"summary_large_image","twitter_creator":"@KapitalisInfo","twitter_site":"@KapitalisInfo","twitter_misc":{"\u00c9crit par":"webmaster kapitalis","Dur\u00e9e de lecture estim\u00e9e":"2 minutes"},"schema":{"@context":"https:\/\/schema.org","@graph":[{"@type":"Article","@id":"https:\/\/kapitalis.com\/tunisie\/2019\/01\/21\/delegation-dhommes-daffaires-de-sfax-en-prospection-en-turquie\/#article","isPartOf":{"@id":"https:\/\/kapitalis.com\/tunisie\/2019\/01\/21\/delegation-dhommes-daffaires-de-sfax-en-prospection-en-turquie\/"},"author":{"name":"webmaster kapitalis","@id":"https:\/\/kapitalis.com\/tunisie\/#\/schema\/person\/d71f33a9ca44f7bad4698210b480c8e9"},"headline":"D\u00e9l\u00e9gation d\u2019hommes d\u2019affaires de Sfax en prospection en Turquie","datePublished":"2019-01-21T13:05:41+00:00","mainEntityOfPage":{"@id":"https:\/\/kapitalis.com\/tunisie\/2019\/01\/21\/delegation-dhommes-daffaires-de-sfax-en-prospection-en-turquie\/"},"wordCount":440,"commentCount":1,"publisher":{"@id":"https:\/\/kapitalis.com\/tunisie\/#organization"},"image":{"@id":"https:\/\/kapitalis.com\/tunisie\/2019\/01\/21\/delegation-dhommes-daffaires-de-sfax-en-prospection-en-turquie\/#primaryimage"},"thumbnailUrl":"","keywords":["Conect","Sfax","Tarak Cherif","Turquie"],"articleSection":["ECONOMIE","Tunisie"],"inLanguage":"fr-FR","potentialAction":[{"@type":"CommentAction","name":"Comment","target":["https:\/\/kapitalis.com\/tunisie\/2019\/01\/21\/delegation-dhommes-daffaires-de-sfax-en-prospection-en-turquie\/#respond"]}]},{"@type":"WebPage","@id":"https:\/\/kapitalis.com\/tunisie\/2019\/01\/21\/delegation-dhommes-daffaires-de-sfax-en-prospection-en-turquie\/","url":"https:\/\/kapitalis.com\/tunisie\/2019\/01\/21\/delegation-dhommes-daffaires-de-sfax-en-prospection-en-turquie\/","name":"D\u00e9l\u00e9gation d\u2019hommes d\u2019affaires de Sfax en prospection en Turquie - Kapitalis","isPartOf":{"@id":"https:\/\/kapitalis.com\/tunisie\/#website"},"primaryImageOfPage":{"@id":"https:\/\/kapitalis.com\/tunisie\/2019\/01\/21\/delegation-dhommes-daffaires-de-sfax-en-prospection-en-turquie\/#primaryimage"},"image":{"@id":"https:\/\/kapitalis.com\/tunisie\/2019\/01\/21\/delegation-dhommes-daffaires-de-sfax-en-prospection-en-turquie\/#primaryimage"},"thumbnailUrl":"","datePublished":"2019-01-21T13:05:41+00:00","breadcrumb":{"@id":"https:\/\/kapitalis.com\/tunisie\/2019\/01\/21\/delegation-dhommes-daffaires-de-sfax-en-prospection-en-turquie\/#breadcrumb"},"inLanguage":"fr-FR","potentialAction":[{"@type":"ReadAction","target":["https:\/\/kapitalis.com\/tunisie\/2019\/01\/21\/delegation-dhommes-daffaires-de-sfax-en-prospection-en-turquie\/"]}]},{"@type":"ImageObject","inLanguage":"fr-FR","@id":"https:\/\/kapitalis.com\/tunisie\/2019\/01\/21\/delegation-dhommes-daffaires-de-sfax-en-prospection-en-turquie\/#primaryimage","url":"","contentUrl":""},{"@type":"BreadcrumbList","@id":"https:\/\/kapitalis.com\/tunisie\/2019\/01\/21\/delegation-dhommes-daffaires-de-sfax-en-prospection-en-turquie\/#breadcrumb","itemListElement":[{"@type":"ListItem","position":1,"name":"Accueil","item":"https:\/\/kapitalis.com\/tunisie\/"},{"@type":"ListItem","position":2,"name":"D\u00e9l\u00e9gation d\u2019hommes d\u2019affaires de Sfax en prospection en Turquie"}]},{"@type":"WebSite","@id":"https:\/\/kapitalis.com\/tunisie\/#website","url":"https:\/\/kapitalis.com\/tunisie\/","name":"Kapitalis","description":"L&#039;actualit\u00e9 en Tunisie et dans le monde","publisher":{"@id":"https:\/\/kapitalis.com\/tunisie\/#organization"},"potentialAction":[{"@type":"SearchAction","target":{"@type":"EntryPoint","urlTemplate":"https:\/\/kapitalis.com\/tunisie\/?s={search_term_string}"},"query-input":{"@type":"PropertyValueSpecification","valueRequired":true,"valueName":"search_term_string"}}],"inLanguage":"fr-FR"},{"@type":"Organization","@id":"https:\/\/kapitalis.com\/tunisie\/#organization","name":"Kapitalis","url":"https:\/\/kapitalis.com\/tunisie\/","logo":{"@type":"ImageObject","inLanguage":"fr-FR","@id":"https:\/\/kapitalis.com\/tunisie\/#\/schema\/logo\/image\/","url":"https:\/\/kapitalis.com\/tunisie\/wp-content\/uploads\/2022\/05\/Kapitalis-big-size.png","contentUrl":"https:\/\/kapitalis.com\/tunisie\/wp-content\/uploads\/2022\/05\/Kapitalis-big-size.png","width":5000,"height":1500,"caption":"Kapitalis"},"image":{"@id":"https:\/\/kapitalis.com\/tunisie\/#\/schema\/logo\/image\/"},"sameAs":["https:\/\/www.facebook.com\/KapitalisInfo\/","https:\/\/x.com\/KapitalisInfo","https:\/\/www.youtube.com\/channel\/UC-yDYrHyfFBWWZaOw3FPg9Q"]},{"@type":"Person","@id":"https:\/\/kapitalis.com\/tunisie\/#\/schema\/person\/d71f33a9ca44f7bad4698210b480c8e9","name":"webmaster kapitalis","url":"https:\/\/kapitalis.com\/tunisie\/author\/webmaster-kapitalis\/"}]}},"_links":{"self":[{"href":"https:\/\/kapitalis.com\/tunisie\/wp-json\/wp\/v2\/posts\/194158","targetHints":{"allow":["GET"]}}],"collection":[{"href":"https:\/\/kapitalis.com\/tunisie\/wp-json\/wp\/v2\/posts"}],"about":[{"href":"https:\/\/kapitalis.com\/tunisie\/wp-json\/wp\/v2\/types\/post"}],"author":[{"embeddable":true,"href":"https:\/\/kapitalis.com\/tunisie\/wp-json\/wp\/v2\/users\/8"}],"replies":[{"embeddable":true,"href":"https:\/\/kapitalis.com\/tunisie\/wp-json\/wp\/v2\/comments?post=194158"}],"version-history":[{"count":0,"href":"https:\/\/kapitalis.com\/tunisie\/wp-json\/wp\/v2\/posts\/194158\/revisions"}],"wp:featuredmedia":[{"embeddable":true,"href":"https:\/\/kapitalis.com\/tunisie\/wp-json\/wp\/v2\/media\/194159"}],"wp:attachment":[{"href":"https:\/\/kapitalis.com\/tunisie\/wp-json\/wp\/v2\/media?parent=194158"}],"wp:term":[{"taxonomy":"category","embeddable":true,"href":"https:\/\/kapitalis.com\/tunisie\/wp-json\/wp\/v2\/categories?post=194158"},{"taxonomy":"post_tag","embeddable":true,"href":"https:\/\/kapitalis.com\/tunisie\/wp-json\/wp\/v2\/tags?post=194158"}],"curies":[{"name":"wp","href":"https:\/\/api.w.org\/{rel}","templated":true}]}}