{"id":194186,"date":"2019-01-21T16:17:19","date_gmt":"2019-01-21T15:17:19","guid":{"rendered":"http:\/\/kapitalis.com\/tunisie\/?p=194186"},"modified":"2019-01-21T16:30:06","modified_gmt":"2019-01-21T15:30:06","slug":"plaque-commemorative-en-hommage-a-azzedine-alaia-a-paris","status":"publish","type":"post","link":"https:\/\/kapitalis.com\/tunisie\/2019\/01\/21\/plaque-commemorative-en-hommage-a-azzedine-alaia-a-paris\/","title":{"rendered":"Plaque comm\u00e9morative en hommage \u00e0 Azzedine Ala\u00efa \u00e0 Paris (Vid\u00e9o)"},"content":{"rendered":"<p style=\"text-align: center;\"><img loading=\"lazy\" decoding=\"async\" class=\"alignnone size-full wp-image-194199\" src=\"http:\/\/kapitalis.com\/tunisie\/wp-content\/uploads\/2019\/01\/Alaia-Plaque-commemorative-Paris.jpg\" alt=\"\" width=\"626\" height=\"380\" \/><\/p>\n<p><em><strong>Une plaque de rue en hommage au grand couturier franco-tunisien Azzedine Ala\u00efa a \u00e9t\u00e9 inaugur\u00e9e le dimanche 20 janvier 2019, \u00e0 la rue de la Verrerie, au 4e arrondissement de Paris, l\u00e0 o\u00f9 il a v\u00e9cu et travaill\u00e9 pendant plusieurs ann\u00e9es.<\/strong><\/em><\/p>\n<p><!--more--><\/p>\n<p>C\u2019est au dessus de l\u2019entr\u00e9e de la c\u00e9l\u00e8bre galerie parisienne, portant son nom, que la plaque comm\u00e9morative a \u00e9t\u00e9 accroch\u00e9e, en pr\u00e9sence de nombreuses personnalit\u00e9s des m\u00e9dias et de la mode, notamment les deux grandes amies d\u2019Azzedine Ala\u00efa, les deux mannequins Naomi Campbell et Farida Khelfa, qui s\u2019\u00e9taient aussi d\u00e9plac\u00e9es \u00e0 ses fun\u00e9railles \u00e0 Sidi Bou Sa\u00efd, \u00e0 Tunis.<\/p>\n<p><center><\/center><\/p>\n<blockquote class=\"instagram-media\" style=\"background: #FFF; border: 0; border-radius: 3px; box-shadow: 0 0 1px 0 rgba(0,0,0,0.5),0 1px 10px 0 rgba(0,0,0,0.15); margin: 1px; max-width: 540px; min-width: 326px; padding: 0; width: calc(100% - 2px);\" data-instgrm-captioned=\"\" data-instgrm-permalink=\"https:\/\/www.instagram.com\/p\/Bs4Gt4Gl7oA\/?utm_source=ig_embed&amp;utm_medium=loading\" data-instgrm-version=\"12\">\n<div style=\"padding: 16px;\">\n<p>&nbsp;<\/p>\n<div style=\"display: flex; flex-direction: row; align-items: center;\">\n<div style=\"background-color: #f4f4f4; border-radius: 50%; flex-grow: 0; height: 40px; margin-right: 14px; width: 40px;\"><\/div>\n<div style=\"display: flex; flex-direction: column; flex-grow: 1; justify-content: center;\">\n<div style=\"background-color: #f4f4f4; border-radius: 4px; flex-grow: 0; height: 14px; margin-bottom: 6px; width: 100px;\"><\/div>\n<div style=\"background-color: #f4f4f4; border-radius: 4px; flex-grow: 0; height: 14px; width: 60px;\"><\/div>\n<\/div>\n<\/div>\n<div style=\"padding: 19% 0;\"><\/div>\n<div style=\"display: block; height: 50px; margin: 0 auto 12px; width: 50px;\"><\/div>\n<div style=\"padding-top: 8px;\">\n<div style=\"color: #3897f0; font-family: Arial,sans-serif; font-size: 14px; font-style: normal; font-weight: 550; line-height: 18px;\">View this post on Instagram<\/div>\n<\/div>\n<div style=\"padding: 12.5% 0;\"><\/div>\n<div style=\"display: flex; flex-direction: row; margin-bottom: 14px; align-items: center;\">\n<div>\n<div style=\"background-color: #f4f4f4; border-radius: 50%; height: 12.5px; width: 12.5px; transform: translateX(0px) translateY(7px);\"><\/div>\n<div style=\"background-color: #f4f4f4; height: 12.5px; transform: rotate(-45deg) translateX(3px) translateY(1px); width: 12.5px; flex-grow: 0; margin-right: 14px; margin-left: 2px;\"><\/div>\n<div style=\"background-color: #f4f4f4; border-radius: 50%; height: 12.5px; width: 12.5px; transform: translateX(9px) translateY(-18px);\"><\/div>\n<\/div>\n<div style=\"margin-left: 8px;\">\n<div style=\"background-color: #f4f4f4; border-radius: 50%; flex-grow: 0; height: 20px; width: 20px;\"><\/div>\n<div style=\"width: 0; height: 0; border-top: 2px solid transparent; border-left: 6px solid #f4f4f4; border-bottom: 2px solid transparent; transform: translateX(16px) translateY(-4px) rotate(30deg);\"><\/div>\n<\/div>\n<div style=\"margin-left: auto;\">\n<div style=\"width: 0px; border-top: 8px solid #F4F4F4; border-right: 8px solid transparent; transform: translateY(16px);\"><\/div>\n<div style=\"background-color: #f4f4f4; flex-grow: 0; height: 12px; width: 16px; transform: translateY(-4px);\"><\/div>\n<div style=\"width: 0; height: 0; border-top: 8px solid #F4F4F4; border-left: 8px solid transparent; transform: translateY(-4px) translateX(8px);\"><\/div>\n<\/div>\n<\/div>\n<p>&nbsp;<\/p>\n<p style=\"margin: 8px 0 0 0; padding: 0 4px;\"><a style=\"color: #000; font-family: Arial,sans-serif; font-size: 14px; font-style: normal; font-weight: normal; line-height: 17px; text-decoration: none; word-wrap: break-word;\" href=\"https:\/\/www.instagram.com\/p\/Bs4Gt4Gl7oA\/?utm_source=ig_embed&amp;utm_medium=loading\" target=\"_blank\" rel=\"noopener\">On the occasion of the opening of the exhibition \u201cAzzedine Ala\u00efa collector\u201d showing the works of two couturiers, Gilbert Adrian and Azzedine Ala\u00efa, the City of Paris &#8211; The Mairie de Paris &#8211; has given an hommage to Azzedine Ala\u00efa with the commemorative plaque at 18 Rue de la Verrerie, where the great couturier lived and worked.#azzedinealaia @azzedinealaiaofficial @christophvonweyhe<\/a><\/p>\n<p style=\"color: #c9c8cd; font-family: Arial,sans-serif; font-size: 14px; line-height: 17px; margin-bottom: 0; margin-top: 8px; overflow: hidden; padding: 8px 0 7px; text-align: center; text-overflow: ellipsis; white-space: nowrap;\">A post shared by <a style=\"color: #c9c8cd; font-family: Arial,sans-serif; font-size: 14px; font-style: normal; font-weight: normal; line-height: 17px;\" href=\"https:\/\/www.instagram.com\/azzedinealaiaofficial\/?utm_source=ig_embed&amp;utm_medium=loading\" target=\"_blank\" rel=\"noopener\"> Maison Ala\u00efa<\/a> (@azzedinealaiaofficial) on <time style=\"font-family: Arial,sans-serif; font-size: 14px; line-height: 17px;\" datetime=\"2019-01-21T00:33:56+00:00\">Jan 20, 2019 at 4:33pm PST<\/time><\/p>\n<\/div>\n<\/blockquote>\n<p><script async src=\"\/\/www.instagram.com\/embed.js\"><\/script><\/p>\n<p>\u00c0 l\u2019occasion de la Fashion Week (Semaine de la mode), la Maire de la ville de Paris Anne Hidalgo a lanc\u00e9 cette initiative afin de rendre hommage au grand styliste, d\u00e9c\u00e9d\u00e9 le 18 novembre 2017. Un \u00e9v\u00e9nement qui marque aussi l\u2019inauguration de l\u2019exposition <em>\u00abL\u2019art du tailleur\u00bb<\/em>, organis\u00e9e par la fondation Ala\u00efa pour red\u00e9couvrir les plus grandes cr\u00e9ations du c\u00e9l\u00e8bre styliste et couturier qui a habill\u00e9 tout au long de sa carri\u00e8re des centaines de mannequins, actrices, chanteuses\u2026 (Madonna, Lady Gaga, Rihanna, Monica Bellucci, Penelope Cruz, Salma Hayek\u2026)<\/p>\n<p style=\"text-align: right;\"><strong>Fawz Ben Ali<\/strong><\/p>\n<blockquote class=\"wp-embedded-content\" data-secret=\"dyIVV3htk3\"><p><a href=\"https:\/\/kapitalis.com\/tunisie\/2017\/11\/20\/hommage-unanime-a-azzedine-alaia-un-artiste-virtuose-et-genial\/\">Hommage unanime \u00e0 Azzedine Ala\u00efa : Un artiste virtuose et g\u00e9nial<\/a><\/p><\/blockquote>\n<p><iframe loading=\"lazy\" class=\"wp-embedded-content\" sandbox=\"allow-scripts\" security=\"restricted\" style=\"position: absolute; clip: rect(1px, 1px, 1px, 1px);\" title=\"\u00ab\u00a0Hommage unanime \u00e0 Azzedine Ala\u00efa : Un artiste virtuose et g\u00e9nial\u00a0\u00bb &#8212; Kapitalis\" src=\"https:\/\/kapitalis.com\/tunisie\/2017\/11\/20\/hommage-unanime-a-azzedine-alaia-un-artiste-virtuose-et-genial\/embed\/#?secret=vXH5FBMW7T#?secret=dyIVV3htk3\" data-secret=\"dyIVV3htk3\" width=\"600\" height=\"338\" frameborder=\"0\" marginwidth=\"0\" marginheight=\"0\" scrolling=\"no\"><\/iframe><\/p>\n<blockquote class=\"wp-embedded-content\" data-secret=\"Vh2liI3kuQ\"><p><a href=\"https:\/\/kapitalis.com\/tunisie\/2018\/11\/13\/sidi-bou-said-naomi-campbell-se-recueille-sur-la-tombe-dazzedine-alaia\/\">Sidi Bou Sa\u00efd : Naomi Campbell se recueille sur la tombe d\u2019Azzedine Ala\u00efa<\/a><\/p><\/blockquote>\n<p><iframe loading=\"lazy\" class=\"wp-embedded-content\" sandbox=\"allow-scripts\" security=\"restricted\" style=\"position: absolute; clip: rect(1px, 1px, 1px, 1px);\" title=\"\u00ab\u00a0Sidi Bou Sa\u00efd : Naomi Campbell se recueille sur la tombe d\u2019Azzedine Ala\u00efa\u00a0\u00bb &#8212; Kapitalis\" src=\"https:\/\/kapitalis.com\/tunisie\/2018\/11\/13\/sidi-bou-said-naomi-campbell-se-recueille-sur-la-tombe-dazzedine-alaia\/embed\/#?secret=OduYmdY9Mj#?secret=Vh2liI3kuQ\" data-secret=\"Vh2liI3kuQ\" width=\"600\" height=\"338\" frameborder=\"0\" marginwidth=\"0\" marginheight=\"0\" scrolling=\"no\"><\/iframe><\/p>\n<blockquote class=\"wp-embedded-content\" data-secret=\"pLi0cUkvWn\"><p><a href=\"https:\/\/kapitalis.com\/tunisie\/2017\/11\/20\/funerailles-de-azzedine-alaia-a-sidi-bou-said\/\">Fun\u00e9railles de Azzedine Ala\u00efa \u00e0 Sidi Bou Said<\/a><\/p><\/blockquote>\n<p><iframe loading=\"lazy\" class=\"wp-embedded-content\" sandbox=\"allow-scripts\" security=\"restricted\" style=\"position: absolute; clip: rect(1px, 1px, 1px, 1px);\" title=\"\u00ab\u00a0Fun\u00e9railles de Azzedine Ala\u00efa \u00e0 Sidi Bou Said\u00a0\u00bb &#8212; Kapitalis\" src=\"https:\/\/kapitalis.com\/tunisie\/2017\/11\/20\/funerailles-de-azzedine-alaia-a-sidi-bou-said\/embed\/#?secret=XhxpSBgb3A#?secret=pLi0cUkvWn\" data-secret=\"pLi0cUkvWn\" width=\"600\" height=\"338\" frameborder=\"0\" marginwidth=\"0\" marginheight=\"0\" scrolling=\"no\"><\/iframe><\/p>\n","protected":false},"excerpt":{"rendered":"<p>Une plaque de rue en hommage au grand couturier franco-tunisien Azzedine Ala\u00efa a \u00e9t\u00e9 inaugur\u00e9e le dimanche 20 janvier 2019, \u00e0 la rue de la Verrerie, au 4e arrondissement de Paris, l\u00e0 o\u00f9 il a v\u00e9cu et travaill\u00e9 pendant plusieurs ann\u00e9es.<\/p>\n","protected":false},"author":8,"featured_media":194187,"comment_status":"open","ping_status":"open","sticky":false,"template":"","format":"standard","meta":{"footnotes":""},"categories":[994,2433],"tags":[39150,827],"class_list":["post-194186","post","type-post","status-publish","format-standard","has-post-thumbnail","hentry","category-culture","category-tunisie","tag-azzedine-alaia","tag-sidi-bou-said"],"yoast_head":"<!-- This site is optimized with the Yoast SEO plugin v26.6 - https:\/\/yoast.com\/wordpress\/plugins\/seo\/ -->\n<title>Plaque comm\u00e9morative en hommage \u00e0 Azzedine Ala\u00efa \u00e0 Paris (Vid\u00e9o) - Kapitalis<\/title>\n<meta name=\"robots\" content=\"index, follow, max-snippet:-1, max-image-preview:large, max-video-preview:-1\" \/>\n<link rel=\"canonical\" href=\"https:\/\/kapitalis.com\/tunisie\/2019\/01\/21\/plaque-commemorative-en-hommage-a-azzedine-alaia-a-paris\/\" \/>\n<meta property=\"og:locale\" content=\"fr_FR\" \/>\n<meta property=\"og:type\" content=\"article\" \/>\n<meta property=\"og:title\" content=\"Plaque comm\u00e9morative en hommage \u00e0 Azzedine Ala\u00efa \u00e0 Paris (Vid\u00e9o) - Kapitalis\" \/>\n<meta property=\"og:description\" content=\"Une plaque de rue en hommage au grand couturier franco-tunisien Azzedine Ala\u00efa a \u00e9t\u00e9 inaugur\u00e9e le dimanche 20 janvier 2019, \u00e0 la rue de la Verrerie, au 4e arrondissement de Paris, l\u00e0 o\u00f9 il a v\u00e9cu et travaill\u00e9 pendant plusieurs ann\u00e9es.\" \/>\n<meta property=\"og:url\" content=\"https:\/\/kapitalis.com\/tunisie\/2019\/01\/21\/plaque-commemorative-en-hommage-a-azzedine-alaia-a-paris\/\" \/>\n<meta property=\"og:site_name\" content=\"Kapitalis\" \/>\n<meta property=\"article:publisher\" content=\"https:\/\/www.facebook.com\/KapitalisInfo\/\" \/>\n<meta property=\"article:published_time\" content=\"2019-01-21T15:17:19+00:00\" \/>\n<meta property=\"article:modified_time\" content=\"2019-01-21T15:30:06+00:00\" \/>\n<meta property=\"og:image\" content=\"https:\/\/kapitalis.com\/tunisie\/wp-content\/uploads\/2022\/05\/kapitalis-logo-fb.png\" \/>\n\t<meta property=\"og:image:width\" content=\"1200\" \/>\n\t<meta property=\"og:image:height\" content=\"630\" \/>\n\t<meta property=\"og:image:type\" content=\"image\/png\" \/>\n<meta name=\"author\" content=\"webmaster kapitalis\" \/>\n<meta name=\"twitter:card\" content=\"summary_large_image\" \/>\n<meta name=\"twitter:creator\" content=\"@KapitalisInfo\" \/>\n<meta name=\"twitter:site\" content=\"@KapitalisInfo\" \/>\n<meta name=\"twitter:label1\" content=\"\u00c9crit par\" \/>\n\t<meta name=\"twitter:data1\" content=\"webmaster kapitalis\" \/>\n\t<meta name=\"twitter:label2\" content=\"Dur\u00e9e de lecture estim\u00e9e\" \/>\n\t<meta name=\"twitter:data2\" content=\"2 minutes\" \/>\n<script type=\"application\/ld+json\" class=\"yoast-schema-graph\">{\"@context\":\"https:\/\/schema.org\",\"@graph\":[{\"@type\":\"Article\",\"@id\":\"https:\/\/kapitalis.com\/tunisie\/2019\/01\/21\/plaque-commemorative-en-hommage-a-azzedine-alaia-a-paris\/#article\",\"isPartOf\":{\"@id\":\"https:\/\/kapitalis.com\/tunisie\/2019\/01\/21\/plaque-commemorative-en-hommage-a-azzedine-alaia-a-paris\/\"},\"author\":{\"name\":\"webmaster kapitalis\",\"@id\":\"https:\/\/kapitalis.com\/tunisie\/#\/schema\/person\/d71f33a9ca44f7bad4698210b480c8e9\"},\"headline\":\"Plaque comm\u00e9morative en hommage \u00e0 Azzedine Ala\u00efa \u00e0 Paris (Vid\u00e9o)\",\"datePublished\":\"2019-01-21T15:17:19+00:00\",\"dateModified\":\"2019-01-21T15:30:06+00:00\",\"mainEntityOfPage\":{\"@id\":\"https:\/\/kapitalis.com\/tunisie\/2019\/01\/21\/plaque-commemorative-en-hommage-a-azzedine-alaia-a-paris\/\"},\"wordCount\":324,\"commentCount\":1,\"publisher\":{\"@id\":\"https:\/\/kapitalis.com\/tunisie\/#organization\"},\"image\":{\"@id\":\"https:\/\/kapitalis.com\/tunisie\/2019\/01\/21\/plaque-commemorative-en-hommage-a-azzedine-alaia-a-paris\/#primaryimage\"},\"thumbnailUrl\":\"\",\"keywords\":[\"Azzedine\u00a0Ala\u00efa\",\"Sidi Bou Sa\u00efd\"],\"articleSection\":[\"CULTURE\",\"Tunisie\"],\"inLanguage\":\"fr-FR\",\"potentialAction\":[{\"@type\":\"CommentAction\",\"name\":\"Comment\",\"target\":[\"https:\/\/kapitalis.com\/tunisie\/2019\/01\/21\/plaque-commemorative-en-hommage-a-azzedine-alaia-a-paris\/#respond\"]}]},{\"@type\":\"WebPage\",\"@id\":\"https:\/\/kapitalis.com\/tunisie\/2019\/01\/21\/plaque-commemorative-en-hommage-a-azzedine-alaia-a-paris\/\",\"url\":\"https:\/\/kapitalis.com\/tunisie\/2019\/01\/21\/plaque-commemorative-en-hommage-a-azzedine-alaia-a-paris\/\",\"name\":\"Plaque comm\u00e9morative en hommage \u00e0 Azzedine Ala\u00efa \u00e0 Paris (Vid\u00e9o) - Kapitalis\",\"isPartOf\":{\"@id\":\"https:\/\/kapitalis.com\/tunisie\/#website\"},\"primaryImageOfPage\":{\"@id\":\"https:\/\/kapitalis.com\/tunisie\/2019\/01\/21\/plaque-commemorative-en-hommage-a-azzedine-alaia-a-paris\/#primaryimage\"},\"image\":{\"@id\":\"https:\/\/kapitalis.com\/tunisie\/2019\/01\/21\/plaque-commemorative-en-hommage-a-azzedine-alaia-a-paris\/#primaryimage\"},\"thumbnailUrl\":\"\",\"datePublished\":\"2019-01-21T15:17:19+00:00\",\"dateModified\":\"2019-01-21T15:30:06+00:00\",\"breadcrumb\":{\"@id\":\"https:\/\/kapitalis.com\/tunisie\/2019\/01\/21\/plaque-commemorative-en-hommage-a-azzedine-alaia-a-paris\/#breadcrumb\"},\"inLanguage\":\"fr-FR\",\"potentialAction\":[{\"@type\":\"ReadAction\",\"target\":[\"https:\/\/kapitalis.com\/tunisie\/2019\/01\/21\/plaque-commemorative-en-hommage-a-azzedine-alaia-a-paris\/\"]}]},{\"@type\":\"ImageObject\",\"inLanguage\":\"fr-FR\",\"@id\":\"https:\/\/kapitalis.com\/tunisie\/2019\/01\/21\/plaque-commemorative-en-hommage-a-azzedine-alaia-a-paris\/#primaryimage\",\"url\":\"\",\"contentUrl\":\"\"},{\"@type\":\"BreadcrumbList\",\"@id\":\"https:\/\/kapitalis.com\/tunisie\/2019\/01\/21\/plaque-commemorative-en-hommage-a-azzedine-alaia-a-paris\/#breadcrumb\",\"itemListElement\":[{\"@type\":\"ListItem\",\"position\":1,\"name\":\"Accueil\",\"item\":\"https:\/\/kapitalis.com\/tunisie\/\"},{\"@type\":\"ListItem\",\"position\":2,\"name\":\"Plaque comm\u00e9morative en hommage \u00e0 Azzedine Ala\u00efa \u00e0 Paris (Vid\u00e9o)\"}]},{\"@type\":\"WebSite\",\"@id\":\"https:\/\/kapitalis.com\/tunisie\/#website\",\"url\":\"https:\/\/kapitalis.com\/tunisie\/\",\"name\":\"Kapitalis\",\"description\":\"L&#039;actualit\u00e9 en Tunisie et dans le monde\",\"publisher\":{\"@id\":\"https:\/\/kapitalis.com\/tunisie\/#organization\"},\"potentialAction\":[{\"@type\":\"SearchAction\",\"target\":{\"@type\":\"EntryPoint\",\"urlTemplate\":\"https:\/\/kapitalis.com\/tunisie\/?s={search_term_string}\"},\"query-input\":{\"@type\":\"PropertyValueSpecification\",\"valueRequired\":true,\"valueName\":\"search_term_string\"}}],\"inLanguage\":\"fr-FR\"},{\"@type\":\"Organization\",\"@id\":\"https:\/\/kapitalis.com\/tunisie\/#organization\",\"name\":\"Kapitalis\",\"url\":\"https:\/\/kapitalis.com\/tunisie\/\",\"logo\":{\"@type\":\"ImageObject\",\"inLanguage\":\"fr-FR\",\"@id\":\"https:\/\/kapitalis.com\/tunisie\/#\/schema\/logo\/image\/\",\"url\":\"https:\/\/kapitalis.com\/tunisie\/wp-content\/uploads\/2022\/05\/Kapitalis-big-size.png\",\"contentUrl\":\"https:\/\/kapitalis.com\/tunisie\/wp-content\/uploads\/2022\/05\/Kapitalis-big-size.png\",\"width\":5000,\"height\":1500,\"caption\":\"Kapitalis\"},\"image\":{\"@id\":\"https:\/\/kapitalis.com\/tunisie\/#\/schema\/logo\/image\/\"},\"sameAs\":[\"https:\/\/www.facebook.com\/KapitalisInfo\/\",\"https:\/\/x.com\/KapitalisInfo\",\"https:\/\/www.youtube.com\/channel\/UC-yDYrHyfFBWWZaOw3FPg9Q\"]},{\"@type\":\"Person\",\"@id\":\"https:\/\/kapitalis.com\/tunisie\/#\/schema\/person\/d71f33a9ca44f7bad4698210b480c8e9\",\"name\":\"webmaster kapitalis\",\"url\":\"https:\/\/kapitalis.com\/tunisie\/author\/webmaster-kapitalis\/\"}]}<\/script>\n<!-- \/ Yoast SEO plugin. -->","yoast_head_json":{"title":"Plaque comm\u00e9morative en hommage \u00e0 Azzedine Ala\u00efa \u00e0 Paris (Vid\u00e9o) - Kapitalis","robots":{"index":"index","follow":"follow","max-snippet":"max-snippet:-1","max-image-preview":"max-image-preview:large","max-video-preview":"max-video-preview:-1"},"canonical":"https:\/\/kapitalis.com\/tunisie\/2019\/01\/21\/plaque-commemorative-en-hommage-a-azzedine-alaia-a-paris\/","og_locale":"fr_FR","og_type":"article","og_title":"Plaque comm\u00e9morative en hommage \u00e0 Azzedine Ala\u00efa \u00e0 Paris (Vid\u00e9o) - Kapitalis","og_description":"Une plaque de rue en hommage au grand couturier franco-tunisien Azzedine Ala\u00efa a \u00e9t\u00e9 inaugur\u00e9e le dimanche 20 janvier 2019, \u00e0 la rue de la Verrerie, au 4e arrondissement de Paris, l\u00e0 o\u00f9 il a v\u00e9cu et travaill\u00e9 pendant plusieurs ann\u00e9es.","og_url":"https:\/\/kapitalis.com\/tunisie\/2019\/01\/21\/plaque-commemorative-en-hommage-a-azzedine-alaia-a-paris\/","og_site_name":"Kapitalis","article_publisher":"https:\/\/www.facebook.com\/KapitalisInfo\/","article_published_time":"2019-01-21T15:17:19+00:00","article_modified_time":"2019-01-21T15:30:06+00:00","og_image":[{"width":1200,"height":630,"url":"https:\/\/kapitalis.com\/tunisie\/wp-content\/uploads\/2022\/05\/kapitalis-logo-fb.png","type":"image\/png"}],"author":"webmaster kapitalis","twitter_card":"summary_large_image","twitter_creator":"@KapitalisInfo","twitter_site":"@KapitalisInfo","twitter_misc":{"\u00c9crit par":"webmaster kapitalis","Dur\u00e9e de lecture estim\u00e9e":"2 minutes"},"schema":{"@context":"https:\/\/schema.org","@graph":[{"@type":"Article","@id":"https:\/\/kapitalis.com\/tunisie\/2019\/01\/21\/plaque-commemorative-en-hommage-a-azzedine-alaia-a-paris\/#article","isPartOf":{"@id":"https:\/\/kapitalis.com\/tunisie\/2019\/01\/21\/plaque-commemorative-en-hommage-a-azzedine-alaia-a-paris\/"},"author":{"name":"webmaster kapitalis","@id":"https:\/\/kapitalis.com\/tunisie\/#\/schema\/person\/d71f33a9ca44f7bad4698210b480c8e9"},"headline":"Plaque comm\u00e9morative en hommage \u00e0 Azzedine Ala\u00efa \u00e0 Paris (Vid\u00e9o)","datePublished":"2019-01-21T15:17:19+00:00","dateModified":"2019-01-21T15:30:06+00:00","mainEntityOfPage":{"@id":"https:\/\/kapitalis.com\/tunisie\/2019\/01\/21\/plaque-commemorative-en-hommage-a-azzedine-alaia-a-paris\/"},"wordCount":324,"commentCount":1,"publisher":{"@id":"https:\/\/kapitalis.com\/tunisie\/#organization"},"image":{"@id":"https:\/\/kapitalis.com\/tunisie\/2019\/01\/21\/plaque-commemorative-en-hommage-a-azzedine-alaia-a-paris\/#primaryimage"},"thumbnailUrl":"","keywords":["Azzedine\u00a0Ala\u00efa","Sidi Bou Sa\u00efd"],"articleSection":["CULTURE","Tunisie"],"inLanguage":"fr-FR","potentialAction":[{"@type":"CommentAction","name":"Comment","target":["https:\/\/kapitalis.com\/tunisie\/2019\/01\/21\/plaque-commemorative-en-hommage-a-azzedine-alaia-a-paris\/#respond"]}]},{"@type":"WebPage","@id":"https:\/\/kapitalis.com\/tunisie\/2019\/01\/21\/plaque-commemorative-en-hommage-a-azzedine-alaia-a-paris\/","url":"https:\/\/kapitalis.com\/tunisie\/2019\/01\/21\/plaque-commemorative-en-hommage-a-azzedine-alaia-a-paris\/","name":"Plaque comm\u00e9morative en hommage \u00e0 Azzedine Ala\u00efa \u00e0 Paris (Vid\u00e9o) - Kapitalis","isPartOf":{"@id":"https:\/\/kapitalis.com\/tunisie\/#website"},"primaryImageOfPage":{"@id":"https:\/\/kapitalis.com\/tunisie\/2019\/01\/21\/plaque-commemorative-en-hommage-a-azzedine-alaia-a-paris\/#primaryimage"},"image":{"@id":"https:\/\/kapitalis.com\/tunisie\/2019\/01\/21\/plaque-commemorative-en-hommage-a-azzedine-alaia-a-paris\/#primaryimage"},"thumbnailUrl":"","datePublished":"2019-01-21T15:17:19+00:00","dateModified":"2019-01-21T15:30:06+00:00","breadcrumb":{"@id":"https:\/\/kapitalis.com\/tunisie\/2019\/01\/21\/plaque-commemorative-en-hommage-a-azzedine-alaia-a-paris\/#breadcrumb"},"inLanguage":"fr-FR","potentialAction":[{"@type":"ReadAction","target":["https:\/\/kapitalis.com\/tunisie\/2019\/01\/21\/plaque-commemorative-en-hommage-a-azzedine-alaia-a-paris\/"]}]},{"@type":"ImageObject","inLanguage":"fr-FR","@id":"https:\/\/kapitalis.com\/tunisie\/2019\/01\/21\/plaque-commemorative-en-hommage-a-azzedine-alaia-a-paris\/#primaryimage","url":"","contentUrl":""},{"@type":"BreadcrumbList","@id":"https:\/\/kapitalis.com\/tunisie\/2019\/01\/21\/plaque-commemorative-en-hommage-a-azzedine-alaia-a-paris\/#breadcrumb","itemListElement":[{"@type":"ListItem","position":1,"name":"Accueil","item":"https:\/\/kapitalis.com\/tunisie\/"},{"@type":"ListItem","position":2,"name":"Plaque comm\u00e9morative en hommage \u00e0 Azzedine Ala\u00efa \u00e0 Paris (Vid\u00e9o)"}]},{"@type":"WebSite","@id":"https:\/\/kapitalis.com\/tunisie\/#website","url":"https:\/\/kapitalis.com\/tunisie\/","name":"Kapitalis","description":"L&#039;actualit\u00e9 en Tunisie et dans le monde","publisher":{"@id":"https:\/\/kapitalis.com\/tunisie\/#organization"},"potentialAction":[{"@type":"SearchAction","target":{"@type":"EntryPoint","urlTemplate":"https:\/\/kapitalis.com\/tunisie\/?s={search_term_string}"},"query-input":{"@type":"PropertyValueSpecification","valueRequired":true,"valueName":"search_term_string"}}],"inLanguage":"fr-FR"},{"@type":"Organization","@id":"https:\/\/kapitalis.com\/tunisie\/#organization","name":"Kapitalis","url":"https:\/\/kapitalis.com\/tunisie\/","logo":{"@type":"ImageObject","inLanguage":"fr-FR","@id":"https:\/\/kapitalis.com\/tunisie\/#\/schema\/logo\/image\/","url":"https:\/\/kapitalis.com\/tunisie\/wp-content\/uploads\/2022\/05\/Kapitalis-big-size.png","contentUrl":"https:\/\/kapitalis.com\/tunisie\/wp-content\/uploads\/2022\/05\/Kapitalis-big-size.png","width":5000,"height":1500,"caption":"Kapitalis"},"image":{"@id":"https:\/\/kapitalis.com\/tunisie\/#\/schema\/logo\/image\/"},"sameAs":["https:\/\/www.facebook.com\/KapitalisInfo\/","https:\/\/x.com\/KapitalisInfo","https:\/\/www.youtube.com\/channel\/UC-yDYrHyfFBWWZaOw3FPg9Q"]},{"@type":"Person","@id":"https:\/\/kapitalis.com\/tunisie\/#\/schema\/person\/d71f33a9ca44f7bad4698210b480c8e9","name":"webmaster kapitalis","url":"https:\/\/kapitalis.com\/tunisie\/author\/webmaster-kapitalis\/"}]}},"_links":{"self":[{"href":"https:\/\/kapitalis.com\/tunisie\/wp-json\/wp\/v2\/posts\/194186","targetHints":{"allow":["GET"]}}],"collection":[{"href":"https:\/\/kapitalis.com\/tunisie\/wp-json\/wp\/v2\/posts"}],"about":[{"href":"https:\/\/kapitalis.com\/tunisie\/wp-json\/wp\/v2\/types\/post"}],"author":[{"embeddable":true,"href":"https:\/\/kapitalis.com\/tunisie\/wp-json\/wp\/v2\/users\/8"}],"replies":[{"embeddable":true,"href":"https:\/\/kapitalis.com\/tunisie\/wp-json\/wp\/v2\/comments?post=194186"}],"version-history":[{"count":0,"href":"https:\/\/kapitalis.com\/tunisie\/wp-json\/wp\/v2\/posts\/194186\/revisions"}],"wp:featuredmedia":[{"embeddable":true,"href":"https:\/\/kapitalis.com\/tunisie\/wp-json\/wp\/v2\/media\/194187"}],"wp:attachment":[{"href":"https:\/\/kapitalis.com\/tunisie\/wp-json\/wp\/v2\/media?parent=194186"}],"wp:term":[{"taxonomy":"category","embeddable":true,"href":"https:\/\/kapitalis.com\/tunisie\/wp-json\/wp\/v2\/categories?post=194186"},{"taxonomy":"post_tag","embeddable":true,"href":"https:\/\/kapitalis.com\/tunisie\/wp-json\/wp\/v2\/tags?post=194186"}],"curies":[{"name":"wp","href":"https:\/\/api.w.org\/{rel}","templated":true}]}}