{"id":194642,"date":"2019-01-24T08:13:45","date_gmt":"2019-01-24T07:13:45","guid":{"rendered":"http:\/\/kapitalis.com\/tunisie\/?p=194642"},"modified":"2019-01-24T14:50:31","modified_gmt":"2019-01-24T13:50:31","slug":"abida-une-campagne-publicitaire-qui-inspire","status":"publish","type":"post","link":"https:\/\/kapitalis.com\/tunisie\/2019\/01\/24\/abida-une-campagne-publicitaire-qui-inspire\/","title":{"rendered":"Abida : une campagne publicitaire qui inspire"},"content":{"rendered":"<p style=\"text-align: center;\"><img loading=\"lazy\" decoding=\"async\" class=\"alignnone size-full wp-image-194643\" src=\"http:\/\/kapitalis.com\/tunisie\/wp-content\/uploads\/2019\/01\/Abida.jpg\" alt=\"\" width=\"626\" height=\"380\" \/><\/p>\n<p><em><strong>Abida affiche sa nouvelle identit\u00e9, comme peut en t\u00e9moigner sa r\u00e9cente campagne publicitaire \u00abOchek Abida\u00bb. La marque s\u00e9duit et surprend, comme elle a toujours su faire depuis plus d\u2019un demi-si\u00e8cle.<\/strong><\/em><\/p>\n<p><!--more--><\/p>\n<h3>Presque 60 ans d&rsquo;exp\u00e9rience<\/h3>\n<p>En effet, ce que peu de gens semblent conna\u00eetre, c\u2019est que la marque est fond\u00e9e en 1960 dans la r\u00e9gion d\u2019Abida, pr\u00e8s du Kef, d\u2019o\u00f9 son nom. Ces terres poss\u00e8dent un important potentiel agricole et hydraulique et produisent une qualit\u00e9 sup\u00e9rieure de denr\u00e9es alimentaires telles que les tomates et les piments.<\/p>\n<p>En 1994, la compagnie conna\u00eet son premier bond notamment suite \u00e0 l\u2019acquisition de 18 hectares de terres mara\u00eech\u00e8res dans la m\u00eame r\u00e9gion. En 1999, la marque passe d\u2019une capacit\u00e9 de production de 100 \u00e0 600 tonnes par jour. Abida ajuste sa politique d\u2019investissement pour atteindre finalement une capacit\u00e9 de production de 1800 tonnes\/jours.<\/p>\n<h3>Abida fait peau neuve<\/h3>\n<p>Abida affiche enfin de nouvelles couleurs. Le changement est sign\u00e9 par l\u2019agence de communication Kyubi Digital. La marque se voit rajeunir, elle s\u2019exprime d\u2019un ton plus souple, d\u00e9cal\u00e9, humoristique et s\u00e9duit ses auditeurs de tout \u00e2ge. Un objectif en cache un autre, en effet, si la marque a su se faire entendre, c\u2019est parce qu\u2019elle a un autre message \u00e0 transmettre : Abida est dor\u00e9navant une marque citoyenne et engag\u00e9e, ce qu\u2019elle ne tarde pas \u00e0 mettre en acte d\u2019une mani\u00e8re interactive qui vise \u00e0 renforcer l\u2019engagement de ses fans \u00e0 travers ses r\u00e9seaux sociaux, comme peut en t\u00e9moigner son action digitale <em>\u201cAm\u00e9liorer son \u00e9cole\u201d<\/em>.<\/p>\n<h3>Une campagne multifacettes sign\u00e9e \u201cOchek Abida\u201d<\/h3>\n<p>Pour annoncer son \u00e9volution, Abida voit les choses en grand. Rien n\u2019y \u00e9chappe, Tv, radio, affichage et digital. Le clou de la campagne sera son grand jeu Facebook <em>\u00abOchek Abida\u00bb<\/em> \u00e0 travers lequel la marque distribuera aux gagnants, sur une p\u00e9riode de deux mois, 30 cadeaux dont un voyage pour deux et voiture.<\/p>\n<div class=\"embed\">\n<div class=\"video\">\n<iframe loading=\"lazy\" width=\"560\" height=\"315\" src=\"https:\/\/www.youtube.com\/embed\/DyUyTqD9kEQ\" frameborder=\"0\" allow=\"accelerometer; autoplay; encrypted-media; gyroscope; picture-in-picture\" allowfullscreen><\/iframe>\n<\/div>\n<\/div>\n<p>&nbsp;<\/p>\n<h3>\u201cOchek Abida\u201d, un rappel \u00e0 l\u2019unit\u00e9 et \u00e0 l\u2019antiracisme<\/h3>\n<p>Pour son spot t\u00e9l\u00e9vis\u00e9, la marque imagine un univers o\u00f9 le partage et l\u2019amour sont mots d\u2019ordres.<\/p>\n<p>Jusqu\u2019ici rien de plus normal disons-nous, sauf que Abida a r\u00e9uni dans son monde plus ou moins toutes les castes qui forment notre soci\u00e9t\u00e9, nous y voyons, entre autres, une jeune m\u00e8re c\u00e9libataire, une expatri\u00e9e italienne et une famille noire, tous r\u00e9unis autour de jolis mets pr\u00e9par\u00e9s avec les produits Abida. Le but de cette campagne est de faire un rappel aux bonnes valeurs et m\u0153urs d\u2019une soci\u00e9t\u00e9 mod\u00e8le, que nous sommes tous \u00e9gaux, membres et acteurs d\u2019un m\u00eame et unique groupe. La marque se veut ainsi le produit de tous sans distinction raciale ou soci\u00e9tale, une initiative fortement salu\u00e9e en un temps o\u00f9 des actes d\u2019intol\u00e9rance font encore surface.<\/p>\n<p>Pour renforcer son message, la marque n\u2019y est pas all\u00e9e de main molle notamment avec son casting o\u00f9 l\u2019on voit l\u2019illustre actrice Tunisienne Mouna Noureddine, en guise de matriarche, pour cl\u00f4turer le film.<\/p>\n<p><em><strong>Communiqu\u00e9.<\/strong> <\/em><\/p>\n","protected":false},"excerpt":{"rendered":"<p>Abida affiche sa nouvelle identit\u00e9, comme peut en t\u00e9moigner sa r\u00e9cente campagne publicitaire \u00abOchek Abida\u00bb. La marque s\u00e9duit et surprend, comme elle a toujours su faire depuis plus d\u2019un demi-si\u00e8cle.<\/p>\n","protected":false},"author":8,"featured_media":194643,"comment_status":"open","ping_status":"open","sticky":false,"template":"","format":"standard","meta":{"footnotes":""},"categories":[995,996,2433],"tags":[527],"class_list":["post-194642","post","type-post","status-publish","format-standard","has-post-thumbnail","hentry","category-economie","category-media","category-tunisie","tag-kef"],"yoast_head":"<!-- This site is optimized with the Yoast SEO plugin v26.6 - https:\/\/yoast.com\/wordpress\/plugins\/seo\/ -->\n<title>Abida : une campagne publicitaire qui inspire - Kapitalis<\/title>\n<meta name=\"robots\" content=\"index, follow, max-snippet:-1, max-image-preview:large, max-video-preview:-1\" \/>\n<link rel=\"canonical\" href=\"https:\/\/kapitalis.com\/tunisie\/2019\/01\/24\/abida-une-campagne-publicitaire-qui-inspire\/\" \/>\n<meta property=\"og:locale\" content=\"fr_FR\" \/>\n<meta property=\"og:type\" content=\"article\" \/>\n<meta property=\"og:title\" content=\"Abida : une campagne publicitaire qui inspire - Kapitalis\" \/>\n<meta property=\"og:description\" content=\"Abida affiche sa nouvelle identit\u00e9, comme peut en t\u00e9moigner sa r\u00e9cente campagne publicitaire \u00abOchek Abida\u00bb. La marque s\u00e9duit et surprend, comme elle a toujours su faire depuis plus d\u2019un demi-si\u00e8cle.\" \/>\n<meta property=\"og:url\" content=\"https:\/\/kapitalis.com\/tunisie\/2019\/01\/24\/abida-une-campagne-publicitaire-qui-inspire\/\" \/>\n<meta property=\"og:site_name\" content=\"Kapitalis\" \/>\n<meta property=\"article:publisher\" content=\"https:\/\/www.facebook.com\/KapitalisInfo\/\" \/>\n<meta property=\"article:published_time\" content=\"2019-01-24T07:13:45+00:00\" \/>\n<meta property=\"article:modified_time\" content=\"2019-01-24T13:50:31+00:00\" \/>\n<meta property=\"og:image\" content=\"https:\/\/kapitalis.com\/tunisie\/wp-content\/uploads\/2022\/05\/kapitalis-logo-fb.png\" \/>\n\t<meta property=\"og:image:width\" content=\"1200\" \/>\n\t<meta property=\"og:image:height\" content=\"630\" \/>\n\t<meta property=\"og:image:type\" content=\"image\/png\" \/>\n<meta name=\"author\" content=\"webmaster kapitalis\" \/>\n<meta name=\"twitter:card\" content=\"summary_large_image\" \/>\n<meta name=\"twitter:creator\" content=\"@KapitalisInfo\" \/>\n<meta name=\"twitter:site\" content=\"@KapitalisInfo\" \/>\n<meta name=\"twitter:label1\" content=\"\u00c9crit par\" \/>\n\t<meta name=\"twitter:data1\" content=\"webmaster kapitalis\" \/>\n\t<meta name=\"twitter:label2\" content=\"Dur\u00e9e de lecture estim\u00e9e\" \/>\n\t<meta name=\"twitter:data2\" content=\"3 minutes\" \/>\n<script type=\"application\/ld+json\" class=\"yoast-schema-graph\">{\"@context\":\"https:\/\/schema.org\",\"@graph\":[{\"@type\":\"Article\",\"@id\":\"https:\/\/kapitalis.com\/tunisie\/2019\/01\/24\/abida-une-campagne-publicitaire-qui-inspire\/#article\",\"isPartOf\":{\"@id\":\"https:\/\/kapitalis.com\/tunisie\/2019\/01\/24\/abida-une-campagne-publicitaire-qui-inspire\/\"},\"author\":{\"name\":\"webmaster kapitalis\",\"@id\":\"https:\/\/kapitalis.com\/tunisie\/#\/schema\/person\/d71f33a9ca44f7bad4698210b480c8e9\"},\"headline\":\"Abida : une campagne publicitaire qui inspire\",\"datePublished\":\"2019-01-24T07:13:45+00:00\",\"dateModified\":\"2019-01-24T13:50:31+00:00\",\"mainEntityOfPage\":{\"@id\":\"https:\/\/kapitalis.com\/tunisie\/2019\/01\/24\/abida-une-campagne-publicitaire-qui-inspire\/\"},\"wordCount\":538,\"commentCount\":1,\"publisher\":{\"@id\":\"https:\/\/kapitalis.com\/tunisie\/#organization\"},\"image\":{\"@id\":\"https:\/\/kapitalis.com\/tunisie\/2019\/01\/24\/abida-une-campagne-publicitaire-qui-inspire\/#primaryimage\"},\"thumbnailUrl\":\"\",\"keywords\":[\"Kef\"],\"articleSection\":[\"ECONOMIE\",\"MEDIA\",\"Tunisie\"],\"inLanguage\":\"fr-FR\",\"potentialAction\":[{\"@type\":\"CommentAction\",\"name\":\"Comment\",\"target\":[\"https:\/\/kapitalis.com\/tunisie\/2019\/01\/24\/abida-une-campagne-publicitaire-qui-inspire\/#respond\"]}]},{\"@type\":\"WebPage\",\"@id\":\"https:\/\/kapitalis.com\/tunisie\/2019\/01\/24\/abida-une-campagne-publicitaire-qui-inspire\/\",\"url\":\"https:\/\/kapitalis.com\/tunisie\/2019\/01\/24\/abida-une-campagne-publicitaire-qui-inspire\/\",\"name\":\"Abida : une campagne publicitaire qui inspire - Kapitalis\",\"isPartOf\":{\"@id\":\"https:\/\/kapitalis.com\/tunisie\/#website\"},\"primaryImageOfPage\":{\"@id\":\"https:\/\/kapitalis.com\/tunisie\/2019\/01\/24\/abida-une-campagne-publicitaire-qui-inspire\/#primaryimage\"},\"image\":{\"@id\":\"https:\/\/kapitalis.com\/tunisie\/2019\/01\/24\/abida-une-campagne-publicitaire-qui-inspire\/#primaryimage\"},\"thumbnailUrl\":\"\",\"datePublished\":\"2019-01-24T07:13:45+00:00\",\"dateModified\":\"2019-01-24T13:50:31+00:00\",\"breadcrumb\":{\"@id\":\"https:\/\/kapitalis.com\/tunisie\/2019\/01\/24\/abida-une-campagne-publicitaire-qui-inspire\/#breadcrumb\"},\"inLanguage\":\"fr-FR\",\"potentialAction\":[{\"@type\":\"ReadAction\",\"target\":[\"https:\/\/kapitalis.com\/tunisie\/2019\/01\/24\/abida-une-campagne-publicitaire-qui-inspire\/\"]}]},{\"@type\":\"ImageObject\",\"inLanguage\":\"fr-FR\",\"@id\":\"https:\/\/kapitalis.com\/tunisie\/2019\/01\/24\/abida-une-campagne-publicitaire-qui-inspire\/#primaryimage\",\"url\":\"\",\"contentUrl\":\"\"},{\"@type\":\"BreadcrumbList\",\"@id\":\"https:\/\/kapitalis.com\/tunisie\/2019\/01\/24\/abida-une-campagne-publicitaire-qui-inspire\/#breadcrumb\",\"itemListElement\":[{\"@type\":\"ListItem\",\"position\":1,\"name\":\"Accueil\",\"item\":\"https:\/\/kapitalis.com\/tunisie\/\"},{\"@type\":\"ListItem\",\"position\":2,\"name\":\"Abida : une campagne publicitaire qui inspire\"}]},{\"@type\":\"WebSite\",\"@id\":\"https:\/\/kapitalis.com\/tunisie\/#website\",\"url\":\"https:\/\/kapitalis.com\/tunisie\/\",\"name\":\"Kapitalis\",\"description\":\"L&#039;actualit\u00e9 en Tunisie et dans le monde\",\"publisher\":{\"@id\":\"https:\/\/kapitalis.com\/tunisie\/#organization\"},\"potentialAction\":[{\"@type\":\"SearchAction\",\"target\":{\"@type\":\"EntryPoint\",\"urlTemplate\":\"https:\/\/kapitalis.com\/tunisie\/?s={search_term_string}\"},\"query-input\":{\"@type\":\"PropertyValueSpecification\",\"valueRequired\":true,\"valueName\":\"search_term_string\"}}],\"inLanguage\":\"fr-FR\"},{\"@type\":\"Organization\",\"@id\":\"https:\/\/kapitalis.com\/tunisie\/#organization\",\"name\":\"Kapitalis\",\"url\":\"https:\/\/kapitalis.com\/tunisie\/\",\"logo\":{\"@type\":\"ImageObject\",\"inLanguage\":\"fr-FR\",\"@id\":\"https:\/\/kapitalis.com\/tunisie\/#\/schema\/logo\/image\/\",\"url\":\"https:\/\/kapitalis.com\/tunisie\/wp-content\/uploads\/2022\/05\/Kapitalis-big-size.png\",\"contentUrl\":\"https:\/\/kapitalis.com\/tunisie\/wp-content\/uploads\/2022\/05\/Kapitalis-big-size.png\",\"width\":5000,\"height\":1500,\"caption\":\"Kapitalis\"},\"image\":{\"@id\":\"https:\/\/kapitalis.com\/tunisie\/#\/schema\/logo\/image\/\"},\"sameAs\":[\"https:\/\/www.facebook.com\/KapitalisInfo\/\",\"https:\/\/x.com\/KapitalisInfo\",\"https:\/\/www.youtube.com\/channel\/UC-yDYrHyfFBWWZaOw3FPg9Q\"]},{\"@type\":\"Person\",\"@id\":\"https:\/\/kapitalis.com\/tunisie\/#\/schema\/person\/d71f33a9ca44f7bad4698210b480c8e9\",\"name\":\"webmaster kapitalis\",\"url\":\"https:\/\/kapitalis.com\/tunisie\/author\/webmaster-kapitalis\/\"}]}<\/script>\n<!-- \/ Yoast SEO plugin. -->","yoast_head_json":{"title":"Abida : une campagne publicitaire qui inspire - Kapitalis","robots":{"index":"index","follow":"follow","max-snippet":"max-snippet:-1","max-image-preview":"max-image-preview:large","max-video-preview":"max-video-preview:-1"},"canonical":"https:\/\/kapitalis.com\/tunisie\/2019\/01\/24\/abida-une-campagne-publicitaire-qui-inspire\/","og_locale":"fr_FR","og_type":"article","og_title":"Abida : une campagne publicitaire qui inspire - Kapitalis","og_description":"Abida affiche sa nouvelle identit\u00e9, comme peut en t\u00e9moigner sa r\u00e9cente campagne publicitaire \u00abOchek Abida\u00bb. La marque s\u00e9duit et surprend, comme elle a toujours su faire depuis plus d\u2019un demi-si\u00e8cle.","og_url":"https:\/\/kapitalis.com\/tunisie\/2019\/01\/24\/abida-une-campagne-publicitaire-qui-inspire\/","og_site_name":"Kapitalis","article_publisher":"https:\/\/www.facebook.com\/KapitalisInfo\/","article_published_time":"2019-01-24T07:13:45+00:00","article_modified_time":"2019-01-24T13:50:31+00:00","og_image":[{"width":1200,"height":630,"url":"https:\/\/kapitalis.com\/tunisie\/wp-content\/uploads\/2022\/05\/kapitalis-logo-fb.png","type":"image\/png"}],"author":"webmaster kapitalis","twitter_card":"summary_large_image","twitter_creator":"@KapitalisInfo","twitter_site":"@KapitalisInfo","twitter_misc":{"\u00c9crit par":"webmaster kapitalis","Dur\u00e9e de lecture estim\u00e9e":"3 minutes"},"schema":{"@context":"https:\/\/schema.org","@graph":[{"@type":"Article","@id":"https:\/\/kapitalis.com\/tunisie\/2019\/01\/24\/abida-une-campagne-publicitaire-qui-inspire\/#article","isPartOf":{"@id":"https:\/\/kapitalis.com\/tunisie\/2019\/01\/24\/abida-une-campagne-publicitaire-qui-inspire\/"},"author":{"name":"webmaster kapitalis","@id":"https:\/\/kapitalis.com\/tunisie\/#\/schema\/person\/d71f33a9ca44f7bad4698210b480c8e9"},"headline":"Abida : une campagne publicitaire qui inspire","datePublished":"2019-01-24T07:13:45+00:00","dateModified":"2019-01-24T13:50:31+00:00","mainEntityOfPage":{"@id":"https:\/\/kapitalis.com\/tunisie\/2019\/01\/24\/abida-une-campagne-publicitaire-qui-inspire\/"},"wordCount":538,"commentCount":1,"publisher":{"@id":"https:\/\/kapitalis.com\/tunisie\/#organization"},"image":{"@id":"https:\/\/kapitalis.com\/tunisie\/2019\/01\/24\/abida-une-campagne-publicitaire-qui-inspire\/#primaryimage"},"thumbnailUrl":"","keywords":["Kef"],"articleSection":["ECONOMIE","MEDIA","Tunisie"],"inLanguage":"fr-FR","potentialAction":[{"@type":"CommentAction","name":"Comment","target":["https:\/\/kapitalis.com\/tunisie\/2019\/01\/24\/abida-une-campagne-publicitaire-qui-inspire\/#respond"]}]},{"@type":"WebPage","@id":"https:\/\/kapitalis.com\/tunisie\/2019\/01\/24\/abida-une-campagne-publicitaire-qui-inspire\/","url":"https:\/\/kapitalis.com\/tunisie\/2019\/01\/24\/abida-une-campagne-publicitaire-qui-inspire\/","name":"Abida : une campagne publicitaire qui inspire - Kapitalis","isPartOf":{"@id":"https:\/\/kapitalis.com\/tunisie\/#website"},"primaryImageOfPage":{"@id":"https:\/\/kapitalis.com\/tunisie\/2019\/01\/24\/abida-une-campagne-publicitaire-qui-inspire\/#primaryimage"},"image":{"@id":"https:\/\/kapitalis.com\/tunisie\/2019\/01\/24\/abida-une-campagne-publicitaire-qui-inspire\/#primaryimage"},"thumbnailUrl":"","datePublished":"2019-01-24T07:13:45+00:00","dateModified":"2019-01-24T13:50:31+00:00","breadcrumb":{"@id":"https:\/\/kapitalis.com\/tunisie\/2019\/01\/24\/abida-une-campagne-publicitaire-qui-inspire\/#breadcrumb"},"inLanguage":"fr-FR","potentialAction":[{"@type":"ReadAction","target":["https:\/\/kapitalis.com\/tunisie\/2019\/01\/24\/abida-une-campagne-publicitaire-qui-inspire\/"]}]},{"@type":"ImageObject","inLanguage":"fr-FR","@id":"https:\/\/kapitalis.com\/tunisie\/2019\/01\/24\/abida-une-campagne-publicitaire-qui-inspire\/#primaryimage","url":"","contentUrl":""},{"@type":"BreadcrumbList","@id":"https:\/\/kapitalis.com\/tunisie\/2019\/01\/24\/abida-une-campagne-publicitaire-qui-inspire\/#breadcrumb","itemListElement":[{"@type":"ListItem","position":1,"name":"Accueil","item":"https:\/\/kapitalis.com\/tunisie\/"},{"@type":"ListItem","position":2,"name":"Abida : une campagne publicitaire qui inspire"}]},{"@type":"WebSite","@id":"https:\/\/kapitalis.com\/tunisie\/#website","url":"https:\/\/kapitalis.com\/tunisie\/","name":"Kapitalis","description":"L&#039;actualit\u00e9 en Tunisie et dans le monde","publisher":{"@id":"https:\/\/kapitalis.com\/tunisie\/#organization"},"potentialAction":[{"@type":"SearchAction","target":{"@type":"EntryPoint","urlTemplate":"https:\/\/kapitalis.com\/tunisie\/?s={search_term_string}"},"query-input":{"@type":"PropertyValueSpecification","valueRequired":true,"valueName":"search_term_string"}}],"inLanguage":"fr-FR"},{"@type":"Organization","@id":"https:\/\/kapitalis.com\/tunisie\/#organization","name":"Kapitalis","url":"https:\/\/kapitalis.com\/tunisie\/","logo":{"@type":"ImageObject","inLanguage":"fr-FR","@id":"https:\/\/kapitalis.com\/tunisie\/#\/schema\/logo\/image\/","url":"https:\/\/kapitalis.com\/tunisie\/wp-content\/uploads\/2022\/05\/Kapitalis-big-size.png","contentUrl":"https:\/\/kapitalis.com\/tunisie\/wp-content\/uploads\/2022\/05\/Kapitalis-big-size.png","width":5000,"height":1500,"caption":"Kapitalis"},"image":{"@id":"https:\/\/kapitalis.com\/tunisie\/#\/schema\/logo\/image\/"},"sameAs":["https:\/\/www.facebook.com\/KapitalisInfo\/","https:\/\/x.com\/KapitalisInfo","https:\/\/www.youtube.com\/channel\/UC-yDYrHyfFBWWZaOw3FPg9Q"]},{"@type":"Person","@id":"https:\/\/kapitalis.com\/tunisie\/#\/schema\/person\/d71f33a9ca44f7bad4698210b480c8e9","name":"webmaster kapitalis","url":"https:\/\/kapitalis.com\/tunisie\/author\/webmaster-kapitalis\/"}]}},"_links":{"self":[{"href":"https:\/\/kapitalis.com\/tunisie\/wp-json\/wp\/v2\/posts\/194642","targetHints":{"allow":["GET"]}}],"collection":[{"href":"https:\/\/kapitalis.com\/tunisie\/wp-json\/wp\/v2\/posts"}],"about":[{"href":"https:\/\/kapitalis.com\/tunisie\/wp-json\/wp\/v2\/types\/post"}],"author":[{"embeddable":true,"href":"https:\/\/kapitalis.com\/tunisie\/wp-json\/wp\/v2\/users\/8"}],"replies":[{"embeddable":true,"href":"https:\/\/kapitalis.com\/tunisie\/wp-json\/wp\/v2\/comments?post=194642"}],"version-history":[{"count":0,"href":"https:\/\/kapitalis.com\/tunisie\/wp-json\/wp\/v2\/posts\/194642\/revisions"}],"wp:featuredmedia":[{"embeddable":true,"href":"https:\/\/kapitalis.com\/tunisie\/wp-json\/wp\/v2\/media\/194643"}],"wp:attachment":[{"href":"https:\/\/kapitalis.com\/tunisie\/wp-json\/wp\/v2\/media?parent=194642"}],"wp:term":[{"taxonomy":"category","embeddable":true,"href":"https:\/\/kapitalis.com\/tunisie\/wp-json\/wp\/v2\/categories?post=194642"},{"taxonomy":"post_tag","embeddable":true,"href":"https:\/\/kapitalis.com\/tunisie\/wp-json\/wp\/v2\/tags?post=194642"}],"curies":[{"name":"wp","href":"https:\/\/api.w.org\/{rel}","templated":true}]}}