{"id":194686,"date":"2019-01-24T13:06:21","date_gmt":"2019-01-24T12:06:21","guid":{"rendered":"http:\/\/kapitalis.com\/tunisie\/?p=194686"},"modified":"2019-01-24T13:13:02","modified_gmt":"2019-01-24T12:13:02","slug":"tunisie-des-agents-du-cni-portent-plainte-contre-anouar-maarouf","status":"publish","type":"post","link":"https:\/\/kapitalis.com\/tunisie\/2019\/01\/24\/tunisie-des-agents-du-cni-portent-plainte-contre-anouar-maarouf\/","title":{"rendered":"Tunisie : Des agents du CNI portent plainte contre Anouar Maarouf"},"content":{"rendered":"<p style=\"text-align: center;\"><img loading=\"lazy\" decoding=\"async\" class=\"alignnone size-full wp-image-182278\" src=\"http:\/\/kapitalis.com\/tunisie\/wp-content\/uploads\/2018\/11\/Anouar-Maarouf.jpg\" alt=\"\" width=\"626\" height=\"380\" \/><\/p>\n<p><em><strong>Des agents du Centre national de l&rsquo;informatique (CNI) ont port\u00e9 plainte contre Anouar Maarouf, ministre des Technologies de l&rsquo;information et de l&rsquo;Economie num\u00e9rique,\u00a0qu&rsquo;ils accusent d&rsquo;avoir outrepass\u00e9 ses pr\u00e9rogatives.<\/strong><\/em><!--more--><\/p>\n<p>Dans un communiqu\u00e9 publi\u00e9 aujourd&rsquo;hui, jeudi 24 janvier 2019, les agents de ce centre ont indiqu\u00e9 que M. Maarouf a pris une d\u00e9cision arbitraire en d\u00e9duisant ill\u00e9galement de leur salaire une prime qui, disent-ils, leur avait \u00e9t\u00e9 octroy\u00e9e par la Commission europ\u00e9enne (CE), et ce dans le cadre de projets r\u00e9alis\u00e9s r\u00e9cemment.<\/p>\n<p>Des responsables de la CE\u00a0avaient adress\u00e9 au ministre des TICs ainsi qu&rsquo;au Pdg du CNI une correspondance leur demandant de verser ces primes aux cadres. Or, M. Maarouf a ignor\u00e9 cette demande, disent les plaignants.<\/p>\n<p>Rappelons\u00a0que les relations entre les employ\u00e9s du CNI et M. Maarouf sont moyennement tendues, surtout depuis le limogeage, en avril 2018, de l&rsquo;ancien directeur g\u00e9n\u00e9ral du CNI,\u00a0Adel Bouhoula.<\/p>\n<p>Ce limogeage,\u00a0injustifi\u00e9 au regard des cadres du centre, a \u00e9t\u00e9 tr\u00e8s critiqu\u00e9 par plusieurs professionnels du secteur. Et m\u00eame par des d\u00e9put\u00e9s, notamment\u00a0Samia Abbou, du bloc Attayar (Courant d\u00e9mocratique).<\/p>\n<p>En novembre 2018, un groupe de <a href=\"http:\/\/kapitalis.com\/tunisie\/2018\/11\/05\/des-deputes-pour-le-retrait-de-confiance-aux-ministres-maarouf-et-ladhari\/\" target=\"_blank\" rel=\"noopener\">parlementaires<\/a> a pr\u00e9par\u00e9 une motion de retrait de confiance au ministre des TICs, qui est\u00a0dirigeant du mouvement islamiste Ennahdha, et ce, pour ne pas avoir su r\u00e9gler la crise au sein du CNI. La motion a fait pschitt car ses initiateurs n&rsquo;ont pas r\u00e9ussi \u00e0 collecter le nombre de signatures n\u00e9cessaires pour son examen en s\u00e9ance pl\u00e9ni\u00e8re.<\/p>\n<p style=\"text-align: right;\"><strong>E. B. A.<\/strong><\/p>\n<blockquote class=\"wp-embedded-content\" data-secret=\"JPYSJWqoXH\"><p><a href=\"https:\/\/kapitalis.com\/tunisie\/2018\/11\/10\/limogeage-de-bouhoula-du-cni-samia-abbou-epingle-anouar-maarouf\/\">Limogeage de Bouhoula du CNI : Samia Abbou \u00e9pingle Anouar Maarouf<\/a><\/p><\/blockquote>\n<p><iframe loading=\"lazy\" class=\"wp-embedded-content\" sandbox=\"allow-scripts\" security=\"restricted\" style=\"position: absolute; clip: rect(1px, 1px, 1px, 1px);\" title=\"\u00ab\u00a0Limogeage de Bouhoula du CNI : Samia Abbou \u00e9pingle Anouar Maarouf\u00a0\u00bb &#8212; Kapitalis\" src=\"https:\/\/kapitalis.com\/tunisie\/2018\/11\/10\/limogeage-de-bouhoula-du-cni-samia-abbou-epingle-anouar-maarouf\/embed\/#?secret=vU3ONwOlK6#?secret=JPYSJWqoXH\" data-secret=\"JPYSJWqoXH\" width=\"600\" height=\"338\" frameborder=\"0\" marginwidth=\"0\" marginheight=\"0\" scrolling=\"no\"><\/iframe><\/p>\n<blockquote class=\"wp-embedded-content\" data-secret=\"kzMayv8W1r\"><p><a href=\"https:\/\/kapitalis.com\/tunisie\/2018\/07\/24\/politique-anouar-maarouf-met-son-departement-au-service-dennahdha\/\">Politique : Anouar Maarouf met son d\u00e9partement au service d\u2019Ennahdha<\/a><\/p><\/blockquote>\n<p><iframe loading=\"lazy\" class=\"wp-embedded-content\" sandbox=\"allow-scripts\" security=\"restricted\" style=\"position: absolute; clip: rect(1px, 1px, 1px, 1px);\" title=\"\u00ab\u00a0Politique : Anouar Maarouf met son d\u00e9partement au service d\u2019Ennahdha\u00a0\u00bb &#8212; Kapitalis\" src=\"https:\/\/kapitalis.com\/tunisie\/2018\/07\/24\/politique-anouar-maarouf-met-son-departement-au-service-dennahdha\/embed\/#?secret=08O96mOvtJ#?secret=kzMayv8W1r\" data-secret=\"kzMayv8W1r\" width=\"600\" height=\"338\" frameborder=\"0\" marginwidth=\"0\" marginheight=\"0\" scrolling=\"no\"><\/iframe><\/p>\n","protected":false},"excerpt":{"rendered":"<p>Des agents du Centre national de l&rsquo;informatique (CNI) ont port\u00e9 plainte contre Anouar Maarouf, ministre des Technologies de l&rsquo;information et de l&rsquo;Economie num\u00e9rique,\u00a0qu&rsquo;ils accusent d&rsquo;avoir outrepass\u00e9 ses pr\u00e9rogatives.<\/p>\n","protected":false},"author":16,"featured_media":194691,"comment_status":"open","ping_status":"open","sticky":false,"template":"","format":"standard","meta":{"footnotes":""},"categories":[997,2433],"tags":[23258,21883,34728,805],"class_list":["post-194686","post","type-post","status-publish","format-standard","has-post-thumbnail","hentry","category-politique","category-tunisie","tag-adel-bouhoula","tag-anouar-maarouf","tag-cni","tag-samia-abbou"],"yoast_head":"<!-- This site is optimized with the Yoast SEO plugin v26.6 - https:\/\/yoast.com\/wordpress\/plugins\/seo\/ -->\n<title>Tunisie : Des agents du CNI portent plainte contre Anouar Maarouf - Kapitalis<\/title>\n<meta name=\"robots\" content=\"index, follow, max-snippet:-1, max-image-preview:large, max-video-preview:-1\" \/>\n<link rel=\"canonical\" href=\"https:\/\/kapitalis.com\/tunisie\/2019\/01\/24\/tunisie-des-agents-du-cni-portent-plainte-contre-anouar-maarouf\/\" \/>\n<meta property=\"og:locale\" content=\"fr_FR\" \/>\n<meta property=\"og:type\" content=\"article\" \/>\n<meta property=\"og:title\" content=\"Tunisie : Des agents du CNI portent plainte contre Anouar Maarouf - Kapitalis\" \/>\n<meta property=\"og:description\" content=\"Des agents du Centre national de l&rsquo;informatique (CNI) ont port\u00e9 plainte contre Anouar Maarouf, ministre des Technologies de l&rsquo;information et de l&rsquo;Economie num\u00e9rique,\u00a0qu&rsquo;ils accusent d&rsquo;avoir outrepass\u00e9 ses pr\u00e9rogatives.\" \/>\n<meta property=\"og:url\" content=\"https:\/\/kapitalis.com\/tunisie\/2019\/01\/24\/tunisie-des-agents-du-cni-portent-plainte-contre-anouar-maarouf\/\" \/>\n<meta property=\"og:site_name\" content=\"Kapitalis\" \/>\n<meta property=\"article:publisher\" content=\"https:\/\/www.facebook.com\/KapitalisInfo\/\" \/>\n<meta property=\"article:published_time\" content=\"2019-01-24T12:06:21+00:00\" \/>\n<meta property=\"article:modified_time\" content=\"2019-01-24T12:13:02+00:00\" \/>\n<meta property=\"og:image\" content=\"https:\/\/kapitalis.com\/tunisie\/wp-content\/uploads\/2022\/05\/kapitalis-logo-fb.png\" \/>\n\t<meta property=\"og:image:width\" content=\"1200\" \/>\n\t<meta property=\"og:image:height\" content=\"630\" \/>\n\t<meta property=\"og:image:type\" content=\"image\/png\" \/>\n<meta name=\"author\" content=\"emna benabdallah\" \/>\n<meta name=\"twitter:card\" content=\"summary_large_image\" \/>\n<meta name=\"twitter:creator\" content=\"@KapitalisInfo\" \/>\n<meta name=\"twitter:site\" content=\"@KapitalisInfo\" \/>\n<meta name=\"twitter:label1\" content=\"\u00c9crit par\" \/>\n\t<meta name=\"twitter:data1\" content=\"emna benabdallah\" \/>\n\t<meta name=\"twitter:label2\" content=\"Dur\u00e9e de lecture estim\u00e9e\" \/>\n\t<meta name=\"twitter:data2\" content=\"1 minute\" \/>\n<script type=\"application\/ld+json\" class=\"yoast-schema-graph\">{\"@context\":\"https:\/\/schema.org\",\"@graph\":[{\"@type\":\"Article\",\"@id\":\"https:\/\/kapitalis.com\/tunisie\/2019\/01\/24\/tunisie-des-agents-du-cni-portent-plainte-contre-anouar-maarouf\/#article\",\"isPartOf\":{\"@id\":\"https:\/\/kapitalis.com\/tunisie\/2019\/01\/24\/tunisie-des-agents-du-cni-portent-plainte-contre-anouar-maarouf\/\"},\"author\":{\"name\":\"emna benabdallah\",\"@id\":\"https:\/\/kapitalis.com\/tunisie\/#\/schema\/person\/2c6e134b2f3369dffcd1daf5f087d28b\"},\"headline\":\"Tunisie : Des agents du CNI portent plainte contre Anouar Maarouf\",\"datePublished\":\"2019-01-24T12:06:21+00:00\",\"dateModified\":\"2019-01-24T12:13:02+00:00\",\"mainEntityOfPage\":{\"@id\":\"https:\/\/kapitalis.com\/tunisie\/2019\/01\/24\/tunisie-des-agents-du-cni-portent-plainte-contre-anouar-maarouf\/\"},\"wordCount\":285,\"commentCount\":1,\"publisher\":{\"@id\":\"https:\/\/kapitalis.com\/tunisie\/#organization\"},\"image\":{\"@id\":\"https:\/\/kapitalis.com\/tunisie\/2019\/01\/24\/tunisie-des-agents-du-cni-portent-plainte-contre-anouar-maarouf\/#primaryimage\"},\"thumbnailUrl\":\"\",\"keywords\":[\"Adel Bouhoula\",\"Anouar Maarouf\",\"CNI\",\"Samia Abbou\"],\"articleSection\":[\"POLITIQUE\",\"Tunisie\"],\"inLanguage\":\"fr-FR\",\"potentialAction\":[{\"@type\":\"CommentAction\",\"name\":\"Comment\",\"target\":[\"https:\/\/kapitalis.com\/tunisie\/2019\/01\/24\/tunisie-des-agents-du-cni-portent-plainte-contre-anouar-maarouf\/#respond\"]}]},{\"@type\":\"WebPage\",\"@id\":\"https:\/\/kapitalis.com\/tunisie\/2019\/01\/24\/tunisie-des-agents-du-cni-portent-plainte-contre-anouar-maarouf\/\",\"url\":\"https:\/\/kapitalis.com\/tunisie\/2019\/01\/24\/tunisie-des-agents-du-cni-portent-plainte-contre-anouar-maarouf\/\",\"name\":\"Tunisie : Des agents du CNI portent plainte contre Anouar Maarouf - Kapitalis\",\"isPartOf\":{\"@id\":\"https:\/\/kapitalis.com\/tunisie\/#website\"},\"primaryImageOfPage\":{\"@id\":\"https:\/\/kapitalis.com\/tunisie\/2019\/01\/24\/tunisie-des-agents-du-cni-portent-plainte-contre-anouar-maarouf\/#primaryimage\"},\"image\":{\"@id\":\"https:\/\/kapitalis.com\/tunisie\/2019\/01\/24\/tunisie-des-agents-du-cni-portent-plainte-contre-anouar-maarouf\/#primaryimage\"},\"thumbnailUrl\":\"\",\"datePublished\":\"2019-01-24T12:06:21+00:00\",\"dateModified\":\"2019-01-24T12:13:02+00:00\",\"breadcrumb\":{\"@id\":\"https:\/\/kapitalis.com\/tunisie\/2019\/01\/24\/tunisie-des-agents-du-cni-portent-plainte-contre-anouar-maarouf\/#breadcrumb\"},\"inLanguage\":\"fr-FR\",\"potentialAction\":[{\"@type\":\"ReadAction\",\"target\":[\"https:\/\/kapitalis.com\/tunisie\/2019\/01\/24\/tunisie-des-agents-du-cni-portent-plainte-contre-anouar-maarouf\/\"]}]},{\"@type\":\"ImageObject\",\"inLanguage\":\"fr-FR\",\"@id\":\"https:\/\/kapitalis.com\/tunisie\/2019\/01\/24\/tunisie-des-agents-du-cni-portent-plainte-contre-anouar-maarouf\/#primaryimage\",\"url\":\"\",\"contentUrl\":\"\"},{\"@type\":\"BreadcrumbList\",\"@id\":\"https:\/\/kapitalis.com\/tunisie\/2019\/01\/24\/tunisie-des-agents-du-cni-portent-plainte-contre-anouar-maarouf\/#breadcrumb\",\"itemListElement\":[{\"@type\":\"ListItem\",\"position\":1,\"name\":\"Accueil\",\"item\":\"https:\/\/kapitalis.com\/tunisie\/\"},{\"@type\":\"ListItem\",\"position\":2,\"name\":\"Tunisie : Des agents du CNI portent plainte contre Anouar Maarouf\"}]},{\"@type\":\"WebSite\",\"@id\":\"https:\/\/kapitalis.com\/tunisie\/#website\",\"url\":\"https:\/\/kapitalis.com\/tunisie\/\",\"name\":\"Kapitalis\",\"description\":\"L&#039;actualit\u00e9 en Tunisie et dans le monde\",\"publisher\":{\"@id\":\"https:\/\/kapitalis.com\/tunisie\/#organization\"},\"potentialAction\":[{\"@type\":\"SearchAction\",\"target\":{\"@type\":\"EntryPoint\",\"urlTemplate\":\"https:\/\/kapitalis.com\/tunisie\/?s={search_term_string}\"},\"query-input\":{\"@type\":\"PropertyValueSpecification\",\"valueRequired\":true,\"valueName\":\"search_term_string\"}}],\"inLanguage\":\"fr-FR\"},{\"@type\":\"Organization\",\"@id\":\"https:\/\/kapitalis.com\/tunisie\/#organization\",\"name\":\"Kapitalis\",\"url\":\"https:\/\/kapitalis.com\/tunisie\/\",\"logo\":{\"@type\":\"ImageObject\",\"inLanguage\":\"fr-FR\",\"@id\":\"https:\/\/kapitalis.com\/tunisie\/#\/schema\/logo\/image\/\",\"url\":\"https:\/\/kapitalis.com\/tunisie\/wp-content\/uploads\/2022\/05\/Kapitalis-big-size.png\",\"contentUrl\":\"https:\/\/kapitalis.com\/tunisie\/wp-content\/uploads\/2022\/05\/Kapitalis-big-size.png\",\"width\":5000,\"height\":1500,\"caption\":\"Kapitalis\"},\"image\":{\"@id\":\"https:\/\/kapitalis.com\/tunisie\/#\/schema\/logo\/image\/\"},\"sameAs\":[\"https:\/\/www.facebook.com\/KapitalisInfo\/\",\"https:\/\/x.com\/KapitalisInfo\",\"https:\/\/www.youtube.com\/channel\/UC-yDYrHyfFBWWZaOw3FPg9Q\"]},{\"@type\":\"Person\",\"@id\":\"https:\/\/kapitalis.com\/tunisie\/#\/schema\/person\/2c6e134b2f3369dffcd1daf5f087d28b\",\"name\":\"emna benabdallah\",\"url\":\"https:\/\/kapitalis.com\/tunisie\/author\/emna\/\"}]}<\/script>\n<!-- \/ Yoast SEO plugin. -->","yoast_head_json":{"title":"Tunisie : Des agents du CNI portent plainte contre Anouar Maarouf - Kapitalis","robots":{"index":"index","follow":"follow","max-snippet":"max-snippet:-1","max-image-preview":"max-image-preview:large","max-video-preview":"max-video-preview:-1"},"canonical":"https:\/\/kapitalis.com\/tunisie\/2019\/01\/24\/tunisie-des-agents-du-cni-portent-plainte-contre-anouar-maarouf\/","og_locale":"fr_FR","og_type":"article","og_title":"Tunisie : Des agents du CNI portent plainte contre Anouar Maarouf - Kapitalis","og_description":"Des agents du Centre national de l&rsquo;informatique (CNI) ont port\u00e9 plainte contre Anouar Maarouf, ministre des Technologies de l&rsquo;information et de l&rsquo;Economie num\u00e9rique,\u00a0qu&rsquo;ils accusent d&rsquo;avoir outrepass\u00e9 ses pr\u00e9rogatives.","og_url":"https:\/\/kapitalis.com\/tunisie\/2019\/01\/24\/tunisie-des-agents-du-cni-portent-plainte-contre-anouar-maarouf\/","og_site_name":"Kapitalis","article_publisher":"https:\/\/www.facebook.com\/KapitalisInfo\/","article_published_time":"2019-01-24T12:06:21+00:00","article_modified_time":"2019-01-24T12:13:02+00:00","og_image":[{"width":1200,"height":630,"url":"https:\/\/kapitalis.com\/tunisie\/wp-content\/uploads\/2022\/05\/kapitalis-logo-fb.png","type":"image\/png"}],"author":"emna benabdallah","twitter_card":"summary_large_image","twitter_creator":"@KapitalisInfo","twitter_site":"@KapitalisInfo","twitter_misc":{"\u00c9crit par":"emna benabdallah","Dur\u00e9e de lecture estim\u00e9e":"1 minute"},"schema":{"@context":"https:\/\/schema.org","@graph":[{"@type":"Article","@id":"https:\/\/kapitalis.com\/tunisie\/2019\/01\/24\/tunisie-des-agents-du-cni-portent-plainte-contre-anouar-maarouf\/#article","isPartOf":{"@id":"https:\/\/kapitalis.com\/tunisie\/2019\/01\/24\/tunisie-des-agents-du-cni-portent-plainte-contre-anouar-maarouf\/"},"author":{"name":"emna benabdallah","@id":"https:\/\/kapitalis.com\/tunisie\/#\/schema\/person\/2c6e134b2f3369dffcd1daf5f087d28b"},"headline":"Tunisie : Des agents du CNI portent plainte contre Anouar Maarouf","datePublished":"2019-01-24T12:06:21+00:00","dateModified":"2019-01-24T12:13:02+00:00","mainEntityOfPage":{"@id":"https:\/\/kapitalis.com\/tunisie\/2019\/01\/24\/tunisie-des-agents-du-cni-portent-plainte-contre-anouar-maarouf\/"},"wordCount":285,"commentCount":1,"publisher":{"@id":"https:\/\/kapitalis.com\/tunisie\/#organization"},"image":{"@id":"https:\/\/kapitalis.com\/tunisie\/2019\/01\/24\/tunisie-des-agents-du-cni-portent-plainte-contre-anouar-maarouf\/#primaryimage"},"thumbnailUrl":"","keywords":["Adel Bouhoula","Anouar Maarouf","CNI","Samia Abbou"],"articleSection":["POLITIQUE","Tunisie"],"inLanguage":"fr-FR","potentialAction":[{"@type":"CommentAction","name":"Comment","target":["https:\/\/kapitalis.com\/tunisie\/2019\/01\/24\/tunisie-des-agents-du-cni-portent-plainte-contre-anouar-maarouf\/#respond"]}]},{"@type":"WebPage","@id":"https:\/\/kapitalis.com\/tunisie\/2019\/01\/24\/tunisie-des-agents-du-cni-portent-plainte-contre-anouar-maarouf\/","url":"https:\/\/kapitalis.com\/tunisie\/2019\/01\/24\/tunisie-des-agents-du-cni-portent-plainte-contre-anouar-maarouf\/","name":"Tunisie : Des agents du CNI portent plainte contre Anouar Maarouf - Kapitalis","isPartOf":{"@id":"https:\/\/kapitalis.com\/tunisie\/#website"},"primaryImageOfPage":{"@id":"https:\/\/kapitalis.com\/tunisie\/2019\/01\/24\/tunisie-des-agents-du-cni-portent-plainte-contre-anouar-maarouf\/#primaryimage"},"image":{"@id":"https:\/\/kapitalis.com\/tunisie\/2019\/01\/24\/tunisie-des-agents-du-cni-portent-plainte-contre-anouar-maarouf\/#primaryimage"},"thumbnailUrl":"","datePublished":"2019-01-24T12:06:21+00:00","dateModified":"2019-01-24T12:13:02+00:00","breadcrumb":{"@id":"https:\/\/kapitalis.com\/tunisie\/2019\/01\/24\/tunisie-des-agents-du-cni-portent-plainte-contre-anouar-maarouf\/#breadcrumb"},"inLanguage":"fr-FR","potentialAction":[{"@type":"ReadAction","target":["https:\/\/kapitalis.com\/tunisie\/2019\/01\/24\/tunisie-des-agents-du-cni-portent-plainte-contre-anouar-maarouf\/"]}]},{"@type":"ImageObject","inLanguage":"fr-FR","@id":"https:\/\/kapitalis.com\/tunisie\/2019\/01\/24\/tunisie-des-agents-du-cni-portent-plainte-contre-anouar-maarouf\/#primaryimage","url":"","contentUrl":""},{"@type":"BreadcrumbList","@id":"https:\/\/kapitalis.com\/tunisie\/2019\/01\/24\/tunisie-des-agents-du-cni-portent-plainte-contre-anouar-maarouf\/#breadcrumb","itemListElement":[{"@type":"ListItem","position":1,"name":"Accueil","item":"https:\/\/kapitalis.com\/tunisie\/"},{"@type":"ListItem","position":2,"name":"Tunisie : Des agents du CNI portent plainte contre Anouar Maarouf"}]},{"@type":"WebSite","@id":"https:\/\/kapitalis.com\/tunisie\/#website","url":"https:\/\/kapitalis.com\/tunisie\/","name":"Kapitalis","description":"L&#039;actualit\u00e9 en Tunisie et dans le monde","publisher":{"@id":"https:\/\/kapitalis.com\/tunisie\/#organization"},"potentialAction":[{"@type":"SearchAction","target":{"@type":"EntryPoint","urlTemplate":"https:\/\/kapitalis.com\/tunisie\/?s={search_term_string}"},"query-input":{"@type":"PropertyValueSpecification","valueRequired":true,"valueName":"search_term_string"}}],"inLanguage":"fr-FR"},{"@type":"Organization","@id":"https:\/\/kapitalis.com\/tunisie\/#organization","name":"Kapitalis","url":"https:\/\/kapitalis.com\/tunisie\/","logo":{"@type":"ImageObject","inLanguage":"fr-FR","@id":"https:\/\/kapitalis.com\/tunisie\/#\/schema\/logo\/image\/","url":"https:\/\/kapitalis.com\/tunisie\/wp-content\/uploads\/2022\/05\/Kapitalis-big-size.png","contentUrl":"https:\/\/kapitalis.com\/tunisie\/wp-content\/uploads\/2022\/05\/Kapitalis-big-size.png","width":5000,"height":1500,"caption":"Kapitalis"},"image":{"@id":"https:\/\/kapitalis.com\/tunisie\/#\/schema\/logo\/image\/"},"sameAs":["https:\/\/www.facebook.com\/KapitalisInfo\/","https:\/\/x.com\/KapitalisInfo","https:\/\/www.youtube.com\/channel\/UC-yDYrHyfFBWWZaOw3FPg9Q"]},{"@type":"Person","@id":"https:\/\/kapitalis.com\/tunisie\/#\/schema\/person\/2c6e134b2f3369dffcd1daf5f087d28b","name":"emna benabdallah","url":"https:\/\/kapitalis.com\/tunisie\/author\/emna\/"}]}},"_links":{"self":[{"href":"https:\/\/kapitalis.com\/tunisie\/wp-json\/wp\/v2\/posts\/194686","targetHints":{"allow":["GET"]}}],"collection":[{"href":"https:\/\/kapitalis.com\/tunisie\/wp-json\/wp\/v2\/posts"}],"about":[{"href":"https:\/\/kapitalis.com\/tunisie\/wp-json\/wp\/v2\/types\/post"}],"author":[{"embeddable":true,"href":"https:\/\/kapitalis.com\/tunisie\/wp-json\/wp\/v2\/users\/16"}],"replies":[{"embeddable":true,"href":"https:\/\/kapitalis.com\/tunisie\/wp-json\/wp\/v2\/comments?post=194686"}],"version-history":[{"count":0,"href":"https:\/\/kapitalis.com\/tunisie\/wp-json\/wp\/v2\/posts\/194686\/revisions"}],"wp:featuredmedia":[{"embeddable":true,"href":"https:\/\/kapitalis.com\/tunisie\/wp-json\/wp\/v2\/media\/194691"}],"wp:attachment":[{"href":"https:\/\/kapitalis.com\/tunisie\/wp-json\/wp\/v2\/media?parent=194686"}],"wp:term":[{"taxonomy":"category","embeddable":true,"href":"https:\/\/kapitalis.com\/tunisie\/wp-json\/wp\/v2\/categories?post=194686"},{"taxonomy":"post_tag","embeddable":true,"href":"https:\/\/kapitalis.com\/tunisie\/wp-json\/wp\/v2\/tags?post=194686"}],"curies":[{"name":"wp","href":"https:\/\/api.w.org\/{rel}","templated":true}]}}