{"id":195060,"date":"2019-01-26T11:29:11","date_gmt":"2019-01-26T10:29:11","guid":{"rendered":"http:\/\/kapitalis.com\/tunisie\/?p=195060"},"modified":"2019-01-26T11:30:40","modified_gmt":"2019-01-26T10:30:40","slug":"jendouba-des-maisons-envahies-par-les-eaux-de-loued-medjerda","status":"publish","type":"post","link":"https:\/\/kapitalis.com\/tunisie\/2019\/01\/26\/jendouba-des-maisons-envahies-par-les-eaux-de-loued-medjerda\/","title":{"rendered":"Jendouba : Des maisons envahies par les eaux de l&rsquo;oued Medjerda"},"content":{"rendered":"<p style=\"text-align: center;\"><img loading=\"lazy\" decoding=\"async\" class=\"alignnone size-full wp-image-195062\" src=\"http:\/\/kapitalis.com\/tunisie\/wp-content\/uploads\/2019\/01\/Jendouba_oued-majerda.jpg\" alt=\"\" width=\"626\" height=\"380\" \/><\/p>\n<p><em><b>Le niveau de l&rsquo;eau est mont\u00e9 hier soir, vendredi 25 janvier 2019,\u00a0dans l&rsquo;oued Medjerda, et a envahi une dizaine\u00a0<\/b><\/em><em><b>de maisons \u00e0 Jendouba. Les autorit\u00e9s appellent les citoyens \u00e0 la vigilance.<\/b><\/em><!--more--><\/p>\n<p>C&rsquo;est ce qu&rsquo;a indiqu\u00e9 le colonel-major Ghazi Arbi,\u00a0chef du d\u00e9partement des op\u00e9rations de la protection civile, dans une d\u00e9claration \u00e0 Mosa\u00efque FM, aujourd&rsquo;hui, samedi 26 janvier, en pr\u00e9cisant que\u00a0les interventions des unit\u00e9s de la protection civile se sont concentr\u00e9es sur l&rsquo;aspiration de l&rsquo;eau \u00e0 l&rsquo;int\u00e9rieur des maisons, inond\u00e9es par les crues de plusieurs oueds.<\/p>\n<p>\u00ab<em>Les agents ont pu d\u00e9gager pr\u00e8s de 306 moyens de transport et secouru 35 individus dont 10 souffrant d&rsquo;insuffisance r\u00e9nale. Ils ont \u00e9galement aid\u00e9 pr\u00e8s de 107 personnes et \u00e9vacu\u00e9 115 autres<\/em>\u00bb, a-t-il d\u00e9clar\u00e9.<\/p>\n<p>De son c\u00f4t\u00e9, Mohamed Sadki Bououn, gouverneur de Jendouba, a indiqu\u00e9, ce matin, au micro de Shems FM, que la route nationale n\u00b06 sera probablement ferm\u00e9e, aujourd&rsquo;hui, en raison de la mont\u00e9e des eaux des oueds.<\/p>\n<p style=\"text-align: right;\"><strong>E. B. A.<\/strong><\/p>\n<blockquote class=\"wp-embedded-content\" data-secret=\"yNAPXR4F9e\"><p><a href=\"https:\/\/kapitalis.com\/tunisie\/2019\/01\/25\/froid-en-tunisie-evacuation-de-109-individus-bloques-dans-leurs-voitures\/\">Froid en Tunisie : \u00c9vacuation de 109 individus bloqu\u00e9s dans leurs voitures<\/a><\/p><\/blockquote>\n<p><iframe loading=\"lazy\" class=\"wp-embedded-content\" sandbox=\"allow-scripts\" security=\"restricted\" style=\"position: absolute; clip: rect(1px, 1px, 1px, 1px);\" title=\"\u00ab\u00a0Froid en Tunisie : \u00c9vacuation de 109 individus bloqu\u00e9s dans leurs voitures\u00a0\u00bb &#8212; Kapitalis\" src=\"https:\/\/kapitalis.com\/tunisie\/2019\/01\/25\/froid-en-tunisie-evacuation-de-109-individus-bloques-dans-leurs-voitures\/embed\/#?secret=Oa7SC7xM76#?secret=yNAPXR4F9e\" data-secret=\"yNAPXR4F9e\" width=\"600\" height=\"338\" frameborder=\"0\" marginwidth=\"0\" marginheight=\"0\" scrolling=\"no\"><\/iframe><\/p>\n<blockquote class=\"wp-embedded-content\" data-secret=\"62bZekp6IX\"><p><a href=\"https:\/\/kapitalis.com\/tunisie\/2019\/01\/25\/jendouba-montee-des-eaux-dans-plusieurs-oueds\/\">Jendouba : Mont\u00e9e des eaux dans plusieurs oueds<\/a><\/p><\/blockquote>\n<p><iframe loading=\"lazy\" class=\"wp-embedded-content\" sandbox=\"allow-scripts\" security=\"restricted\" style=\"position: absolute; clip: rect(1px, 1px, 1px, 1px);\" title=\"\u00ab\u00a0Jendouba : Mont\u00e9e des eaux dans plusieurs oueds\u00a0\u00bb &#8212; Kapitalis\" src=\"https:\/\/kapitalis.com\/tunisie\/2019\/01\/25\/jendouba-montee-des-eaux-dans-plusieurs-oueds\/embed\/#?secret=WlroFg9mp9#?secret=62bZekp6IX\" data-secret=\"62bZekp6IX\" width=\"600\" height=\"338\" frameborder=\"0\" marginwidth=\"0\" marginheight=\"0\" scrolling=\"no\"><\/iframe><\/p>\n","protected":false},"excerpt":{"rendered":"<p>Le niveau de l&rsquo;eau est mont\u00e9 hier soir, vendredi 25 janvier 2019,\u00a0dans l&rsquo;oued Medjerda, et a envahi une dizaine\u00a0de maisons \u00e0 Jendouba. Les autorit\u00e9s appellent les citoyens \u00e0 la vigilance.<\/p>\n","protected":false},"author":16,"featured_media":195062,"comment_status":"open","ping_status":"open","sticky":false,"template":"","format":"standard","meta":{"footnotes":""},"categories":[998,2433],"tags":[45201],"class_list":["post-195060","post","type-post","status-publish","format-standard","has-post-thumbnail","hentry","category-societe","category-tunisie","tag-oued-medjerda"],"yoast_head":"<!-- This site is optimized with the Yoast SEO plugin v26.6 - https:\/\/yoast.com\/wordpress\/plugins\/seo\/ -->\n<title>Jendouba : Des maisons envahies par les eaux de l&#039;oued Medjerda - Kapitalis<\/title>\n<meta name=\"robots\" content=\"index, follow, max-snippet:-1, max-image-preview:large, max-video-preview:-1\" \/>\n<link rel=\"canonical\" href=\"https:\/\/kapitalis.com\/tunisie\/2019\/01\/26\/jendouba-des-maisons-envahies-par-les-eaux-de-loued-medjerda\/\" \/>\n<meta property=\"og:locale\" content=\"fr_FR\" \/>\n<meta property=\"og:type\" content=\"article\" \/>\n<meta property=\"og:title\" content=\"Jendouba : Des maisons envahies par les eaux de l&#039;oued Medjerda - Kapitalis\" \/>\n<meta property=\"og:description\" content=\"Le niveau de l&rsquo;eau est mont\u00e9 hier soir, vendredi 25 janvier 2019,\u00a0dans l&rsquo;oued Medjerda, et a envahi une dizaine\u00a0de maisons \u00e0 Jendouba. Les autorit\u00e9s appellent les citoyens \u00e0 la vigilance.\" \/>\n<meta property=\"og:url\" content=\"https:\/\/kapitalis.com\/tunisie\/2019\/01\/26\/jendouba-des-maisons-envahies-par-les-eaux-de-loued-medjerda\/\" \/>\n<meta property=\"og:site_name\" content=\"Kapitalis\" \/>\n<meta property=\"article:publisher\" content=\"https:\/\/www.facebook.com\/KapitalisInfo\/\" \/>\n<meta property=\"article:published_time\" content=\"2019-01-26T10:29:11+00:00\" \/>\n<meta property=\"article:modified_time\" content=\"2019-01-26T10:30:40+00:00\" \/>\n<meta property=\"og:image\" content=\"https:\/\/kapitalis.com\/tunisie\/wp-content\/uploads\/2022\/05\/kapitalis-logo-fb.png\" \/>\n\t<meta property=\"og:image:width\" content=\"1200\" \/>\n\t<meta property=\"og:image:height\" content=\"630\" \/>\n\t<meta property=\"og:image:type\" content=\"image\/png\" \/>\n<meta name=\"author\" content=\"emna benabdallah\" \/>\n<meta name=\"twitter:card\" content=\"summary_large_image\" \/>\n<meta name=\"twitter:creator\" content=\"@KapitalisInfo\" \/>\n<meta name=\"twitter:site\" content=\"@KapitalisInfo\" \/>\n<meta name=\"twitter:label1\" content=\"\u00c9crit par\" \/>\n\t<meta name=\"twitter:data1\" content=\"emna benabdallah\" \/>\n\t<meta name=\"twitter:label2\" content=\"Dur\u00e9e de lecture estim\u00e9e\" \/>\n\t<meta name=\"twitter:data2\" content=\"1 minute\" \/>\n<script type=\"application\/ld+json\" class=\"yoast-schema-graph\">{\"@context\":\"https:\/\/schema.org\",\"@graph\":[{\"@type\":\"Article\",\"@id\":\"https:\/\/kapitalis.com\/tunisie\/2019\/01\/26\/jendouba-des-maisons-envahies-par-les-eaux-de-loued-medjerda\/#article\",\"isPartOf\":{\"@id\":\"https:\/\/kapitalis.com\/tunisie\/2019\/01\/26\/jendouba-des-maisons-envahies-par-les-eaux-de-loued-medjerda\/\"},\"author\":{\"name\":\"emna benabdallah\",\"@id\":\"https:\/\/kapitalis.com\/tunisie\/#\/schema\/person\/2c6e134b2f3369dffcd1daf5f087d28b\"},\"headline\":\"Jendouba : Des maisons envahies par les eaux de l&rsquo;oued Medjerda\",\"datePublished\":\"2019-01-26T10:29:11+00:00\",\"dateModified\":\"2019-01-26T10:30:40+00:00\",\"mainEntityOfPage\":{\"@id\":\"https:\/\/kapitalis.com\/tunisie\/2019\/01\/26\/jendouba-des-maisons-envahies-par-les-eaux-de-loued-medjerda\/\"},\"wordCount\":188,\"commentCount\":0,\"publisher\":{\"@id\":\"https:\/\/kapitalis.com\/tunisie\/#organization\"},\"image\":{\"@id\":\"https:\/\/kapitalis.com\/tunisie\/2019\/01\/26\/jendouba-des-maisons-envahies-par-les-eaux-de-loued-medjerda\/#primaryimage\"},\"thumbnailUrl\":\"\",\"keywords\":[\"Oued Medjerda\"],\"articleSection\":[\"SOCIETE\",\"Tunisie\"],\"inLanguage\":\"fr-FR\",\"potentialAction\":[{\"@type\":\"CommentAction\",\"name\":\"Comment\",\"target\":[\"https:\/\/kapitalis.com\/tunisie\/2019\/01\/26\/jendouba-des-maisons-envahies-par-les-eaux-de-loued-medjerda\/#respond\"]}]},{\"@type\":\"WebPage\",\"@id\":\"https:\/\/kapitalis.com\/tunisie\/2019\/01\/26\/jendouba-des-maisons-envahies-par-les-eaux-de-loued-medjerda\/\",\"url\":\"https:\/\/kapitalis.com\/tunisie\/2019\/01\/26\/jendouba-des-maisons-envahies-par-les-eaux-de-loued-medjerda\/\",\"name\":\"Jendouba : Des maisons envahies par les eaux de l'oued Medjerda - Kapitalis\",\"isPartOf\":{\"@id\":\"https:\/\/kapitalis.com\/tunisie\/#website\"},\"primaryImageOfPage\":{\"@id\":\"https:\/\/kapitalis.com\/tunisie\/2019\/01\/26\/jendouba-des-maisons-envahies-par-les-eaux-de-loued-medjerda\/#primaryimage\"},\"image\":{\"@id\":\"https:\/\/kapitalis.com\/tunisie\/2019\/01\/26\/jendouba-des-maisons-envahies-par-les-eaux-de-loued-medjerda\/#primaryimage\"},\"thumbnailUrl\":\"\",\"datePublished\":\"2019-01-26T10:29:11+00:00\",\"dateModified\":\"2019-01-26T10:30:40+00:00\",\"breadcrumb\":{\"@id\":\"https:\/\/kapitalis.com\/tunisie\/2019\/01\/26\/jendouba-des-maisons-envahies-par-les-eaux-de-loued-medjerda\/#breadcrumb\"},\"inLanguage\":\"fr-FR\",\"potentialAction\":[{\"@type\":\"ReadAction\",\"target\":[\"https:\/\/kapitalis.com\/tunisie\/2019\/01\/26\/jendouba-des-maisons-envahies-par-les-eaux-de-loued-medjerda\/\"]}]},{\"@type\":\"ImageObject\",\"inLanguage\":\"fr-FR\",\"@id\":\"https:\/\/kapitalis.com\/tunisie\/2019\/01\/26\/jendouba-des-maisons-envahies-par-les-eaux-de-loued-medjerda\/#primaryimage\",\"url\":\"\",\"contentUrl\":\"\"},{\"@type\":\"BreadcrumbList\",\"@id\":\"https:\/\/kapitalis.com\/tunisie\/2019\/01\/26\/jendouba-des-maisons-envahies-par-les-eaux-de-loued-medjerda\/#breadcrumb\",\"itemListElement\":[{\"@type\":\"ListItem\",\"position\":1,\"name\":\"Accueil\",\"item\":\"https:\/\/kapitalis.com\/tunisie\/\"},{\"@type\":\"ListItem\",\"position\":2,\"name\":\"Jendouba : Des maisons envahies par les eaux de l&rsquo;oued Medjerda\"}]},{\"@type\":\"WebSite\",\"@id\":\"https:\/\/kapitalis.com\/tunisie\/#website\",\"url\":\"https:\/\/kapitalis.com\/tunisie\/\",\"name\":\"Kapitalis\",\"description\":\"L&#039;actualit\u00e9 en Tunisie et dans le monde\",\"publisher\":{\"@id\":\"https:\/\/kapitalis.com\/tunisie\/#organization\"},\"potentialAction\":[{\"@type\":\"SearchAction\",\"target\":{\"@type\":\"EntryPoint\",\"urlTemplate\":\"https:\/\/kapitalis.com\/tunisie\/?s={search_term_string}\"},\"query-input\":{\"@type\":\"PropertyValueSpecification\",\"valueRequired\":true,\"valueName\":\"search_term_string\"}}],\"inLanguage\":\"fr-FR\"},{\"@type\":\"Organization\",\"@id\":\"https:\/\/kapitalis.com\/tunisie\/#organization\",\"name\":\"Kapitalis\",\"url\":\"https:\/\/kapitalis.com\/tunisie\/\",\"logo\":{\"@type\":\"ImageObject\",\"inLanguage\":\"fr-FR\",\"@id\":\"https:\/\/kapitalis.com\/tunisie\/#\/schema\/logo\/image\/\",\"url\":\"https:\/\/kapitalis.com\/tunisie\/wp-content\/uploads\/2022\/05\/Kapitalis-big-size.png\",\"contentUrl\":\"https:\/\/kapitalis.com\/tunisie\/wp-content\/uploads\/2022\/05\/Kapitalis-big-size.png\",\"width\":5000,\"height\":1500,\"caption\":\"Kapitalis\"},\"image\":{\"@id\":\"https:\/\/kapitalis.com\/tunisie\/#\/schema\/logo\/image\/\"},\"sameAs\":[\"https:\/\/www.facebook.com\/KapitalisInfo\/\",\"https:\/\/x.com\/KapitalisInfo\",\"https:\/\/www.youtube.com\/channel\/UC-yDYrHyfFBWWZaOw3FPg9Q\"]},{\"@type\":\"Person\",\"@id\":\"https:\/\/kapitalis.com\/tunisie\/#\/schema\/person\/2c6e134b2f3369dffcd1daf5f087d28b\",\"name\":\"emna benabdallah\",\"url\":\"https:\/\/kapitalis.com\/tunisie\/author\/emna\/\"}]}<\/script>\n<!-- \/ Yoast SEO plugin. -->","yoast_head_json":{"title":"Jendouba : Des maisons envahies par les eaux de l'oued Medjerda - Kapitalis","robots":{"index":"index","follow":"follow","max-snippet":"max-snippet:-1","max-image-preview":"max-image-preview:large","max-video-preview":"max-video-preview:-1"},"canonical":"https:\/\/kapitalis.com\/tunisie\/2019\/01\/26\/jendouba-des-maisons-envahies-par-les-eaux-de-loued-medjerda\/","og_locale":"fr_FR","og_type":"article","og_title":"Jendouba : Des maisons envahies par les eaux de l'oued Medjerda - Kapitalis","og_description":"Le niveau de l&rsquo;eau est mont\u00e9 hier soir, vendredi 25 janvier 2019,\u00a0dans l&rsquo;oued Medjerda, et a envahi une dizaine\u00a0de maisons \u00e0 Jendouba. Les autorit\u00e9s appellent les citoyens \u00e0 la vigilance.","og_url":"https:\/\/kapitalis.com\/tunisie\/2019\/01\/26\/jendouba-des-maisons-envahies-par-les-eaux-de-loued-medjerda\/","og_site_name":"Kapitalis","article_publisher":"https:\/\/www.facebook.com\/KapitalisInfo\/","article_published_time":"2019-01-26T10:29:11+00:00","article_modified_time":"2019-01-26T10:30:40+00:00","og_image":[{"width":1200,"height":630,"url":"https:\/\/kapitalis.com\/tunisie\/wp-content\/uploads\/2022\/05\/kapitalis-logo-fb.png","type":"image\/png"}],"author":"emna benabdallah","twitter_card":"summary_large_image","twitter_creator":"@KapitalisInfo","twitter_site":"@KapitalisInfo","twitter_misc":{"\u00c9crit par":"emna benabdallah","Dur\u00e9e de lecture estim\u00e9e":"1 minute"},"schema":{"@context":"https:\/\/schema.org","@graph":[{"@type":"Article","@id":"https:\/\/kapitalis.com\/tunisie\/2019\/01\/26\/jendouba-des-maisons-envahies-par-les-eaux-de-loued-medjerda\/#article","isPartOf":{"@id":"https:\/\/kapitalis.com\/tunisie\/2019\/01\/26\/jendouba-des-maisons-envahies-par-les-eaux-de-loued-medjerda\/"},"author":{"name":"emna benabdallah","@id":"https:\/\/kapitalis.com\/tunisie\/#\/schema\/person\/2c6e134b2f3369dffcd1daf5f087d28b"},"headline":"Jendouba : Des maisons envahies par les eaux de l&rsquo;oued Medjerda","datePublished":"2019-01-26T10:29:11+00:00","dateModified":"2019-01-26T10:30:40+00:00","mainEntityOfPage":{"@id":"https:\/\/kapitalis.com\/tunisie\/2019\/01\/26\/jendouba-des-maisons-envahies-par-les-eaux-de-loued-medjerda\/"},"wordCount":188,"commentCount":0,"publisher":{"@id":"https:\/\/kapitalis.com\/tunisie\/#organization"},"image":{"@id":"https:\/\/kapitalis.com\/tunisie\/2019\/01\/26\/jendouba-des-maisons-envahies-par-les-eaux-de-loued-medjerda\/#primaryimage"},"thumbnailUrl":"","keywords":["Oued Medjerda"],"articleSection":["SOCIETE","Tunisie"],"inLanguage":"fr-FR","potentialAction":[{"@type":"CommentAction","name":"Comment","target":["https:\/\/kapitalis.com\/tunisie\/2019\/01\/26\/jendouba-des-maisons-envahies-par-les-eaux-de-loued-medjerda\/#respond"]}]},{"@type":"WebPage","@id":"https:\/\/kapitalis.com\/tunisie\/2019\/01\/26\/jendouba-des-maisons-envahies-par-les-eaux-de-loued-medjerda\/","url":"https:\/\/kapitalis.com\/tunisie\/2019\/01\/26\/jendouba-des-maisons-envahies-par-les-eaux-de-loued-medjerda\/","name":"Jendouba : Des maisons envahies par les eaux de l'oued Medjerda - Kapitalis","isPartOf":{"@id":"https:\/\/kapitalis.com\/tunisie\/#website"},"primaryImageOfPage":{"@id":"https:\/\/kapitalis.com\/tunisie\/2019\/01\/26\/jendouba-des-maisons-envahies-par-les-eaux-de-loued-medjerda\/#primaryimage"},"image":{"@id":"https:\/\/kapitalis.com\/tunisie\/2019\/01\/26\/jendouba-des-maisons-envahies-par-les-eaux-de-loued-medjerda\/#primaryimage"},"thumbnailUrl":"","datePublished":"2019-01-26T10:29:11+00:00","dateModified":"2019-01-26T10:30:40+00:00","breadcrumb":{"@id":"https:\/\/kapitalis.com\/tunisie\/2019\/01\/26\/jendouba-des-maisons-envahies-par-les-eaux-de-loued-medjerda\/#breadcrumb"},"inLanguage":"fr-FR","potentialAction":[{"@type":"ReadAction","target":["https:\/\/kapitalis.com\/tunisie\/2019\/01\/26\/jendouba-des-maisons-envahies-par-les-eaux-de-loued-medjerda\/"]}]},{"@type":"ImageObject","inLanguage":"fr-FR","@id":"https:\/\/kapitalis.com\/tunisie\/2019\/01\/26\/jendouba-des-maisons-envahies-par-les-eaux-de-loued-medjerda\/#primaryimage","url":"","contentUrl":""},{"@type":"BreadcrumbList","@id":"https:\/\/kapitalis.com\/tunisie\/2019\/01\/26\/jendouba-des-maisons-envahies-par-les-eaux-de-loued-medjerda\/#breadcrumb","itemListElement":[{"@type":"ListItem","position":1,"name":"Accueil","item":"https:\/\/kapitalis.com\/tunisie\/"},{"@type":"ListItem","position":2,"name":"Jendouba : Des maisons envahies par les eaux de l&rsquo;oued Medjerda"}]},{"@type":"WebSite","@id":"https:\/\/kapitalis.com\/tunisie\/#website","url":"https:\/\/kapitalis.com\/tunisie\/","name":"Kapitalis","description":"L&#039;actualit\u00e9 en Tunisie et dans le monde","publisher":{"@id":"https:\/\/kapitalis.com\/tunisie\/#organization"},"potentialAction":[{"@type":"SearchAction","target":{"@type":"EntryPoint","urlTemplate":"https:\/\/kapitalis.com\/tunisie\/?s={search_term_string}"},"query-input":{"@type":"PropertyValueSpecification","valueRequired":true,"valueName":"search_term_string"}}],"inLanguage":"fr-FR"},{"@type":"Organization","@id":"https:\/\/kapitalis.com\/tunisie\/#organization","name":"Kapitalis","url":"https:\/\/kapitalis.com\/tunisie\/","logo":{"@type":"ImageObject","inLanguage":"fr-FR","@id":"https:\/\/kapitalis.com\/tunisie\/#\/schema\/logo\/image\/","url":"https:\/\/kapitalis.com\/tunisie\/wp-content\/uploads\/2022\/05\/Kapitalis-big-size.png","contentUrl":"https:\/\/kapitalis.com\/tunisie\/wp-content\/uploads\/2022\/05\/Kapitalis-big-size.png","width":5000,"height":1500,"caption":"Kapitalis"},"image":{"@id":"https:\/\/kapitalis.com\/tunisie\/#\/schema\/logo\/image\/"},"sameAs":["https:\/\/www.facebook.com\/KapitalisInfo\/","https:\/\/x.com\/KapitalisInfo","https:\/\/www.youtube.com\/channel\/UC-yDYrHyfFBWWZaOw3FPg9Q"]},{"@type":"Person","@id":"https:\/\/kapitalis.com\/tunisie\/#\/schema\/person\/2c6e134b2f3369dffcd1daf5f087d28b","name":"emna benabdallah","url":"https:\/\/kapitalis.com\/tunisie\/author\/emna\/"}]}},"_links":{"self":[{"href":"https:\/\/kapitalis.com\/tunisie\/wp-json\/wp\/v2\/posts\/195060","targetHints":{"allow":["GET"]}}],"collection":[{"href":"https:\/\/kapitalis.com\/tunisie\/wp-json\/wp\/v2\/posts"}],"about":[{"href":"https:\/\/kapitalis.com\/tunisie\/wp-json\/wp\/v2\/types\/post"}],"author":[{"embeddable":true,"href":"https:\/\/kapitalis.com\/tunisie\/wp-json\/wp\/v2\/users\/16"}],"replies":[{"embeddable":true,"href":"https:\/\/kapitalis.com\/tunisie\/wp-json\/wp\/v2\/comments?post=195060"}],"version-history":[{"count":0,"href":"https:\/\/kapitalis.com\/tunisie\/wp-json\/wp\/v2\/posts\/195060\/revisions"}],"wp:featuredmedia":[{"embeddable":true,"href":"https:\/\/kapitalis.com\/tunisie\/wp-json\/wp\/v2\/media\/195062"}],"wp:attachment":[{"href":"https:\/\/kapitalis.com\/tunisie\/wp-json\/wp\/v2\/media?parent=195060"}],"wp:term":[{"taxonomy":"category","embeddable":true,"href":"https:\/\/kapitalis.com\/tunisie\/wp-json\/wp\/v2\/categories?post=195060"},{"taxonomy":"post_tag","embeddable":true,"href":"https:\/\/kapitalis.com\/tunisie\/wp-json\/wp\/v2\/tags?post=195060"}],"curies":[{"name":"wp","href":"https:\/\/api.w.org\/{rel}","templated":true}]}}