{"id":195097,"date":"2019-01-26T11:49:33","date_gmt":"2019-01-26T10:49:33","guid":{"rendered":"http:\/\/kapitalis.com\/tunisie\/?p=195097"},"modified":"2019-01-26T11:50:48","modified_gmt":"2019-01-26T10:50:48","slug":"terrorisme-un-suspect-de-24-ans-arrete-a-el-alia-bizerte","status":"publish","type":"post","link":"https:\/\/kapitalis.com\/tunisie\/2019\/01\/26\/terrorisme-un-suspect-de-24-ans-arrete-a-el-alia-bizerte\/","title":{"rendered":"Terrorisme : Un suspect de 24 ans arr\u00eat\u00e9 \u00e0 El-Alia (Bizerte)"},"content":{"rendered":"<p style=\"text-align: center;\"><img loading=\"lazy\" decoding=\"async\" class=\"alignnone size-full wp-image-102324\" src=\"http:\/\/kapitalis.com\/tunisie\/wp-content\/uploads\/2017\/06\/M\u00e9denine-arrestation-terroriste.jpg\" alt=\"\" width=\"626\" height=\"380\" \/><\/p>\n<p><em><strong>La police a arr\u00eat\u00e9 hier, vendredi 25 janvier 2019, \u00e0 El-Alia (Bizerte), un jeune homme suspect\u00e9 de liens avec des terroristes dans les zones de conflits. Selon les premiers \u00e9l\u00e9ments de l&rsquo;enqu\u00eate, il s&rsquo;appr\u00eaterait \u00e0 passer \u00e0 l&rsquo;acte.<\/strong><\/em><\/p>\n<p><!--more--><\/p>\n<p>Le suspect, \u00e2g\u00e9 de 24 ans, est connu pour son extr\u00e9misme religieux, pr\u00e9cise une source \u00e0 Kapitalis, en ajoutant qu\u2019une enqu\u00eate men\u00e9e conjointement par la brigade antiterroriste et le district de police de Ras Jebel a permis de r\u00e9v\u00e9ler ses liens avec des jihadistes dans les zones de conflits.<\/p>\n<p>Le minist\u00e8re public a ordonn\u00e9 son interpellation et une perquisition de son domicile.<\/p>\n<p>Lors de son interrogatoire, le suspect aurait avou\u00e9 son all\u00e9geance \u00e0 l\u2019organisation terroriste de l\u2019Etat islamique (Daech) et affirm\u00e9 qu\u2019il s\u2019appr\u00eatait \u00e0 perp\u00e9trer des attaques, notamment contre des cibles s\u00e9curitaires et arm\u00e9es.<\/p>\n<p>Le suspect a \u00e9t\u00e9 transf\u00e9r\u00e9 au p\u00f4le antiterroriste \u00e0 Tunis et la police a saisi des ordinateurs dans les cyberespaces o\u00f9 il\u00a0 se connectait.<\/p>\n<p style=\"text-align: right;\"><strong>Y. N.<\/strong><\/p>\n","protected":false},"excerpt":{"rendered":"<p>La police a arr\u00eat\u00e9 hier, vendredi 25 janvier 2019, \u00e0 El-Alia (Bizerte), un jeune homme suspect\u00e9 de liens avec des terroristes dans les zones de conflits. Selon les premiers \u00e9l\u00e9ments de l&rsquo;enqu\u00eate, il s&rsquo;appr\u00eaterait \u00e0 passer \u00e0 l&rsquo;acte.<\/p>\n","protected":false},"author":6,"featured_media":0,"comment_status":"open","ping_status":"open","sticky":false,"template":"","format":"standard","meta":{"footnotes":""},"categories":[998,2433],"tags":[148,258,23693,29292,765,897,898],"class_list":["post-195097","post","type-post","status-publish","format-standard","hentry","category-societe","category-tunisie","tag-bizerte","tag-daech","tag-el-alia","tag-isis","tag-ras-jebel","tag-terrorisme","tag-terroriste"],"yoast_head":"<!-- This site is optimized with the Yoast SEO plugin v26.6 - https:\/\/yoast.com\/wordpress\/plugins\/seo\/ -->\n<title>Terrorisme : Un suspect de 24 ans arr\u00eat\u00e9 \u00e0 El-Alia (Bizerte) - Kapitalis<\/title>\n<meta name=\"robots\" content=\"index, follow, max-snippet:-1, max-image-preview:large, max-video-preview:-1\" \/>\n<link rel=\"canonical\" href=\"https:\/\/kapitalis.com\/tunisie\/2019\/01\/26\/terrorisme-un-suspect-de-24-ans-arrete-a-el-alia-bizerte\/\" \/>\n<meta property=\"og:locale\" content=\"fr_FR\" \/>\n<meta property=\"og:type\" content=\"article\" \/>\n<meta property=\"og:title\" content=\"Terrorisme : Un suspect de 24 ans arr\u00eat\u00e9 \u00e0 El-Alia (Bizerte) - Kapitalis\" \/>\n<meta property=\"og:description\" content=\"La police a arr\u00eat\u00e9 hier, vendredi 25 janvier 2019, \u00e0 El-Alia (Bizerte), un jeune homme suspect\u00e9 de liens avec des terroristes dans les zones de conflits. Selon les premiers \u00e9l\u00e9ments de l&rsquo;enqu\u00eate, il s&rsquo;appr\u00eaterait \u00e0 passer \u00e0 l&rsquo;acte.\" \/>\n<meta property=\"og:url\" content=\"https:\/\/kapitalis.com\/tunisie\/2019\/01\/26\/terrorisme-un-suspect-de-24-ans-arrete-a-el-alia-bizerte\/\" \/>\n<meta property=\"og:site_name\" content=\"Kapitalis\" \/>\n<meta property=\"article:publisher\" content=\"https:\/\/www.facebook.com\/KapitalisInfo\/\" \/>\n<meta property=\"article:published_time\" content=\"2019-01-26T10:49:33+00:00\" \/>\n<meta property=\"article:modified_time\" content=\"2019-01-26T10:50:48+00:00\" \/>\n<meta property=\"og:image\" content=\"https:\/\/kapitalis.com\/tunisie\/wp-content\/uploads\/2022\/05\/kapitalis-logo-fb.png\" \/>\n\t<meta property=\"og:image:width\" content=\"1200\" \/>\n\t<meta property=\"og:image:height\" content=\"630\" \/>\n\t<meta property=\"og:image:type\" content=\"image\/png\" \/>\n<meta name=\"author\" content=\"Yusra NY\" \/>\n<meta name=\"twitter:card\" content=\"summary_large_image\" \/>\n<meta name=\"twitter:creator\" content=\"@KapitalisInfo\" \/>\n<meta name=\"twitter:site\" content=\"@KapitalisInfo\" \/>\n<meta name=\"twitter:label1\" content=\"\u00c9crit par\" \/>\n\t<meta name=\"twitter:data1\" content=\"Yusra NY\" \/>\n\t<meta name=\"twitter:label2\" content=\"Dur\u00e9e de lecture estim\u00e9e\" \/>\n\t<meta name=\"twitter:data2\" content=\"1 minute\" \/>\n<script type=\"application\/ld+json\" class=\"yoast-schema-graph\">{\"@context\":\"https:\/\/schema.org\",\"@graph\":[{\"@type\":\"Article\",\"@id\":\"https:\/\/kapitalis.com\/tunisie\/2019\/01\/26\/terrorisme-un-suspect-de-24-ans-arrete-a-el-alia-bizerte\/#article\",\"isPartOf\":{\"@id\":\"https:\/\/kapitalis.com\/tunisie\/2019\/01\/26\/terrorisme-un-suspect-de-24-ans-arrete-a-el-alia-bizerte\/\"},\"author\":{\"name\":\"Yusra NY\",\"@id\":\"https:\/\/kapitalis.com\/tunisie\/#\/schema\/person\/74bbde0154d49d790a92aaeac5bc01d5\"},\"headline\":\"Terrorisme : Un suspect de 24 ans arr\u00eat\u00e9 \u00e0 El-Alia (Bizerte)\",\"datePublished\":\"2019-01-26T10:49:33+00:00\",\"dateModified\":\"2019-01-26T10:50:48+00:00\",\"mainEntityOfPage\":{\"@id\":\"https:\/\/kapitalis.com\/tunisie\/2019\/01\/26\/terrorisme-un-suspect-de-24-ans-arrete-a-el-alia-bizerte\/\"},\"wordCount\":180,\"commentCount\":0,\"publisher\":{\"@id\":\"https:\/\/kapitalis.com\/tunisie\/#organization\"},\"keywords\":[\"Bizerte\",\"Daech\",\"El-Alia\",\"Isis\",\"Ras Jebel\",\"terrorisme\",\"terroriste\"],\"articleSection\":[\"SOCIETE\",\"Tunisie\"],\"inLanguage\":\"fr-FR\",\"potentialAction\":[{\"@type\":\"CommentAction\",\"name\":\"Comment\",\"target\":[\"https:\/\/kapitalis.com\/tunisie\/2019\/01\/26\/terrorisme-un-suspect-de-24-ans-arrete-a-el-alia-bizerte\/#respond\"]}]},{\"@type\":\"WebPage\",\"@id\":\"https:\/\/kapitalis.com\/tunisie\/2019\/01\/26\/terrorisme-un-suspect-de-24-ans-arrete-a-el-alia-bizerte\/\",\"url\":\"https:\/\/kapitalis.com\/tunisie\/2019\/01\/26\/terrorisme-un-suspect-de-24-ans-arrete-a-el-alia-bizerte\/\",\"name\":\"Terrorisme : Un suspect de 24 ans arr\u00eat\u00e9 \u00e0 El-Alia (Bizerte) - Kapitalis\",\"isPartOf\":{\"@id\":\"https:\/\/kapitalis.com\/tunisie\/#website\"},\"datePublished\":\"2019-01-26T10:49:33+00:00\",\"dateModified\":\"2019-01-26T10:50:48+00:00\",\"breadcrumb\":{\"@id\":\"https:\/\/kapitalis.com\/tunisie\/2019\/01\/26\/terrorisme-un-suspect-de-24-ans-arrete-a-el-alia-bizerte\/#breadcrumb\"},\"inLanguage\":\"fr-FR\",\"potentialAction\":[{\"@type\":\"ReadAction\",\"target\":[\"https:\/\/kapitalis.com\/tunisie\/2019\/01\/26\/terrorisme-un-suspect-de-24-ans-arrete-a-el-alia-bizerte\/\"]}]},{\"@type\":\"BreadcrumbList\",\"@id\":\"https:\/\/kapitalis.com\/tunisie\/2019\/01\/26\/terrorisme-un-suspect-de-24-ans-arrete-a-el-alia-bizerte\/#breadcrumb\",\"itemListElement\":[{\"@type\":\"ListItem\",\"position\":1,\"name\":\"Accueil\",\"item\":\"https:\/\/kapitalis.com\/tunisie\/\"},{\"@type\":\"ListItem\",\"position\":2,\"name\":\"Terrorisme : Un suspect de 24 ans arr\u00eat\u00e9 \u00e0 El-Alia (Bizerte)\"}]},{\"@type\":\"WebSite\",\"@id\":\"https:\/\/kapitalis.com\/tunisie\/#website\",\"url\":\"https:\/\/kapitalis.com\/tunisie\/\",\"name\":\"Kapitalis\",\"description\":\"L&#039;actualit\u00e9 en Tunisie et dans le monde\",\"publisher\":{\"@id\":\"https:\/\/kapitalis.com\/tunisie\/#organization\"},\"potentialAction\":[{\"@type\":\"SearchAction\",\"target\":{\"@type\":\"EntryPoint\",\"urlTemplate\":\"https:\/\/kapitalis.com\/tunisie\/?s={search_term_string}\"},\"query-input\":{\"@type\":\"PropertyValueSpecification\",\"valueRequired\":true,\"valueName\":\"search_term_string\"}}],\"inLanguage\":\"fr-FR\"},{\"@type\":\"Organization\",\"@id\":\"https:\/\/kapitalis.com\/tunisie\/#organization\",\"name\":\"Kapitalis\",\"url\":\"https:\/\/kapitalis.com\/tunisie\/\",\"logo\":{\"@type\":\"ImageObject\",\"inLanguage\":\"fr-FR\",\"@id\":\"https:\/\/kapitalis.com\/tunisie\/#\/schema\/logo\/image\/\",\"url\":\"https:\/\/kapitalis.com\/tunisie\/wp-content\/uploads\/2022\/05\/Kapitalis-big-size.png\",\"contentUrl\":\"https:\/\/kapitalis.com\/tunisie\/wp-content\/uploads\/2022\/05\/Kapitalis-big-size.png\",\"width\":5000,\"height\":1500,\"caption\":\"Kapitalis\"},\"image\":{\"@id\":\"https:\/\/kapitalis.com\/tunisie\/#\/schema\/logo\/image\/\"},\"sameAs\":[\"https:\/\/www.facebook.com\/KapitalisInfo\/\",\"https:\/\/x.com\/KapitalisInfo\",\"https:\/\/www.youtube.com\/channel\/UC-yDYrHyfFBWWZaOw3FPg9Q\"]},{\"@type\":\"Person\",\"@id\":\"https:\/\/kapitalis.com\/tunisie\/#\/schema\/person\/74bbde0154d49d790a92aaeac5bc01d5\",\"name\":\"Yusra NY\",\"url\":\"https:\/\/kapitalis.com\/tunisie\/author\/yuza_adam\/\"}]}<\/script>\n<!-- \/ Yoast SEO plugin. -->","yoast_head_json":{"title":"Terrorisme : Un suspect de 24 ans arr\u00eat\u00e9 \u00e0 El-Alia (Bizerte) - Kapitalis","robots":{"index":"index","follow":"follow","max-snippet":"max-snippet:-1","max-image-preview":"max-image-preview:large","max-video-preview":"max-video-preview:-1"},"canonical":"https:\/\/kapitalis.com\/tunisie\/2019\/01\/26\/terrorisme-un-suspect-de-24-ans-arrete-a-el-alia-bizerte\/","og_locale":"fr_FR","og_type":"article","og_title":"Terrorisme : Un suspect de 24 ans arr\u00eat\u00e9 \u00e0 El-Alia (Bizerte) - Kapitalis","og_description":"La police a arr\u00eat\u00e9 hier, vendredi 25 janvier 2019, \u00e0 El-Alia (Bizerte), un jeune homme suspect\u00e9 de liens avec des terroristes dans les zones de conflits. Selon les premiers \u00e9l\u00e9ments de l&rsquo;enqu\u00eate, il s&rsquo;appr\u00eaterait \u00e0 passer \u00e0 l&rsquo;acte.","og_url":"https:\/\/kapitalis.com\/tunisie\/2019\/01\/26\/terrorisme-un-suspect-de-24-ans-arrete-a-el-alia-bizerte\/","og_site_name":"Kapitalis","article_publisher":"https:\/\/www.facebook.com\/KapitalisInfo\/","article_published_time":"2019-01-26T10:49:33+00:00","article_modified_time":"2019-01-26T10:50:48+00:00","og_image":[{"width":1200,"height":630,"url":"https:\/\/kapitalis.com\/tunisie\/wp-content\/uploads\/2022\/05\/kapitalis-logo-fb.png","type":"image\/png"}],"author":"Yusra NY","twitter_card":"summary_large_image","twitter_creator":"@KapitalisInfo","twitter_site":"@KapitalisInfo","twitter_misc":{"\u00c9crit par":"Yusra NY","Dur\u00e9e de lecture estim\u00e9e":"1 minute"},"schema":{"@context":"https:\/\/schema.org","@graph":[{"@type":"Article","@id":"https:\/\/kapitalis.com\/tunisie\/2019\/01\/26\/terrorisme-un-suspect-de-24-ans-arrete-a-el-alia-bizerte\/#article","isPartOf":{"@id":"https:\/\/kapitalis.com\/tunisie\/2019\/01\/26\/terrorisme-un-suspect-de-24-ans-arrete-a-el-alia-bizerte\/"},"author":{"name":"Yusra NY","@id":"https:\/\/kapitalis.com\/tunisie\/#\/schema\/person\/74bbde0154d49d790a92aaeac5bc01d5"},"headline":"Terrorisme : Un suspect de 24 ans arr\u00eat\u00e9 \u00e0 El-Alia (Bizerte)","datePublished":"2019-01-26T10:49:33+00:00","dateModified":"2019-01-26T10:50:48+00:00","mainEntityOfPage":{"@id":"https:\/\/kapitalis.com\/tunisie\/2019\/01\/26\/terrorisme-un-suspect-de-24-ans-arrete-a-el-alia-bizerte\/"},"wordCount":180,"commentCount":0,"publisher":{"@id":"https:\/\/kapitalis.com\/tunisie\/#organization"},"keywords":["Bizerte","Daech","El-Alia","Isis","Ras Jebel","terrorisme","terroriste"],"articleSection":["SOCIETE","Tunisie"],"inLanguage":"fr-FR","potentialAction":[{"@type":"CommentAction","name":"Comment","target":["https:\/\/kapitalis.com\/tunisie\/2019\/01\/26\/terrorisme-un-suspect-de-24-ans-arrete-a-el-alia-bizerte\/#respond"]}]},{"@type":"WebPage","@id":"https:\/\/kapitalis.com\/tunisie\/2019\/01\/26\/terrorisme-un-suspect-de-24-ans-arrete-a-el-alia-bizerte\/","url":"https:\/\/kapitalis.com\/tunisie\/2019\/01\/26\/terrorisme-un-suspect-de-24-ans-arrete-a-el-alia-bizerte\/","name":"Terrorisme : Un suspect de 24 ans arr\u00eat\u00e9 \u00e0 El-Alia (Bizerte) - Kapitalis","isPartOf":{"@id":"https:\/\/kapitalis.com\/tunisie\/#website"},"datePublished":"2019-01-26T10:49:33+00:00","dateModified":"2019-01-26T10:50:48+00:00","breadcrumb":{"@id":"https:\/\/kapitalis.com\/tunisie\/2019\/01\/26\/terrorisme-un-suspect-de-24-ans-arrete-a-el-alia-bizerte\/#breadcrumb"},"inLanguage":"fr-FR","potentialAction":[{"@type":"ReadAction","target":["https:\/\/kapitalis.com\/tunisie\/2019\/01\/26\/terrorisme-un-suspect-de-24-ans-arrete-a-el-alia-bizerte\/"]}]},{"@type":"BreadcrumbList","@id":"https:\/\/kapitalis.com\/tunisie\/2019\/01\/26\/terrorisme-un-suspect-de-24-ans-arrete-a-el-alia-bizerte\/#breadcrumb","itemListElement":[{"@type":"ListItem","position":1,"name":"Accueil","item":"https:\/\/kapitalis.com\/tunisie\/"},{"@type":"ListItem","position":2,"name":"Terrorisme : Un suspect de 24 ans arr\u00eat\u00e9 \u00e0 El-Alia (Bizerte)"}]},{"@type":"WebSite","@id":"https:\/\/kapitalis.com\/tunisie\/#website","url":"https:\/\/kapitalis.com\/tunisie\/","name":"Kapitalis","description":"L&#039;actualit\u00e9 en Tunisie et dans le monde","publisher":{"@id":"https:\/\/kapitalis.com\/tunisie\/#organization"},"potentialAction":[{"@type":"SearchAction","target":{"@type":"EntryPoint","urlTemplate":"https:\/\/kapitalis.com\/tunisie\/?s={search_term_string}"},"query-input":{"@type":"PropertyValueSpecification","valueRequired":true,"valueName":"search_term_string"}}],"inLanguage":"fr-FR"},{"@type":"Organization","@id":"https:\/\/kapitalis.com\/tunisie\/#organization","name":"Kapitalis","url":"https:\/\/kapitalis.com\/tunisie\/","logo":{"@type":"ImageObject","inLanguage":"fr-FR","@id":"https:\/\/kapitalis.com\/tunisie\/#\/schema\/logo\/image\/","url":"https:\/\/kapitalis.com\/tunisie\/wp-content\/uploads\/2022\/05\/Kapitalis-big-size.png","contentUrl":"https:\/\/kapitalis.com\/tunisie\/wp-content\/uploads\/2022\/05\/Kapitalis-big-size.png","width":5000,"height":1500,"caption":"Kapitalis"},"image":{"@id":"https:\/\/kapitalis.com\/tunisie\/#\/schema\/logo\/image\/"},"sameAs":["https:\/\/www.facebook.com\/KapitalisInfo\/","https:\/\/x.com\/KapitalisInfo","https:\/\/www.youtube.com\/channel\/UC-yDYrHyfFBWWZaOw3FPg9Q"]},{"@type":"Person","@id":"https:\/\/kapitalis.com\/tunisie\/#\/schema\/person\/74bbde0154d49d790a92aaeac5bc01d5","name":"Yusra NY","url":"https:\/\/kapitalis.com\/tunisie\/author\/yuza_adam\/"}]}},"_links":{"self":[{"href":"https:\/\/kapitalis.com\/tunisie\/wp-json\/wp\/v2\/posts\/195097","targetHints":{"allow":["GET"]}}],"collection":[{"href":"https:\/\/kapitalis.com\/tunisie\/wp-json\/wp\/v2\/posts"}],"about":[{"href":"https:\/\/kapitalis.com\/tunisie\/wp-json\/wp\/v2\/types\/post"}],"author":[{"embeddable":true,"href":"https:\/\/kapitalis.com\/tunisie\/wp-json\/wp\/v2\/users\/6"}],"replies":[{"embeddable":true,"href":"https:\/\/kapitalis.com\/tunisie\/wp-json\/wp\/v2\/comments?post=195097"}],"version-history":[{"count":0,"href":"https:\/\/kapitalis.com\/tunisie\/wp-json\/wp\/v2\/posts\/195097\/revisions"}],"wp:attachment":[{"href":"https:\/\/kapitalis.com\/tunisie\/wp-json\/wp\/v2\/media?parent=195097"}],"wp:term":[{"taxonomy":"category","embeddable":true,"href":"https:\/\/kapitalis.com\/tunisie\/wp-json\/wp\/v2\/categories?post=195097"},{"taxonomy":"post_tag","embeddable":true,"href":"https:\/\/kapitalis.com\/tunisie\/wp-json\/wp\/v2\/tags?post=195097"}],"curies":[{"name":"wp","href":"https:\/\/api.w.org\/{rel}","templated":true}]}}