{"id":195191,"date":"2019-01-27T09:42:00","date_gmt":"2019-01-27T08:42:00","guid":{"rendered":"http:\/\/kapitalis.com\/tunisie\/?p=195191"},"modified":"2019-01-27T09:42:40","modified_gmt":"2019-01-27T08:42:40","slug":"mode-le-28e-salon-mood-talent-du-7-au-10-fevrier-a-dar-el-marsa","status":"publish","type":"post","link":"https:\/\/kapitalis.com\/tunisie\/2019\/01\/27\/mode-le-28e-salon-mood-talent-du-7-au-10-fevrier-a-dar-el-marsa\/","title":{"rendered":"Mode : Le 28e salon Mood Talent du 7 au 10 f\u00e9vrier \u00e0 Dar El Marsa"},"content":{"rendered":"<p style=\"text-align: center;\"><img loading=\"lazy\" decoding=\"async\" class=\"alignnone size-full wp-image-195192\" src=\"http:\/\/kapitalis.com\/tunisie\/wp-content\/uploads\/2019\/01\/Mood-Talent-28e.jpg\" alt=\"\" width=\"626\" height=\"380\" \/><\/p>\n<p><em><strong>Le salon Mood Talent organise sa 28e \u00e9dition, les 8, 9 et 10 f\u00e9vrier 2019, \u00e0 Dar El Marsa, en partenariat avec Relooking Beaut\u00e9 Minceur au Lac2 er lPG Endermology, en pr\u00e9sence des cr\u00e9ateurs, artisans mode, accessoires, d\u00e9co, et une touche gourmande.<\/strong> <\/em><\/p>\n<p><!--more--><\/p>\n<p>Les artisanes pr\u00e9sentes au salon sont Artessa (luminaires), Ashai (mode et accessoires), Byrsa (maroquinerie), Chocolat Fatma, Fiori for you (mode homme), Hela Ammous (mode), H Fragrances (parfum sur mesures), Heelya (cosm\u00e9tiques naturels), Lilou by OJ (maroquinerie), Ma Tradition (mode), Misono (maroquinerie), Shushana (bijoux), Sofia Bessi (bijoux), Yassou Gui (mode), YSAS (sacs et accessoires en bois), Zeyna (mode).<\/p>\n<p>Le salon sera ouvert le vendredi 8 f\u00e9vrier de 16h \u00e0 20h, le samedi 9 f\u00e9vrier de 11h \u00e0 21h et le dimanche 10 f\u00e9vrier de 11h\/18h. Et l\u2019entr\u00e9e est libre.<\/p>\n<p><em><strong>Source<\/strong><\/em> : communiqu\u00e9.<\/p>\n","protected":false},"excerpt":{"rendered":"<p>Le salon Mood Talent organise sa 28e \u00e9dition, les 8, 9 et 10 f\u00e9vrier 2019, \u00e0 Dar El Marsa, en partenariat avec Relooking Beaut\u00e9 Minceur au Lac2 er lPG Endermology, en pr\u00e9sence des cr\u00e9ateurs, artisans mode, accessoires, d\u00e9co, et une touche gourmande.<\/p>\n","protected":false},"author":8,"featured_media":195192,"comment_status":"open","ping_status":"open","sticky":false,"template":"","format":"standard","meta":{"footnotes":""},"categories":[993,994,2433],"tags":[18952,36722],"class_list":["post-195191","post","type-post","status-publish","format-standard","has-post-thumbnail","hentry","category-conso","category-culture","category-tunisie","tag-dar-el-marsa","tag-mood-talent"],"yoast_head":"<!-- This site is optimized with the Yoast SEO plugin v26.6 - https:\/\/yoast.com\/wordpress\/plugins\/seo\/ -->\n<title>Mode : Le 28e salon Mood Talent du 7 au 10 f\u00e9vrier \u00e0 Dar El Marsa - Kapitalis<\/title>\n<meta name=\"robots\" content=\"index, follow, max-snippet:-1, max-image-preview:large, max-video-preview:-1\" \/>\n<link rel=\"canonical\" href=\"https:\/\/kapitalis.com\/tunisie\/2019\/01\/27\/mode-le-28e-salon-mood-talent-du-7-au-10-fevrier-a-dar-el-marsa\/\" \/>\n<meta property=\"og:locale\" content=\"fr_FR\" \/>\n<meta property=\"og:type\" content=\"article\" \/>\n<meta property=\"og:title\" content=\"Mode : Le 28e salon Mood Talent du 7 au 10 f\u00e9vrier \u00e0 Dar El Marsa - Kapitalis\" \/>\n<meta property=\"og:description\" content=\"Le salon Mood Talent organise sa 28e \u00e9dition, les 8, 9 et 10 f\u00e9vrier 2019, \u00e0 Dar El Marsa, en partenariat avec Relooking Beaut\u00e9 Minceur au Lac2 er lPG Endermology, en pr\u00e9sence des cr\u00e9ateurs, artisans mode, accessoires, d\u00e9co, et une touche gourmande.\" \/>\n<meta property=\"og:url\" content=\"https:\/\/kapitalis.com\/tunisie\/2019\/01\/27\/mode-le-28e-salon-mood-talent-du-7-au-10-fevrier-a-dar-el-marsa\/\" \/>\n<meta property=\"og:site_name\" content=\"Kapitalis\" \/>\n<meta property=\"article:publisher\" content=\"https:\/\/www.facebook.com\/KapitalisInfo\/\" \/>\n<meta property=\"article:published_time\" content=\"2019-01-27T08:42:00+00:00\" \/>\n<meta property=\"article:modified_time\" content=\"2019-01-27T08:42:40+00:00\" \/>\n<meta property=\"og:image\" content=\"https:\/\/kapitalis.com\/tunisie\/wp-content\/uploads\/2022\/05\/kapitalis-logo-fb.png\" \/>\n\t<meta property=\"og:image:width\" content=\"1200\" \/>\n\t<meta property=\"og:image:height\" content=\"630\" \/>\n\t<meta property=\"og:image:type\" content=\"image\/png\" \/>\n<meta name=\"author\" content=\"webmaster kapitalis\" \/>\n<meta name=\"twitter:card\" content=\"summary_large_image\" \/>\n<meta name=\"twitter:creator\" content=\"@KapitalisInfo\" \/>\n<meta name=\"twitter:site\" content=\"@KapitalisInfo\" \/>\n<meta name=\"twitter:label1\" content=\"\u00c9crit par\" \/>\n\t<meta name=\"twitter:data1\" content=\"webmaster kapitalis\" \/>\n\t<meta name=\"twitter:label2\" content=\"Dur\u00e9e de lecture estim\u00e9e\" \/>\n\t<meta name=\"twitter:data2\" content=\"1 minute\" \/>\n<script type=\"application\/ld+json\" class=\"yoast-schema-graph\">{\"@context\":\"https:\/\/schema.org\",\"@graph\":[{\"@type\":\"Article\",\"@id\":\"https:\/\/kapitalis.com\/tunisie\/2019\/01\/27\/mode-le-28e-salon-mood-talent-du-7-au-10-fevrier-a-dar-el-marsa\/#article\",\"isPartOf\":{\"@id\":\"https:\/\/kapitalis.com\/tunisie\/2019\/01\/27\/mode-le-28e-salon-mood-talent-du-7-au-10-fevrier-a-dar-el-marsa\/\"},\"author\":{\"name\":\"webmaster kapitalis\",\"@id\":\"https:\/\/kapitalis.com\/tunisie\/#\/schema\/person\/d71f33a9ca44f7bad4698210b480c8e9\"},\"headline\":\"Mode : Le 28e salon Mood Talent du 7 au 10 f\u00e9vrier \u00e0 Dar El Marsa\",\"datePublished\":\"2019-01-27T08:42:00+00:00\",\"dateModified\":\"2019-01-27T08:42:40+00:00\",\"mainEntityOfPage\":{\"@id\":\"https:\/\/kapitalis.com\/tunisie\/2019\/01\/27\/mode-le-28e-salon-mood-talent-du-7-au-10-fevrier-a-dar-el-marsa\/\"},\"wordCount\":147,\"commentCount\":0,\"publisher\":{\"@id\":\"https:\/\/kapitalis.com\/tunisie\/#organization\"},\"image\":{\"@id\":\"https:\/\/kapitalis.com\/tunisie\/2019\/01\/27\/mode-le-28e-salon-mood-talent-du-7-au-10-fevrier-a-dar-el-marsa\/#primaryimage\"},\"thumbnailUrl\":\"\",\"keywords\":[\"Dar El Marsa\",\"Mood Talent\"],\"articleSection\":[\"CONSO\",\"CULTURE\",\"Tunisie\"],\"inLanguage\":\"fr-FR\",\"potentialAction\":[{\"@type\":\"CommentAction\",\"name\":\"Comment\",\"target\":[\"https:\/\/kapitalis.com\/tunisie\/2019\/01\/27\/mode-le-28e-salon-mood-talent-du-7-au-10-fevrier-a-dar-el-marsa\/#respond\"]}]},{\"@type\":\"WebPage\",\"@id\":\"https:\/\/kapitalis.com\/tunisie\/2019\/01\/27\/mode-le-28e-salon-mood-talent-du-7-au-10-fevrier-a-dar-el-marsa\/\",\"url\":\"https:\/\/kapitalis.com\/tunisie\/2019\/01\/27\/mode-le-28e-salon-mood-talent-du-7-au-10-fevrier-a-dar-el-marsa\/\",\"name\":\"Mode : Le 28e salon Mood Talent du 7 au 10 f\u00e9vrier \u00e0 Dar El Marsa - Kapitalis\",\"isPartOf\":{\"@id\":\"https:\/\/kapitalis.com\/tunisie\/#website\"},\"primaryImageOfPage\":{\"@id\":\"https:\/\/kapitalis.com\/tunisie\/2019\/01\/27\/mode-le-28e-salon-mood-talent-du-7-au-10-fevrier-a-dar-el-marsa\/#primaryimage\"},\"image\":{\"@id\":\"https:\/\/kapitalis.com\/tunisie\/2019\/01\/27\/mode-le-28e-salon-mood-talent-du-7-au-10-fevrier-a-dar-el-marsa\/#primaryimage\"},\"thumbnailUrl\":\"\",\"datePublished\":\"2019-01-27T08:42:00+00:00\",\"dateModified\":\"2019-01-27T08:42:40+00:00\",\"breadcrumb\":{\"@id\":\"https:\/\/kapitalis.com\/tunisie\/2019\/01\/27\/mode-le-28e-salon-mood-talent-du-7-au-10-fevrier-a-dar-el-marsa\/#breadcrumb\"},\"inLanguage\":\"fr-FR\",\"potentialAction\":[{\"@type\":\"ReadAction\",\"target\":[\"https:\/\/kapitalis.com\/tunisie\/2019\/01\/27\/mode-le-28e-salon-mood-talent-du-7-au-10-fevrier-a-dar-el-marsa\/\"]}]},{\"@type\":\"ImageObject\",\"inLanguage\":\"fr-FR\",\"@id\":\"https:\/\/kapitalis.com\/tunisie\/2019\/01\/27\/mode-le-28e-salon-mood-talent-du-7-au-10-fevrier-a-dar-el-marsa\/#primaryimage\",\"url\":\"\",\"contentUrl\":\"\"},{\"@type\":\"BreadcrumbList\",\"@id\":\"https:\/\/kapitalis.com\/tunisie\/2019\/01\/27\/mode-le-28e-salon-mood-talent-du-7-au-10-fevrier-a-dar-el-marsa\/#breadcrumb\",\"itemListElement\":[{\"@type\":\"ListItem\",\"position\":1,\"name\":\"Accueil\",\"item\":\"https:\/\/kapitalis.com\/tunisie\/\"},{\"@type\":\"ListItem\",\"position\":2,\"name\":\"Mode : Le 28e salon Mood Talent du 7 au 10 f\u00e9vrier \u00e0 Dar El Marsa\"}]},{\"@type\":\"WebSite\",\"@id\":\"https:\/\/kapitalis.com\/tunisie\/#website\",\"url\":\"https:\/\/kapitalis.com\/tunisie\/\",\"name\":\"Kapitalis\",\"description\":\"L&#039;actualit\u00e9 en Tunisie et dans le monde\",\"publisher\":{\"@id\":\"https:\/\/kapitalis.com\/tunisie\/#organization\"},\"potentialAction\":[{\"@type\":\"SearchAction\",\"target\":{\"@type\":\"EntryPoint\",\"urlTemplate\":\"https:\/\/kapitalis.com\/tunisie\/?s={search_term_string}\"},\"query-input\":{\"@type\":\"PropertyValueSpecification\",\"valueRequired\":true,\"valueName\":\"search_term_string\"}}],\"inLanguage\":\"fr-FR\"},{\"@type\":\"Organization\",\"@id\":\"https:\/\/kapitalis.com\/tunisie\/#organization\",\"name\":\"Kapitalis\",\"url\":\"https:\/\/kapitalis.com\/tunisie\/\",\"logo\":{\"@type\":\"ImageObject\",\"inLanguage\":\"fr-FR\",\"@id\":\"https:\/\/kapitalis.com\/tunisie\/#\/schema\/logo\/image\/\",\"url\":\"https:\/\/kapitalis.com\/tunisie\/wp-content\/uploads\/2022\/05\/Kapitalis-big-size.png\",\"contentUrl\":\"https:\/\/kapitalis.com\/tunisie\/wp-content\/uploads\/2022\/05\/Kapitalis-big-size.png\",\"width\":5000,\"height\":1500,\"caption\":\"Kapitalis\"},\"image\":{\"@id\":\"https:\/\/kapitalis.com\/tunisie\/#\/schema\/logo\/image\/\"},\"sameAs\":[\"https:\/\/www.facebook.com\/KapitalisInfo\/\",\"https:\/\/x.com\/KapitalisInfo\",\"https:\/\/www.youtube.com\/channel\/UC-yDYrHyfFBWWZaOw3FPg9Q\"]},{\"@type\":\"Person\",\"@id\":\"https:\/\/kapitalis.com\/tunisie\/#\/schema\/person\/d71f33a9ca44f7bad4698210b480c8e9\",\"name\":\"webmaster kapitalis\",\"url\":\"https:\/\/kapitalis.com\/tunisie\/author\/webmaster-kapitalis\/\"}]}<\/script>\n<!-- \/ Yoast SEO plugin. -->","yoast_head_json":{"title":"Mode : Le 28e salon Mood Talent du 7 au 10 f\u00e9vrier \u00e0 Dar El Marsa - Kapitalis","robots":{"index":"index","follow":"follow","max-snippet":"max-snippet:-1","max-image-preview":"max-image-preview:large","max-video-preview":"max-video-preview:-1"},"canonical":"https:\/\/kapitalis.com\/tunisie\/2019\/01\/27\/mode-le-28e-salon-mood-talent-du-7-au-10-fevrier-a-dar-el-marsa\/","og_locale":"fr_FR","og_type":"article","og_title":"Mode : Le 28e salon Mood Talent du 7 au 10 f\u00e9vrier \u00e0 Dar El Marsa - Kapitalis","og_description":"Le salon Mood Talent organise sa 28e \u00e9dition, les 8, 9 et 10 f\u00e9vrier 2019, \u00e0 Dar El Marsa, en partenariat avec Relooking Beaut\u00e9 Minceur au Lac2 er lPG Endermology, en pr\u00e9sence des cr\u00e9ateurs, artisans mode, accessoires, d\u00e9co, et une touche gourmande.","og_url":"https:\/\/kapitalis.com\/tunisie\/2019\/01\/27\/mode-le-28e-salon-mood-talent-du-7-au-10-fevrier-a-dar-el-marsa\/","og_site_name":"Kapitalis","article_publisher":"https:\/\/www.facebook.com\/KapitalisInfo\/","article_published_time":"2019-01-27T08:42:00+00:00","article_modified_time":"2019-01-27T08:42:40+00:00","og_image":[{"width":1200,"height":630,"url":"https:\/\/kapitalis.com\/tunisie\/wp-content\/uploads\/2022\/05\/kapitalis-logo-fb.png","type":"image\/png"}],"author":"webmaster kapitalis","twitter_card":"summary_large_image","twitter_creator":"@KapitalisInfo","twitter_site":"@KapitalisInfo","twitter_misc":{"\u00c9crit par":"webmaster kapitalis","Dur\u00e9e de lecture estim\u00e9e":"1 minute"},"schema":{"@context":"https:\/\/schema.org","@graph":[{"@type":"Article","@id":"https:\/\/kapitalis.com\/tunisie\/2019\/01\/27\/mode-le-28e-salon-mood-talent-du-7-au-10-fevrier-a-dar-el-marsa\/#article","isPartOf":{"@id":"https:\/\/kapitalis.com\/tunisie\/2019\/01\/27\/mode-le-28e-salon-mood-talent-du-7-au-10-fevrier-a-dar-el-marsa\/"},"author":{"name":"webmaster kapitalis","@id":"https:\/\/kapitalis.com\/tunisie\/#\/schema\/person\/d71f33a9ca44f7bad4698210b480c8e9"},"headline":"Mode : Le 28e salon Mood Talent du 7 au 10 f\u00e9vrier \u00e0 Dar El Marsa","datePublished":"2019-01-27T08:42:00+00:00","dateModified":"2019-01-27T08:42:40+00:00","mainEntityOfPage":{"@id":"https:\/\/kapitalis.com\/tunisie\/2019\/01\/27\/mode-le-28e-salon-mood-talent-du-7-au-10-fevrier-a-dar-el-marsa\/"},"wordCount":147,"commentCount":0,"publisher":{"@id":"https:\/\/kapitalis.com\/tunisie\/#organization"},"image":{"@id":"https:\/\/kapitalis.com\/tunisie\/2019\/01\/27\/mode-le-28e-salon-mood-talent-du-7-au-10-fevrier-a-dar-el-marsa\/#primaryimage"},"thumbnailUrl":"","keywords":["Dar El Marsa","Mood Talent"],"articleSection":["CONSO","CULTURE","Tunisie"],"inLanguage":"fr-FR","potentialAction":[{"@type":"CommentAction","name":"Comment","target":["https:\/\/kapitalis.com\/tunisie\/2019\/01\/27\/mode-le-28e-salon-mood-talent-du-7-au-10-fevrier-a-dar-el-marsa\/#respond"]}]},{"@type":"WebPage","@id":"https:\/\/kapitalis.com\/tunisie\/2019\/01\/27\/mode-le-28e-salon-mood-talent-du-7-au-10-fevrier-a-dar-el-marsa\/","url":"https:\/\/kapitalis.com\/tunisie\/2019\/01\/27\/mode-le-28e-salon-mood-talent-du-7-au-10-fevrier-a-dar-el-marsa\/","name":"Mode : Le 28e salon Mood Talent du 7 au 10 f\u00e9vrier \u00e0 Dar El Marsa - Kapitalis","isPartOf":{"@id":"https:\/\/kapitalis.com\/tunisie\/#website"},"primaryImageOfPage":{"@id":"https:\/\/kapitalis.com\/tunisie\/2019\/01\/27\/mode-le-28e-salon-mood-talent-du-7-au-10-fevrier-a-dar-el-marsa\/#primaryimage"},"image":{"@id":"https:\/\/kapitalis.com\/tunisie\/2019\/01\/27\/mode-le-28e-salon-mood-talent-du-7-au-10-fevrier-a-dar-el-marsa\/#primaryimage"},"thumbnailUrl":"","datePublished":"2019-01-27T08:42:00+00:00","dateModified":"2019-01-27T08:42:40+00:00","breadcrumb":{"@id":"https:\/\/kapitalis.com\/tunisie\/2019\/01\/27\/mode-le-28e-salon-mood-talent-du-7-au-10-fevrier-a-dar-el-marsa\/#breadcrumb"},"inLanguage":"fr-FR","potentialAction":[{"@type":"ReadAction","target":["https:\/\/kapitalis.com\/tunisie\/2019\/01\/27\/mode-le-28e-salon-mood-talent-du-7-au-10-fevrier-a-dar-el-marsa\/"]}]},{"@type":"ImageObject","inLanguage":"fr-FR","@id":"https:\/\/kapitalis.com\/tunisie\/2019\/01\/27\/mode-le-28e-salon-mood-talent-du-7-au-10-fevrier-a-dar-el-marsa\/#primaryimage","url":"","contentUrl":""},{"@type":"BreadcrumbList","@id":"https:\/\/kapitalis.com\/tunisie\/2019\/01\/27\/mode-le-28e-salon-mood-talent-du-7-au-10-fevrier-a-dar-el-marsa\/#breadcrumb","itemListElement":[{"@type":"ListItem","position":1,"name":"Accueil","item":"https:\/\/kapitalis.com\/tunisie\/"},{"@type":"ListItem","position":2,"name":"Mode : Le 28e salon Mood Talent du 7 au 10 f\u00e9vrier \u00e0 Dar El Marsa"}]},{"@type":"WebSite","@id":"https:\/\/kapitalis.com\/tunisie\/#website","url":"https:\/\/kapitalis.com\/tunisie\/","name":"Kapitalis","description":"L&#039;actualit\u00e9 en Tunisie et dans le monde","publisher":{"@id":"https:\/\/kapitalis.com\/tunisie\/#organization"},"potentialAction":[{"@type":"SearchAction","target":{"@type":"EntryPoint","urlTemplate":"https:\/\/kapitalis.com\/tunisie\/?s={search_term_string}"},"query-input":{"@type":"PropertyValueSpecification","valueRequired":true,"valueName":"search_term_string"}}],"inLanguage":"fr-FR"},{"@type":"Organization","@id":"https:\/\/kapitalis.com\/tunisie\/#organization","name":"Kapitalis","url":"https:\/\/kapitalis.com\/tunisie\/","logo":{"@type":"ImageObject","inLanguage":"fr-FR","@id":"https:\/\/kapitalis.com\/tunisie\/#\/schema\/logo\/image\/","url":"https:\/\/kapitalis.com\/tunisie\/wp-content\/uploads\/2022\/05\/Kapitalis-big-size.png","contentUrl":"https:\/\/kapitalis.com\/tunisie\/wp-content\/uploads\/2022\/05\/Kapitalis-big-size.png","width":5000,"height":1500,"caption":"Kapitalis"},"image":{"@id":"https:\/\/kapitalis.com\/tunisie\/#\/schema\/logo\/image\/"},"sameAs":["https:\/\/www.facebook.com\/KapitalisInfo\/","https:\/\/x.com\/KapitalisInfo","https:\/\/www.youtube.com\/channel\/UC-yDYrHyfFBWWZaOw3FPg9Q"]},{"@type":"Person","@id":"https:\/\/kapitalis.com\/tunisie\/#\/schema\/person\/d71f33a9ca44f7bad4698210b480c8e9","name":"webmaster kapitalis","url":"https:\/\/kapitalis.com\/tunisie\/author\/webmaster-kapitalis\/"}]}},"_links":{"self":[{"href":"https:\/\/kapitalis.com\/tunisie\/wp-json\/wp\/v2\/posts\/195191","targetHints":{"allow":["GET"]}}],"collection":[{"href":"https:\/\/kapitalis.com\/tunisie\/wp-json\/wp\/v2\/posts"}],"about":[{"href":"https:\/\/kapitalis.com\/tunisie\/wp-json\/wp\/v2\/types\/post"}],"author":[{"embeddable":true,"href":"https:\/\/kapitalis.com\/tunisie\/wp-json\/wp\/v2\/users\/8"}],"replies":[{"embeddable":true,"href":"https:\/\/kapitalis.com\/tunisie\/wp-json\/wp\/v2\/comments?post=195191"}],"version-history":[{"count":0,"href":"https:\/\/kapitalis.com\/tunisie\/wp-json\/wp\/v2\/posts\/195191\/revisions"}],"wp:featuredmedia":[{"embeddable":true,"href":"https:\/\/kapitalis.com\/tunisie\/wp-json\/wp\/v2\/media\/195192"}],"wp:attachment":[{"href":"https:\/\/kapitalis.com\/tunisie\/wp-json\/wp\/v2\/media?parent=195191"}],"wp:term":[{"taxonomy":"category","embeddable":true,"href":"https:\/\/kapitalis.com\/tunisie\/wp-json\/wp\/v2\/categories?post=195191"},{"taxonomy":"post_tag","embeddable":true,"href":"https:\/\/kapitalis.com\/tunisie\/wp-json\/wp\/v2\/tags?post=195191"}],"curies":[{"name":"wp","href":"https:\/\/api.w.org\/{rel}","templated":true}]}}