{"id":19540844,"date":"2026-08-31T07:30:55","date_gmt":"2026-08-31T06:30:55","guid":{"rendered":"https:\/\/kapitalis.com\/tunisie\/?p=19540844"},"modified":"2026-08-31T07:30:57","modified_gmt":"2026-08-31T06:30:57","slug":"tunisie-une-mise-sous-tutelle-onusienne-temporaire","status":"publish","type":"post","link":"https:\/\/kapitalis.com\/tunisie\/2026\/08\/31\/tunisie-une-mise-sous-tutelle-onusienne-temporaire\/","title":{"rendered":"Tunisie | Une mise sous tutelle onusienne temporaire ?"},"content":{"rendered":"\n<p class=\"wp-block-paragraph\"><strong><em>La Tunisie \u00e9tant incapable de s\u2019administrer correctement, faudrait-il un mandat du type SDN ou de tutelle, type Onu, en assurant temporairement la gestion ?<\/em><\/strong><\/p>\n\n\n\n<p class=\"wp-block-paragraph\"><strong>Fa\u00efk Henablia<\/strong> *<\/p>\n\n\n\n<!--more-->\n\n\n<div class=\"wp-block-image\">\n<figure class=\"alignleft size-full\"><img decoding=\"async\" src=\"http:\/\/kapitalis.com\/tunisie\/wp-content\/uploads\/2021\/03\/Faik-Henablia.jpg\" alt=\"\" class=\"wp-image-338998\"\/><\/figure>\n<\/div>\n\n\n<p class=\"wp-block-paragraph\">Le plus grave et le plus inqui\u00e9tant dans cet \u00e9tat de d\u00e9labrement&nbsp;atteint par le pays est l\u2019absence totale de perspective d\u2019am\u00e9lioration en raison du d\u00e9ni dont font preuve les autorit\u00e9s, pr\u00e9f\u00e9rant incriminer, encore et toujours on ne sait quel complot.<\/p>\n\n\n\n<h2 class=\"wp-block-heading\">Un pays non g\u00e9r\u00e9\u00a0<\/h2>\n\n\n\n<p class=\"wp-block-paragraph\">Faut-il \u00eatre&nbsp;atteint de c\u00e9cit\u00e9 pour ne pas se rendre compte de l\u2019incomp\u00e9tence au sommet de l\u2019\u00c9tat ?&nbsp;<\/p>\n\n\n\n<p class=\"wp-block-paragraph\">Rares sont les domaines dans lesquels celle-ci ne se manifeste pas, que ce soit dans l\u2019impuissance \u00e0 prot\u00e9ger les fronti\u00e8res et \u00e0 contenir l\u2019invasion des immigr\u00e9s ill\u00e9gaux Sub-sahariens, dans l\u2019incapacit\u00e9 de fournir un syst\u00e8me correct d\u2019\u00e9ducation et de sant\u00e9 publiques, dans celle de contenir une inflation galopante, dans celle de maintenir un minimum de propret\u00e9 environnementale ou sur la voie publique et, maintenant, dans celle de tout simplement fournir un d\u00e9bit correct d\u2019eau et d\u2019\u00e9lectricit\u00e9 au pays.<\/p>\n\n\n\n<h2 class=\"wp-block-heading\">Un d\u00e9ni officiel de la r\u00e9alit\u00e9<\/h2>\n\n\n\n<p class=\"wp-block-paragraph\">Face \u00e0 cette situation peu reluisante, et plut\u00f4t&nbsp;que de prendre le probl\u00e8me \u00e0 bras le corps, en pr\u00e9sentant au pays un plan d\u2019action convaincant en vue de le traiter, apparitions pr\u00e9sidentielles nocturnes et quasi spectrales, \u00e7\u00e0 et l\u00e0, mises \u00e0 part, le pouvoir oppose le d\u00e9ni de la r\u00e9alit\u00e9, fustigeant, encore et toujours, on ne sait quel&nbsp;complot, naturellement ourdi par <em>\u00abceux que vous savez\u00bb<\/em> en vue de d\u00e9stabiliser le pays. Pour lui il n\u2019y aurait pas p\u00e9nurie d\u2019eau&nbsp;min\u00e9rale et les coupures d\u2019eau et de courant seraient pr\u00e9m\u00e9dit\u00e9es, (encore heureux qu\u2019elles le soient, cela s\u2019appelle des d\u00e9lestages et vise \u00e0 pr\u00e9venir une panne g\u00e9n\u00e9ralis\u00e9e).&nbsp;<\/p>\n\n\n\n<p class=\"wp-block-paragraph\">Quelque regrettable&nbsp;que soit l\u2019attitude de certaines \u00e9lites, pas loin de partager ce point de vue, le pire n\u2019est pas l\u00e0 ; il est dans l\u2019absence&nbsp;totale de perspective d\u2019am\u00e9lioration que cette attitude de d\u00e9ni laisse entrevoir car pourquoi r\u00e9soudre un probl\u00e8me s\u2019il n\u2019existe pas ?<\/p>\n\n\n\n<p class=\"wp-block-paragraph\">Autrement dit, circulez, il n&rsquo;y a rien \u00e0 voir.<\/p>\n\n\n\n<h2 class=\"wp-block-heading\">Comment sortir du blocage ?\u00a0<\/h2>\n\n\n\n<p class=\"wp-block-paragraph\">A l\u2019issue de la premi\u00e8re&nbsp;guerre mondiale, la SDN avait confi\u00e9 \u00e0 des puissances coloniales des mandats d\u2019administration sur des territoires <em>\u00abnon encore capables de se diriger eux-m\u00eames\u00bb<\/em>.&nbsp;<\/p>\n\n\n\n<p class=\"wp-block-paragraph\">Cette disposition a \u00e9t\u00e9&nbsp;reprise par les chapitres XII et XIII de la charte de l\u2019Onu, relatifs au r\u00e9gime international de tutelle. Si ce type de tutelle a \u00e9t\u00e9 suspendu, sa mission historique dans certains territoires africains et du pacifique, achev\u00e9e, l\u2019Onu n\u2019en a pas moins, parfois, administr\u00e9&nbsp;des territoires de fa\u00e7on temporaire, l\u2019exemple le plus r\u00e9cent \u00e9tant celui du Kosovo.<\/p>\n\n\n\n<p class=\"wp-block-paragraph\">Si la Tunisie a \u00e9t\u00e9, jusqu\u2019\u00e0 un pass\u00e9 r\u00e9cent, fort capable de s\u2019administrer, et parfois avec brio, force est de constater, non seulement&nbsp;qu\u2019elle ne l\u2019est plus, mais, plus grave, qu\u2019elle n&rsquo;entend pas l\u2019\u00eatre, car comment, alors, interpr\u00e9ter autrement cette attitude de d\u00e9ni syst\u00e9matique, ce refus de reconna\u00eetre la plong\u00e9e sans fin vers les ab\u00eemes ?<\/p>\n\n\n\n<p class=\"wp-block-paragraph\">Que les d\u00e9tenteurs du pouvoir&nbsp;se rassurent, une tutelle temporaire&nbsp;ne vaudrait que pour la gestion \u00e9conomique et&nbsp;n\u2019affecterait&nbsp;nullement leur repos bien m\u00e9rit\u00e9 au sommet de l\u2019\u00c9tat, \u00e0 moins que cette suggestion, bien entendu, en forme de boutade, ne serve \u00e0 les r\u00e9veiller afin&nbsp;de&nbsp;s\u2019atteler&nbsp;s\u00e9rieusement au redressement du pays.&nbsp;<\/p>\n\n\n\n<p class=\"wp-block-paragraph\"><em>* Ex-g\u00e9rant de portefeuille.\u00a0<\/em><\/p>\n\n\n\n<figure class=\"wp-block-embed alignleft is-type-wp-embed is-provider-kapitalis wp-block-embed-kapitalis\"><div class=\"wp-block-embed__wrapper\">\n<blockquote class=\"wp-embedded-content\" data-secret=\"mvZrAPnxpo\"><a href=\"https:\/\/kapitalis.com\/tunisie\/2026\/08\/31\/changer-les-hommes-sans-changer-de-cap-nest-quune-illusion-doptique\/\">Changer les hommes sans changer de cap n\u2019est qu\u2019une illusion d\u2019optique<\/a><\/blockquote><iframe loading=\"lazy\" class=\"wp-embedded-content\" sandbox=\"allow-scripts\" security=\"restricted\" style=\"position: absolute; visibility: hidden;\" title=\"\u00ab\u00a0Changer les hommes sans changer de cap n\u2019est qu\u2019une illusion d\u2019optique\u00a0\u00bb \u2014 Kapitalis\" src=\"https:\/\/kapitalis.com\/tunisie\/2026\/08\/31\/changer-les-hommes-sans-changer-de-cap-nest-quune-illusion-doptique\/embed\/#?secret=0DG8GpsGPR#?secret=mvZrAPnxpo\" data-secret=\"mvZrAPnxpo\" width=\"600\" height=\"338\" frameborder=\"0\" marginwidth=\"0\" marginheight=\"0\" scrolling=\"no\"><\/iframe>\n<\/div><\/figure>\n","protected":false},"excerpt":{"rendered":"<p>La Tunisie n\u2019est plus bien administr\u00e9e , mais, plus grave encore, elle n&rsquo;entend pas l\u2019\u00eatre, Puisque les autorit\u00e9s vivent dans le d\u00e9ni. Que faire ?  <\/p>\n","protected":false},"author":8,"featured_media":9728812,"comment_status":"open","ping_status":"open","sticky":false,"template":"","format":"standard","meta":{"footnotes":""},"categories":[992,997,1000,2433],"tags":[96153,3194,62643],"class_list":["post-19540844","post","type-post","status-publish","format-standard","has-post-thumbnail","hentry","category-a-la-une","category-politique","category-tribune","category-tunisie","tag-faik-henablia-2","tag-onu","tag-tunisie"],"yoast_head":"<!-- This site is optimized with the Yoast SEO plugin v26.6 - https:\/\/yoast.com\/wordpress\/plugins\/seo\/ -->\n<title>Tunisie | Une mise sous tutelle onusienne temporaire ? - Kapitalis<\/title>\n<meta name=\"description\" content=\"La Tunisie n\u2019est plus bien administr\u00e9e , mais, plus grave encore, elle n&#039;entend pas l\u2019\u00eatre, les autorit\u00e9s vivant dans le d\u00e9ni. Que faire ?\" \/>\n<meta name=\"robots\" content=\"index, follow, max-snippet:-1, max-image-preview:large, max-video-preview:-1\" \/>\n<link rel=\"canonical\" href=\"https:\/\/kapitalis.com\/tunisie\/2026\/08\/31\/tunisie-une-mise-sous-tutelle-onusienne-temporaire\/\" \/>\n<meta property=\"og:locale\" content=\"fr_FR\" \/>\n<meta property=\"og:type\" content=\"article\" \/>\n<meta property=\"og:title\" content=\"Tunisie | Une mise sous tutelle onusienne temporaire ? - Kapitalis\" \/>\n<meta property=\"og:description\" content=\"La Tunisie n\u2019est plus bien administr\u00e9e , mais, plus grave encore, elle n&#039;entend pas l\u2019\u00eatre, les autorit\u00e9s vivant dans le d\u00e9ni. Que faire ?\" \/>\n<meta property=\"og:url\" content=\"https:\/\/kapitalis.com\/tunisie\/2026\/08\/31\/tunisie-une-mise-sous-tutelle-onusienne-temporaire\/\" \/>\n<meta property=\"og:site_name\" content=\"Kapitalis\" \/>\n<meta property=\"article:publisher\" content=\"https:\/\/www.facebook.com\/KapitalisInfo\/\" \/>\n<meta property=\"article:published_time\" content=\"2026-08-31T06:30:55+00:00\" \/>\n<meta property=\"article:modified_time\" content=\"2026-08-31T06:30:57+00:00\" \/>\n<meta property=\"og:image\" content=\"https:\/\/kapitalis.com\/tunisie\/wp-content\/uploads\/2023\/09\/Tunis-Centre-ville-2.jpg\" \/>\n\t<meta property=\"og:image:width\" content=\"1200\" \/>\n\t<meta property=\"og:image:height\" content=\"630\" \/>\n\t<meta property=\"og:image:type\" content=\"image\/jpeg\" \/>\n<meta name=\"author\" content=\"webmaster kapitalis\" \/>\n<meta name=\"twitter:card\" content=\"summary_large_image\" \/>\n<meta name=\"twitter:creator\" content=\"@KapitalisInfo\" \/>\n<meta name=\"twitter:site\" content=\"@KapitalisInfo\" \/>\n<meta name=\"twitter:label1\" content=\"\u00c9crit par\" \/>\n\t<meta name=\"twitter:data1\" content=\"webmaster kapitalis\" \/>\n\t<meta name=\"twitter:label2\" content=\"Dur\u00e9e de lecture estim\u00e9e\" \/>\n\t<meta name=\"twitter:data2\" content=\"4 minutes\" \/>\n<script type=\"application\/ld+json\" class=\"yoast-schema-graph\">{\"@context\":\"https:\/\/schema.org\",\"@graph\":[{\"@type\":\"Article\",\"@id\":\"https:\/\/kapitalis.com\/tunisie\/2026\/08\/31\/tunisie-une-mise-sous-tutelle-onusienne-temporaire\/#article\",\"isPartOf\":{\"@id\":\"https:\/\/kapitalis.com\/tunisie\/2026\/08\/31\/tunisie-une-mise-sous-tutelle-onusienne-temporaire\/\"},\"author\":{\"name\":\"webmaster kapitalis\",\"@id\":\"https:\/\/kapitalis.com\/tunisie\/#\/schema\/person\/d71f33a9ca44f7bad4698210b480c8e9\"},\"headline\":\"Tunisie | Une mise sous tutelle onusienne temporaire ?\",\"datePublished\":\"2026-08-31T06:30:55+00:00\",\"dateModified\":\"2026-08-31T06:30:57+00:00\",\"mainEntityOfPage\":{\"@id\":\"https:\/\/kapitalis.com\/tunisie\/2026\/08\/31\/tunisie-une-mise-sous-tutelle-onusienne-temporaire\/\"},\"wordCount\":650,\"commentCount\":1,\"publisher\":{\"@id\":\"https:\/\/kapitalis.com\/tunisie\/#organization\"},\"image\":{\"@id\":\"https:\/\/kapitalis.com\/tunisie\/2026\/08\/31\/tunisie-une-mise-sous-tutelle-onusienne-temporaire\/#primaryimage\"},\"thumbnailUrl\":\"https:\/\/kapitalis.com\/tunisie\/wp-content\/uploads\/2023\/09\/Tunis-Centre-ville-2.jpg\",\"keywords\":[\"Fa\u00efk Henablia\",\"Onu\",\"Tunisie\"],\"articleSection\":[\"A LA UNE\",\"POLITIQUE\",\"TRIBUNE\",\"Tunisie\"],\"inLanguage\":\"fr-FR\",\"potentialAction\":[{\"@type\":\"CommentAction\",\"name\":\"Comment\",\"target\":[\"https:\/\/kapitalis.com\/tunisie\/2026\/08\/31\/tunisie-une-mise-sous-tutelle-onusienne-temporaire\/#respond\"]}]},{\"@type\":\"WebPage\",\"@id\":\"https:\/\/kapitalis.com\/tunisie\/2026\/08\/31\/tunisie-une-mise-sous-tutelle-onusienne-temporaire\/\",\"url\":\"https:\/\/kapitalis.com\/tunisie\/2026\/08\/31\/tunisie-une-mise-sous-tutelle-onusienne-temporaire\/\",\"name\":\"Tunisie | Une mise sous tutelle onusienne temporaire ? - Kapitalis\",\"isPartOf\":{\"@id\":\"https:\/\/kapitalis.com\/tunisie\/#website\"},\"primaryImageOfPage\":{\"@id\":\"https:\/\/kapitalis.com\/tunisie\/2026\/08\/31\/tunisie-une-mise-sous-tutelle-onusienne-temporaire\/#primaryimage\"},\"image\":{\"@id\":\"https:\/\/kapitalis.com\/tunisie\/2026\/08\/31\/tunisie-une-mise-sous-tutelle-onusienne-temporaire\/#primaryimage\"},\"thumbnailUrl\":\"https:\/\/kapitalis.com\/tunisie\/wp-content\/uploads\/2023\/09\/Tunis-Centre-ville-2.jpg\",\"datePublished\":\"2026-08-31T06:30:55+00:00\",\"dateModified\":\"2026-08-31T06:30:57+00:00\",\"description\":\"La Tunisie n\u2019est plus bien administr\u00e9e , mais, plus grave encore, elle n'entend pas l\u2019\u00eatre, les autorit\u00e9s vivant dans le d\u00e9ni. Que faire ?\",\"breadcrumb\":{\"@id\":\"https:\/\/kapitalis.com\/tunisie\/2026\/08\/31\/tunisie-une-mise-sous-tutelle-onusienne-temporaire\/#breadcrumb\"},\"inLanguage\":\"fr-FR\",\"potentialAction\":[{\"@type\":\"ReadAction\",\"target\":[\"https:\/\/kapitalis.com\/tunisie\/2026\/08\/31\/tunisie-une-mise-sous-tutelle-onusienne-temporaire\/\"]}]},{\"@type\":\"ImageObject\",\"inLanguage\":\"fr-FR\",\"@id\":\"https:\/\/kapitalis.com\/tunisie\/2026\/08\/31\/tunisie-une-mise-sous-tutelle-onusienne-temporaire\/#primaryimage\",\"url\":\"https:\/\/kapitalis.com\/tunisie\/wp-content\/uploads\/2023\/09\/Tunis-Centre-ville-2.jpg\",\"contentUrl\":\"https:\/\/kapitalis.com\/tunisie\/wp-content\/uploads\/2023\/09\/Tunis-Centre-ville-2.jpg\",\"width\":1200,\"height\":630},{\"@type\":\"BreadcrumbList\",\"@id\":\"https:\/\/kapitalis.com\/tunisie\/2026\/08\/31\/tunisie-une-mise-sous-tutelle-onusienne-temporaire\/#breadcrumb\",\"itemListElement\":[{\"@type\":\"ListItem\",\"position\":1,\"name\":\"Accueil\",\"item\":\"https:\/\/kapitalis.com\/tunisie\/\"},{\"@type\":\"ListItem\",\"position\":2,\"name\":\"Tunisie | Une mise sous tutelle onusienne temporaire ?\"}]},{\"@type\":\"WebSite\",\"@id\":\"https:\/\/kapitalis.com\/tunisie\/#website\",\"url\":\"https:\/\/kapitalis.com\/tunisie\/\",\"name\":\"Kapitalis\",\"description\":\"L&#039;actualit\u00e9 en Tunisie et dans le monde\",\"publisher\":{\"@id\":\"https:\/\/kapitalis.com\/tunisie\/#organization\"},\"potentialAction\":[{\"@type\":\"SearchAction\",\"target\":{\"@type\":\"EntryPoint\",\"urlTemplate\":\"https:\/\/kapitalis.com\/tunisie\/?s={search_term_string}\"},\"query-input\":{\"@type\":\"PropertyValueSpecification\",\"valueRequired\":true,\"valueName\":\"search_term_string\"}}],\"inLanguage\":\"fr-FR\"},{\"@type\":\"Organization\",\"@id\":\"https:\/\/kapitalis.com\/tunisie\/#organization\",\"name\":\"Kapitalis\",\"url\":\"https:\/\/kapitalis.com\/tunisie\/\",\"logo\":{\"@type\":\"ImageObject\",\"inLanguage\":\"fr-FR\",\"@id\":\"https:\/\/kapitalis.com\/tunisie\/#\/schema\/logo\/image\/\",\"url\":\"https:\/\/kapitalis.com\/tunisie\/wp-content\/uploads\/2022\/05\/Kapitalis-big-size.png\",\"contentUrl\":\"https:\/\/kapitalis.com\/tunisie\/wp-content\/uploads\/2022\/05\/Kapitalis-big-size.png\",\"width\":5000,\"height\":1500,\"caption\":\"Kapitalis\"},\"image\":{\"@id\":\"https:\/\/kapitalis.com\/tunisie\/#\/schema\/logo\/image\/\"},\"sameAs\":[\"https:\/\/www.facebook.com\/KapitalisInfo\/\",\"https:\/\/x.com\/KapitalisInfo\",\"https:\/\/www.youtube.com\/channel\/UC-yDYrHyfFBWWZaOw3FPg9Q\"]},{\"@type\":\"Person\",\"@id\":\"https:\/\/kapitalis.com\/tunisie\/#\/schema\/person\/d71f33a9ca44f7bad4698210b480c8e9\",\"name\":\"webmaster kapitalis\",\"url\":\"https:\/\/kapitalis.com\/tunisie\/author\/webmaster-kapitalis\/\"}]}<\/script>\n<!-- \/ Yoast SEO plugin. -->","yoast_head_json":{"title":"Tunisie | Une mise sous tutelle onusienne temporaire ? - Kapitalis","description":"La Tunisie n\u2019est plus bien administr\u00e9e , mais, plus grave encore, elle n'entend pas l\u2019\u00eatre, les autorit\u00e9s vivant dans le d\u00e9ni. Que faire ?","robots":{"index":"index","follow":"follow","max-snippet":"max-snippet:-1","max-image-preview":"max-image-preview:large","max-video-preview":"max-video-preview:-1"},"canonical":"https:\/\/kapitalis.com\/tunisie\/2026\/08\/31\/tunisie-une-mise-sous-tutelle-onusienne-temporaire\/","og_locale":"fr_FR","og_type":"article","og_title":"Tunisie | Une mise sous tutelle onusienne temporaire ? - Kapitalis","og_description":"La Tunisie n\u2019est plus bien administr\u00e9e , mais, plus grave encore, elle n'entend pas l\u2019\u00eatre, les autorit\u00e9s vivant dans le d\u00e9ni. Que faire ?","og_url":"https:\/\/kapitalis.com\/tunisie\/2026\/08\/31\/tunisie-une-mise-sous-tutelle-onusienne-temporaire\/","og_site_name":"Kapitalis","article_publisher":"https:\/\/www.facebook.com\/KapitalisInfo\/","article_published_time":"2026-08-31T06:30:55+00:00","article_modified_time":"2026-08-31T06:30:57+00:00","og_image":[{"width":1200,"height":630,"url":"https:\/\/kapitalis.com\/tunisie\/wp-content\/uploads\/2023\/09\/Tunis-Centre-ville-2.jpg","type":"image\/jpeg"}],"author":"webmaster kapitalis","twitter_card":"summary_large_image","twitter_creator":"@KapitalisInfo","twitter_site":"@KapitalisInfo","twitter_misc":{"\u00c9crit par":"webmaster kapitalis","Dur\u00e9e de lecture estim\u00e9e":"4 minutes"},"schema":{"@context":"https:\/\/schema.org","@graph":[{"@type":"Article","@id":"https:\/\/kapitalis.com\/tunisie\/2026\/08\/31\/tunisie-une-mise-sous-tutelle-onusienne-temporaire\/#article","isPartOf":{"@id":"https:\/\/kapitalis.com\/tunisie\/2026\/08\/31\/tunisie-une-mise-sous-tutelle-onusienne-temporaire\/"},"author":{"name":"webmaster kapitalis","@id":"https:\/\/kapitalis.com\/tunisie\/#\/schema\/person\/d71f33a9ca44f7bad4698210b480c8e9"},"headline":"Tunisie | Une mise sous tutelle onusienne temporaire ?","datePublished":"2026-08-31T06:30:55+00:00","dateModified":"2026-08-31T06:30:57+00:00","mainEntityOfPage":{"@id":"https:\/\/kapitalis.com\/tunisie\/2026\/08\/31\/tunisie-une-mise-sous-tutelle-onusienne-temporaire\/"},"wordCount":650,"commentCount":1,"publisher":{"@id":"https:\/\/kapitalis.com\/tunisie\/#organization"},"image":{"@id":"https:\/\/kapitalis.com\/tunisie\/2026\/08\/31\/tunisie-une-mise-sous-tutelle-onusienne-temporaire\/#primaryimage"},"thumbnailUrl":"https:\/\/kapitalis.com\/tunisie\/wp-content\/uploads\/2023\/09\/Tunis-Centre-ville-2.jpg","keywords":["Fa\u00efk Henablia","Onu","Tunisie"],"articleSection":["A LA UNE","POLITIQUE","TRIBUNE","Tunisie"],"inLanguage":"fr-FR","potentialAction":[{"@type":"CommentAction","name":"Comment","target":["https:\/\/kapitalis.com\/tunisie\/2026\/08\/31\/tunisie-une-mise-sous-tutelle-onusienne-temporaire\/#respond"]}]},{"@type":"WebPage","@id":"https:\/\/kapitalis.com\/tunisie\/2026\/08\/31\/tunisie-une-mise-sous-tutelle-onusienne-temporaire\/","url":"https:\/\/kapitalis.com\/tunisie\/2026\/08\/31\/tunisie-une-mise-sous-tutelle-onusienne-temporaire\/","name":"Tunisie | Une mise sous tutelle onusienne temporaire ? - Kapitalis","isPartOf":{"@id":"https:\/\/kapitalis.com\/tunisie\/#website"},"primaryImageOfPage":{"@id":"https:\/\/kapitalis.com\/tunisie\/2026\/08\/31\/tunisie-une-mise-sous-tutelle-onusienne-temporaire\/#primaryimage"},"image":{"@id":"https:\/\/kapitalis.com\/tunisie\/2026\/08\/31\/tunisie-une-mise-sous-tutelle-onusienne-temporaire\/#primaryimage"},"thumbnailUrl":"https:\/\/kapitalis.com\/tunisie\/wp-content\/uploads\/2023\/09\/Tunis-Centre-ville-2.jpg","datePublished":"2026-08-31T06:30:55+00:00","dateModified":"2026-08-31T06:30:57+00:00","description":"La Tunisie n\u2019est plus bien administr\u00e9e , mais, plus grave encore, elle n'entend pas l\u2019\u00eatre, les autorit\u00e9s vivant dans le d\u00e9ni. Que faire ?","breadcrumb":{"@id":"https:\/\/kapitalis.com\/tunisie\/2026\/08\/31\/tunisie-une-mise-sous-tutelle-onusienne-temporaire\/#breadcrumb"},"inLanguage":"fr-FR","potentialAction":[{"@type":"ReadAction","target":["https:\/\/kapitalis.com\/tunisie\/2026\/08\/31\/tunisie-une-mise-sous-tutelle-onusienne-temporaire\/"]}]},{"@type":"ImageObject","inLanguage":"fr-FR","@id":"https:\/\/kapitalis.com\/tunisie\/2026\/08\/31\/tunisie-une-mise-sous-tutelle-onusienne-temporaire\/#primaryimage","url":"https:\/\/kapitalis.com\/tunisie\/wp-content\/uploads\/2023\/09\/Tunis-Centre-ville-2.jpg","contentUrl":"https:\/\/kapitalis.com\/tunisie\/wp-content\/uploads\/2023\/09\/Tunis-Centre-ville-2.jpg","width":1200,"height":630},{"@type":"BreadcrumbList","@id":"https:\/\/kapitalis.com\/tunisie\/2026\/08\/31\/tunisie-une-mise-sous-tutelle-onusienne-temporaire\/#breadcrumb","itemListElement":[{"@type":"ListItem","position":1,"name":"Accueil","item":"https:\/\/kapitalis.com\/tunisie\/"},{"@type":"ListItem","position":2,"name":"Tunisie | Une mise sous tutelle onusienne temporaire ?"}]},{"@type":"WebSite","@id":"https:\/\/kapitalis.com\/tunisie\/#website","url":"https:\/\/kapitalis.com\/tunisie\/","name":"Kapitalis","description":"L&#039;actualit\u00e9 en Tunisie et dans le monde","publisher":{"@id":"https:\/\/kapitalis.com\/tunisie\/#organization"},"potentialAction":[{"@type":"SearchAction","target":{"@type":"EntryPoint","urlTemplate":"https:\/\/kapitalis.com\/tunisie\/?s={search_term_string}"},"query-input":{"@type":"PropertyValueSpecification","valueRequired":true,"valueName":"search_term_string"}}],"inLanguage":"fr-FR"},{"@type":"Organization","@id":"https:\/\/kapitalis.com\/tunisie\/#organization","name":"Kapitalis","url":"https:\/\/kapitalis.com\/tunisie\/","logo":{"@type":"ImageObject","inLanguage":"fr-FR","@id":"https:\/\/kapitalis.com\/tunisie\/#\/schema\/logo\/image\/","url":"https:\/\/kapitalis.com\/tunisie\/wp-content\/uploads\/2022\/05\/Kapitalis-big-size.png","contentUrl":"https:\/\/kapitalis.com\/tunisie\/wp-content\/uploads\/2022\/05\/Kapitalis-big-size.png","width":5000,"height":1500,"caption":"Kapitalis"},"image":{"@id":"https:\/\/kapitalis.com\/tunisie\/#\/schema\/logo\/image\/"},"sameAs":["https:\/\/www.facebook.com\/KapitalisInfo\/","https:\/\/x.com\/KapitalisInfo","https:\/\/www.youtube.com\/channel\/UC-yDYrHyfFBWWZaOw3FPg9Q"]},{"@type":"Person","@id":"https:\/\/kapitalis.com\/tunisie\/#\/schema\/person\/d71f33a9ca44f7bad4698210b480c8e9","name":"webmaster kapitalis","url":"https:\/\/kapitalis.com\/tunisie\/author\/webmaster-kapitalis\/"}]}},"_links":{"self":[{"href":"https:\/\/kapitalis.com\/tunisie\/wp-json\/wp\/v2\/posts\/19540844","targetHints":{"allow":["GET"]}}],"collection":[{"href":"https:\/\/kapitalis.com\/tunisie\/wp-json\/wp\/v2\/posts"}],"about":[{"href":"https:\/\/kapitalis.com\/tunisie\/wp-json\/wp\/v2\/types\/post"}],"author":[{"embeddable":true,"href":"https:\/\/kapitalis.com\/tunisie\/wp-json\/wp\/v2\/users\/8"}],"replies":[{"embeddable":true,"href":"https:\/\/kapitalis.com\/tunisie\/wp-json\/wp\/v2\/comments?post=19540844"}],"version-history":[{"count":1,"href":"https:\/\/kapitalis.com\/tunisie\/wp-json\/wp\/v2\/posts\/19540844\/revisions"}],"predecessor-version":[{"id":19540880,"href":"https:\/\/kapitalis.com\/tunisie\/wp-json\/wp\/v2\/posts\/19540844\/revisions\/19540880"}],"wp:featuredmedia":[{"embeddable":true,"href":"https:\/\/kapitalis.com\/tunisie\/wp-json\/wp\/v2\/media\/9728812"}],"wp:attachment":[{"href":"https:\/\/kapitalis.com\/tunisie\/wp-json\/wp\/v2\/media?parent=19540844"}],"wp:term":[{"taxonomy":"category","embeddable":true,"href":"https:\/\/kapitalis.com\/tunisie\/wp-json\/wp\/v2\/categories?post=19540844"},{"taxonomy":"post_tag","embeddable":true,"href":"https:\/\/kapitalis.com\/tunisie\/wp-json\/wp\/v2\/tags?post=19540844"}],"curies":[{"name":"wp","href":"https:\/\/api.w.org\/{rel}","templated":true}]}}